{"id":9834,"date":"2025-04-04T09:25:05","date_gmt":"2025-04-04T09:25:05","guid":{"rendered":"https:\/\/abadecom.com\/?p=9834"},"modified":"2026-05-07T13:40:06","modified_gmt":"2026-05-07T13:40:06","slug":"mobiliario-urbano-sostenible-el-aliado-invisible-en-ciudades-modernas","status":"publish","type":"post","link":"https:\/\/abadecom.com\/it\/mobiliario-urbano-sostenible-el-aliado-invisible-en-ciudades-modernas\/","title":{"rendered":"Mobiliario urbano sostenible: el aliado invisible en ciudades modernas"},"content":{"rendered":"<p class=\"wp-block-paragraph\">Las ciudades est\u00e1n en constante evoluci\u00f3n y enfrentan desaf\u00edos como la contaminaci\u00f3n, el crecimiento poblacional y la necesidad de espacios m\u00e1s accesibles y funcionales. En este contexto, el mobiliario urbano juega un papel clave en la construcci\u00f3n de ciudades sostenibles, contribuyendo tanto a la calidad de vida de los ciudadanos como al cuidado del medioambiente.<\/p>\n\n\n\n<h3 class=\"wp-block-heading\">\u00bfQu\u00e9 es?<\/h3>\n\n\n\n<p class=\"wp-block-paragraph\">El mobiliario urbano engloba todos los elementos instalados en espacios p\u00fablicos para mejorar la comodidad, seguridad y funcionalidad de una ciudad. Incluye bancos, papeleras, alumbrado, bolardos, estacionamientos para bicicletas, entre otros.<\/p>\n\n\n\n<h3 class=\"wp-block-heading\">Beneficios en la sostenibilidad<\/h3>\n\n\n\n<h4 class=\"wp-block-heading\">1. <strong>Fomento de la movilidad sostenible<\/strong><\/h4>\n\n\n\n<p class=\"wp-block-paragraph\">El mobiliario urbano bien dise\u00f1ado impulsa medios de transporte sostenibles. La instalaci\u00f3n de estacionamientos de bicicletas compartidas promueve la movilidad no motorizada, reduciendo la contaminaci\u00f3n y descongestionando el tr\u00e1fico.<\/p>\n\n\n\n<h4 class=\"wp-block-heading\">2. <strong>Reducci\u00f3n del impacto ambiental<\/strong><\/h4>\n\n\n\n<p class=\"wp-block-paragraph\">El uso de materiales reciclados y acero de bajo impacto ambiental en la fabricaci\u00f3n de mobiliario urbano disminuye la huella ecol\u00f3gica de las ciudades. Adem\u00e1s, elementos como papeleras de reciclaje facilitan la correcta disposici\u00f3n de residuos.<\/p>\n\n\n\n<h4 class=\"wp-block-heading\">3. <strong>Mejor aprovechamiento de los espacios p\u00fablicos<\/strong><\/h4>\n\n\n\n<p class=\"wp-block-paragraph\">El mobiliario urbano permite crear \u00e1reas verdes, zonas de descanso y espacios recreativos que favorecen la convivencia ciudadana y el bienestar f\u00edsico y mental de la poblaci\u00f3n.<\/p>\n\n\n\n<h4 class=\"wp-block-heading\">4. <strong>Eficiencia energ\u00e9tica<\/strong><\/h4>\n\n\n\n<p class=\"wp-block-paragraph\">El alumbrado con tecnolog\u00eda LED y solares ayudan a reducir el consumo energ\u00e9tico y la emisi\u00f3n de gases contaminantes, contribuyendo a la sostenibilidad urbana.<\/p>\n\n\n\n<h4 class=\"wp-block-heading\">5. <strong>Durabilidad y mantenimiento reducido<\/strong><\/h4>\n\n\n\n<p class=\"wp-block-paragraph\">El mobiliario urbano sostenible est\u00e1 dise\u00f1ado para resistir condiciones clim\u00e1ticas adversas y minimizar costes de mantenimiento, asegurando su funcionalidad a largo plazo.<\/p>\n\n\n\n<p class=\"wp-block-paragraph\">No solo mejora la est\u00e9tica de las ciudades, sino que tambi\u00e9n desempe\u00f1a un papel fundamental en la sostenibilidad y el bienestar de sus habitantes. Invertir en soluciones innovadoras y ecol\u00f3gicas es clave para construir ciudades m\u00e1s habitables, seguras y responsables con el medioambiente.<\/p>\n\n\n\n<p class=\"wp-block-paragraph\">En Abadecom Urban, ofrecemos mobiliario urbano dise\u00f1ado con materiales sostenibles y pensados para optimizar los espacios p\u00fablicos. \u00bfQuieres conocer m\u00e1s sobre nuestras soluciones? <a href=\"https:\/\/abadecom.com\/it\/contacto\/\">Cont\u00e1ctanos<\/a> y juntos hagamos ciudades m\u00e1s sostenibles. <a href=\"https:\/\/www.linkedin.com\/company\/13019454\/admin\/dashboard\/\">linkedin<\/a> , <a href=\"https:\/\/www.facebook.com\/AbadecomS.L\/\">facebook<\/a><\/p>\n\n\n\n<p class=\"wp-block-paragraph\"><\/p>","protected":false},"excerpt":{"rendered":"<p>Las ciudades est\u00e1n en constante evoluci\u00f3n y enfrentan desaf\u00edos como la contaminaci\u00f3n, el crecimiento poblacional y la necesidad de espacios m\u00e1s accesibles y funcionales. En este contexto, el mobiliario urbano juega un papel clave en la construcci\u00f3n de ciudades sostenibles, contribuyendo tanto a la calidad de vida de los ciudadanos como al cuidado del medioambiente. [&#8230;]<\/p>\n<p><a class=\"btn btn-secondary understrap-read-more-link\" href=\"https:\/\/abadecom.com\/it\/mobiliario-urbano-sostenible-el-aliado-invisible-en-ciudades-modernas\/\">Leggi di pi\u00f9&#8230;<span class=\"screen-reader-text\"> from Mobiliario urbano sostenible: el aliado invisible en ciudades modernas<\/span><\/a><\/p>\n","protected":false},"author":1,"featured_media":9835,"comment_status":"open","ping_status":"open","sticky":false,"template":"","format":"standard","meta":{"content-type":"","_monsterinsights_skip_tracking":false,"pgc_sgb_lightbox_settings":"","footnotes":""},"categories":[132],"tags":[],"class_list":["post-9834","post","type-post","status-publish","format-standard","has-post-thumbnail","hentry","category-mobiliario-urbano"],"yoast_head":"<!-- This site is optimized with the Yoast SEO plugin v28.4 - https:\/\/yoast.com\/product\/yoast-seo-wordpress\/ -->\n<title>Mobiliario urbano sostenible: el aliado invisible en ciudades modernas - Abadecom<\/title>\n<meta name=\"description\" content=\"En Abadecom Urban, ofrecemos mobiliario urbano dise\u00f1ado con materiales sostenibles y pensados para optimizar los espacios p\u00fablicos\" \/>\n<meta name=\"robots\" content=\"index, follow, max-snippet:-1, max-image-preview:large, max-video-preview:-1\" \/>\n<link rel=\"canonical\" href=\"https:\/\/abadecom.com\/it\/mobiliario-urbano-sostenible-el-aliado-invisible-en-ciudades-modernas\/\" \/>\n<meta property=\"og:locale\" content=\"it_IT\" \/>\n<meta property=\"og:type\" content=\"article\" \/>\n<meta property=\"og:title\" content=\"Mobiliario urbano sostenible: el aliado invisible en ciudades modernas - Abadecom\" \/>\n<meta property=\"og:description\" content=\"En Abadecom Urban, ofrecemos mobiliario urbano dise\u00f1ado con materiales sostenibles y pensados para optimizar los espacios p\u00fablicos\" \/>\n<meta property=\"og:url\" content=\"https:\/\/abadecom.com\/it\/mobiliario-urbano-sostenible-el-aliado-invisible-en-ciudades-modernas\/\" \/>\n<meta property=\"og:site_name\" content=\"Abadecom\" \/>\n<meta property=\"article:published_time\" content=\"2025-04-04T09:25:05+00:00\" \/>\n<meta property=\"article:modified_time\" content=\"2026-05-07T13:40:06+00:00\" \/>\n<meta property=\"og:image\" content=\"https:\/\/abadecom.com\/wp-content\/uploads\/2025\/04\/Mobiliario-urbano-Instagram-Post.jpg\" \/>\n\t<meta property=\"og:image:width\" content=\"1080\" \/>\n\t<meta property=\"og:image:height\" content=\"1080\" \/>\n\t<meta property=\"og:image:type\" content=\"image\/jpeg\" \/>\n<meta name=\"author\" content=\"AdminAabadeco\" \/>\n<meta name=\"twitter:card\" content=\"summary_large_image\" \/>\n<meta name=\"twitter:label1\" content=\"Scritto da\" \/>\n\t<meta name=\"twitter:data1\" content=\"AdminAabadeco\" \/>\n\t<meta name=\"twitter:label2\" content=\"Tempo di lettura stimato\" \/>\n\t<meta name=\"twitter:data2\" content=\"2 minuti\" \/>\n<script type=\"application\/ld+json\" class=\"yoast-schema-graph\">{\"@context\":\"https:\\\/\\\/schema.org\",\"@graph\":[{\"@type\":\"Article\",\"@id\":\"https:\\\/\\\/abadecom.com\\\/mobiliario-urbano-sostenible-el-aliado-invisible-en-ciudades-modernas\\\/#article\",\"isPartOf\":{\"@id\":\"https:\\\/\\\/abadecom.com\\\/mobiliario-urbano-sostenible-el-aliado-invisible-en-ciudades-modernas\\\/\"},\"author\":{\"name\":\"AdminAabadeco\",\"@id\":\"https:\\\/\\\/abadecom.com\\\/#\\\/schema\\\/person\\\/477a7cc0ed6c040d67343c7a3fda930b\"},\"headline\":\"Mobiliario urbano sostenible: el aliado invisible en ciudades modernas\",\"datePublished\":\"2025-04-04T09:25:05+00:00\",\"dateModified\":\"2026-05-07T13:40:06+00:00\",\"mainEntityOfPage\":{\"@id\":\"https:\\\/\\\/abadecom.com\\\/mobiliario-urbano-sostenible-el-aliado-invisible-en-ciudades-modernas\\\/\"},\"wordCount\":370,\"commentCount\":0,\"publisher\":{\"@id\":\"https:\\\/\\\/abadecom.com\\\/#organization\"},\"image\":{\"@id\":\"https:\\\/\\\/abadecom.com\\\/mobiliario-urbano-sostenible-el-aliado-invisible-en-ciudades-modernas\\\/#primaryimage\"},\"thumbnailUrl\":\"https:\\\/\\\/abadecom.com\\\/wp-content\\\/uploads\\\/2025\\\/04\\\/Mobiliario-urbano-Instagram-Post.jpg\",\"articleSection\":[\"Mobiliario urbano\"],\"inLanguage\":\"it-IT\",\"potentialAction\":[{\"@type\":\"CommentAction\",\"name\":\"Comment\",\"target\":[\"https:\\\/\\\/abadecom.com\\\/mobiliario-urbano-sostenible-el-aliado-invisible-en-ciudades-modernas\\\/#respond\"]}]},{\"@type\":\"WebPage\",\"@id\":\"https:\\\/\\\/abadecom.com\\\/mobiliario-urbano-sostenible-el-aliado-invisible-en-ciudades-modernas\\\/\",\"url\":\"https:\\\/\\\/abadecom.com\\\/mobiliario-urbano-sostenible-el-aliado-invisible-en-ciudades-modernas\\\/\",\"name\":\"Mobiliario urbano sostenible: el aliado invisible en ciudades modernas - Abadecom\",\"isPartOf\":{\"@id\":\"https:\\\/\\\/abadecom.com\\\/#website\"},\"primaryImageOfPage\":{\"@id\":\"https:\\\/\\\/abadecom.com\\\/mobiliario-urbano-sostenible-el-aliado-invisible-en-ciudades-modernas\\\/#primaryimage\"},\"image\":{\"@id\":\"https:\\\/\\\/abadecom.com\\\/mobiliario-urbano-sostenible-el-aliado-invisible-en-ciudades-modernas\\\/#primaryimage\"},\"thumbnailUrl\":\"https:\\\/\\\/abadecom.com\\\/wp-content\\\/uploads\\\/2025\\\/04\\\/Mobiliario-urbano-Instagram-Post.jpg\",\"datePublished\":\"2025-04-04T09:25:05+00:00\",\"dateModified\":\"2026-05-07T13:40:06+00:00\",\"description\":\"En Abadecom Urban, ofrecemos mobiliario urbano dise\u00f1ado con materiales sostenibles y pensados para optimizar los espacios p\u00fablicos\",\"inLanguage\":\"it-IT\",\"potentialAction\":[{\"@type\":\"ReadAction\",\"target\":[\"https:\\\/\\\/abadecom.com\\\/mobiliario-urbano-sostenible-el-aliado-invisible-en-ciudades-modernas\\\/\"]}]},{\"@type\":\"ImageObject\",\"inLanguage\":\"it-IT\",\"@id\":\"https:\\\/\\\/abadecom.com\\\/mobiliario-urbano-sostenible-el-aliado-invisible-en-ciudades-modernas\\\/#primaryimage\",\"url\":\"https:\\\/\\\/abadecom.com\\\/wp-content\\\/uploads\\\/2025\\\/04\\\/Mobiliario-urbano-Instagram-Post.jpg\",\"contentUrl\":\"https:\\\/\\\/abadecom.com\\\/wp-content\\\/uploads\\\/2025\\\/04\\\/Mobiliario-urbano-Instagram-Post.jpg\",\"width\":1080,\"height\":1080},{\"@type\":\"WebSite\",\"@id\":\"https:\\\/\\\/abadecom.com\\\/#website\",\"url\":\"https:\\\/\\\/abadecom.com\\\/\",\"name\":\"Abadecom\",\"description\":\"Productos sostenibles y respetuosos con el medio ambiente\",\"publisher\":{\"@id\":\"https:\\\/\\\/abadecom.com\\\/#organization\"},\"alternateName\":\"Abadecom\",\"potentialAction\":[{\"@type\":\"SearchAction\",\"target\":{\"@type\":\"EntryPoint\",\"urlTemplate\":\"https:\\\/\\\/abadecom.com\\\/?s={search_term_string}\"},\"query-input\":{\"@type\":\"PropertyValueSpecification\",\"valueRequired\":true,\"valueName\":\"search_term_string\"}}],\"inLanguage\":\"it-IT\"},{\"@type\":\"Organization\",\"@id\":\"https:\\\/\\\/abadecom.com\\\/#organization\",\"name\":\"Abadecom\",\"url\":\"https:\\\/\\\/abadecom.com\\\/\",\"logo\":{\"@type\":\"ImageObject\",\"inLanguage\":\"it-IT\",\"@id\":\"https:\\\/\\\/abadecom.com\\\/#\\\/schema\\\/logo\\\/image\\\/\",\"url\":\"https:\\\/\\\/abadecom.com\\\/wp-content\\\/uploads\\\/2022\\\/03\\\/Logo-Abadecom-e1647715158799.png\",\"contentUrl\":\"https:\\\/\\\/abadecom.com\\\/wp-content\\\/uploads\\\/2022\\\/03\\\/Logo-Abadecom-e1647715158799.png\",\"width\":200,\"height\":117,\"caption\":\"Abadecom\"},\"image\":{\"@id\":\"https:\\\/\\\/abadecom.com\\\/#\\\/schema\\\/logo\\\/image\\\/\"}},{\"@type\":\"Person\",\"@id\":\"https:\\\/\\\/abadecom.com\\\/#\\\/schema\\\/person\\\/477a7cc0ed6c040d67343c7a3fda930b\",\"name\":\"AdminAabadeco\",\"image\":{\"@type\":\"ImageObject\",\"inLanguage\":\"it-IT\",\"@id\":\"https:\\\/\\\/secure.gravatar.com\\\/avatar\\\/2630c0cee03e7f483e5ca41ec6649375f24ca272e920f8386983684762e36487?s=96&d=mm&r=g\",\"url\":\"https:\\\/\\\/secure.gravatar.com\\\/avatar\\\/2630c0cee03e7f483e5ca41ec6649375f24ca272e920f8386983684762e36487?s=96&d=mm&r=g\",\"contentUrl\":\"https:\\\/\\\/secure.gravatar.com\\\/avatar\\\/2630c0cee03e7f483e5ca41ec6649375f24ca272e920f8386983684762e36487?s=96&d=mm&r=g\",\"caption\":\"AdminAabadeco\"},\"sameAs\":[\"https:\\\/\\\/abadecom.com\"],\"url\":\"https:\\\/\\\/abadecom.com\\\/it\\\/author\\\/adminaabadeco\\\/\"}]}<\/script>\n<!-- \/ Yoast SEO plugin. -->","yoast_head_json":{"title":"Mobiliario urbano sostenible: el aliado invisible en ciudades modernas - Abadecom","description":"En Abadecom Urban, ofrecemos mobiliario urbano dise\u00f1ado con materiales sostenibles y pensados para optimizar los espacios p\u00fablicos","robots":{"index":"index","follow":"follow","max-snippet":"max-snippet:-1","max-image-preview":"max-image-preview:large","max-video-preview":"max-video-preview:-1"},"canonical":"https:\/\/abadecom.com\/it\/mobiliario-urbano-sostenible-el-aliado-invisible-en-ciudades-modernas\/","og_locale":"it_IT","og_type":"article","og_title":"Mobiliario urbano sostenible: el aliado invisible en ciudades modernas - Abadecom","og_description":"En Abadecom Urban, ofrecemos mobiliario urbano dise\u00f1ado con materiales sostenibles y pensados para optimizar los espacios p\u00fablicos","og_url":"https:\/\/abadecom.com\/it\/mobiliario-urbano-sostenible-el-aliado-invisible-en-ciudades-modernas\/","og_site_name":"Abadecom","article_published_time":"2025-04-04T09:25:05+00:00","article_modified_time":"2026-05-07T13:40:06+00:00","og_image":[{"width":1080,"height":1080,"url":"https:\/\/abadecom.com\/wp-content\/uploads\/2025\/04\/Mobiliario-urbano-Instagram-Post.jpg","type":"image\/jpeg"}],"author":"AdminAabadeco","twitter_card":"summary_large_image","twitter_misc":{"Scritto da":"AdminAabadeco","Tempo di lettura stimato":"2 minuti"},"schema":{"@context":"https:\/\/schema.org","@graph":[{"@type":"Article","@id":"https:\/\/abadecom.com\/mobiliario-urbano-sostenible-el-aliado-invisible-en-ciudades-modernas\/#article","isPartOf":{"@id":"https:\/\/abadecom.com\/mobiliario-urbano-sostenible-el-aliado-invisible-en-ciudades-modernas\/"},"author":{"name":"AdminAabadeco","@id":"https:\/\/abadecom.com\/#\/schema\/person\/477a7cc0ed6c040d67343c7a3fda930b"},"headline":"Mobiliario urbano sostenible: el aliado invisible en ciudades modernas","datePublished":"2025-04-04T09:25:05+00:00","dateModified":"2026-05-07T13:40:06+00:00","mainEntityOfPage":{"@id":"https:\/\/abadecom.com\/mobiliario-urbano-sostenible-el-aliado-invisible-en-ciudades-modernas\/"},"wordCount":370,"commentCount":0,"publisher":{"@id":"https:\/\/abadecom.com\/#organization"},"image":{"@id":"https:\/\/abadecom.com\/mobiliario-urbano-sostenible-el-aliado-invisible-en-ciudades-modernas\/#primaryimage"},"thumbnailUrl":"https:\/\/abadecom.com\/wp-content\/uploads\/2025\/04\/Mobiliario-urbano-Instagram-Post.jpg","articleSection":["Mobiliario urbano"],"inLanguage":"it-IT","potentialAction":[{"@type":"CommentAction","name":"Comment","target":["https:\/\/abadecom.com\/mobiliario-urbano-sostenible-el-aliado-invisible-en-ciudades-modernas\/#respond"]}]},{"@type":"WebPage","@id":"https:\/\/abadecom.com\/mobiliario-urbano-sostenible-el-aliado-invisible-en-ciudades-modernas\/","url":"https:\/\/abadecom.com\/mobiliario-urbano-sostenible-el-aliado-invisible-en-ciudades-modernas\/","name":"Mobiliario urbano sostenible: el aliado invisible en ciudades modernas - Abadecom","isPartOf":{"@id":"https:\/\/abadecom.com\/#website"},"primaryImageOfPage":{"@id":"https:\/\/abadecom.com\/mobiliario-urbano-sostenible-el-aliado-invisible-en-ciudades-modernas\/#primaryimage"},"image":{"@id":"https:\/\/abadecom.com\/mobiliario-urbano-sostenible-el-aliado-invisible-en-ciudades-modernas\/#primaryimage"},"thumbnailUrl":"https:\/\/abadecom.com\/wp-content\/uploads\/2025\/04\/Mobiliario-urbano-Instagram-Post.jpg","datePublished":"2025-04-04T09:25:05+00:00","dateModified":"2026-05-07T13:40:06+00:00","description":"En Abadecom Urban, ofrecemos mobiliario urbano dise\u00f1ado con materiales sostenibles y pensados para optimizar los espacios p\u00fablicos","inLanguage":"it-IT","potentialAction":[{"@type":"ReadAction","target":["https:\/\/abadecom.com\/mobiliario-urbano-sostenible-el-aliado-invisible-en-ciudades-modernas\/"]}]},{"@type":"ImageObject","inLanguage":"it-IT","@id":"https:\/\/abadecom.com\/mobiliario-urbano-sostenible-el-aliado-invisible-en-ciudades-modernas\/#primaryimage","url":"https:\/\/abadecom.com\/wp-content\/uploads\/2025\/04\/Mobiliario-urbano-Instagram-Post.jpg","contentUrl":"https:\/\/abadecom.com\/wp-content\/uploads\/2025\/04\/Mobiliario-urbano-Instagram-Post.jpg","width":1080,"height":1080},{"@type":"WebSite","@id":"https:\/\/abadecom.com\/#website","url":"https:\/\/abadecom.com\/","name":"Abadecom","description":"Prodotti sostenibili e rispettosi dell'ambiente","publisher":{"@id":"https:\/\/abadecom.com\/#organization"},"alternateName":"Abadecom","potentialAction":[{"@type":"SearchAction","target":{"@type":"EntryPoint","urlTemplate":"https:\/\/abadecom.com\/?s={search_term_string}"},"query-input":{"@type":"PropertyValueSpecification","valueRequired":true,"valueName":"search_term_string"}}],"inLanguage":"it-IT"},{"@type":"Organization","@id":"https:\/\/abadecom.com\/#organization","name":"Abadecom","url":"https:\/\/abadecom.com\/","logo":{"@type":"ImageObject","inLanguage":"it-IT","@id":"https:\/\/abadecom.com\/#\/schema\/logo\/image\/","url":"https:\/\/abadecom.com\/wp-content\/uploads\/2022\/03\/Logo-Abadecom-e1647715158799.png","contentUrl":"https:\/\/abadecom.com\/wp-content\/uploads\/2022\/03\/Logo-Abadecom-e1647715158799.png","width":200,"height":117,"caption":"Abadecom"},"image":{"@id":"https:\/\/abadecom.com\/#\/schema\/logo\/image\/"}},{"@type":"Person","@id":"https:\/\/abadecom.com\/#\/schema\/person\/477a7cc0ed6c040d67343c7a3fda930b","name":"AdminAabadeco","image":{"@type":"ImageObject","inLanguage":"it-IT","@id":"https:\/\/secure.gravatar.com\/avatar\/2630c0cee03e7f483e5ca41ec6649375f24ca272e920f8386983684762e36487?s=96&d=mm&r=g","url":"https:\/\/secure.gravatar.com\/avatar\/2630c0cee03e7f483e5ca41ec6649375f24ca272e920f8386983684762e36487?s=96&d=mm&r=g","contentUrl":"https:\/\/secure.gravatar.com\/avatar\/2630c0cee03e7f483e5ca41ec6649375f24ca272e920f8386983684762e36487?s=96&d=mm&r=g","caption":"AdminAabadeco"},"sameAs":["https:\/\/abadecom.com"],"url":"https:\/\/abadecom.com\/it\/author\/adminaabadeco\/"}]}},"_links":{"self":[{"href":"https:\/\/abadecom.com\/it\/wp-json\/wp\/v2\/posts\/9834","targetHints":{"allow":["GET"]}}],"collection":[{"href":"https:\/\/abadecom.com\/it\/wp-json\/wp\/v2\/posts"}],"about":[{"href":"https:\/\/abadecom.com\/it\/wp-json\/wp\/v2\/types\/post"}],"author":[{"embeddable":true,"href":"https:\/\/abadecom.com\/it\/wp-json\/wp\/v2\/users\/1"}],"replies":[{"embeddable":true,"href":"https:\/\/abadecom.com\/it\/wp-json\/wp\/v2\/comments?post=9834"}],"version-history":[{"count":1,"href":"https:\/\/abadecom.com\/it\/wp-json\/wp\/v2\/posts\/9834\/revisions"}],"predecessor-version":[{"id":9836,"href":"https:\/\/abadecom.com\/it\/wp-json\/wp\/v2\/posts\/9834\/revisions\/9836"}],"wp:featuredmedia":[{"embeddable":true,"href":"https:\/\/abadecom.com\/it\/wp-json\/wp\/v2\/media\/9835"}],"wp:attachment":[{"href":"https:\/\/abadecom.com\/it\/wp-json\/wp\/v2\/media?parent=9834"}],"wp:term":[{"taxonomy":"category","embeddable":true,"href":"https:\/\/abadecom.com\/it\/wp-json\/wp\/v2\/categories?post=9834"},{"taxonomy":"post_tag","embeddable":true,"href":"https:\/\/abadecom.com\/it\/wp-json\/wp\/v2\/tags?post=9834"}],"curies":[{"name":"wp","href":"https:\/\/api.w.org\/{rel}","templated":true}]}}