{"id":9725,"date":"2024-11-05T08:57:51","date_gmt":"2024-11-05T08:57:51","guid":{"rendered":"https:\/\/abadecom.com\/?p=9725"},"modified":"2024-11-05T09:01:42","modified_gmt":"2024-11-05T09:01:42","slug":"abadecom-con-valencia-unidos-en-la-adversidad","status":"publish","type":"post","link":"https:\/\/abadecom.com\/it\/abadecom-con-valencia-unidos-en-la-adversidad\/","title":{"rendered":"Abadecom con Valencia: Unidos en la Adversidad"},"content":{"rendered":"<p class=\"wp-block-paragraph\">Desde Abadecom, queremos expresar nuestro m\u00e1s sincero apoyo y solidaridad con todas las personas afectadas por la DANA, especialmente en las \u00e1reas que est\u00e1n viviendo las consecuencias m\u00e1s duras de esta situaci\u00f3n.<br><br>Nuestros almacenes, ubicados en la zona cero, tambi\u00e9n han sido impactados, y estamos trabajando intensamente para recuperar la normalidad lo antes posible. Sin embargo, debido a la magnitud de esta cat\u00e1strofe, sabemos que el proceso tomar\u00e1 tiempo.<br><br>Agradecemos a todos nuestros clientes y colaboradores por su comprensi\u00f3n y apoyo en estos momentos tan dif\u00edciles. Seguimos comprometidos con hacer todo lo posible para retomar nuestras operaciones y ofrecerles el mejor servicio posible.<\/p>","protected":false},"excerpt":{"rendered":"<p>Desde Abadecom, queremos expresar nuestro m\u00e1s sincero apoyo y solidaridad con todas las personas afectadas por la DANA, especialmente en las \u00e1reas que est\u00e1n viviendo las consecuencias m\u00e1s duras de esta situaci\u00f3n. Nuestros almacenes, ubicados en la zona cero, tambi\u00e9n han sido impactados, y estamos trabajando intensamente para recuperar la normalidad lo antes posible. Sin [&#8230;]<\/p>\n<p><a class=\"btn btn-secondary understrap-read-more-link\" href=\"https:\/\/abadecom.com\/it\/abadecom-con-valencia-unidos-en-la-adversidad\/\">Leggi di pi\u00f9&#8230;<span class=\"screen-reader-text\"> from Abadecom con Valencia: Unidos en la Adversidad<\/span><\/a><\/p>\n","protected":false},"author":1,"featured_media":9726,"comment_status":"open","ping_status":"open","sticky":false,"template":"","format":"standard","meta":{"content-type":"","_monsterinsights_skip_tracking":false,"pgc_sgb_lightbox_settings":"","footnotes":""},"categories":[1],"tags":[],"class_list":["post-9725","post","type-post","status-publish","format-standard","has-post-thumbnail","hentry","category-sin-categorizar"],"yoast_head":"<!-- This site is optimized with the Yoast SEO plugin v28.4 - https:\/\/yoast.com\/product\/yoast-seo-wordpress\/ -->\n<title>Abadecom con Valencia: Unidos en la Adversidad - Abadecom<\/title>\n<meta name=\"description\" content=\"Desde Abadecom, queremos expresar nuestro m\u00e1s sincero apoyo y solidaridad con todas las personas afectadas por la DANA\" \/>\n<meta name=\"robots\" content=\"index, follow, max-snippet:-1, max-image-preview:large, max-video-preview:-1\" \/>\n<link rel=\"canonical\" href=\"https:\/\/abadecom.com\/it\/abadecom-con-valencia-unidos-en-la-adversidad\/\" \/>\n<meta property=\"og:locale\" content=\"it_IT\" \/>\n<meta property=\"og:type\" content=\"article\" \/>\n<meta property=\"og:title\" content=\"Abadecom con Valencia: Unidos en la Adversidad - Abadecom\" \/>\n<meta property=\"og:description\" content=\"Desde Abadecom, queremos expresar nuestro m\u00e1s sincero apoyo y solidaridad con todas las personas afectadas por la DANA\" \/>\n<meta property=\"og:url\" content=\"https:\/\/abadecom.com\/it\/abadecom-con-valencia-unidos-en-la-adversidad\/\" \/>\n<meta property=\"og:site_name\" content=\"Abadecom\" \/>\n<meta property=\"article:published_time\" content=\"2024-11-05T08:57:51+00:00\" \/>\n<meta property=\"article:modified_time\" content=\"2024-11-05T09:01:42+00:00\" \/>\n<meta property=\"og:image\" content=\"https:\/\/abadecom.com\/wp-content\/uploads\/2024\/11\/Luto-Blanco-y-Negro-1.jpg\" \/>\n\t<meta property=\"og:image:width\" content=\"1080\" \/>\n\t<meta property=\"og:image:height\" content=\"1080\" \/>\n\t<meta property=\"og:image:type\" content=\"image\/jpeg\" \/>\n<meta name=\"author\" content=\"AdminAabadeco\" \/>\n<meta name=\"twitter:card\" content=\"summary_large_image\" \/>\n<meta name=\"twitter:label1\" content=\"Scritto da\" \/>\n\t<meta name=\"twitter:data1\" content=\"AdminAabadeco\" \/>\n\t<meta name=\"twitter:label2\" content=\"Tempo di lettura stimato\" \/>\n\t<meta name=\"twitter:data2\" content=\"1 minuto\" \/>\n<script type=\"application\/ld+json\" class=\"yoast-schema-graph\">{\"@context\":\"https:\\\/\\\/schema.org\",\"@graph\":[{\"@type\":\"Article\",\"@id\":\"https:\\\/\\\/abadecom.com\\\/abadecom-con-valencia-unidos-en-la-adversidad\\\/#article\",\"isPartOf\":{\"@id\":\"https:\\\/\\\/abadecom.com\\\/abadecom-con-valencia-unidos-en-la-adversidad\\\/\"},\"author\":{\"name\":\"AdminAabadeco\",\"@id\":\"https:\\\/\\\/abadecom.com\\\/#\\\/schema\\\/person\\\/477a7cc0ed6c040d67343c7a3fda930b\"},\"headline\":\"Abadecom con Valencia: Unidos en la Adversidad\",\"datePublished\":\"2024-11-05T08:57:51+00:00\",\"dateModified\":\"2024-11-05T09:01:42+00:00\",\"mainEntityOfPage\":{\"@id\":\"https:\\\/\\\/abadecom.com\\\/abadecom-con-valencia-unidos-en-la-adversidad\\\/\"},\"wordCount\":118,\"commentCount\":0,\"publisher\":{\"@id\":\"https:\\\/\\\/abadecom.com\\\/#organization\"},\"image\":{\"@id\":\"https:\\\/\\\/abadecom.com\\\/abadecom-con-valencia-unidos-en-la-adversidad\\\/#primaryimage\"},\"thumbnailUrl\":\"https:\\\/\\\/abadecom.com\\\/wp-content\\\/uploads\\\/2024\\\/11\\\/Luto-Blanco-y-Negro-1.jpg\",\"articleSection\":[\"Sin categorizar\"],\"inLanguage\":\"it-IT\",\"potentialAction\":[{\"@type\":\"CommentAction\",\"name\":\"Comment\",\"target\":[\"https:\\\/\\\/abadecom.com\\\/abadecom-con-valencia-unidos-en-la-adversidad\\\/#respond\"]}]},{\"@type\":\"WebPage\",\"@id\":\"https:\\\/\\\/abadecom.com\\\/abadecom-con-valencia-unidos-en-la-adversidad\\\/\",\"url\":\"https:\\\/\\\/abadecom.com\\\/abadecom-con-valencia-unidos-en-la-adversidad\\\/\",\"name\":\"Abadecom con Valencia: Unidos en la Adversidad - Abadecom\",\"isPartOf\":{\"@id\":\"https:\\\/\\\/abadecom.com\\\/#website\"},\"primaryImageOfPage\":{\"@id\":\"https:\\\/\\\/abadecom.com\\\/abadecom-con-valencia-unidos-en-la-adversidad\\\/#primaryimage\"},\"image\":{\"@id\":\"https:\\\/\\\/abadecom.com\\\/abadecom-con-valencia-unidos-en-la-adversidad\\\/#primaryimage\"},\"thumbnailUrl\":\"https:\\\/\\\/abadecom.com\\\/wp-content\\\/uploads\\\/2024\\\/11\\\/Luto-Blanco-y-Negro-1.jpg\",\"datePublished\":\"2024-11-05T08:57:51+00:00\",\"dateModified\":\"2024-11-05T09:01:42+00:00\",\"description\":\"Desde Abadecom, queremos expresar nuestro m\u00e1s sincero apoyo y solidaridad con todas las personas afectadas por la DANA\",\"inLanguage\":\"it-IT\",\"potentialAction\":[{\"@type\":\"ReadAction\",\"target\":[\"https:\\\/\\\/abadecom.com\\\/abadecom-con-valencia-unidos-en-la-adversidad\\\/\"]}]},{\"@type\":\"ImageObject\",\"inLanguage\":\"it-IT\",\"@id\":\"https:\\\/\\\/abadecom.com\\\/abadecom-con-valencia-unidos-en-la-adversidad\\\/#primaryimage\",\"url\":\"https:\\\/\\\/abadecom.com\\\/wp-content\\\/uploads\\\/2024\\\/11\\\/Luto-Blanco-y-Negro-1.jpg\",\"contentUrl\":\"https:\\\/\\\/abadecom.com\\\/wp-content\\\/uploads\\\/2024\\\/11\\\/Luto-Blanco-y-Negro-1.jpg\",\"width\":1080,\"height\":1080},{\"@type\":\"WebSite\",\"@id\":\"https:\\\/\\\/abadecom.com\\\/#website\",\"url\":\"https:\\\/\\\/abadecom.com\\\/\",\"name\":\"Abadecom\",\"description\":\"Productos sostenibles y respetuosos con el medio ambiente\",\"publisher\":{\"@id\":\"https:\\\/\\\/abadecom.com\\\/#organization\"},\"alternateName\":\"Abadecom\",\"potentialAction\":[{\"@type\":\"SearchAction\",\"target\":{\"@type\":\"EntryPoint\",\"urlTemplate\":\"https:\\\/\\\/abadecom.com\\\/?s={search_term_string}\"},\"query-input\":{\"@type\":\"PropertyValueSpecification\",\"valueRequired\":true,\"valueName\":\"search_term_string\"}}],\"inLanguage\":\"it-IT\"},{\"@type\":\"Organization\",\"@id\":\"https:\\\/\\\/abadecom.com\\\/#organization\",\"name\":\"Abadecom\",\"url\":\"https:\\\/\\\/abadecom.com\\\/\",\"logo\":{\"@type\":\"ImageObject\",\"inLanguage\":\"it-IT\",\"@id\":\"https:\\\/\\\/abadecom.com\\\/#\\\/schema\\\/logo\\\/image\\\/\",\"url\":\"https:\\\/\\\/abadecom.com\\\/wp-content\\\/uploads\\\/2022\\\/03\\\/Logo-Abadecom-e1647715158799.png\",\"contentUrl\":\"https:\\\/\\\/abadecom.com\\\/wp-content\\\/uploads\\\/2022\\\/03\\\/Logo-Abadecom-e1647715158799.png\",\"width\":200,\"height\":117,\"caption\":\"Abadecom\"},\"image\":{\"@id\":\"https:\\\/\\\/abadecom.com\\\/#\\\/schema\\\/logo\\\/image\\\/\"}},{\"@type\":\"Person\",\"@id\":\"https:\\\/\\\/abadecom.com\\\/#\\\/schema\\\/person\\\/477a7cc0ed6c040d67343c7a3fda930b\",\"name\":\"AdminAabadeco\",\"image\":{\"@type\":\"ImageObject\",\"inLanguage\":\"it-IT\",\"@id\":\"https:\\\/\\\/secure.gravatar.com\\\/avatar\\\/2630c0cee03e7f483e5ca41ec6649375f24ca272e920f8386983684762e36487?s=96&d=mm&r=g\",\"url\":\"https:\\\/\\\/secure.gravatar.com\\\/avatar\\\/2630c0cee03e7f483e5ca41ec6649375f24ca272e920f8386983684762e36487?s=96&d=mm&r=g\",\"contentUrl\":\"https:\\\/\\\/secure.gravatar.com\\\/avatar\\\/2630c0cee03e7f483e5ca41ec6649375f24ca272e920f8386983684762e36487?s=96&d=mm&r=g\",\"caption\":\"AdminAabadeco\"},\"sameAs\":[\"https:\\\/\\\/abadecom.com\"],\"url\":\"https:\\\/\\\/abadecom.com\\\/it\\\/author\\\/adminaabadeco\\\/\"}]}<\/script>\n<!-- \/ Yoast SEO plugin. -->","yoast_head_json":{"title":"Abadecom con Valencia: Unidos en la Adversidad - Abadecom","description":"Desde Abadecom, queremos expresar nuestro m\u00e1s sincero apoyo y solidaridad con todas las personas afectadas por la DANA","robots":{"index":"index","follow":"follow","max-snippet":"max-snippet:-1","max-image-preview":"max-image-preview:large","max-video-preview":"max-video-preview:-1"},"canonical":"https:\/\/abadecom.com\/it\/abadecom-con-valencia-unidos-en-la-adversidad\/","og_locale":"it_IT","og_type":"article","og_title":"Abadecom con Valencia: Unidos en la Adversidad - Abadecom","og_description":"Desde Abadecom, queremos expresar nuestro m\u00e1s sincero apoyo y solidaridad con todas las personas afectadas por la DANA","og_url":"https:\/\/abadecom.com\/it\/abadecom-con-valencia-unidos-en-la-adversidad\/","og_site_name":"Abadecom","article_published_time":"2024-11-05T08:57:51+00:00","article_modified_time":"2024-11-05T09:01:42+00:00","og_image":[{"width":1080,"height":1080,"url":"https:\/\/abadecom.com\/wp-content\/uploads\/2024\/11\/Luto-Blanco-y-Negro-1.jpg","type":"image\/jpeg"}],"author":"AdminAabadeco","twitter_card":"summary_large_image","twitter_misc":{"Scritto da":"AdminAabadeco","Tempo di lettura stimato":"1 minuto"},"schema":{"@context":"https:\/\/schema.org","@graph":[{"@type":"Article","@id":"https:\/\/abadecom.com\/abadecom-con-valencia-unidos-en-la-adversidad\/#article","isPartOf":{"@id":"https:\/\/abadecom.com\/abadecom-con-valencia-unidos-en-la-adversidad\/"},"author":{"name":"AdminAabadeco","@id":"https:\/\/abadecom.com\/#\/schema\/person\/477a7cc0ed6c040d67343c7a3fda930b"},"headline":"Abadecom con Valencia: Unidos en la Adversidad","datePublished":"2024-11-05T08:57:51+00:00","dateModified":"2024-11-05T09:01:42+00:00","mainEntityOfPage":{"@id":"https:\/\/abadecom.com\/abadecom-con-valencia-unidos-en-la-adversidad\/"},"wordCount":118,"commentCount":0,"publisher":{"@id":"https:\/\/abadecom.com\/#organization"},"image":{"@id":"https:\/\/abadecom.com\/abadecom-con-valencia-unidos-en-la-adversidad\/#primaryimage"},"thumbnailUrl":"https:\/\/abadecom.com\/wp-content\/uploads\/2024\/11\/Luto-Blanco-y-Negro-1.jpg","articleSection":["Sin categorizar"],"inLanguage":"it-IT","potentialAction":[{"@type":"CommentAction","name":"Comment","target":["https:\/\/abadecom.com\/abadecom-con-valencia-unidos-en-la-adversidad\/#respond"]}]},{"@type":"WebPage","@id":"https:\/\/abadecom.com\/abadecom-con-valencia-unidos-en-la-adversidad\/","url":"https:\/\/abadecom.com\/abadecom-con-valencia-unidos-en-la-adversidad\/","name":"Abadecom con Valencia: Unidos en la Adversidad - Abadecom","isPartOf":{"@id":"https:\/\/abadecom.com\/#website"},"primaryImageOfPage":{"@id":"https:\/\/abadecom.com\/abadecom-con-valencia-unidos-en-la-adversidad\/#primaryimage"},"image":{"@id":"https:\/\/abadecom.com\/abadecom-con-valencia-unidos-en-la-adversidad\/#primaryimage"},"thumbnailUrl":"https:\/\/abadecom.com\/wp-content\/uploads\/2024\/11\/Luto-Blanco-y-Negro-1.jpg","datePublished":"2024-11-05T08:57:51+00:00","dateModified":"2024-11-05T09:01:42+00:00","description":"Desde Abadecom, queremos expresar nuestro m\u00e1s sincero apoyo y solidaridad con todas las personas afectadas por la DANA","inLanguage":"it-IT","potentialAction":[{"@type":"ReadAction","target":["https:\/\/abadecom.com\/abadecom-con-valencia-unidos-en-la-adversidad\/"]}]},{"@type":"ImageObject","inLanguage":"it-IT","@id":"https:\/\/abadecom.com\/abadecom-con-valencia-unidos-en-la-adversidad\/#primaryimage","url":"https:\/\/abadecom.com\/wp-content\/uploads\/2024\/11\/Luto-Blanco-y-Negro-1.jpg","contentUrl":"https:\/\/abadecom.com\/wp-content\/uploads\/2024\/11\/Luto-Blanco-y-Negro-1.jpg","width":1080,"height":1080},{"@type":"WebSite","@id":"https:\/\/abadecom.com\/#website","url":"https:\/\/abadecom.com\/","name":"Abadecom","description":"Prodotti sostenibili e rispettosi dell'ambiente","publisher":{"@id":"https:\/\/abadecom.com\/#organization"},"alternateName":"Abadecom","potentialAction":[{"@type":"SearchAction","target":{"@type":"EntryPoint","urlTemplate":"https:\/\/abadecom.com\/?s={search_term_string}"},"query-input":{"@type":"PropertyValueSpecification","valueRequired":true,"valueName":"search_term_string"}}],"inLanguage":"it-IT"},{"@type":"Organization","@id":"https:\/\/abadecom.com\/#organization","name":"Abadecom","url":"https:\/\/abadecom.com\/","logo":{"@type":"ImageObject","inLanguage":"it-IT","@id":"https:\/\/abadecom.com\/#\/schema\/logo\/image\/","url":"https:\/\/abadecom.com\/wp-content\/uploads\/2022\/03\/Logo-Abadecom-e1647715158799.png","contentUrl":"https:\/\/abadecom.com\/wp-content\/uploads\/2022\/03\/Logo-Abadecom-e1647715158799.png","width":200,"height":117,"caption":"Abadecom"},"image":{"@id":"https:\/\/abadecom.com\/#\/schema\/logo\/image\/"}},{"@type":"Person","@id":"https:\/\/abadecom.com\/#\/schema\/person\/477a7cc0ed6c040d67343c7a3fda930b","name":"AdminAabadeco","image":{"@type":"ImageObject","inLanguage":"it-IT","@id":"https:\/\/secure.gravatar.com\/avatar\/2630c0cee03e7f483e5ca41ec6649375f24ca272e920f8386983684762e36487?s=96&d=mm&r=g","url":"https:\/\/secure.gravatar.com\/avatar\/2630c0cee03e7f483e5ca41ec6649375f24ca272e920f8386983684762e36487?s=96&d=mm&r=g","contentUrl":"https:\/\/secure.gravatar.com\/avatar\/2630c0cee03e7f483e5ca41ec6649375f24ca272e920f8386983684762e36487?s=96&d=mm&r=g","caption":"AdminAabadeco"},"sameAs":["https:\/\/abadecom.com"],"url":"https:\/\/abadecom.com\/it\/author\/adminaabadeco\/"}]}},"_links":{"self":[{"href":"https:\/\/abadecom.com\/it\/wp-json\/wp\/v2\/posts\/9725","targetHints":{"allow":["GET"]}}],"collection":[{"href":"https:\/\/abadecom.com\/it\/wp-json\/wp\/v2\/posts"}],"about":[{"href":"https:\/\/abadecom.com\/it\/wp-json\/wp\/v2\/types\/post"}],"author":[{"embeddable":true,"href":"https:\/\/abadecom.com\/it\/wp-json\/wp\/v2\/users\/1"}],"replies":[{"embeddable":true,"href":"https:\/\/abadecom.com\/it\/wp-json\/wp\/v2\/comments?post=9725"}],"version-history":[{"count":2,"href":"https:\/\/abadecom.com\/it\/wp-json\/wp\/v2\/posts\/9725\/revisions"}],"predecessor-version":[{"id":9729,"href":"https:\/\/abadecom.com\/it\/wp-json\/wp\/v2\/posts\/9725\/revisions\/9729"}],"wp:featuredmedia":[{"embeddable":true,"href":"https:\/\/abadecom.com\/it\/wp-json\/wp\/v2\/media\/9726"}],"wp:attachment":[{"href":"https:\/\/abadecom.com\/it\/wp-json\/wp\/v2\/media?parent=9725"}],"wp:term":[{"taxonomy":"category","embeddable":true,"href":"https:\/\/abadecom.com\/it\/wp-json\/wp\/v2\/categories?post=9725"},{"taxonomy":"post_tag","embeddable":true,"href":"https:\/\/abadecom.com\/it\/wp-json\/wp\/v2\/tags?post=9725"}],"curies":[{"name":"wp","href":"https:\/\/api.w.org\/{rel}","templated":true}]}}