{"id":9705,"date":"2024-07-02T15:10:26","date_gmt":"2024-07-02T15:10:26","guid":{"rendered":"https:\/\/abadecom.com\/?p=9705"},"modified":"2024-07-02T15:10:29","modified_gmt":"2024-07-02T15:10:29","slug":"abadecom-innovacion-en-separadores-de-carril-bici-fotoluminiscente","status":"publish","type":"post","link":"https:\/\/abadecom.com\/it\/abadecom-innovacion-en-separadores-de-carril-bici-fotoluminiscente\/","title":{"rendered":"Abadecom: Innovaci\u00f3n en Separadores de Carril Bici Fotoluminiscente"},"content":{"rendered":"<p class=\"wp-block-paragraph\">En Abadecom, estamos orgullosos de presentar nuestro innovador separador de carril bici fotoluminiscente, una soluci\u00f3n que no solo mejora la seguridad vial sino que tambi\u00e9n es sostenible y resistente. A continuaci\u00f3n, te explicamos por qu\u00e9 nuestro separador de carril bici es la mejor opci\u00f3n para tu ciudad o comunidad.<\/p>\n\n\n\n<h2 class=\"wp-block-heading\">1. <strong>Fabricado con Pl\u00e1stico 100% Reciclado<\/strong><\/h2>\n\n\n\n<p class=\"wp-block-paragraph\">El<a href=\"https:\/\/abadecom.com\/it\/separador-carril-bici\/\"> separador de carril bici de Abadecom <\/a>est\u00e1 hecho de pl\u00e1stico 100% reciclado, lo que contribuye significativamente a la reducci\u00f3n de residuos y a la protecci\u00f3n del medio ambiente. Utilizar materiales reciclados no solo ayuda a disminuir la cantidad de desechos pl\u00e1sticos, sino que tambi\u00e9n promueve una econom\u00eda circular m\u00e1s sostenible.<\/p>\n\n\n\n<h2 class=\"wp-block-heading\">2. <strong>Mayor Resistencia<\/strong><\/h2>\n\n\n\n<p class=\"wp-block-paragraph\">Gracias al uso de PVC como materia prima, nuestro separador de carril bici es m\u00e1s resistente que aquellos fabricados con caucho y hormig\u00f3n. El PVC ofrece una durabilidad superior, capaz de soportar condiciones clim\u00e1ticas adversas y el desgaste diario. Esto garantiza una larga vida \u00fatil del producto, reduciendo la necesidad de reemplazos frecuentes y, por ende, disminuyendo costos a largo plazo.<\/p>\n\n\n\n<h2 class=\"wp-block-heading\">3. <strong>Tecnolog\u00eda Fotoluminiscente<\/strong><\/h2>\n\n\n\n<p class=\"wp-block-paragraph\">Uno de los aspectos m\u00e1s destacados de nuestro separador es su capacidad fotoluminiscente. Este dispositivo se activa con luz solar o artificial, permitiendo que el separador brille en condiciones de oscuridad o en zonas pobremente iluminadas. Una vez cargada la pieza fotoluminiscente, la luminiscencia tiene una duraci\u00f3n de m\u00e1s de 12 horas. Esto no solo mejora la visibilidad de los carriles bici durante la noche, sino que tambi\u00e9n aumenta la seguridad para los ciclistas.<\/p>\n\n\n\n<h2 class=\"wp-block-heading\">4. <strong>F\u00e1cil Instalaci\u00f3n y Mantenimiento<\/strong><\/h2>\n\n\n\n<p class=\"wp-block-paragraph\">El separador de carril bici de Abadecom es f\u00e1cil de instalar y mantener. Su dise\u00f1o pr\u00e1ctico permite una instalaci\u00f3n r\u00e1pida y eficiente, ahorrando tiempo y recursos. Adem\u00e1s, el material resistente requiere menos mantenimiento, lo que se traduce en una soluci\u00f3n econ\u00f3mica y duradera para las ciudades.<\/p>\n\n\n\n<h2 class=\"wp-block-heading\">5. <strong>Mejora de la Seguridad Vial<\/strong><\/h2>\n\n\n\n<p class=\"wp-block-paragraph\">La visibilidad y la seguridad son cruciales para los ciclistas, especialmente en \u00e1reas con poca iluminaci\u00f3n. Nuestro separador fotoluminiscente mejora significativamente la seguridad vial al proporcionar una gu\u00eda visual clara para los ciclistas y los conductores. Esto ayuda a prevenir accidentes y a fomentar el uso seguro de los carriles bici.<\/p>\n\n\n\n<p class=\"wp-block-paragraph\">El separador de carril bici fotoluminiscente de Abadecom es una soluci\u00f3n innovadora y sostenible que ofrece m\u00faltiples beneficios. Desde su fabricaci\u00f3n con materiales reciclados hasta su resistencia superior y su capacidad para mejorar la seguridad vial, este producto representa un avance significativo en la infraestructura de movilidad urbana. Al elegir nuestro separador de carril bici, est\u00e1s contribuyendo a una ciudad m\u00e1s segura y a un planeta m\u00e1s limpio.<\/p>\n\n\n\n<p class=\"wp-block-paragraph\"><strong>Descubre m\u00e1s sobre nuestros productos y c\u00f3mo Abadecom est\u00e1 liderando el camino hacia un futuro m\u00e1s sostenible y seguro.<\/strong> <a href=\"https:\/\/www.linkedin.com\/company\/13019454\/admin\/dashboard\/\">Linkedin<\/a>, <a href=\"https:\/\/www.facebook.com\/AbadecomS.L\/\">facebook<\/a><\/p>","protected":false},"excerpt":{"rendered":"<p>En Abadecom, estamos orgullosos de presentar nuestro innovador separador de carril bici fotoluminiscente, una soluci\u00f3n que no solo mejora la seguridad vial sino que tambi\u00e9n es sostenible y resistente. A continuaci\u00f3n, te explicamos por qu\u00e9 nuestro separador de carril bici es la mejor opci\u00f3n para tu ciudad o comunidad. 1. Fabricado con Pl\u00e1stico 100% Reciclado [&#8230;]<\/p>\n<p><a class=\"btn btn-secondary understrap-read-more-link\" href=\"https:\/\/abadecom.com\/it\/abadecom-innovacion-en-separadores-de-carril-bici-fotoluminiscente\/\">Leggi di pi\u00f9&#8230;<span class=\"screen-reader-text\"> from Abadecom: Innovaci\u00f3n en Separadores de Carril Bici Fotoluminiscente<\/span><\/a><\/p>\n","protected":false},"author":1,"featured_media":9706,"comment_status":"open","ping_status":"open","sticky":false,"template":"","format":"standard","meta":{"content-type":"","_monsterinsights_skip_tracking":false,"pgc_sgb_lightbox_settings":"","footnotes":""},"categories":[1],"tags":[],"class_list":["post-9705","post","type-post","status-publish","format-standard","has-post-thumbnail","hentry","category-sin-categorizar"],"yoast_head":"<!-- This site is optimized with the Yoast SEO plugin v28.4 - https:\/\/yoast.com\/product\/yoast-seo-wordpress\/ -->\n<title>Abadecom: Innovaci\u00f3n en Separadores de Carril Bici Fotoluminiscente - Abadecom<\/title>\n<meta name=\"description\" content=\"estamos orgullosos de presentar nuestro innovador separador de carril bici fotoluminiscente, es la mejor soluci\u00f3n para tu ciudad.\" \/>\n<meta name=\"robots\" content=\"index, follow, max-snippet:-1, max-image-preview:large, max-video-preview:-1\" \/>\n<link rel=\"canonical\" href=\"https:\/\/abadecom.com\/it\/abadecom-innovacion-en-separadores-de-carril-bici-fotoluminiscente\/\" \/>\n<meta property=\"og:locale\" content=\"it_IT\" \/>\n<meta property=\"og:type\" content=\"article\" \/>\n<meta property=\"og:title\" content=\"Abadecom: Innovaci\u00f3n en Separadores de Carril Bici Fotoluminiscente - Abadecom\" \/>\n<meta property=\"og:description\" content=\"estamos orgullosos de presentar nuestro innovador separador de carril bici fotoluminiscente, es la mejor soluci\u00f3n para tu ciudad.\" \/>\n<meta property=\"og:url\" content=\"https:\/\/abadecom.com\/it\/abadecom-innovacion-en-separadores-de-carril-bici-fotoluminiscente\/\" \/>\n<meta property=\"og:site_name\" content=\"Abadecom\" \/>\n<meta property=\"article:published_time\" content=\"2024-07-02T15:10:26+00:00\" \/>\n<meta property=\"article:modified_time\" content=\"2024-07-02T15:10:29+00:00\" \/>\n<meta property=\"og:image\" content=\"https:\/\/abadecom.com\/wp-content\/uploads\/2024\/07\/Separador-carril-Instagram-Post.jpg\" \/>\n\t<meta property=\"og:image:width\" content=\"1080\" \/>\n\t<meta property=\"og:image:height\" content=\"1080\" \/>\n\t<meta property=\"og:image:type\" content=\"image\/jpeg\" \/>\n<meta name=\"author\" content=\"AdminAabadeco\" \/>\n<meta name=\"twitter:card\" content=\"summary_large_image\" \/>\n<meta name=\"twitter:label1\" content=\"Scritto da\" \/>\n\t<meta name=\"twitter:data1\" content=\"AdminAabadeco\" \/>\n\t<meta name=\"twitter:label2\" content=\"Tempo di lettura stimato\" \/>\n\t<meta name=\"twitter:data2\" content=\"3 minuti\" \/>\n<script type=\"application\/ld+json\" class=\"yoast-schema-graph\">{\"@context\":\"https:\\\/\\\/schema.org\",\"@graph\":[{\"@type\":\"Article\",\"@id\":\"https:\\\/\\\/abadecom.com\\\/abadecom-innovacion-en-separadores-de-carril-bici-fotoluminiscente\\\/#article\",\"isPartOf\":{\"@id\":\"https:\\\/\\\/abadecom.com\\\/abadecom-innovacion-en-separadores-de-carril-bici-fotoluminiscente\\\/\"},\"author\":{\"name\":\"AdminAabadeco\",\"@id\":\"https:\\\/\\\/abadecom.com\\\/#\\\/schema\\\/person\\\/477a7cc0ed6c040d67343c7a3fda930b\"},\"headline\":\"Abadecom: Innovaci\u00f3n en Separadores de Carril Bici Fotoluminiscente\",\"datePublished\":\"2024-07-02T15:10:26+00:00\",\"dateModified\":\"2024-07-02T15:10:29+00:00\",\"mainEntityOfPage\":{\"@id\":\"https:\\\/\\\/abadecom.com\\\/abadecom-innovacion-en-separadores-de-carril-bici-fotoluminiscente\\\/\"},\"wordCount\":486,\"commentCount\":0,\"publisher\":{\"@id\":\"https:\\\/\\\/abadecom.com\\\/#organization\"},\"image\":{\"@id\":\"https:\\\/\\\/abadecom.com\\\/abadecom-innovacion-en-separadores-de-carril-bici-fotoluminiscente\\\/#primaryimage\"},\"thumbnailUrl\":\"https:\\\/\\\/abadecom.com\\\/wp-content\\\/uploads\\\/2024\\\/07\\\/Separador-carril-Instagram-Post.jpg\",\"articleSection\":[\"Sin categorizar\"],\"inLanguage\":\"it-IT\",\"potentialAction\":[{\"@type\":\"CommentAction\",\"name\":\"Comment\",\"target\":[\"https:\\\/\\\/abadecom.com\\\/abadecom-innovacion-en-separadores-de-carril-bici-fotoluminiscente\\\/#respond\"]}]},{\"@type\":\"WebPage\",\"@id\":\"https:\\\/\\\/abadecom.com\\\/abadecom-innovacion-en-separadores-de-carril-bici-fotoluminiscente\\\/\",\"url\":\"https:\\\/\\\/abadecom.com\\\/abadecom-innovacion-en-separadores-de-carril-bici-fotoluminiscente\\\/\",\"name\":\"Abadecom: Innovaci\u00f3n en Separadores de Carril Bici Fotoluminiscente - Abadecom\",\"isPartOf\":{\"@id\":\"https:\\\/\\\/abadecom.com\\\/#website\"},\"primaryImageOfPage\":{\"@id\":\"https:\\\/\\\/abadecom.com\\\/abadecom-innovacion-en-separadores-de-carril-bici-fotoluminiscente\\\/#primaryimage\"},\"image\":{\"@id\":\"https:\\\/\\\/abadecom.com\\\/abadecom-innovacion-en-separadores-de-carril-bici-fotoluminiscente\\\/#primaryimage\"},\"thumbnailUrl\":\"https:\\\/\\\/abadecom.com\\\/wp-content\\\/uploads\\\/2024\\\/07\\\/Separador-carril-Instagram-Post.jpg\",\"datePublished\":\"2024-07-02T15:10:26+00:00\",\"dateModified\":\"2024-07-02T15:10:29+00:00\",\"description\":\"estamos orgullosos de presentar nuestro innovador separador de carril bici fotoluminiscente, es la mejor soluci\u00f3n para tu ciudad.\",\"inLanguage\":\"it-IT\",\"potentialAction\":[{\"@type\":\"ReadAction\",\"target\":[\"https:\\\/\\\/abadecom.com\\\/abadecom-innovacion-en-separadores-de-carril-bici-fotoluminiscente\\\/\"]}]},{\"@type\":\"ImageObject\",\"inLanguage\":\"it-IT\",\"@id\":\"https:\\\/\\\/abadecom.com\\\/abadecom-innovacion-en-separadores-de-carril-bici-fotoluminiscente\\\/#primaryimage\",\"url\":\"https:\\\/\\\/abadecom.com\\\/wp-content\\\/uploads\\\/2024\\\/07\\\/Separador-carril-Instagram-Post.jpg\",\"contentUrl\":\"https:\\\/\\\/abadecom.com\\\/wp-content\\\/uploads\\\/2024\\\/07\\\/Separador-carril-Instagram-Post.jpg\",\"width\":1080,\"height\":1080},{\"@type\":\"WebSite\",\"@id\":\"https:\\\/\\\/abadecom.com\\\/#website\",\"url\":\"https:\\\/\\\/abadecom.com\\\/\",\"name\":\"Abadecom\",\"description\":\"Productos sostenibles y respetuosos con el medio ambiente\",\"publisher\":{\"@id\":\"https:\\\/\\\/abadecom.com\\\/#organization\"},\"alternateName\":\"Abadecom\",\"potentialAction\":[{\"@type\":\"SearchAction\",\"target\":{\"@type\":\"EntryPoint\",\"urlTemplate\":\"https:\\\/\\\/abadecom.com\\\/?s={search_term_string}\"},\"query-input\":{\"@type\":\"PropertyValueSpecification\",\"valueRequired\":true,\"valueName\":\"search_term_string\"}}],\"inLanguage\":\"it-IT\"},{\"@type\":\"Organization\",\"@id\":\"https:\\\/\\\/abadecom.com\\\/#organization\",\"name\":\"Abadecom\",\"url\":\"https:\\\/\\\/abadecom.com\\\/\",\"logo\":{\"@type\":\"ImageObject\",\"inLanguage\":\"it-IT\",\"@id\":\"https:\\\/\\\/abadecom.com\\\/#\\\/schema\\\/logo\\\/image\\\/\",\"url\":\"https:\\\/\\\/abadecom.com\\\/wp-content\\\/uploads\\\/2022\\\/03\\\/Logo-Abadecom-e1647715158799.png\",\"contentUrl\":\"https:\\\/\\\/abadecom.com\\\/wp-content\\\/uploads\\\/2022\\\/03\\\/Logo-Abadecom-e1647715158799.png\",\"width\":200,\"height\":117,\"caption\":\"Abadecom\"},\"image\":{\"@id\":\"https:\\\/\\\/abadecom.com\\\/#\\\/schema\\\/logo\\\/image\\\/\"}},{\"@type\":\"Person\",\"@id\":\"https:\\\/\\\/abadecom.com\\\/#\\\/schema\\\/person\\\/477a7cc0ed6c040d67343c7a3fda930b\",\"name\":\"AdminAabadeco\",\"image\":{\"@type\":\"ImageObject\",\"inLanguage\":\"it-IT\",\"@id\":\"https:\\\/\\\/secure.gravatar.com\\\/avatar\\\/2630c0cee03e7f483e5ca41ec6649375f24ca272e920f8386983684762e36487?s=96&d=mm&r=g\",\"url\":\"https:\\\/\\\/secure.gravatar.com\\\/avatar\\\/2630c0cee03e7f483e5ca41ec6649375f24ca272e920f8386983684762e36487?s=96&d=mm&r=g\",\"contentUrl\":\"https:\\\/\\\/secure.gravatar.com\\\/avatar\\\/2630c0cee03e7f483e5ca41ec6649375f24ca272e920f8386983684762e36487?s=96&d=mm&r=g\",\"caption\":\"AdminAabadeco\"},\"sameAs\":[\"https:\\\/\\\/abadecom.com\"],\"url\":\"https:\\\/\\\/abadecom.com\\\/it\\\/author\\\/adminaabadeco\\\/\"}]}<\/script>\n<!-- \/ Yoast SEO plugin. -->","yoast_head_json":{"title":"Abadecom: Innovaci\u00f3n en Separadores de Carril Bici Fotoluminiscente - Abadecom","description":"estamos orgullosos de presentar nuestro innovador separador de carril bici fotoluminiscente, es la mejor soluci\u00f3n para tu ciudad.","robots":{"index":"index","follow":"follow","max-snippet":"max-snippet:-1","max-image-preview":"max-image-preview:large","max-video-preview":"max-video-preview:-1"},"canonical":"https:\/\/abadecom.com\/it\/abadecom-innovacion-en-separadores-de-carril-bici-fotoluminiscente\/","og_locale":"it_IT","og_type":"article","og_title":"Abadecom: Innovaci\u00f3n en Separadores de Carril Bici Fotoluminiscente - Abadecom","og_description":"estamos orgullosos de presentar nuestro innovador separador de carril bici fotoluminiscente, es la mejor soluci\u00f3n para tu ciudad.","og_url":"https:\/\/abadecom.com\/it\/abadecom-innovacion-en-separadores-de-carril-bici-fotoluminiscente\/","og_site_name":"Abadecom","article_published_time":"2024-07-02T15:10:26+00:00","article_modified_time":"2024-07-02T15:10:29+00:00","og_image":[{"width":1080,"height":1080,"url":"https:\/\/abadecom.com\/wp-content\/uploads\/2024\/07\/Separador-carril-Instagram-Post.jpg","type":"image\/jpeg"}],"author":"AdminAabadeco","twitter_card":"summary_large_image","twitter_misc":{"Scritto da":"AdminAabadeco","Tempo di lettura stimato":"3 minuti"},"schema":{"@context":"https:\/\/schema.org","@graph":[{"@type":"Article","@id":"https:\/\/abadecom.com\/abadecom-innovacion-en-separadores-de-carril-bici-fotoluminiscente\/#article","isPartOf":{"@id":"https:\/\/abadecom.com\/abadecom-innovacion-en-separadores-de-carril-bici-fotoluminiscente\/"},"author":{"name":"AdminAabadeco","@id":"https:\/\/abadecom.com\/#\/schema\/person\/477a7cc0ed6c040d67343c7a3fda930b"},"headline":"Abadecom: Innovaci\u00f3n en Separadores de Carril Bici Fotoluminiscente","datePublished":"2024-07-02T15:10:26+00:00","dateModified":"2024-07-02T15:10:29+00:00","mainEntityOfPage":{"@id":"https:\/\/abadecom.com\/abadecom-innovacion-en-separadores-de-carril-bici-fotoluminiscente\/"},"wordCount":486,"commentCount":0,"publisher":{"@id":"https:\/\/abadecom.com\/#organization"},"image":{"@id":"https:\/\/abadecom.com\/abadecom-innovacion-en-separadores-de-carril-bici-fotoluminiscente\/#primaryimage"},"thumbnailUrl":"https:\/\/abadecom.com\/wp-content\/uploads\/2024\/07\/Separador-carril-Instagram-Post.jpg","articleSection":["Sin categorizar"],"inLanguage":"it-IT","potentialAction":[{"@type":"CommentAction","name":"Comment","target":["https:\/\/abadecom.com\/abadecom-innovacion-en-separadores-de-carril-bici-fotoluminiscente\/#respond"]}]},{"@type":"WebPage","@id":"https:\/\/abadecom.com\/abadecom-innovacion-en-separadores-de-carril-bici-fotoluminiscente\/","url":"https:\/\/abadecom.com\/abadecom-innovacion-en-separadores-de-carril-bici-fotoluminiscente\/","name":"Abadecom: Innovaci\u00f3n en Separadores de Carril Bici Fotoluminiscente - Abadecom","isPartOf":{"@id":"https:\/\/abadecom.com\/#website"},"primaryImageOfPage":{"@id":"https:\/\/abadecom.com\/abadecom-innovacion-en-separadores-de-carril-bici-fotoluminiscente\/#primaryimage"},"image":{"@id":"https:\/\/abadecom.com\/abadecom-innovacion-en-separadores-de-carril-bici-fotoluminiscente\/#primaryimage"},"thumbnailUrl":"https:\/\/abadecom.com\/wp-content\/uploads\/2024\/07\/Separador-carril-Instagram-Post.jpg","datePublished":"2024-07-02T15:10:26+00:00","dateModified":"2024-07-02T15:10:29+00:00","description":"estamos orgullosos de presentar nuestro innovador separador de carril bici fotoluminiscente, es la mejor soluci\u00f3n para tu ciudad.","inLanguage":"it-IT","potentialAction":[{"@type":"ReadAction","target":["https:\/\/abadecom.com\/abadecom-innovacion-en-separadores-de-carril-bici-fotoluminiscente\/"]}]},{"@type":"ImageObject","inLanguage":"it-IT","@id":"https:\/\/abadecom.com\/abadecom-innovacion-en-separadores-de-carril-bici-fotoluminiscente\/#primaryimage","url":"https:\/\/abadecom.com\/wp-content\/uploads\/2024\/07\/Separador-carril-Instagram-Post.jpg","contentUrl":"https:\/\/abadecom.com\/wp-content\/uploads\/2024\/07\/Separador-carril-Instagram-Post.jpg","width":1080,"height":1080},{"@type":"WebSite","@id":"https:\/\/abadecom.com\/#website","url":"https:\/\/abadecom.com\/","name":"Abadecom","description":"Prodotti sostenibili e rispettosi dell'ambiente","publisher":{"@id":"https:\/\/abadecom.com\/#organization"},"alternateName":"Abadecom","potentialAction":[{"@type":"SearchAction","target":{"@type":"EntryPoint","urlTemplate":"https:\/\/abadecom.com\/?s={search_term_string}"},"query-input":{"@type":"PropertyValueSpecification","valueRequired":true,"valueName":"search_term_string"}}],"inLanguage":"it-IT"},{"@type":"Organization","@id":"https:\/\/abadecom.com\/#organization","name":"Abadecom","url":"https:\/\/abadecom.com\/","logo":{"@type":"ImageObject","inLanguage":"it-IT","@id":"https:\/\/abadecom.com\/#\/schema\/logo\/image\/","url":"https:\/\/abadecom.com\/wp-content\/uploads\/2022\/03\/Logo-Abadecom-e1647715158799.png","contentUrl":"https:\/\/abadecom.com\/wp-content\/uploads\/2022\/03\/Logo-Abadecom-e1647715158799.png","width":200,"height":117,"caption":"Abadecom"},"image":{"@id":"https:\/\/abadecom.com\/#\/schema\/logo\/image\/"}},{"@type":"Person","@id":"https:\/\/abadecom.com\/#\/schema\/person\/477a7cc0ed6c040d67343c7a3fda930b","name":"AdminAabadeco","image":{"@type":"ImageObject","inLanguage":"it-IT","@id":"https:\/\/secure.gravatar.com\/avatar\/2630c0cee03e7f483e5ca41ec6649375f24ca272e920f8386983684762e36487?s=96&d=mm&r=g","url":"https:\/\/secure.gravatar.com\/avatar\/2630c0cee03e7f483e5ca41ec6649375f24ca272e920f8386983684762e36487?s=96&d=mm&r=g","contentUrl":"https:\/\/secure.gravatar.com\/avatar\/2630c0cee03e7f483e5ca41ec6649375f24ca272e920f8386983684762e36487?s=96&d=mm&r=g","caption":"AdminAabadeco"},"sameAs":["https:\/\/abadecom.com"],"url":"https:\/\/abadecom.com\/it\/author\/adminaabadeco\/"}]}},"_links":{"self":[{"href":"https:\/\/abadecom.com\/it\/wp-json\/wp\/v2\/posts\/9705","targetHints":{"allow":["GET"]}}],"collection":[{"href":"https:\/\/abadecom.com\/it\/wp-json\/wp\/v2\/posts"}],"about":[{"href":"https:\/\/abadecom.com\/it\/wp-json\/wp\/v2\/types\/post"}],"author":[{"embeddable":true,"href":"https:\/\/abadecom.com\/it\/wp-json\/wp\/v2\/users\/1"}],"replies":[{"embeddable":true,"href":"https:\/\/abadecom.com\/it\/wp-json\/wp\/v2\/comments?post=9705"}],"version-history":[{"count":1,"href":"https:\/\/abadecom.com\/it\/wp-json\/wp\/v2\/posts\/9705\/revisions"}],"predecessor-version":[{"id":9707,"href":"https:\/\/abadecom.com\/it\/wp-json\/wp\/v2\/posts\/9705\/revisions\/9707"}],"wp:featuredmedia":[{"embeddable":true,"href":"https:\/\/abadecom.com\/it\/wp-json\/wp\/v2\/media\/9706"}],"wp:attachment":[{"href":"https:\/\/abadecom.com\/it\/wp-json\/wp\/v2\/media?parent=9705"}],"wp:term":[{"taxonomy":"category","embeddable":true,"href":"https:\/\/abadecom.com\/it\/wp-json\/wp\/v2\/categories?post=9705"},{"taxonomy":"post_tag","embeddable":true,"href":"https:\/\/abadecom.com\/it\/wp-json\/wp\/v2\/tags?post=9705"}],"curies":[{"name":"wp","href":"https:\/\/api.w.org\/{rel}","templated":true}]}}