{"id":9701,"date":"2024-06-17T12:30:49","date_gmt":"2024-06-17T12:30:49","guid":{"rendered":"https:\/\/abadecom.com\/?p=9701"},"modified":"2024-06-17T12:30:49","modified_gmt":"2024-06-17T12:30:49","slug":"il-nostro-progetto-ecomodular-la-rivoluzione-nelle-abitazioni-sostenibili-e-modulari","status":"publish","type":"post","link":"https:\/\/abadecom.com\/it\/nuestro-proyecto-ecomodular-la-revolucion-en-viviendas-sostenibles-y-modulares\/","title":{"rendered":"Il nostro progetto EcoModular: La rivoluzione nelle abitazioni sostenibili e modulari"},"content":{"rendered":"<p class=\"wp-block-paragraph\">In Abadecom, siamo lieti di annunciare il lancio del nostro innovativo progetto di R+S+I, <strong><a href=\"https:\/\/abadecom.com\/it\/sistema-abitativo-sostenibile\/\">EcoModulare<\/a><\/strong>, una soluzione rivoluzionaria nella costruzione di abitazioni moderne e modulari.<\/p>\n\n\n\n<p class=\"wp-block-paragraph\"><strong>EcoModulare<\/strong> Non \u00e8 solo un\u2019abitazione, \u00e8 una visione sostenibile per il futuro. Progettate per funzionare in modo completamente indipendente dalle reti idriche, elettriche e fognarie convenzionali, queste abitazioni rappresentano una scelta ecologica ed efficiente. Utilizziamo un&#x27;elevata percentuale di materiali 100% riciclati e riciclabili, e le nostre abitazioni sono alimentate da energie rinnovabili, in grado di resistere in modo efficiente ai raggi ultravioletti e alle intemperie.<\/p>\n\n\n\n<h3 class=\"wp-block-heading\">Vantaggi di EcoModular:<\/h3>\n\n\n\n<ul class=\"wp-block-list\">\n<li><strong>Autosufficiente<\/strong>Ideale anche in zone con basse precipitazioni annue, garantendo totale indipendenza.<\/li>\n\n\n\n<li><strong>Facile installazione<\/strong>La sua struttura prefabbricata consente un rapido montaggio in loco, riducendo i tempi di costruzione e minimizzando l'impatto ambientale.<\/li>\n\n\n\n<li><strong>Versatilit\u00e0 climatica<\/strong>Adattabile a qualsiasi tipo di clima, garantendo comfort ed efficienza.<\/li>\n<\/ul>\n\n\n\n<p class=\"wp-block-paragraph\">Il nostro obiettivo \u00e8 chiaro: promuovere l&#x27;uso di immobili 100% rispettosi dell&#x27;ambiente. Questo progetto \u00e8 in linea con gli obiettivi dell&#x27;Agenda 2030 delle Nazioni Unite e dell&#x27;Unione Europea volti a ridurre in modo significativo l&#x27;impronta di carbonio. <\/p>\n\n\n\n<p class=\"wp-block-paragraph\">In Abadecom, siamo impegnati per un futuro pi\u00f9 verde e sostenibile. <strong>EcoModulare<\/strong> \u00c8 un passo cruciale in quella direzione e siamo entusiasti di condividere questo progresso con voi. Unitevi a noi in questa entusiasmante iniziativa e costruiamo insieme un domani migliore!<\/p>\n\n\n\n<p class=\"wp-block-paragraph\">Per ulteriori informazioni su <strong>EcoModulare<\/strong> e come puoi essere parte di questo cambiamento, visita il nostro sito <a href=\"https:\/\/abadecom.com\/it\/\">web<\/a> o <a href=\"https:\/\/abadecom.com\/it\/contatto\/\">Contattaci<\/a> direttamente. Insieme possiamo fare la differenza!<\/p>","protected":false},"excerpt":{"rendered":"<p>En Abadecom, nos complace anunciar el lanzamiento de nuestro innovador proyecto de I+D+i, EcoModular, una soluci\u00f3n revolucionaria en la construcci\u00f3n de viviendas modernas y modulares. EcoModular no es solo una vivienda, es una visi\u00f3n sostenible para el futuro. Dise\u00f1ada para operar completamente aislada de las redes hidr\u00e1ulicas, el\u00e9ctricas y sanitarias convencionales, estas viviendas representan una [&#8230;]<\/p>\n<p><a class=\"btn btn-secondary understrap-read-more-link\" href=\"https:\/\/abadecom.com\/it\/nuestro-proyecto-ecomodular-la-revolucion-en-viviendas-sostenibles-y-modulares\/\">Leggi di pi\u00f9&#8230;<span class=\"screen-reader-text\"> from Nuestro proyecto EcoModular: La Revoluci\u00f3n en Viviendas Sostenibles y Modulares<\/span><\/a><\/p>\n","protected":false},"author":1,"featured_media":9702,"comment_status":"open","ping_status":"open","sticky":false,"template":"","format":"standard","meta":{"content-type":"","_monsterinsights_skip_tracking":false,"pgc_sgb_lightbox_settings":"","footnotes":""},"categories":[1],"tags":[],"class_list":["post-9701","post","type-post","status-publish","format-standard","has-post-thumbnail","hentry","category-sin-categorizar"],"yoast_head":"<!-- This site is optimized with the Yoast SEO plugin v28.4 - https:\/\/yoast.com\/product\/yoast-seo-wordpress\/ -->\n<title>Nuestro proyecto EcoModular: La Revoluci\u00f3n en Viviendas Sostenibles y Modulares - Abadecom<\/title>\n<meta name=\"description\" content=\"En Abadecom, nos complace anunciar el lanzamiento de nuestro innovador proyecto de I+D+i, EcoModular una vivienda modular.\" \/>\n<meta name=\"robots\" content=\"index, follow, max-snippet:-1, max-image-preview:large, max-video-preview:-1\" \/>\n<link rel=\"canonical\" href=\"https:\/\/abadecom.com\/it\/il-nostro-progetto-ecomodular-la-rivoluzione-nelle-abitazioni-sostenibili-e-modulari\/\" \/>\n<meta property=\"og:locale\" content=\"it_IT\" \/>\n<meta property=\"og:type\" content=\"article\" \/>\n<meta property=\"og:title\" content=\"Nuestro proyecto EcoModular: La Revoluci\u00f3n en Viviendas Sostenibles y Modulares - Abadecom\" \/>\n<meta property=\"og:description\" content=\"En Abadecom, nos complace anunciar el lanzamiento de nuestro innovador proyecto de I+D+i, EcoModular una vivienda modular.\" \/>\n<meta property=\"og:url\" content=\"https:\/\/abadecom.com\/it\/il-nostro-progetto-ecomodular-la-rivoluzione-nelle-abitazioni-sostenibili-e-modulari\/\" \/>\n<meta property=\"og:site_name\" content=\"Abadecom\" \/>\n<meta property=\"article:published_time\" content=\"2024-06-17T12:30:49+00:00\" \/>\n<meta property=\"og:image\" content=\"https:\/\/abadecom.com\/wp-content\/uploads\/2024\/06\/construccion-modular-LinkedIn-Post.jpg\" \/>\n\t<meta property=\"og:image:width\" content=\"1200\" \/>\n\t<meta property=\"og:image:height\" content=\"1200\" \/>\n\t<meta property=\"og:image:type\" content=\"image\/jpeg\" \/>\n<meta name=\"author\" content=\"AdminAabadeco\" \/>\n<meta name=\"twitter:card\" content=\"summary_large_image\" \/>\n<meta name=\"twitter:label1\" content=\"Scritto da\" \/>\n\t<meta name=\"twitter:data1\" content=\"AdminAabadeco\" \/>\n\t<meta name=\"twitter:label2\" content=\"Tempo di lettura stimato\" \/>\n\t<meta name=\"twitter:data2\" content=\"2 minuti\" \/>\n<script type=\"application\/ld+json\" class=\"yoast-schema-graph\">{\"@context\":\"https:\\\/\\\/schema.org\",\"@graph\":[{\"@type\":\"Article\",\"@id\":\"https:\\\/\\\/abadecom.com\\\/nuestro-proyecto-ecomodular-la-revolucion-en-viviendas-sostenibles-y-modulares\\\/#article\",\"isPartOf\":{\"@id\":\"https:\\\/\\\/abadecom.com\\\/nuestro-proyecto-ecomodular-la-revolucion-en-viviendas-sostenibles-y-modulares\\\/\"},\"author\":{\"name\":\"AdminAabadeco\",\"@id\":\"https:\\\/\\\/abadecom.com\\\/#\\\/schema\\\/person\\\/477a7cc0ed6c040d67343c7a3fda930b\"},\"headline\":\"Nuestro proyecto EcoModular: La Revoluci\u00f3n en Viviendas Sostenibles y Modulares\",\"datePublished\":\"2024-06-17T12:30:49+00:00\",\"mainEntityOfPage\":{\"@id\":\"https:\\\/\\\/abadecom.com\\\/nuestro-proyecto-ecomodular-la-revolucion-en-viviendas-sostenibles-y-modulares\\\/\"},\"wordCount\":279,\"commentCount\":0,\"publisher\":{\"@id\":\"https:\\\/\\\/abadecom.com\\\/#organization\"},\"image\":{\"@id\":\"https:\\\/\\\/abadecom.com\\\/nuestro-proyecto-ecomodular-la-revolucion-en-viviendas-sostenibles-y-modulares\\\/#primaryimage\"},\"thumbnailUrl\":\"https:\\\/\\\/abadecom.com\\\/wp-content\\\/uploads\\\/2024\\\/06\\\/construccion-modular-LinkedIn-Post.jpg\",\"articleSection\":[\"Sin categorizar\"],\"inLanguage\":\"it-IT\",\"potentialAction\":[{\"@type\":\"CommentAction\",\"name\":\"Comment\",\"target\":[\"https:\\\/\\\/abadecom.com\\\/nuestro-proyecto-ecomodular-la-revolucion-en-viviendas-sostenibles-y-modulares\\\/#respond\"]}]},{\"@type\":\"WebPage\",\"@id\":\"https:\\\/\\\/abadecom.com\\\/nuestro-proyecto-ecomodular-la-revolucion-en-viviendas-sostenibles-y-modulares\\\/\",\"url\":\"https:\\\/\\\/abadecom.com\\\/nuestro-proyecto-ecomodular-la-revolucion-en-viviendas-sostenibles-y-modulares\\\/\",\"name\":\"Nuestro proyecto EcoModular: La Revoluci\u00f3n en Viviendas Sostenibles y Modulares - Abadecom\",\"isPartOf\":{\"@id\":\"https:\\\/\\\/abadecom.com\\\/#website\"},\"primaryImageOfPage\":{\"@id\":\"https:\\\/\\\/abadecom.com\\\/nuestro-proyecto-ecomodular-la-revolucion-en-viviendas-sostenibles-y-modulares\\\/#primaryimage\"},\"image\":{\"@id\":\"https:\\\/\\\/abadecom.com\\\/nuestro-proyecto-ecomodular-la-revolucion-en-viviendas-sostenibles-y-modulares\\\/#primaryimage\"},\"thumbnailUrl\":\"https:\\\/\\\/abadecom.com\\\/wp-content\\\/uploads\\\/2024\\\/06\\\/construccion-modular-LinkedIn-Post.jpg\",\"datePublished\":\"2024-06-17T12:30:49+00:00\",\"description\":\"En Abadecom, nos complace anunciar el lanzamiento de nuestro innovador proyecto de I+D+i, EcoModular una vivienda modular.\",\"inLanguage\":\"it-IT\",\"potentialAction\":[{\"@type\":\"ReadAction\",\"target\":[\"https:\\\/\\\/abadecom.com\\\/nuestro-proyecto-ecomodular-la-revolucion-en-viviendas-sostenibles-y-modulares\\\/\"]}]},{\"@type\":\"ImageObject\",\"inLanguage\":\"it-IT\",\"@id\":\"https:\\\/\\\/abadecom.com\\\/nuestro-proyecto-ecomodular-la-revolucion-en-viviendas-sostenibles-y-modulares\\\/#primaryimage\",\"url\":\"https:\\\/\\\/abadecom.com\\\/wp-content\\\/uploads\\\/2024\\\/06\\\/construccion-modular-LinkedIn-Post.jpg\",\"contentUrl\":\"https:\\\/\\\/abadecom.com\\\/wp-content\\\/uploads\\\/2024\\\/06\\\/construccion-modular-LinkedIn-Post.jpg\",\"width\":1200,\"height\":1200},{\"@type\":\"WebSite\",\"@id\":\"https:\\\/\\\/abadecom.com\\\/#website\",\"url\":\"https:\\\/\\\/abadecom.com\\\/\",\"name\":\"Abadecom\",\"description\":\"Productos sostenibles y respetuosos con el medio ambiente\",\"publisher\":{\"@id\":\"https:\\\/\\\/abadecom.com\\\/#organization\"},\"alternateName\":\"Abadecom\",\"potentialAction\":[{\"@type\":\"SearchAction\",\"target\":{\"@type\":\"EntryPoint\",\"urlTemplate\":\"https:\\\/\\\/abadecom.com\\\/?s={search_term_string}\"},\"query-input\":{\"@type\":\"PropertyValueSpecification\",\"valueRequired\":true,\"valueName\":\"search_term_string\"}}],\"inLanguage\":\"it-IT\"},{\"@type\":\"Organization\",\"@id\":\"https:\\\/\\\/abadecom.com\\\/#organization\",\"name\":\"Abadecom\",\"url\":\"https:\\\/\\\/abadecom.com\\\/\",\"logo\":{\"@type\":\"ImageObject\",\"inLanguage\":\"it-IT\",\"@id\":\"https:\\\/\\\/abadecom.com\\\/#\\\/schema\\\/logo\\\/image\\\/\",\"url\":\"https:\\\/\\\/abadecom.com\\\/wp-content\\\/uploads\\\/2022\\\/03\\\/Logo-Abadecom-e1647715158799.png\",\"contentUrl\":\"https:\\\/\\\/abadecom.com\\\/wp-content\\\/uploads\\\/2022\\\/03\\\/Logo-Abadecom-e1647715158799.png\",\"width\":200,\"height\":117,\"caption\":\"Abadecom\"},\"image\":{\"@id\":\"https:\\\/\\\/abadecom.com\\\/#\\\/schema\\\/logo\\\/image\\\/\"}},{\"@type\":\"Person\",\"@id\":\"https:\\\/\\\/abadecom.com\\\/#\\\/schema\\\/person\\\/477a7cc0ed6c040d67343c7a3fda930b\",\"name\":\"AdminAabadeco\",\"image\":{\"@type\":\"ImageObject\",\"inLanguage\":\"it-IT\",\"@id\":\"https:\\\/\\\/secure.gravatar.com\\\/avatar\\\/2630c0cee03e7f483e5ca41ec6649375f24ca272e920f8386983684762e36487?s=96&d=mm&r=g\",\"url\":\"https:\\\/\\\/secure.gravatar.com\\\/avatar\\\/2630c0cee03e7f483e5ca41ec6649375f24ca272e920f8386983684762e36487?s=96&d=mm&r=g\",\"contentUrl\":\"https:\\\/\\\/secure.gravatar.com\\\/avatar\\\/2630c0cee03e7f483e5ca41ec6649375f24ca272e920f8386983684762e36487?s=96&d=mm&r=g\",\"caption\":\"AdminAabadeco\"},\"sameAs\":[\"https:\\\/\\\/abadecom.com\"],\"url\":\"https:\\\/\\\/abadecom.com\\\/it\\\/author\\\/adminaabadeco\\\/\"}]}<\/script>\n<!-- \/ Yoast SEO plugin. -->","yoast_head_json":{"title":"Il nostro progetto EcoModular: La Rivoluzione nelle Abitazioni Sostenibili e Modulari - Abadecom","description":"In Abadecom, siamo lieti di annunciare il lancio del nostro innovativo progetto di RSI (Ricerca, Sviluppo e Innovazione), EcoModular, una casa modulare.","robots":{"index":"index","follow":"follow","max-snippet":"max-snippet:-1","max-image-preview":"max-image-preview:large","max-video-preview":"max-video-preview:-1"},"canonical":"https:\/\/abadecom.com\/it\/il-nostro-progetto-ecomodular-la-rivoluzione-nelle-abitazioni-sostenibili-e-modulari\/","og_locale":"it_IT","og_type":"article","og_title":"Nuestro proyecto EcoModular: La Revoluci\u00f3n en Viviendas Sostenibles y Modulares - Abadecom","og_description":"En Abadecom, nos complace anunciar el lanzamiento de nuestro innovador proyecto de I+D+i, EcoModular una vivienda modular.","og_url":"https:\/\/abadecom.com\/it\/il-nostro-progetto-ecomodular-la-rivoluzione-nelle-abitazioni-sostenibili-e-modulari\/","og_site_name":"Abadecom","article_published_time":"2024-06-17T12:30:49+00:00","og_image":[{"width":1200,"height":1200,"url":"https:\/\/abadecom.com\/wp-content\/uploads\/2024\/06\/construccion-modular-LinkedIn-Post.jpg","type":"image\/jpeg"}],"author":"AdminAabadeco","twitter_card":"summary_large_image","twitter_misc":{"Scritto da":"AdminAabadeco","Tempo di lettura stimato":"2 minuti"},"schema":{"@context":"https:\/\/schema.org","@graph":[{"@type":"Article","@id":"https:\/\/abadecom.com\/nuestro-proyecto-ecomodular-la-revolucion-en-viviendas-sostenibles-y-modulares\/#article","isPartOf":{"@id":"https:\/\/abadecom.com\/nuestro-proyecto-ecomodular-la-revolucion-en-viviendas-sostenibles-y-modulares\/"},"author":{"name":"AdminAabadeco","@id":"https:\/\/abadecom.com\/#\/schema\/person\/477a7cc0ed6c040d67343c7a3fda930b"},"headline":"Nuestro proyecto EcoModular: La Revoluci\u00f3n en Viviendas Sostenibles y Modulares","datePublished":"2024-06-17T12:30:49+00:00","mainEntityOfPage":{"@id":"https:\/\/abadecom.com\/nuestro-proyecto-ecomodular-la-revolucion-en-viviendas-sostenibles-y-modulares\/"},"wordCount":279,"commentCount":0,"publisher":{"@id":"https:\/\/abadecom.com\/#organization"},"image":{"@id":"https:\/\/abadecom.com\/nuestro-proyecto-ecomodular-la-revolucion-en-viviendas-sostenibles-y-modulares\/#primaryimage"},"thumbnailUrl":"https:\/\/abadecom.com\/wp-content\/uploads\/2024\/06\/construccion-modular-LinkedIn-Post.jpg","articleSection":["Sin categorizar"],"inLanguage":"it-IT","potentialAction":[{"@type":"CommentAction","name":"Comment","target":["https:\/\/abadecom.com\/nuestro-proyecto-ecomodular-la-revolucion-en-viviendas-sostenibles-y-modulares\/#respond"]}]},{"@type":"WebPage","@id":"https:\/\/abadecom.com\/nuestro-proyecto-ecomodular-la-revolucion-en-viviendas-sostenibles-y-modulares\/","url":"https:\/\/abadecom.com\/nuestro-proyecto-ecomodular-la-revolucion-en-viviendas-sostenibles-y-modulares\/","name":"Il nostro progetto EcoModular: La Rivoluzione nelle Abitazioni Sostenibili e Modulari - Abadecom","isPartOf":{"@id":"https:\/\/abadecom.com\/#website"},"primaryImageOfPage":{"@id":"https:\/\/abadecom.com\/nuestro-proyecto-ecomodular-la-revolucion-en-viviendas-sostenibles-y-modulares\/#primaryimage"},"image":{"@id":"https:\/\/abadecom.com\/nuestro-proyecto-ecomodular-la-revolucion-en-viviendas-sostenibles-y-modulares\/#primaryimage"},"thumbnailUrl":"https:\/\/abadecom.com\/wp-content\/uploads\/2024\/06\/construccion-modular-LinkedIn-Post.jpg","datePublished":"2024-06-17T12:30:49+00:00","description":"In Abadecom, siamo lieti di annunciare il lancio del nostro innovativo progetto di RSI (Ricerca, Sviluppo e Innovazione), EcoModular, una casa modulare.","inLanguage":"it-IT","potentialAction":[{"@type":"ReadAction","target":["https:\/\/abadecom.com\/nuestro-proyecto-ecomodular-la-revolucion-en-viviendas-sostenibles-y-modulares\/"]}]},{"@type":"ImageObject","inLanguage":"it-IT","@id":"https:\/\/abadecom.com\/nuestro-proyecto-ecomodular-la-revolucion-en-viviendas-sostenibles-y-modulares\/#primaryimage","url":"https:\/\/abadecom.com\/wp-content\/uploads\/2024\/06\/construccion-modular-LinkedIn-Post.jpg","contentUrl":"https:\/\/abadecom.com\/wp-content\/uploads\/2024\/06\/construccion-modular-LinkedIn-Post.jpg","width":1200,"height":1200},{"@type":"WebSite","@id":"https:\/\/abadecom.com\/#website","url":"https:\/\/abadecom.com\/","name":"Abadecom","description":"Prodotti sostenibili e rispettosi dell'ambiente","publisher":{"@id":"https:\/\/abadecom.com\/#organization"},"alternateName":"Abadecom","potentialAction":[{"@type":"SearchAction","target":{"@type":"EntryPoint","urlTemplate":"https:\/\/abadecom.com\/?s={search_term_string}"},"query-input":{"@type":"PropertyValueSpecification","valueRequired":true,"valueName":"search_term_string"}}],"inLanguage":"it-IT"},{"@type":"Organization","@id":"https:\/\/abadecom.com\/#organization","name":"Abadecom","url":"https:\/\/abadecom.com\/","logo":{"@type":"ImageObject","inLanguage":"it-IT","@id":"https:\/\/abadecom.com\/#\/schema\/logo\/image\/","url":"https:\/\/abadecom.com\/wp-content\/uploads\/2022\/03\/Logo-Abadecom-e1647715158799.png","contentUrl":"https:\/\/abadecom.com\/wp-content\/uploads\/2022\/03\/Logo-Abadecom-e1647715158799.png","width":200,"height":117,"caption":"Abadecom"},"image":{"@id":"https:\/\/abadecom.com\/#\/schema\/logo\/image\/"}},{"@type":"Person","@id":"https:\/\/abadecom.com\/#\/schema\/person\/477a7cc0ed6c040d67343c7a3fda930b","name":"AdminAabadeco","image":{"@type":"ImageObject","inLanguage":"it-IT","@id":"https:\/\/secure.gravatar.com\/avatar\/2630c0cee03e7f483e5ca41ec6649375f24ca272e920f8386983684762e36487?s=96&d=mm&r=g","url":"https:\/\/secure.gravatar.com\/avatar\/2630c0cee03e7f483e5ca41ec6649375f24ca272e920f8386983684762e36487?s=96&d=mm&r=g","contentUrl":"https:\/\/secure.gravatar.com\/avatar\/2630c0cee03e7f483e5ca41ec6649375f24ca272e920f8386983684762e36487?s=96&d=mm&r=g","caption":"AdminAabadeco"},"sameAs":["https:\/\/abadecom.com"],"url":"https:\/\/abadecom.com\/it\/author\/adminaabadeco\/"}]}},"_links":{"self":[{"href":"https:\/\/abadecom.com\/it\/wp-json\/wp\/v2\/posts\/9701","targetHints":{"allow":["GET"]}}],"collection":[{"href":"https:\/\/abadecom.com\/it\/wp-json\/wp\/v2\/posts"}],"about":[{"href":"https:\/\/abadecom.com\/it\/wp-json\/wp\/v2\/types\/post"}],"author":[{"embeddable":true,"href":"https:\/\/abadecom.com\/it\/wp-json\/wp\/v2\/users\/1"}],"replies":[{"embeddable":true,"href":"https:\/\/abadecom.com\/it\/wp-json\/wp\/v2\/comments?post=9701"}],"version-history":[{"count":1,"href":"https:\/\/abadecom.com\/it\/wp-json\/wp\/v2\/posts\/9701\/revisions"}],"predecessor-version":[{"id":9703,"href":"https:\/\/abadecom.com\/it\/wp-json\/wp\/v2\/posts\/9701\/revisions\/9703"}],"wp:featuredmedia":[{"embeddable":true,"href":"https:\/\/abadecom.com\/it\/wp-json\/wp\/v2\/media\/9702"}],"wp:attachment":[{"href":"https:\/\/abadecom.com\/it\/wp-json\/wp\/v2\/media?parent=9701"}],"wp:term":[{"taxonomy":"category","embeddable":true,"href":"https:\/\/abadecom.com\/it\/wp-json\/wp\/v2\/categories?post=9701"},{"taxonomy":"post_tag","embeddable":true,"href":"https:\/\/abadecom.com\/it\/wp-json\/wp\/v2\/tags?post=9701"}],"curies":[{"name":"wp","href":"https:\/\/api.w.org\/{rel}","templated":true}]}}