{"id":9665,"date":"2024-04-17T09:37:11","date_gmt":"2024-04-17T09:37:11","guid":{"rendered":"https:\/\/abadecom.com\/?p=9665"},"modified":"2024-04-17T09:37:13","modified_gmt":"2024-04-17T09:37:13","slug":"conoce-la-maquina-para-pasteleria-de-abadecom-maquinarias","status":"publish","type":"post","link":"https:\/\/abadecom.com\/it\/conoce-la-maquina-para-pasteleria-de-abadecom-maquinarias\/","title":{"rendered":"Conoce la m\u00e1quina para pasteler\u00eda de Abadecom maquinarias"},"content":{"rendered":"\n<p class=\"wp-block-paragraph\">En Abadecom Maquinarias, estamos encantados de presentar nuestra \u00faltima innovaci\u00f3n: la m\u00e1quina de corte para pasteler\u00eda. Dise\u00f1ada meticulosamente para llevar tus creaciones dulces al siguiente nivel, esta m\u00e1quina es la herramienta definitiva para aquellos que buscan perfecci\u00f3n en cada corte.<\/p>\n\n\n\n<p class=\"wp-block-paragraph\">Imagina la posibilidad de crear dulces con formas perfectamente definidas y cortes impecables. Con nuestra m\u00e1quina de corte para pasteler\u00eda, esta visi\u00f3n se convierte en realidad. Desde rect\u00e1ngulos hasta tri\u00e1ngulos, cada forma se realiza con una precisi\u00f3n milim\u00e9trica, mejorando tanto la est\u00e9tica como la eficiencia de tu producci\u00f3n.<\/p>\n\n\n<style>.wp-block-kadence-advancedheading.kt-adv-heading9665_8f6ce5-56, .wp-block-kadence-advancedheading.kt-adv-heading9665_8f6ce5-56[data-kb-block=\"kb-adv-heading9665_8f6ce5-56\"]{font-style:normal;}.wp-block-kadence-advancedheading.kt-adv-heading9665_8f6ce5-56 mark.kt-highlight, .wp-block-kadence-advancedheading.kt-adv-heading9665_8f6ce5-56[data-kb-block=\"kb-adv-heading9665_8f6ce5-56\"] mark.kt-highlight{font-style:normal;color:#f76a0c;-webkit-box-decoration-break:clone;box-decoration-break:clone;padding-top:0px;padding-right:0px;padding-bottom:0px;padding-left:0px;}.wp-block-kadence-advancedheading.kt-adv-heading9665_8f6ce5-56 img.kb-inline-image, .wp-block-kadence-advancedheading.kt-adv-heading9665_8f6ce5-56[data-kb-block=\"kb-adv-heading9665_8f6ce5-56\"] img.kb-inline-image{width:150px;vertical-align:baseline;}<\/style>\n<h2 class=\"kt-adv-heading9665_8f6ce5-56 wp-block-kadence-advancedheading\" data-kb-block=\"kb-adv-heading9665_8f6ce5-56\">M\u00e1quina para pasteler\u00eda de calidad inigualable<\/h2>\n\n\n\n<p class=\"wp-block-paragraph\">\u00bfQu\u00e9 hace que nuestra m\u00e1quina para pasteler\u00eda sea \u00fanica? En el coraz\u00f3n de su funcionamiento se encuentra una hoja de corte equipada con un sistema de calentamiento el\u00e9ctrico. Esta caracter\u00edstica garantiza una superficie suave y plana en cada corte, elevando la calidad de tus dulces a niveles insospechados. Adem\u00e1s, su sofisticada interfaz de usuario, con una pantalla LCD, hace que operarla sea tan intuitivo como eficaz. Con una funci\u00f3n de memoria incluida, optimiza tu tiempo de producci\u00f3n, asegurando una mayor eficiencia en cada paso del proceso.<\/p>\n\n\n<style>.wp-block-kadence-advancedheading.kt-adv-heading9665_10b0c8-53, .wp-block-kadence-advancedheading.kt-adv-heading9665_10b0c8-53[data-kb-block=\"kb-adv-heading9665_10b0c8-53\"]{font-style:normal;}.wp-block-kadence-advancedheading.kt-adv-heading9665_10b0c8-53 mark.kt-highlight, .wp-block-kadence-advancedheading.kt-adv-heading9665_10b0c8-53[data-kb-block=\"kb-adv-heading9665_10b0c8-53\"] mark.kt-highlight{font-style:normal;color:#f76a0c;-webkit-box-decoration-break:clone;box-decoration-break:clone;padding-top:0px;padding-right:0px;padding-bottom:0px;padding-left:0px;}.wp-block-kadence-advancedheading.kt-adv-heading9665_10b0c8-53 img.kb-inline-image, .wp-block-kadence-advancedheading.kt-adv-heading9665_10b0c8-53[data-kb-block=\"kb-adv-heading9665_10b0c8-53\"] img.kb-inline-image{width:150px;vertical-align:baseline;}<\/style>\n<h2 class=\"kt-adv-heading9665_10b0c8-53 wp-block-kadence-advancedheading\" data-kb-block=\"kb-adv-heading9665_10b0c8-53\">Impacto en el sector alimentario<\/h2>\n\n\n\n<p class=\"wp-block-paragraph\">Desde restaurantes hasta panader\u00edas y obradores, nuestra m\u00e1quina de corte para dulces se ha convertido en un pilar en el sector de servicios alimentarios. Ha demostrado ser una herramienta indispensable para aquellos que buscan destacarse en un mercado competitivo. Con ella, puedes elevar la calidad de tus productos y optimizar tus procesos de producci\u00f3n, lo que se traduce en una mayor satisfacci\u00f3n del cliente y un impulso significativo para tu negocio.<\/p>\n\n\n\n<p class=\"wp-block-paragraph\">\u00bfEst\u00e1s listo para llevar tus creaciones dulces al siguiente nivel? \u00a1No esperes m\u00e1s! Ponte en <a href=\"https:\/\/abadecom.com\/contacto\/\">contacto<\/a> con nosotros hoy mismo para descubrir c\u00f3mo la m\u00e1quina de corte para pasteler\u00eda de Abadecom Maquinarias puede transformar tu negocio y abrir nuevas posibilidades creativas. Es hora de marcar la diferencia y destacarte en el mundo de la pasteler\u00eda. \u00a1Te esperamos!<\/p>\n\n\n\n<p class=\"wp-block-paragraph\">S\u00edguenos en nuestra redes: <a href=\"https:\/\/www.linkedin.com\/company\/13019454\/admin\/feed\/posts\/\">LINKEDIN<\/a>, <a href=\"https:\/\/www.facebook.com\/AbadecomS.L\/\">FACEBOOK<\/a>,<\/p>\n","protected":false},"excerpt":{"rendered":"<p>En Abadecom Maquinarias, estamos encantados de presentar nuestra \u00faltima innovaci\u00f3n: la m\u00e1quina de corte para pasteler\u00eda. Dise\u00f1ada meticulosamente para llevar tus creaciones dulces al siguiente nivel, esta m\u00e1quina es la herramienta definitiva para aquellos que buscan perfecci\u00f3n en cada corte. Imagina la posibilidad de crear dulces con formas perfectamente definidas y cortes impecables. Con nuestra [&#8230;]<\/p>\n<p><a class=\"btn btn-secondary understrap-read-more-link\" href=\"https:\/\/abadecom.com\/it\/conoce-la-maquina-para-pasteleria-de-abadecom-maquinarias\/\">Leggi di pi\u00f9&#8230;<span class=\"screen-reader-text\"> from Conoce la m\u00e1quina para pasteler\u00eda de Abadecom maquinarias<\/span><\/a><\/p>\n","protected":false},"author":1,"featured_media":9666,"comment_status":"open","ping_status":"open","sticky":false,"template":"","format":"standard","meta":{"content-type":"","_monsterinsights_skip_tracking":false,"pgc_sgb_lightbox_settings":"","footnotes":""},"categories":[1],"tags":[],"class_list":["post-9665","post","type-post","status-publish","format-standard","has-post-thumbnail","hentry","category-sin-categorizar"],"yoast_head":"<!-- This site is optimized with the Yoast SEO plugin v28.4 - https:\/\/yoast.com\/product\/yoast-seo-wordpress\/ -->\n<title>Conoce la m\u00e1quina para pasteler\u00eda de Abadecom maquinarias - Abadecom<\/title>\n<meta name=\"description\" content=\"Nuestra m\u00e1quina para pasteler\u00eda lleva tus creaciones dulces al siguiente nivel, esta m\u00e1quina es la herramienta definitiva para aquellos\" \/>\n<meta name=\"robots\" content=\"index, follow, max-snippet:-1, max-image-preview:large, max-video-preview:-1\" \/>\n<link rel=\"canonical\" href=\"https:\/\/abadecom.com\/it\/conoce-la-maquina-para-pasteleria-de-abadecom-maquinarias\/\" \/>\n<meta property=\"og:locale\" content=\"it_IT\" \/>\n<meta property=\"og:type\" content=\"article\" \/>\n<meta property=\"og:title\" content=\"Conoce la m\u00e1quina para pasteler\u00eda de Abadecom maquinarias - Abadecom\" \/>\n<meta property=\"og:description\" content=\"Nuestra m\u00e1quina para pasteler\u00eda lleva tus creaciones dulces al siguiente nivel, esta m\u00e1quina es la herramienta definitiva para aquellos\" \/>\n<meta property=\"og:url\" content=\"https:\/\/abadecom.com\/it\/conoce-la-maquina-para-pasteleria-de-abadecom-maquinarias\/\" \/>\n<meta property=\"og:site_name\" content=\"Abadecom\" \/>\n<meta property=\"article:published_time\" content=\"2024-04-17T09:37:11+00:00\" \/>\n<meta property=\"article:modified_time\" content=\"2024-04-17T09:37:13+00:00\" \/>\n<meta property=\"og:image\" content=\"https:\/\/abadecom.com\/wp-content\/uploads\/2024\/04\/POST-MAQUINA-DE-CORTE.jpg\" \/>\n\t<meta property=\"og:image:width\" content=\"1080\" \/>\n\t<meta property=\"og:image:height\" content=\"1080\" \/>\n\t<meta property=\"og:image:type\" content=\"image\/jpeg\" \/>\n<meta name=\"author\" content=\"AdminAabadeco\" \/>\n<meta name=\"twitter:card\" content=\"summary_large_image\" \/>\n<meta name=\"twitter:label1\" content=\"Scritto da\" \/>\n\t<meta name=\"twitter:data1\" content=\"AdminAabadeco\" \/>\n\t<meta name=\"twitter:label2\" content=\"Tempo di lettura stimato\" \/>\n\t<meta name=\"twitter:data2\" content=\"2 minuti\" \/>\n<script type=\"application\/ld+json\" class=\"yoast-schema-graph\">{\"@context\":\"https:\\\/\\\/schema.org\",\"@graph\":[{\"@type\":\"Article\",\"@id\":\"https:\\\/\\\/abadecom.com\\\/conoce-la-maquina-para-pasteleria-de-abadecom-maquinarias\\\/#article\",\"isPartOf\":{\"@id\":\"https:\\\/\\\/abadecom.com\\\/conoce-la-maquina-para-pasteleria-de-abadecom-maquinarias\\\/\"},\"author\":{\"name\":\"AdminAabadeco\",\"@id\":\"https:\\\/\\\/abadecom.com\\\/#\\\/schema\\\/person\\\/477a7cc0ed6c040d67343c7a3fda930b\"},\"headline\":\"Conoce la m\u00e1quina para pasteler\u00eda de Abadecom maquinarias\",\"datePublished\":\"2024-04-17T09:37:11+00:00\",\"dateModified\":\"2024-04-17T09:37:13+00:00\",\"mainEntityOfPage\":{\"@id\":\"https:\\\/\\\/abadecom.com\\\/conoce-la-maquina-para-pasteleria-de-abadecom-maquinarias\\\/\"},\"wordCount\":365,\"commentCount\":0,\"publisher\":{\"@id\":\"https:\\\/\\\/abadecom.com\\\/#organization\"},\"image\":{\"@id\":\"https:\\\/\\\/abadecom.com\\\/conoce-la-maquina-para-pasteleria-de-abadecom-maquinarias\\\/#primaryimage\"},\"thumbnailUrl\":\"https:\\\/\\\/abadecom.com\\\/wp-content\\\/uploads\\\/2024\\\/04\\\/POST-MAQUINA-DE-CORTE.jpg\",\"articleSection\":[\"Sin categorizar\"],\"inLanguage\":\"it-IT\",\"potentialAction\":[{\"@type\":\"CommentAction\",\"name\":\"Comment\",\"target\":[\"https:\\\/\\\/abadecom.com\\\/conoce-la-maquina-para-pasteleria-de-abadecom-maquinarias\\\/#respond\"]}]},{\"@type\":\"WebPage\",\"@id\":\"https:\\\/\\\/abadecom.com\\\/conoce-la-maquina-para-pasteleria-de-abadecom-maquinarias\\\/\",\"url\":\"https:\\\/\\\/abadecom.com\\\/conoce-la-maquina-para-pasteleria-de-abadecom-maquinarias\\\/\",\"name\":\"Conoce la m\u00e1quina para pasteler\u00eda de Abadecom maquinarias - Abadecom\",\"isPartOf\":{\"@id\":\"https:\\\/\\\/abadecom.com\\\/#website\"},\"primaryImageOfPage\":{\"@id\":\"https:\\\/\\\/abadecom.com\\\/conoce-la-maquina-para-pasteleria-de-abadecom-maquinarias\\\/#primaryimage\"},\"image\":{\"@id\":\"https:\\\/\\\/abadecom.com\\\/conoce-la-maquina-para-pasteleria-de-abadecom-maquinarias\\\/#primaryimage\"},\"thumbnailUrl\":\"https:\\\/\\\/abadecom.com\\\/wp-content\\\/uploads\\\/2024\\\/04\\\/POST-MAQUINA-DE-CORTE.jpg\",\"datePublished\":\"2024-04-17T09:37:11+00:00\",\"dateModified\":\"2024-04-17T09:37:13+00:00\",\"description\":\"Nuestra m\u00e1quina para pasteler\u00eda lleva tus creaciones dulces al siguiente nivel, esta m\u00e1quina es la herramienta definitiva para aquellos\",\"inLanguage\":\"it-IT\",\"potentialAction\":[{\"@type\":\"ReadAction\",\"target\":[\"https:\\\/\\\/abadecom.com\\\/conoce-la-maquina-para-pasteleria-de-abadecom-maquinarias\\\/\"]}]},{\"@type\":\"ImageObject\",\"inLanguage\":\"it-IT\",\"@id\":\"https:\\\/\\\/abadecom.com\\\/conoce-la-maquina-para-pasteleria-de-abadecom-maquinarias\\\/#primaryimage\",\"url\":\"https:\\\/\\\/abadecom.com\\\/wp-content\\\/uploads\\\/2024\\\/04\\\/POST-MAQUINA-DE-CORTE.jpg\",\"contentUrl\":\"https:\\\/\\\/abadecom.com\\\/wp-content\\\/uploads\\\/2024\\\/04\\\/POST-MAQUINA-DE-CORTE.jpg\",\"width\":1080,\"height\":1080},{\"@type\":\"WebSite\",\"@id\":\"https:\\\/\\\/abadecom.com\\\/#website\",\"url\":\"https:\\\/\\\/abadecom.com\\\/\",\"name\":\"Abadecom\",\"description\":\"Productos sostenibles y respetuosos con el medio ambiente\",\"publisher\":{\"@id\":\"https:\\\/\\\/abadecom.com\\\/#organization\"},\"alternateName\":\"Abadecom\",\"potentialAction\":[{\"@type\":\"SearchAction\",\"target\":{\"@type\":\"EntryPoint\",\"urlTemplate\":\"https:\\\/\\\/abadecom.com\\\/?s={search_term_string}\"},\"query-input\":{\"@type\":\"PropertyValueSpecification\",\"valueRequired\":true,\"valueName\":\"search_term_string\"}}],\"inLanguage\":\"it-IT\"},{\"@type\":\"Organization\",\"@id\":\"https:\\\/\\\/abadecom.com\\\/#organization\",\"name\":\"Abadecom\",\"url\":\"https:\\\/\\\/abadecom.com\\\/\",\"logo\":{\"@type\":\"ImageObject\",\"inLanguage\":\"it-IT\",\"@id\":\"https:\\\/\\\/abadecom.com\\\/#\\\/schema\\\/logo\\\/image\\\/\",\"url\":\"https:\\\/\\\/abadecom.com\\\/wp-content\\\/uploads\\\/2022\\\/03\\\/Logo-Abadecom-e1647715158799.png\",\"contentUrl\":\"https:\\\/\\\/abadecom.com\\\/wp-content\\\/uploads\\\/2022\\\/03\\\/Logo-Abadecom-e1647715158799.png\",\"width\":200,\"height\":117,\"caption\":\"Abadecom\"},\"image\":{\"@id\":\"https:\\\/\\\/abadecom.com\\\/#\\\/schema\\\/logo\\\/image\\\/\"}},{\"@type\":\"Person\",\"@id\":\"https:\\\/\\\/abadecom.com\\\/#\\\/schema\\\/person\\\/477a7cc0ed6c040d67343c7a3fda930b\",\"name\":\"AdminAabadeco\",\"image\":{\"@type\":\"ImageObject\",\"inLanguage\":\"it-IT\",\"@id\":\"https:\\\/\\\/secure.gravatar.com\\\/avatar\\\/2630c0cee03e7f483e5ca41ec6649375f24ca272e920f8386983684762e36487?s=96&d=mm&r=g\",\"url\":\"https:\\\/\\\/secure.gravatar.com\\\/avatar\\\/2630c0cee03e7f483e5ca41ec6649375f24ca272e920f8386983684762e36487?s=96&d=mm&r=g\",\"contentUrl\":\"https:\\\/\\\/secure.gravatar.com\\\/avatar\\\/2630c0cee03e7f483e5ca41ec6649375f24ca272e920f8386983684762e36487?s=96&d=mm&r=g\",\"caption\":\"AdminAabadeco\"},\"sameAs\":[\"https:\\\/\\\/abadecom.com\"],\"url\":\"https:\\\/\\\/abadecom.com\\\/it\\\/author\\\/adminaabadeco\\\/\"}]}<\/script>\n<!-- \/ Yoast SEO plugin. -->","yoast_head_json":{"title":"Conoce la m\u00e1quina para pasteler\u00eda de Abadecom maquinarias - Abadecom","description":"Nuestra m\u00e1quina para pasteler\u00eda lleva tus creaciones dulces al siguiente nivel, esta m\u00e1quina es la herramienta definitiva para aquellos","robots":{"index":"index","follow":"follow","max-snippet":"max-snippet:-1","max-image-preview":"max-image-preview:large","max-video-preview":"max-video-preview:-1"},"canonical":"https:\/\/abadecom.com\/it\/conoce-la-maquina-para-pasteleria-de-abadecom-maquinarias\/","og_locale":"it_IT","og_type":"article","og_title":"Conoce la m\u00e1quina para pasteler\u00eda de Abadecom maquinarias - Abadecom","og_description":"Nuestra m\u00e1quina para pasteler\u00eda lleva tus creaciones dulces al siguiente nivel, esta m\u00e1quina es la herramienta definitiva para aquellos","og_url":"https:\/\/abadecom.com\/it\/conoce-la-maquina-para-pasteleria-de-abadecom-maquinarias\/","og_site_name":"Abadecom","article_published_time":"2024-04-17T09:37:11+00:00","article_modified_time":"2024-04-17T09:37:13+00:00","og_image":[{"width":1080,"height":1080,"url":"https:\/\/abadecom.com\/wp-content\/uploads\/2024\/04\/POST-MAQUINA-DE-CORTE.jpg","type":"image\/jpeg"}],"author":"AdminAabadeco","twitter_card":"summary_large_image","twitter_misc":{"Scritto da":"AdminAabadeco","Tempo di lettura stimato":"2 minuti"},"schema":{"@context":"https:\/\/schema.org","@graph":[{"@type":"Article","@id":"https:\/\/abadecom.com\/conoce-la-maquina-para-pasteleria-de-abadecom-maquinarias\/#article","isPartOf":{"@id":"https:\/\/abadecom.com\/conoce-la-maquina-para-pasteleria-de-abadecom-maquinarias\/"},"author":{"name":"AdminAabadeco","@id":"https:\/\/abadecom.com\/#\/schema\/person\/477a7cc0ed6c040d67343c7a3fda930b"},"headline":"Conoce la m\u00e1quina para pasteler\u00eda de Abadecom maquinarias","datePublished":"2024-04-17T09:37:11+00:00","dateModified":"2024-04-17T09:37:13+00:00","mainEntityOfPage":{"@id":"https:\/\/abadecom.com\/conoce-la-maquina-para-pasteleria-de-abadecom-maquinarias\/"},"wordCount":365,"commentCount":0,"publisher":{"@id":"https:\/\/abadecom.com\/#organization"},"image":{"@id":"https:\/\/abadecom.com\/conoce-la-maquina-para-pasteleria-de-abadecom-maquinarias\/#primaryimage"},"thumbnailUrl":"https:\/\/abadecom.com\/wp-content\/uploads\/2024\/04\/POST-MAQUINA-DE-CORTE.jpg","articleSection":["Sin categorizar"],"inLanguage":"it-IT","potentialAction":[{"@type":"CommentAction","name":"Comment","target":["https:\/\/abadecom.com\/conoce-la-maquina-para-pasteleria-de-abadecom-maquinarias\/#respond"]}]},{"@type":"WebPage","@id":"https:\/\/abadecom.com\/conoce-la-maquina-para-pasteleria-de-abadecom-maquinarias\/","url":"https:\/\/abadecom.com\/conoce-la-maquina-para-pasteleria-de-abadecom-maquinarias\/","name":"Conoce la m\u00e1quina para pasteler\u00eda de Abadecom maquinarias - Abadecom","isPartOf":{"@id":"https:\/\/abadecom.com\/#website"},"primaryImageOfPage":{"@id":"https:\/\/abadecom.com\/conoce-la-maquina-para-pasteleria-de-abadecom-maquinarias\/#primaryimage"},"image":{"@id":"https:\/\/abadecom.com\/conoce-la-maquina-para-pasteleria-de-abadecom-maquinarias\/#primaryimage"},"thumbnailUrl":"https:\/\/abadecom.com\/wp-content\/uploads\/2024\/04\/POST-MAQUINA-DE-CORTE.jpg","datePublished":"2024-04-17T09:37:11+00:00","dateModified":"2024-04-17T09:37:13+00:00","description":"Nuestra m\u00e1quina para pasteler\u00eda lleva tus creaciones dulces al siguiente nivel, esta m\u00e1quina es la herramienta definitiva para aquellos","inLanguage":"it-IT","potentialAction":[{"@type":"ReadAction","target":["https:\/\/abadecom.com\/conoce-la-maquina-para-pasteleria-de-abadecom-maquinarias\/"]}]},{"@type":"ImageObject","inLanguage":"it-IT","@id":"https:\/\/abadecom.com\/conoce-la-maquina-para-pasteleria-de-abadecom-maquinarias\/#primaryimage","url":"https:\/\/abadecom.com\/wp-content\/uploads\/2024\/04\/POST-MAQUINA-DE-CORTE.jpg","contentUrl":"https:\/\/abadecom.com\/wp-content\/uploads\/2024\/04\/POST-MAQUINA-DE-CORTE.jpg","width":1080,"height":1080},{"@type":"WebSite","@id":"https:\/\/abadecom.com\/#website","url":"https:\/\/abadecom.com\/","name":"Abadecom","description":"Prodotti sostenibili e rispettosi dell'ambiente","publisher":{"@id":"https:\/\/abadecom.com\/#organization"},"alternateName":"Abadecom","potentialAction":[{"@type":"SearchAction","target":{"@type":"EntryPoint","urlTemplate":"https:\/\/abadecom.com\/?s={search_term_string}"},"query-input":{"@type":"PropertyValueSpecification","valueRequired":true,"valueName":"search_term_string"}}],"inLanguage":"it-IT"},{"@type":"Organization","@id":"https:\/\/abadecom.com\/#organization","name":"Abadecom","url":"https:\/\/abadecom.com\/","logo":{"@type":"ImageObject","inLanguage":"it-IT","@id":"https:\/\/abadecom.com\/#\/schema\/logo\/image\/","url":"https:\/\/abadecom.com\/wp-content\/uploads\/2022\/03\/Logo-Abadecom-e1647715158799.png","contentUrl":"https:\/\/abadecom.com\/wp-content\/uploads\/2022\/03\/Logo-Abadecom-e1647715158799.png","width":200,"height":117,"caption":"Abadecom"},"image":{"@id":"https:\/\/abadecom.com\/#\/schema\/logo\/image\/"}},{"@type":"Person","@id":"https:\/\/abadecom.com\/#\/schema\/person\/477a7cc0ed6c040d67343c7a3fda930b","name":"AdminAabadeco","image":{"@type":"ImageObject","inLanguage":"it-IT","@id":"https:\/\/secure.gravatar.com\/avatar\/2630c0cee03e7f483e5ca41ec6649375f24ca272e920f8386983684762e36487?s=96&d=mm&r=g","url":"https:\/\/secure.gravatar.com\/avatar\/2630c0cee03e7f483e5ca41ec6649375f24ca272e920f8386983684762e36487?s=96&d=mm&r=g","contentUrl":"https:\/\/secure.gravatar.com\/avatar\/2630c0cee03e7f483e5ca41ec6649375f24ca272e920f8386983684762e36487?s=96&d=mm&r=g","caption":"AdminAabadeco"},"sameAs":["https:\/\/abadecom.com"],"url":"https:\/\/abadecom.com\/it\/author\/adminaabadeco\/"}]}},"_links":{"self":[{"href":"https:\/\/abadecom.com\/it\/wp-json\/wp\/v2\/posts\/9665","targetHints":{"allow":["GET"]}}],"collection":[{"href":"https:\/\/abadecom.com\/it\/wp-json\/wp\/v2\/posts"}],"about":[{"href":"https:\/\/abadecom.com\/it\/wp-json\/wp\/v2\/types\/post"}],"author":[{"embeddable":true,"href":"https:\/\/abadecom.com\/it\/wp-json\/wp\/v2\/users\/1"}],"replies":[{"embeddable":true,"href":"https:\/\/abadecom.com\/it\/wp-json\/wp\/v2\/comments?post=9665"}],"version-history":[{"count":1,"href":"https:\/\/abadecom.com\/it\/wp-json\/wp\/v2\/posts\/9665\/revisions"}],"predecessor-version":[{"id":9667,"href":"https:\/\/abadecom.com\/it\/wp-json\/wp\/v2\/posts\/9665\/revisions\/9667"}],"wp:featuredmedia":[{"embeddable":true,"href":"https:\/\/abadecom.com\/it\/wp-json\/wp\/v2\/media\/9666"}],"wp:attachment":[{"href":"https:\/\/abadecom.com\/it\/wp-json\/wp\/v2\/media?parent=9665"}],"wp:term":[{"taxonomy":"category","embeddable":true,"href":"https:\/\/abadecom.com\/it\/wp-json\/wp\/v2\/categories?post=9665"},{"taxonomy":"post_tag","embeddable":true,"href":"https:\/\/abadecom.com\/it\/wp-json\/wp\/v2\/tags?post=9665"}],"curies":[{"name":"wp","href":"https:\/\/api.w.org\/{rel}","templated":true}]}}