{"id":9649,"date":"2024-03-20T12:13:50","date_gmt":"2024-03-20T12:13:50","guid":{"rendered":"https:\/\/abadecom.com\/?p=9649"},"modified":"2024-03-20T12:13:52","modified_gmt":"2024-03-20T12:13:52","slug":"abadecom-y-su-compromiso-con-un-futuro-mas-verde","status":"publish","type":"post","link":"https:\/\/abadecom.com\/it\/abadecom-y-su-compromiso-con-un-futuro-mas-verde\/","title":{"rendered":"Abadecom y su compromiso con un futuro m\u00e1s verde"},"content":{"rendered":"\n<p class=\"wp-block-paragraph\">En Abadecom, nos llena de emoci\u00f3n al presenciar c\u00f3mo cada vez m\u00e1s ciudades optan por abrazar la movilidad sostenible. Este cambio hacia alternativas de transporte m\u00e1s amigables con el medio ambiente no solo marca un hito importante en la evoluci\u00f3n de nuestras comunidades, sino que tambi\u00e9n representa un paso crucial hacia un futuro m\u00e1s verde, habitable y consciente.<\/p>\n\n\n<style>.wp-block-kadence-advancedheading.kt-adv-heading9649_8f82dd-aa, .wp-block-kadence-advancedheading.kt-adv-heading9649_8f82dd-aa[data-kb-block=\"kb-adv-heading9649_8f82dd-aa\"]{font-style:normal;}.wp-block-kadence-advancedheading.kt-adv-heading9649_8f82dd-aa mark.kt-highlight, .wp-block-kadence-advancedheading.kt-adv-heading9649_8f82dd-aa[data-kb-block=\"kb-adv-heading9649_8f82dd-aa\"] mark.kt-highlight{font-style:normal;color:#f76a0c;-webkit-box-decoration-break:clone;box-decoration-break:clone;padding-top:0px;padding-right:0px;padding-bottom:0px;padding-left:0px;}.wp-block-kadence-advancedheading.kt-adv-heading9649_8f82dd-aa img.kb-inline-image, .wp-block-kadence-advancedheading.kt-adv-heading9649_8f82dd-aa[data-kb-block=\"kb-adv-heading9649_8f82dd-aa\"] img.kb-inline-image{width:150px;vertical-align:baseline;}<\/style>\n<h2 class=\"kt-adv-heading9649_8f82dd-aa wp-block-kadence-advancedheading\" data-kb-block=\"kb-adv-heading9649_8f82dd-aa\">Compromiso <\/h2>\n\n\n\n<p class=\"wp-block-paragraph\">Nuestro compromiso con la innovaci\u00f3n y la sostenibilidad se refleja en cada una de nuestras soluciones. Nos enorgullece especialmente ver c\u00f3mo nuestros separadores de carril bici fotoluminiscentes se han convertido en parte integral de esta transformaci\u00f3n positiva. Estos dispositivos no solo proporcionan una clara delimitaci\u00f3n entre los carriles de bicicleta y el tr\u00e1fico vehicular, sino que tambi\u00e9n agregan un elemento de seguridad crucial, especialmente durante las horas de menor visibilidad.<\/p>\n\n\n\n<p class=\"wp-block-paragraph\">Lo m\u00e1s inspirador de todo es observar c\u00f3mo nuestras ciudades se comprometen activamente a crear entornos urbanos m\u00e1s seguros y sostenibles tanto para ciclistas como para peatones. La elecci\u00f3n de nuestros separadores de carril bici, fabricados con pl\u00e1stico 100% reciclado y equipados con piezas fotoluminiscentes, refleja un enfoque proactivo hacia la construcci\u00f3n de comunidades m\u00e1s responsables y conscientes del medio ambiente.<\/p>\n\n\n<style>.wp-block-kadence-advancedheading.kt-adv-heading9649_7ce3f3-e2, .wp-block-kadence-advancedheading.kt-adv-heading9649_7ce3f3-e2[data-kb-block=\"kb-adv-heading9649_7ce3f3-e2\"]{font-style:normal;}.wp-block-kadence-advancedheading.kt-adv-heading9649_7ce3f3-e2 mark.kt-highlight, .wp-block-kadence-advancedheading.kt-adv-heading9649_7ce3f3-e2[data-kb-block=\"kb-adv-heading9649_7ce3f3-e2\"] mark.kt-highlight{font-style:normal;color:#f76a0c;-webkit-box-decoration-break:clone;box-decoration-break:clone;padding-top:0px;padding-right:0px;padding-bottom:0px;padding-left:0px;}.wp-block-kadence-advancedheading.kt-adv-heading9649_7ce3f3-e2 img.kb-inline-image, .wp-block-kadence-advancedheading.kt-adv-heading9649_7ce3f3-e2[data-kb-block=\"kb-adv-heading9649_7ce3f3-e2\"] img.kb-inline-image{width:150px;vertical-align:baseline;}<\/style>\n<h2 class=\"kt-adv-heading9649_7ce3f3-e2 wp-block-kadence-advancedheading\" data-kb-block=\"kb-adv-heading9649_7ce3f3-e2\">Movilidad sostenible<\/h2>\n\n\n\n<p class=\"wp-block-paragraph\">Cada vez que una nueva ciudad decide adoptar nuestras soluciones, sentimos un renovado impulso para seguir innovando y contribuyendo a un cambio significativo en la movilidad urbana. Estamos emocionados de ser parte activa de este movimiento y agradecemos profundamente la confianza depositada en nosotros por parte de las autoridades municipales y los ciudadanos por igual.<\/p>\n\n\n\n<p class=\"wp-block-paragraph\">En Abadecom, estamos comprometidos no solo con ofrecer soluciones innovadoras, sino tambi\u00e9n con fomentar una cultura de movilidad sostenible y responsabilidad ambiental. Creemos firmemente que juntos podemos construir un futuro m\u00e1s brillante y sostenible para las generaciones venideras.<\/p>\n\n\n\n<p class=\"wp-block-paragraph\">Sigamos avanzando juntos hacia un futuro donde la movilidad sostenible sea la norma, no la excepci\u00f3n. \u00a1Juntos podemos hacer la diferencia!<\/p>\n\n\n\n<p class=\"wp-block-paragraph\">Para saber m\u00e1s sobre nuestro separador de carril, visite nuestra <a href=\"https:\/\/abadecom.com\/separador-carril-bici\/\">web<\/a>.<\/p>\n","protected":false},"excerpt":{"rendered":"<p>En Abadecom, nos llena de emoci\u00f3n al presenciar c\u00f3mo cada vez m\u00e1s ciudades optan por abrazar la movilidad sostenible. Este cambio hacia alternativas de transporte m\u00e1s amigables con el medio ambiente no solo marca un hito importante en la evoluci\u00f3n de nuestras comunidades, sino que tambi\u00e9n representa un paso crucial hacia un futuro m\u00e1s verde, [&#8230;]<\/p>\n<p><a class=\"btn btn-secondary understrap-read-more-link\" href=\"https:\/\/abadecom.com\/it\/abadecom-y-su-compromiso-con-un-futuro-mas-verde\/\">Leggi di pi\u00f9&#8230;<span class=\"screen-reader-text\"> from Abadecom y su compromiso con un futuro m\u00e1s verde<\/span><\/a><\/p>\n","protected":false},"author":1,"featured_media":9650,"comment_status":"open","ping_status":"open","sticky":false,"template":"","format":"standard","meta":{"content-type":"","_monsterinsights_skip_tracking":false,"pgc_sgb_lightbox_settings":"","footnotes":""},"categories":[1],"tags":[],"class_list":["post-9649","post","type-post","status-publish","format-standard","has-post-thumbnail","hentry","category-sin-categorizar"],"yoast_head":"<!-- This site is optimized with the Yoast SEO plugin v28.4 - https:\/\/yoast.com\/product\/yoast-seo-wordpress\/ -->\n<title>Abadecom y su compromiso con un futuro m\u00e1s verde - Abadecom<\/title>\n<meta name=\"description\" content=\"En Abadecom, nos llena de gratitud y emoci\u00f3n al presenciar c\u00f3mo cada vez m\u00e1s ciudades optan por abrazar la movilidad sostenible.\" \/>\n<meta name=\"robots\" content=\"index, follow, max-snippet:-1, max-image-preview:large, max-video-preview:-1\" \/>\n<link rel=\"canonical\" href=\"https:\/\/abadecom.com\/it\/abadecom-y-su-compromiso-con-un-futuro-mas-verde\/\" \/>\n<meta property=\"og:locale\" content=\"it_IT\" \/>\n<meta property=\"og:type\" content=\"article\" \/>\n<meta property=\"og:title\" content=\"Abadecom y su compromiso con un futuro m\u00e1s verde - Abadecom\" \/>\n<meta property=\"og:description\" content=\"En Abadecom, nos llena de gratitud y emoci\u00f3n al presenciar c\u00f3mo cada vez m\u00e1s ciudades optan por abrazar la movilidad sostenible.\" \/>\n<meta property=\"og:url\" content=\"https:\/\/abadecom.com\/it\/abadecom-y-su-compromiso-con-un-futuro-mas-verde\/\" \/>\n<meta property=\"og:site_name\" content=\"Abadecom\" \/>\n<meta property=\"article:published_time\" content=\"2024-03-20T12:13:50+00:00\" \/>\n<meta property=\"article:modified_time\" content=\"2024-03-20T12:13:52+00:00\" \/>\n<meta property=\"og:image\" content=\"https:\/\/abadecom.com\/wp-content\/uploads\/2024\/03\/Blog-separqador_Abadecom.jpg\" \/>\n\t<meta property=\"og:image:width\" content=\"1080\" \/>\n\t<meta property=\"og:image:height\" content=\"1080\" \/>\n\t<meta property=\"og:image:type\" content=\"image\/jpeg\" \/>\n<meta name=\"author\" content=\"AdminAabadeco\" \/>\n<meta name=\"twitter:card\" content=\"summary_large_image\" \/>\n<meta name=\"twitter:label1\" content=\"Scritto da\" \/>\n\t<meta name=\"twitter:data1\" content=\"AdminAabadeco\" \/>\n\t<meta name=\"twitter:label2\" content=\"Tempo di lettura stimato\" \/>\n\t<meta name=\"twitter:data2\" content=\"2 minuti\" \/>\n<script type=\"application\/ld+json\" class=\"yoast-schema-graph\">{\"@context\":\"https:\\\/\\\/schema.org\",\"@graph\":[{\"@type\":\"Article\",\"@id\":\"https:\\\/\\\/abadecom.com\\\/abadecom-y-su-compromiso-con-un-futuro-mas-verde\\\/#article\",\"isPartOf\":{\"@id\":\"https:\\\/\\\/abadecom.com\\\/abadecom-y-su-compromiso-con-un-futuro-mas-verde\\\/\"},\"author\":{\"name\":\"AdminAabadeco\",\"@id\":\"https:\\\/\\\/abadecom.com\\\/#\\\/schema\\\/person\\\/477a7cc0ed6c040d67343c7a3fda930b\"},\"headline\":\"Abadecom y su compromiso con un futuro m\u00e1s verde\",\"datePublished\":\"2024-03-20T12:13:50+00:00\",\"dateModified\":\"2024-03-20T12:13:52+00:00\",\"mainEntityOfPage\":{\"@id\":\"https:\\\/\\\/abadecom.com\\\/abadecom-y-su-compromiso-con-un-futuro-mas-verde\\\/\"},\"wordCount\":350,\"commentCount\":0,\"publisher\":{\"@id\":\"https:\\\/\\\/abadecom.com\\\/#organization\"},\"image\":{\"@id\":\"https:\\\/\\\/abadecom.com\\\/abadecom-y-su-compromiso-con-un-futuro-mas-verde\\\/#primaryimage\"},\"thumbnailUrl\":\"https:\\\/\\\/abadecom.com\\\/wp-content\\\/uploads\\\/2024\\\/03\\\/Blog-separqador_Abadecom.jpg\",\"articleSection\":[\"Sin categorizar\"],\"inLanguage\":\"it-IT\",\"potentialAction\":[{\"@type\":\"CommentAction\",\"name\":\"Comment\",\"target\":[\"https:\\\/\\\/abadecom.com\\\/abadecom-y-su-compromiso-con-un-futuro-mas-verde\\\/#respond\"]}]},{\"@type\":\"WebPage\",\"@id\":\"https:\\\/\\\/abadecom.com\\\/abadecom-y-su-compromiso-con-un-futuro-mas-verde\\\/\",\"url\":\"https:\\\/\\\/abadecom.com\\\/abadecom-y-su-compromiso-con-un-futuro-mas-verde\\\/\",\"name\":\"Abadecom y su compromiso con un futuro m\u00e1s verde - Abadecom\",\"isPartOf\":{\"@id\":\"https:\\\/\\\/abadecom.com\\\/#website\"},\"primaryImageOfPage\":{\"@id\":\"https:\\\/\\\/abadecom.com\\\/abadecom-y-su-compromiso-con-un-futuro-mas-verde\\\/#primaryimage\"},\"image\":{\"@id\":\"https:\\\/\\\/abadecom.com\\\/abadecom-y-su-compromiso-con-un-futuro-mas-verde\\\/#primaryimage\"},\"thumbnailUrl\":\"https:\\\/\\\/abadecom.com\\\/wp-content\\\/uploads\\\/2024\\\/03\\\/Blog-separqador_Abadecom.jpg\",\"datePublished\":\"2024-03-20T12:13:50+00:00\",\"dateModified\":\"2024-03-20T12:13:52+00:00\",\"description\":\"En Abadecom, nos llena de gratitud y emoci\u00f3n al presenciar c\u00f3mo cada vez m\u00e1s ciudades optan por abrazar la movilidad sostenible.\",\"inLanguage\":\"it-IT\",\"potentialAction\":[{\"@type\":\"ReadAction\",\"target\":[\"https:\\\/\\\/abadecom.com\\\/abadecom-y-su-compromiso-con-un-futuro-mas-verde\\\/\"]}]},{\"@type\":\"ImageObject\",\"inLanguage\":\"it-IT\",\"@id\":\"https:\\\/\\\/abadecom.com\\\/abadecom-y-su-compromiso-con-un-futuro-mas-verde\\\/#primaryimage\",\"url\":\"https:\\\/\\\/abadecom.com\\\/wp-content\\\/uploads\\\/2024\\\/03\\\/Blog-separqador_Abadecom.jpg\",\"contentUrl\":\"https:\\\/\\\/abadecom.com\\\/wp-content\\\/uploads\\\/2024\\\/03\\\/Blog-separqador_Abadecom.jpg\",\"width\":1080,\"height\":1080},{\"@type\":\"WebSite\",\"@id\":\"https:\\\/\\\/abadecom.com\\\/#website\",\"url\":\"https:\\\/\\\/abadecom.com\\\/\",\"name\":\"Abadecom\",\"description\":\"Productos sostenibles y respetuosos con el medio ambiente\",\"publisher\":{\"@id\":\"https:\\\/\\\/abadecom.com\\\/#organization\"},\"alternateName\":\"Abadecom\",\"potentialAction\":[{\"@type\":\"SearchAction\",\"target\":{\"@type\":\"EntryPoint\",\"urlTemplate\":\"https:\\\/\\\/abadecom.com\\\/?s={search_term_string}\"},\"query-input\":{\"@type\":\"PropertyValueSpecification\",\"valueRequired\":true,\"valueName\":\"search_term_string\"}}],\"inLanguage\":\"it-IT\"},{\"@type\":\"Organization\",\"@id\":\"https:\\\/\\\/abadecom.com\\\/#organization\",\"name\":\"Abadecom\",\"url\":\"https:\\\/\\\/abadecom.com\\\/\",\"logo\":{\"@type\":\"ImageObject\",\"inLanguage\":\"it-IT\",\"@id\":\"https:\\\/\\\/abadecom.com\\\/#\\\/schema\\\/logo\\\/image\\\/\",\"url\":\"https:\\\/\\\/abadecom.com\\\/wp-content\\\/uploads\\\/2022\\\/03\\\/Logo-Abadecom-e1647715158799.png\",\"contentUrl\":\"https:\\\/\\\/abadecom.com\\\/wp-content\\\/uploads\\\/2022\\\/03\\\/Logo-Abadecom-e1647715158799.png\",\"width\":200,\"height\":117,\"caption\":\"Abadecom\"},\"image\":{\"@id\":\"https:\\\/\\\/abadecom.com\\\/#\\\/schema\\\/logo\\\/image\\\/\"}},{\"@type\":\"Person\",\"@id\":\"https:\\\/\\\/abadecom.com\\\/#\\\/schema\\\/person\\\/477a7cc0ed6c040d67343c7a3fda930b\",\"name\":\"AdminAabadeco\",\"image\":{\"@type\":\"ImageObject\",\"inLanguage\":\"it-IT\",\"@id\":\"https:\\\/\\\/secure.gravatar.com\\\/avatar\\\/2630c0cee03e7f483e5ca41ec6649375f24ca272e920f8386983684762e36487?s=96&d=mm&r=g\",\"url\":\"https:\\\/\\\/secure.gravatar.com\\\/avatar\\\/2630c0cee03e7f483e5ca41ec6649375f24ca272e920f8386983684762e36487?s=96&d=mm&r=g\",\"contentUrl\":\"https:\\\/\\\/secure.gravatar.com\\\/avatar\\\/2630c0cee03e7f483e5ca41ec6649375f24ca272e920f8386983684762e36487?s=96&d=mm&r=g\",\"caption\":\"AdminAabadeco\"},\"sameAs\":[\"https:\\\/\\\/abadecom.com\"],\"url\":\"https:\\\/\\\/abadecom.com\\\/it\\\/author\\\/adminaabadeco\\\/\"}]}<\/script>\n<!-- \/ Yoast SEO plugin. -->","yoast_head_json":{"title":"Abadecom y su compromiso con un futuro m\u00e1s verde - Abadecom","description":"En Abadecom, nos llena de gratitud y emoci\u00f3n al presenciar c\u00f3mo cada vez m\u00e1s ciudades optan por abrazar la movilidad sostenible.","robots":{"index":"index","follow":"follow","max-snippet":"max-snippet:-1","max-image-preview":"max-image-preview:large","max-video-preview":"max-video-preview:-1"},"canonical":"https:\/\/abadecom.com\/it\/abadecom-y-su-compromiso-con-un-futuro-mas-verde\/","og_locale":"it_IT","og_type":"article","og_title":"Abadecom y su compromiso con un futuro m\u00e1s verde - Abadecom","og_description":"En Abadecom, nos llena de gratitud y emoci\u00f3n al presenciar c\u00f3mo cada vez m\u00e1s ciudades optan por abrazar la movilidad sostenible.","og_url":"https:\/\/abadecom.com\/it\/abadecom-y-su-compromiso-con-un-futuro-mas-verde\/","og_site_name":"Abadecom","article_published_time":"2024-03-20T12:13:50+00:00","article_modified_time":"2024-03-20T12:13:52+00:00","og_image":[{"width":1080,"height":1080,"url":"https:\/\/abadecom.com\/wp-content\/uploads\/2024\/03\/Blog-separqador_Abadecom.jpg","type":"image\/jpeg"}],"author":"AdminAabadeco","twitter_card":"summary_large_image","twitter_misc":{"Scritto da":"AdminAabadeco","Tempo di lettura stimato":"2 minuti"},"schema":{"@context":"https:\/\/schema.org","@graph":[{"@type":"Article","@id":"https:\/\/abadecom.com\/abadecom-y-su-compromiso-con-un-futuro-mas-verde\/#article","isPartOf":{"@id":"https:\/\/abadecom.com\/abadecom-y-su-compromiso-con-un-futuro-mas-verde\/"},"author":{"name":"AdminAabadeco","@id":"https:\/\/abadecom.com\/#\/schema\/person\/477a7cc0ed6c040d67343c7a3fda930b"},"headline":"Abadecom y su compromiso con un futuro m\u00e1s verde","datePublished":"2024-03-20T12:13:50+00:00","dateModified":"2024-03-20T12:13:52+00:00","mainEntityOfPage":{"@id":"https:\/\/abadecom.com\/abadecom-y-su-compromiso-con-un-futuro-mas-verde\/"},"wordCount":350,"commentCount":0,"publisher":{"@id":"https:\/\/abadecom.com\/#organization"},"image":{"@id":"https:\/\/abadecom.com\/abadecom-y-su-compromiso-con-un-futuro-mas-verde\/#primaryimage"},"thumbnailUrl":"https:\/\/abadecom.com\/wp-content\/uploads\/2024\/03\/Blog-separqador_Abadecom.jpg","articleSection":["Sin categorizar"],"inLanguage":"it-IT","potentialAction":[{"@type":"CommentAction","name":"Comment","target":["https:\/\/abadecom.com\/abadecom-y-su-compromiso-con-un-futuro-mas-verde\/#respond"]}]},{"@type":"WebPage","@id":"https:\/\/abadecom.com\/abadecom-y-su-compromiso-con-un-futuro-mas-verde\/","url":"https:\/\/abadecom.com\/abadecom-y-su-compromiso-con-un-futuro-mas-verde\/","name":"Abadecom y su compromiso con un futuro m\u00e1s verde - Abadecom","isPartOf":{"@id":"https:\/\/abadecom.com\/#website"},"primaryImageOfPage":{"@id":"https:\/\/abadecom.com\/abadecom-y-su-compromiso-con-un-futuro-mas-verde\/#primaryimage"},"image":{"@id":"https:\/\/abadecom.com\/abadecom-y-su-compromiso-con-un-futuro-mas-verde\/#primaryimage"},"thumbnailUrl":"https:\/\/abadecom.com\/wp-content\/uploads\/2024\/03\/Blog-separqador_Abadecom.jpg","datePublished":"2024-03-20T12:13:50+00:00","dateModified":"2024-03-20T12:13:52+00:00","description":"En Abadecom, nos llena de gratitud y emoci\u00f3n al presenciar c\u00f3mo cada vez m\u00e1s ciudades optan por abrazar la movilidad sostenible.","inLanguage":"it-IT","potentialAction":[{"@type":"ReadAction","target":["https:\/\/abadecom.com\/abadecom-y-su-compromiso-con-un-futuro-mas-verde\/"]}]},{"@type":"ImageObject","inLanguage":"it-IT","@id":"https:\/\/abadecom.com\/abadecom-y-su-compromiso-con-un-futuro-mas-verde\/#primaryimage","url":"https:\/\/abadecom.com\/wp-content\/uploads\/2024\/03\/Blog-separqador_Abadecom.jpg","contentUrl":"https:\/\/abadecom.com\/wp-content\/uploads\/2024\/03\/Blog-separqador_Abadecom.jpg","width":1080,"height":1080},{"@type":"WebSite","@id":"https:\/\/abadecom.com\/#website","url":"https:\/\/abadecom.com\/","name":"Abadecom","description":"Prodotti sostenibili e rispettosi dell'ambiente","publisher":{"@id":"https:\/\/abadecom.com\/#organization"},"alternateName":"Abadecom","potentialAction":[{"@type":"SearchAction","target":{"@type":"EntryPoint","urlTemplate":"https:\/\/abadecom.com\/?s={search_term_string}"},"query-input":{"@type":"PropertyValueSpecification","valueRequired":true,"valueName":"search_term_string"}}],"inLanguage":"it-IT"},{"@type":"Organization","@id":"https:\/\/abadecom.com\/#organization","name":"Abadecom","url":"https:\/\/abadecom.com\/","logo":{"@type":"ImageObject","inLanguage":"it-IT","@id":"https:\/\/abadecom.com\/#\/schema\/logo\/image\/","url":"https:\/\/abadecom.com\/wp-content\/uploads\/2022\/03\/Logo-Abadecom-e1647715158799.png","contentUrl":"https:\/\/abadecom.com\/wp-content\/uploads\/2022\/03\/Logo-Abadecom-e1647715158799.png","width":200,"height":117,"caption":"Abadecom"},"image":{"@id":"https:\/\/abadecom.com\/#\/schema\/logo\/image\/"}},{"@type":"Person","@id":"https:\/\/abadecom.com\/#\/schema\/person\/477a7cc0ed6c040d67343c7a3fda930b","name":"AdminAabadeco","image":{"@type":"ImageObject","inLanguage":"it-IT","@id":"https:\/\/secure.gravatar.com\/avatar\/2630c0cee03e7f483e5ca41ec6649375f24ca272e920f8386983684762e36487?s=96&d=mm&r=g","url":"https:\/\/secure.gravatar.com\/avatar\/2630c0cee03e7f483e5ca41ec6649375f24ca272e920f8386983684762e36487?s=96&d=mm&r=g","contentUrl":"https:\/\/secure.gravatar.com\/avatar\/2630c0cee03e7f483e5ca41ec6649375f24ca272e920f8386983684762e36487?s=96&d=mm&r=g","caption":"AdminAabadeco"},"sameAs":["https:\/\/abadecom.com"],"url":"https:\/\/abadecom.com\/it\/author\/adminaabadeco\/"}]}},"_links":{"self":[{"href":"https:\/\/abadecom.com\/it\/wp-json\/wp\/v2\/posts\/9649","targetHints":{"allow":["GET"]}}],"collection":[{"href":"https:\/\/abadecom.com\/it\/wp-json\/wp\/v2\/posts"}],"about":[{"href":"https:\/\/abadecom.com\/it\/wp-json\/wp\/v2\/types\/post"}],"author":[{"embeddable":true,"href":"https:\/\/abadecom.com\/it\/wp-json\/wp\/v2\/users\/1"}],"replies":[{"embeddable":true,"href":"https:\/\/abadecom.com\/it\/wp-json\/wp\/v2\/comments?post=9649"}],"version-history":[{"count":2,"href":"https:\/\/abadecom.com\/it\/wp-json\/wp\/v2\/posts\/9649\/revisions"}],"predecessor-version":[{"id":9652,"href":"https:\/\/abadecom.com\/it\/wp-json\/wp\/v2\/posts\/9649\/revisions\/9652"}],"wp:featuredmedia":[{"embeddable":true,"href":"https:\/\/abadecom.com\/it\/wp-json\/wp\/v2\/media\/9650"}],"wp:attachment":[{"href":"https:\/\/abadecom.com\/it\/wp-json\/wp\/v2\/media?parent=9649"}],"wp:term":[{"taxonomy":"category","embeddable":true,"href":"https:\/\/abadecom.com\/it\/wp-json\/wp\/v2\/categories?post=9649"},{"taxonomy":"post_tag","embeddable":true,"href":"https:\/\/abadecom.com\/it\/wp-json\/wp\/v2\/tags?post=9649"}],"curies":[{"name":"wp","href":"https:\/\/api.w.org\/{rel}","templated":true}]}}