{"id":936,"date":"2018-12-07T18:11:51","date_gmt":"2018-12-07T18:11:51","guid":{"rendered":"https:\/\/gbsolutions.es\/?p=936"},"modified":"2022-03-19T15:15:16","modified_gmt":"2022-03-19T15:15:16","slug":"premio-paisajismo-del-ano-2018","status":"publish","type":"post","link":"https:\/\/abadecom.com\/it\/premio-paisajismo-del-ano-2018\/","title":{"rendered":"Premio Paisajismo del a\u00f1o 2018"},"content":{"rendered":"<p class=\"wp-block-paragraph\">Un camino de hormig\u00f3n luminiscente dise\u00f1ado por <a href=\"https:\/\/www.metalocus.es\/es\/noticias\/nuevo-mercado-de-calafell\" target=\"_blank\" rel=\"noreferrer noopener\">Batlle i Roig Arquitectes<\/a> para recorrer un antiguo territorio minero degradado en el municipio de Igualada, cerca de Barcelona, ha sido galardonado con el t\u00edtulo de Paisaje del a\u00f1o 2018. WAF.<\/p>\n\n\n\n<p class=\"wp-block-paragraph\">La propuesta dise\u00f1ada por&nbsp;<a href=\"https:\/\/www.metalocus.es\/es\/noticias\/centro-de-tratamiento-de-residuos-del-valles-occidental\" target=\"_blank\" rel=\"noreferrer noopener\">Batlle i Roig Arquitectes<\/a> se enmarca dentro del proyecto global del Anillo Verde de Igualada, que busca generar un conjunto de itinerarios para los peatones y bicicletas en forma de cintur\u00f3n verde en el per\u00edmetro de la ciudad. El espacio natural por donde se desarrolla el el camino estaba altamente degradado por su uso industrial, objeto de una intensa actividad extractiva de la tiza que se encontraba en su subsuelo (Guixeres del Claret i del Pelfort). Tras la finalizaci\u00f3n del actividad minera la zona fue utilizada como estaci\u00f3n de transferencia para los residuos del municipio.<\/p>\n\n\n\n<p class=\"wp-block-paragraph\">El proyecto tiene dos objetivos principales: Uno de conectividad, llegando a alcanzar la continuidad de este anillo verde global todo reconociendo las principales visuales sobre la ciudad y Montserrat, y generando una secuencia de zonas de estancia. Y un segundo de recuperaci\u00f3n paisaj\u00edstica y de biodiversidad, estableciendo los elementos necesarios para generar una nueva din\u00e1mica en el sitio que mejore progresivamente sus condiciones ambientales mediante el aprovechamiento de agua.<\/p>\n\n\n\n<p class=\"wp-block-paragraph\"><a rel=\"noreferrer noopener\" href=\"https:\/\/www.metalocus.es\/es\/noticias\/proyecto-de-paisajismo-del-ano-sendero-de-hormigon-luminiscente-en-unas-antiguas-minas-de-tiza-por-batlle-i-roig\" target=\"_blank\">Leer noticia original<\/a><\/p>\n\n\n\n<figure class=\"wp-block-image size-large is-style-default\"><img loading=\"lazy\" decoding=\"async\" width=\"683\" height=\"1024\" src=\"https:\/\/abadecom.com\/wp-content\/uploads\/2018\/12\/metalocus_camino_mirador_minas_yeso_16-683x1024.jpg\" alt=\"\" class=\"wp-image-2776\" srcset=\"https:\/\/abadecom.com\/wp-content\/uploads\/2018\/12\/metalocus_camino_mirador_minas_yeso_16-683x1024.jpg 683w, https:\/\/abadecom.com\/wp-content\/uploads\/2018\/12\/metalocus_camino_mirador_minas_yeso_16-200x300.jpg 200w, https:\/\/abadecom.com\/wp-content\/uploads\/2018\/12\/metalocus_camino_mirador_minas_yeso_16.jpg 734w\" sizes=\"auto, (max-width: 683px) 100vw, 683px\" \/><\/figure>","protected":false},"excerpt":{"rendered":"<p>Un camino de hormig\u00f3n luminiscente dise\u00f1ado por Batlle i Roig Arquitectes para recorrer un antiguo territorio minero degradado en el municipio de Igualada, cerca de Barcelona, ha sido galardonado con el t\u00edtulo de Paisaje del a\u00f1o 2018. WAF. La propuesta dise\u00f1ada por&nbsp;Batlle i Roig Arquitectes se enmarca dentro del proyecto global del Anillo Verde de [&#8230;]<\/p>\n<p><a class=\"btn btn-secondary understrap-read-more-link\" href=\"https:\/\/abadecom.com\/it\/premio-paisajismo-del-ano-2018\/\">Leggi di pi\u00f9&#8230;<span class=\"screen-reader-text\"> from Premio Paisajismo del a\u00f1o 2018<\/span><\/a><\/p>\n","protected":false},"author":1,"featured_media":2776,"comment_status":"closed","ping_status":"closed","sticky":false,"template":"","format":"standard","meta":{"content-type":"","_monsterinsights_skip_tracking":false,"pgc_sgb_lightbox_settings":"","footnotes":""},"categories":[88],"tags":[],"class_list":["post-936","post","type-post","status-publish","format-standard","has-post-thumbnail","hentry","category-trabajos"],"yoast_head":"<!-- This site is optimized with the Yoast SEO plugin v28.4 - https:\/\/yoast.com\/product\/yoast-seo-wordpress\/ -->\n<title>Premio Paisajismo del a\u00f1o 2018 - Abadecom<\/title>\n<meta name=\"robots\" content=\"index, follow, max-snippet:-1, max-image-preview:large, max-video-preview:-1\" \/>\n<link rel=\"canonical\" href=\"https:\/\/abadecom.com\/it\/premio-paisajismo-del-ano-2018\/\" \/>\n<meta property=\"og:locale\" content=\"it_IT\" \/>\n<meta property=\"og:type\" content=\"article\" \/>\n<meta property=\"og:title\" content=\"Premio Paisajismo del a\u00f1o 2018 - Abadecom\" \/>\n<meta property=\"og:description\" content=\"Un camino de hormig\u00f3n luminiscente dise\u00f1ado por Batlle i Roig Arquitectes para recorrer un antiguo territorio minero degradado en el municipio de Igualada, cerca de Barcelona, ha sido galardonado con el t\u00edtulo de Paisaje del a\u00f1o 2018. WAF. La propuesta dise\u00f1ada por&nbsp;Batlle i Roig Arquitectes se enmarca dentro del proyecto global del Anillo Verde de [...]Leggi di pi\u00f9... from Premio Paisajismo del a\u00f1o 2018\" \/>\n<meta property=\"og:url\" content=\"https:\/\/abadecom.com\/it\/premio-paisajismo-del-ano-2018\/\" \/>\n<meta property=\"og:site_name\" content=\"Abadecom\" \/>\n<meta property=\"article:published_time\" content=\"2018-12-07T18:11:51+00:00\" \/>\n<meta property=\"article:modified_time\" content=\"2022-03-19T15:15:16+00:00\" \/>\n<meta property=\"og:image\" content=\"https:\/\/abadecom.com\/wp-content\/uploads\/2018\/12\/metalocus_camino_mirador_minas_yeso_16.jpg\" \/>\n\t<meta property=\"og:image:width\" content=\"734\" \/>\n\t<meta property=\"og:image:height\" content=\"1100\" \/>\n\t<meta property=\"og:image:type\" content=\"image\/jpeg\" \/>\n<meta name=\"author\" content=\"AdminAabadeco\" \/>\n<meta name=\"twitter:card\" content=\"summary_large_image\" \/>\n<meta name=\"twitter:label1\" content=\"Scritto da\" \/>\n\t<meta name=\"twitter:data1\" content=\"AdminAabadeco\" \/>\n\t<meta name=\"twitter:label2\" content=\"Tempo di lettura stimato\" \/>\n\t<meta name=\"twitter:data2\" content=\"1 minuto\" \/>\n<script type=\"application\/ld+json\" class=\"yoast-schema-graph\">{\"@context\":\"https:\\\/\\\/schema.org\",\"@graph\":[{\"@type\":\"Article\",\"@id\":\"https:\\\/\\\/abadecom.com\\\/premio-paisajismo-del-ano-2018\\\/#article\",\"isPartOf\":{\"@id\":\"https:\\\/\\\/abadecom.com\\\/premio-paisajismo-del-ano-2018\\\/\"},\"author\":{\"name\":\"AdminAabadeco\",\"@id\":\"https:\\\/\\\/abadecom.com\\\/#\\\/schema\\\/person\\\/477a7cc0ed6c040d67343c7a3fda930b\"},\"headline\":\"Premio Paisajismo del a\u00f1o 2018\",\"datePublished\":\"2018-12-07T18:11:51+00:00\",\"dateModified\":\"2022-03-19T15:15:16+00:00\",\"mainEntityOfPage\":{\"@id\":\"https:\\\/\\\/abadecom.com\\\/premio-paisajismo-del-ano-2018\\\/\"},\"wordCount\":226,\"publisher\":{\"@id\":\"https:\\\/\\\/abadecom.com\\\/#organization\"},\"image\":{\"@id\":\"https:\\\/\\\/abadecom.com\\\/premio-paisajismo-del-ano-2018\\\/#primaryimage\"},\"thumbnailUrl\":\"https:\\\/\\\/abadecom.com\\\/wp-content\\\/uploads\\\/2018\\\/12\\\/metalocus_camino_mirador_minas_yeso_16.jpg\",\"articleSection\":[\"Trabajos\"],\"inLanguage\":\"it-IT\"},{\"@type\":\"WebPage\",\"@id\":\"https:\\\/\\\/abadecom.com\\\/premio-paisajismo-del-ano-2018\\\/\",\"url\":\"https:\\\/\\\/abadecom.com\\\/premio-paisajismo-del-ano-2018\\\/\",\"name\":\"Premio Paisajismo del a\u00f1o 2018 - Abadecom\",\"isPartOf\":{\"@id\":\"https:\\\/\\\/abadecom.com\\\/#website\"},\"primaryImageOfPage\":{\"@id\":\"https:\\\/\\\/abadecom.com\\\/premio-paisajismo-del-ano-2018\\\/#primaryimage\"},\"image\":{\"@id\":\"https:\\\/\\\/abadecom.com\\\/premio-paisajismo-del-ano-2018\\\/#primaryimage\"},\"thumbnailUrl\":\"https:\\\/\\\/abadecom.com\\\/wp-content\\\/uploads\\\/2018\\\/12\\\/metalocus_camino_mirador_minas_yeso_16.jpg\",\"datePublished\":\"2018-12-07T18:11:51+00:00\",\"dateModified\":\"2022-03-19T15:15:16+00:00\",\"inLanguage\":\"it-IT\",\"potentialAction\":[{\"@type\":\"ReadAction\",\"target\":[\"https:\\\/\\\/abadecom.com\\\/premio-paisajismo-del-ano-2018\\\/\"]}]},{\"@type\":\"ImageObject\",\"inLanguage\":\"it-IT\",\"@id\":\"https:\\\/\\\/abadecom.com\\\/premio-paisajismo-del-ano-2018\\\/#primaryimage\",\"url\":\"https:\\\/\\\/abadecom.com\\\/wp-content\\\/uploads\\\/2018\\\/12\\\/metalocus_camino_mirador_minas_yeso_16.jpg\",\"contentUrl\":\"https:\\\/\\\/abadecom.com\\\/wp-content\\\/uploads\\\/2018\\\/12\\\/metalocus_camino_mirador_minas_yeso_16.jpg\",\"width\":734,\"height\":1100},{\"@type\":\"WebSite\",\"@id\":\"https:\\\/\\\/abadecom.com\\\/#website\",\"url\":\"https:\\\/\\\/abadecom.com\\\/\",\"name\":\"Abadecom\",\"description\":\"Productos sostenibles y respetuosos con el medio ambiente\",\"publisher\":{\"@id\":\"https:\\\/\\\/abadecom.com\\\/#organization\"},\"alternateName\":\"Abadecom\",\"potentialAction\":[{\"@type\":\"SearchAction\",\"target\":{\"@type\":\"EntryPoint\",\"urlTemplate\":\"https:\\\/\\\/abadecom.com\\\/?s={search_term_string}\"},\"query-input\":{\"@type\":\"PropertyValueSpecification\",\"valueRequired\":true,\"valueName\":\"search_term_string\"}}],\"inLanguage\":\"it-IT\"},{\"@type\":\"Organization\",\"@id\":\"https:\\\/\\\/abadecom.com\\\/#organization\",\"name\":\"Abadecom\",\"url\":\"https:\\\/\\\/abadecom.com\\\/\",\"logo\":{\"@type\":\"ImageObject\",\"inLanguage\":\"it-IT\",\"@id\":\"https:\\\/\\\/abadecom.com\\\/#\\\/schema\\\/logo\\\/image\\\/\",\"url\":\"https:\\\/\\\/abadecom.com\\\/wp-content\\\/uploads\\\/2022\\\/03\\\/Logo-Abadecom-e1647715158799.png\",\"contentUrl\":\"https:\\\/\\\/abadecom.com\\\/wp-content\\\/uploads\\\/2022\\\/03\\\/Logo-Abadecom-e1647715158799.png\",\"width\":200,\"height\":117,\"caption\":\"Abadecom\"},\"image\":{\"@id\":\"https:\\\/\\\/abadecom.com\\\/#\\\/schema\\\/logo\\\/image\\\/\"}},{\"@type\":\"Person\",\"@id\":\"https:\\\/\\\/abadecom.com\\\/#\\\/schema\\\/person\\\/477a7cc0ed6c040d67343c7a3fda930b\",\"name\":\"AdminAabadeco\",\"image\":{\"@type\":\"ImageObject\",\"inLanguage\":\"it-IT\",\"@id\":\"https:\\\/\\\/secure.gravatar.com\\\/avatar\\\/2630c0cee03e7f483e5ca41ec6649375f24ca272e920f8386983684762e36487?s=96&d=mm&r=g\",\"url\":\"https:\\\/\\\/secure.gravatar.com\\\/avatar\\\/2630c0cee03e7f483e5ca41ec6649375f24ca272e920f8386983684762e36487?s=96&d=mm&r=g\",\"contentUrl\":\"https:\\\/\\\/secure.gravatar.com\\\/avatar\\\/2630c0cee03e7f483e5ca41ec6649375f24ca272e920f8386983684762e36487?s=96&d=mm&r=g\",\"caption\":\"AdminAabadeco\"},\"sameAs\":[\"https:\\\/\\\/abadecom.com\"],\"url\":\"https:\\\/\\\/abadecom.com\\\/it\\\/author\\\/adminaabadeco\\\/\"}]}<\/script>\n<!-- \/ Yoast SEO plugin. -->","yoast_head_json":{"title":"Premio Paisajismo del a\u00f1o 2018 - Abadecom","robots":{"index":"index","follow":"follow","max-snippet":"max-snippet:-1","max-image-preview":"max-image-preview:large","max-video-preview":"max-video-preview:-1"},"canonical":"https:\/\/abadecom.com\/it\/premio-paisajismo-del-ano-2018\/","og_locale":"it_IT","og_type":"article","og_title":"Premio Paisajismo del a\u00f1o 2018 - Abadecom","og_description":"Un camino de hormig\u00f3n luminiscente dise\u00f1ado por Batlle i Roig Arquitectes para recorrer un antiguo territorio minero degradado en el municipio de Igualada, cerca de Barcelona, ha sido galardonado con el t\u00edtulo de Paisaje del a\u00f1o 2018. WAF. La propuesta dise\u00f1ada por&nbsp;Batlle i Roig Arquitectes se enmarca dentro del proyecto global del Anillo Verde de [...]Leggi di pi\u00f9... from Premio Paisajismo del a\u00f1o 2018","og_url":"https:\/\/abadecom.com\/it\/premio-paisajismo-del-ano-2018\/","og_site_name":"Abadecom","article_published_time":"2018-12-07T18:11:51+00:00","article_modified_time":"2022-03-19T15:15:16+00:00","og_image":[{"width":734,"height":1100,"url":"https:\/\/abadecom.com\/wp-content\/uploads\/2018\/12\/metalocus_camino_mirador_minas_yeso_16.jpg","type":"image\/jpeg"}],"author":"AdminAabadeco","twitter_card":"summary_large_image","twitter_misc":{"Scritto da":"AdminAabadeco","Tempo di lettura stimato":"1 minuto"},"schema":{"@context":"https:\/\/schema.org","@graph":[{"@type":"Article","@id":"https:\/\/abadecom.com\/premio-paisajismo-del-ano-2018\/#article","isPartOf":{"@id":"https:\/\/abadecom.com\/premio-paisajismo-del-ano-2018\/"},"author":{"name":"AdminAabadeco","@id":"https:\/\/abadecom.com\/#\/schema\/person\/477a7cc0ed6c040d67343c7a3fda930b"},"headline":"Premio Paisajismo del a\u00f1o 2018","datePublished":"2018-12-07T18:11:51+00:00","dateModified":"2022-03-19T15:15:16+00:00","mainEntityOfPage":{"@id":"https:\/\/abadecom.com\/premio-paisajismo-del-ano-2018\/"},"wordCount":226,"publisher":{"@id":"https:\/\/abadecom.com\/#organization"},"image":{"@id":"https:\/\/abadecom.com\/premio-paisajismo-del-ano-2018\/#primaryimage"},"thumbnailUrl":"https:\/\/abadecom.com\/wp-content\/uploads\/2018\/12\/metalocus_camino_mirador_minas_yeso_16.jpg","articleSection":["Trabajos"],"inLanguage":"it-IT"},{"@type":"WebPage","@id":"https:\/\/abadecom.com\/premio-paisajismo-del-ano-2018\/","url":"https:\/\/abadecom.com\/premio-paisajismo-del-ano-2018\/","name":"Premio Paisajismo del a\u00f1o 2018 - Abadecom","isPartOf":{"@id":"https:\/\/abadecom.com\/#website"},"primaryImageOfPage":{"@id":"https:\/\/abadecom.com\/premio-paisajismo-del-ano-2018\/#primaryimage"},"image":{"@id":"https:\/\/abadecom.com\/premio-paisajismo-del-ano-2018\/#primaryimage"},"thumbnailUrl":"https:\/\/abadecom.com\/wp-content\/uploads\/2018\/12\/metalocus_camino_mirador_minas_yeso_16.jpg","datePublished":"2018-12-07T18:11:51+00:00","dateModified":"2022-03-19T15:15:16+00:00","inLanguage":"it-IT","potentialAction":[{"@type":"ReadAction","target":["https:\/\/abadecom.com\/premio-paisajismo-del-ano-2018\/"]}]},{"@type":"ImageObject","inLanguage":"it-IT","@id":"https:\/\/abadecom.com\/premio-paisajismo-del-ano-2018\/#primaryimage","url":"https:\/\/abadecom.com\/wp-content\/uploads\/2018\/12\/metalocus_camino_mirador_minas_yeso_16.jpg","contentUrl":"https:\/\/abadecom.com\/wp-content\/uploads\/2018\/12\/metalocus_camino_mirador_minas_yeso_16.jpg","width":734,"height":1100},{"@type":"WebSite","@id":"https:\/\/abadecom.com\/#website","url":"https:\/\/abadecom.com\/","name":"Abadecom","description":"Prodotti sostenibili e rispettosi dell'ambiente","publisher":{"@id":"https:\/\/abadecom.com\/#organization"},"alternateName":"Abadecom","potentialAction":[{"@type":"SearchAction","target":{"@type":"EntryPoint","urlTemplate":"https:\/\/abadecom.com\/?s={search_term_string}"},"query-input":{"@type":"PropertyValueSpecification","valueRequired":true,"valueName":"search_term_string"}}],"inLanguage":"it-IT"},{"@type":"Organization","@id":"https:\/\/abadecom.com\/#organization","name":"Abadecom","url":"https:\/\/abadecom.com\/","logo":{"@type":"ImageObject","inLanguage":"it-IT","@id":"https:\/\/abadecom.com\/#\/schema\/logo\/image\/","url":"https:\/\/abadecom.com\/wp-content\/uploads\/2022\/03\/Logo-Abadecom-e1647715158799.png","contentUrl":"https:\/\/abadecom.com\/wp-content\/uploads\/2022\/03\/Logo-Abadecom-e1647715158799.png","width":200,"height":117,"caption":"Abadecom"},"image":{"@id":"https:\/\/abadecom.com\/#\/schema\/logo\/image\/"}},{"@type":"Person","@id":"https:\/\/abadecom.com\/#\/schema\/person\/477a7cc0ed6c040d67343c7a3fda930b","name":"AdminAabadeco","image":{"@type":"ImageObject","inLanguage":"it-IT","@id":"https:\/\/secure.gravatar.com\/avatar\/2630c0cee03e7f483e5ca41ec6649375f24ca272e920f8386983684762e36487?s=96&d=mm&r=g","url":"https:\/\/secure.gravatar.com\/avatar\/2630c0cee03e7f483e5ca41ec6649375f24ca272e920f8386983684762e36487?s=96&d=mm&r=g","contentUrl":"https:\/\/secure.gravatar.com\/avatar\/2630c0cee03e7f483e5ca41ec6649375f24ca272e920f8386983684762e36487?s=96&d=mm&r=g","caption":"AdminAabadeco"},"sameAs":["https:\/\/abadecom.com"],"url":"https:\/\/abadecom.com\/it\/author\/adminaabadeco\/"}]}},"_links":{"self":[{"href":"https:\/\/abadecom.com\/it\/wp-json\/wp\/v2\/posts\/936","targetHints":{"allow":["GET"]}}],"collection":[{"href":"https:\/\/abadecom.com\/it\/wp-json\/wp\/v2\/posts"}],"about":[{"href":"https:\/\/abadecom.com\/it\/wp-json\/wp\/v2\/types\/post"}],"author":[{"embeddable":true,"href":"https:\/\/abadecom.com\/it\/wp-json\/wp\/v2\/users\/1"}],"replies":[{"embeddable":true,"href":"https:\/\/abadecom.com\/it\/wp-json\/wp\/v2\/comments?post=936"}],"version-history":[{"count":1,"href":"https:\/\/abadecom.com\/it\/wp-json\/wp\/v2\/posts\/936\/revisions"}],"predecessor-version":[{"id":4241,"href":"https:\/\/abadecom.com\/it\/wp-json\/wp\/v2\/posts\/936\/revisions\/4241"}],"wp:featuredmedia":[{"embeddable":true,"href":"https:\/\/abadecom.com\/it\/wp-json\/wp\/v2\/media\/2776"}],"wp:attachment":[{"href":"https:\/\/abadecom.com\/it\/wp-json\/wp\/v2\/media?parent=936"}],"wp:term":[{"taxonomy":"category","embeddable":true,"href":"https:\/\/abadecom.com\/it\/wp-json\/wp\/v2\/categories?post=936"},{"taxonomy":"post_tag","embeddable":true,"href":"https:\/\/abadecom.com\/it\/wp-json\/wp\/v2\/tags?post=936"}],"curies":[{"name":"wp","href":"https:\/\/api.w.org\/{rel}","templated":true}]}}