{"id":9300,"date":"2023-10-31T11:59:10","date_gmt":"2023-10-31T11:59:10","guid":{"rendered":"https:\/\/abadecom.com\/?p=9300"},"modified":"2023-10-31T13:11:37","modified_gmt":"2023-10-31T13:11:37","slug":"nuevas-ciudades-confian-en-los-separadores-de-carril-bici-fotoluminiscentes","status":"publish","type":"post","link":"https:\/\/abadecom.com\/it\/nuevas-ciudades-confian-en-los-separadores-de-carril-bici-fotoluminiscentes\/","title":{"rendered":"Nuevas Ciudades conf\u00edan en los Separadores de Carril Bici Fotoluminiscentes"},"content":{"rendered":"<p class=\"wp-block-paragraph\">It <a href=\"https:\/\/abadecom.com\/it\/separador-carril-bici\/\">Abadecom<\/a>, estamos entusiasmados de compartir una emocionante noticia: cada vez m\u00e1s ciudades conf\u00edan en nuestra innovadora soluci\u00f3n de movilidad sostenible. Nuestros Separadores de Carril Bici Fotoluminiscentes, fabricados con pl\u00e1stico 100% reciclado, son la elecci\u00f3n preferida por su durabilidad y compromiso con el medio ambiente.<\/p>\n\n\n\n<p class=\"wp-block-paragraph\"><strong>Ventajas Destacadas:<\/strong><\/p>\n\n\n\n<p class=\"wp-block-paragraph\"><strong>Durabilidad sin Igual:<\/strong> Gracias al uso de PVC como materia prima, nuestros separadores de carril bici ofrecen una resistencia excepcional frente a otras opciones hechas de caucho y hormig\u00f3n. Esto asegura una vida \u00fatil prolongada y un menor mantenimiento.<\/p>\n\n\n\n<p class=\"wp-block-paragraph\"><strong>Instalaci\u00f3n R\u00e1pida y Sencilla:<\/strong> Equipados con un sistema de fijaci\u00f3n a trav\u00e9s de tornillos de anclaje, la instalaci\u00f3n es r\u00e1pida y sin complicaciones. Esto significa menos tiempo de inactividad en la v\u00eda y una integraci\u00f3n fluida en la infraestructura existente.<\/p>\n\n\n\n<p class=\"wp-block-paragraph\"><strong>Compromiso con la Seguridad:<\/strong> La pintura utilizada en nuestros separadores est\u00e1 libre de disolventes y materias t\u00f3xicas, adem\u00e1s est\u00e1 homologada por tr\u00e1fico e incluye esferas reflectantes para mejorar la visibilidad tanto de d\u00eda como de noche.<\/p>\n\n\n\n<p class=\"wp-block-paragraph\"><strong>Opci\u00f3n Fotoluminiscente Personalizable:<\/strong> Respondiendo a las necesidades espec\u00edficas, ofrecemos la posibilidad de agregar piezas fotoluminiscentes, proporcionando una visibilidad adicional en condiciones de oscuridad y aumentando la seguridad para transe\u00fantes y ciclistas.<\/p>\n\n\n\n<p class=\"wp-block-paragraph\">Esta vez, estamos orgullosos de anunciar que hemos reciclado 2.2 toneladas de pl\u00e1stico para la fabricaci\u00f3n de estos separadores. Este logro es un paso m\u00e1s hacia la reducci\u00f3n de residuos y la promoci\u00f3n de pr\u00e1cticas sostenibles.<\/p>\n\n\n\n<p class=\"wp-block-paragraph\">Cada ciudad que elige nuestros separadores no solo invierte en una infraestructura de movilidad m\u00e1s segura y eficiente, sino que tambi\u00e9n contribuye activamente a la preservaci\u00f3n de nuestro entorno. En Abadecom, estamos comprometidos con un futuro m\u00e1s sostenible y esperamos seguir siendo socios en el camino hacia una movilidad urbana m\u00e1s consciente y responsable.<\/p>\n\n\n\n<div class=\"wp-block-columns is-layout-flex wp-container-core-columns-is-layout-8f761849 wp-block-columns-is-layout-flex\">\n<div class=\"wp-block-column is-layout-flow wp-block-column-is-layout-flow\" style=\"flex-basis:100%\">\n<div class=\"wp-block-columns is-layout-flex wp-container-core-columns-is-layout-8f761849 wp-block-columns-is-layout-flex\">\n<div class=\"wp-block-column is-layout-flow wp-block-column-is-layout-flow\" style=\"flex-basis:100%\">\n<figure class=\"wp-block-gallery has-nested-images columns-default is-cropped wp-block-gallery-2 is-layout-flex wp-block-gallery-is-layout-flex\">\n<figure class=\"wp-block-image size-large is-style-rounded\"><img loading=\"lazy\" decoding=\"async\" width=\"461\" height=\"1024\" data-id=\"9304\" src=\"https:\/\/abadecom.com\/wp-content\/uploads\/2023\/10\/1698174686615-461x1024.jpg\" alt=\"separador carril bici abadecom\" class=\"wp-image-9304\" title=\"separador carril bici abadecom\" srcset=\"https:\/\/abadecom.com\/wp-content\/uploads\/2023\/10\/1698174686615-461x1024.jpg 461w, https:\/\/abadecom.com\/wp-content\/uploads\/2023\/10\/1698174686615-135x300.jpg 135w, https:\/\/abadecom.com\/wp-content\/uploads\/2023\/10\/1698174686615-768x1707.jpg 768w, https:\/\/abadecom.com\/wp-content\/uploads\/2023\/10\/1698174686615-1600x3556.jpg 1600w, https:\/\/abadecom.com\/wp-content\/uploads\/2023\/10\/1698174686615-691x1536.jpg 691w, https:\/\/abadecom.com\/wp-content\/uploads\/2023\/10\/1698174686615-922x2048.jpg 922w, https:\/\/abadecom.com\/wp-content\/uploads\/2023\/10\/1698174686615-scaled.jpg 1152w\" sizes=\"auto, (max-width: 461px) 100vw, 461px\" \/><\/figure>\n\n\n\n<figure class=\"wp-block-image size-large is-style-rounded\"><img loading=\"lazy\" decoding=\"async\" width=\"461\" height=\"1024\" data-id=\"9305\" src=\"https:\/\/abadecom.com\/wp-content\/uploads\/2023\/10\/1698174686647-461x1024.jpg\" alt=\"separador carril bici abadecom\" class=\"wp-image-9305\" title=\"separador carril bici abadecom\" srcset=\"https:\/\/abadecom.com\/wp-content\/uploads\/2023\/10\/1698174686647-461x1024.jpg 461w, https:\/\/abadecom.com\/wp-content\/uploads\/2023\/10\/1698174686647-135x300.jpg 135w, https:\/\/abadecom.com\/wp-content\/uploads\/2023\/10\/1698174686647-768x1707.jpg 768w, https:\/\/abadecom.com\/wp-content\/uploads\/2023\/10\/1698174686647-1600x3556.jpg 1600w, https:\/\/abadecom.com\/wp-content\/uploads\/2023\/10\/1698174686647-691x1536.jpg 691w, https:\/\/abadecom.com\/wp-content\/uploads\/2023\/10\/1698174686647-922x2048.jpg 922w, https:\/\/abadecom.com\/wp-content\/uploads\/2023\/10\/1698174686647-scaled.jpg 1152w\" sizes=\"auto, (max-width: 461px) 100vw, 461px\" \/><\/figure>\n<\/figure>\n<\/div>\n<\/div>\n<\/div>\n<\/div>","protected":false},"excerpt":{"rendered":"<p>En Abadecom, estamos entusiasmados de compartir una emocionante noticia: cada vez m\u00e1s ciudades conf\u00edan en nuestra innovadora soluci\u00f3n de movilidad sostenible. Nuestros Separadores de Carril Bici Fotoluminiscentes, fabricados con pl\u00e1stico 100% reciclado, son la elecci\u00f3n preferida por su durabilidad y compromiso con el medio ambiente. Ventajas Destacadas: Durabilidad sin Igual: Gracias al uso de PVC [&#8230;]<\/p>\n<p><a class=\"btn btn-secondary understrap-read-more-link\" href=\"https:\/\/abadecom.com\/it\/nuevas-ciudades-confian-en-los-separadores-de-carril-bici-fotoluminiscentes\/\">Leggi di pi\u00f9&#8230;<span class=\"screen-reader-text\"> from Nuevas Ciudades conf\u00edan en los Separadores de Carril Bici Fotoluminiscentes<\/span><\/a><\/p>\n","protected":false},"author":1,"featured_media":9302,"comment_status":"open","ping_status":"open","sticky":false,"template":"","format":"standard","meta":{"content-type":"","_monsterinsights_skip_tracking":false,"pgc_sgb_lightbox_settings":"","footnotes":""},"categories":[1],"tags":[],"class_list":["post-9300","post","type-post","status-publish","format-standard","has-post-thumbnail","hentry","category-sin-categorizar"],"yoast_head":"<!-- This site is optimized with the Yoast SEO plugin v28.4 - https:\/\/yoast.com\/product\/yoast-seo-wordpress\/ -->\n<title>Nuevas Ciudades conf\u00edan en los Separadores de Carril Bici Fotoluminiscentes - Abadecom<\/title>\n<meta name=\"description\" content=\"Cada vez m\u00e1s ciudades conf\u00edan en nuestra innovadora soluci\u00f3n de movilidad sostenible. Nuestros Separadores de Carril Bici Fotoluminiscentes\" \/>\n<meta name=\"robots\" content=\"index, follow, max-snippet:-1, max-image-preview:large, max-video-preview:-1\" \/>\n<link rel=\"canonical\" href=\"https:\/\/abadecom.com\/it\/nuevas-ciudades-confian-en-los-separadores-de-carril-bici-fotoluminiscentes\/\" \/>\n<meta property=\"og:locale\" content=\"it_IT\" \/>\n<meta property=\"og:type\" content=\"article\" \/>\n<meta property=\"og:title\" content=\"Nuevas Ciudades conf\u00edan en los Separadores de Carril Bici Fotoluminiscentes - Abadecom\" \/>\n<meta property=\"og:description\" content=\"Cada vez m\u00e1s ciudades conf\u00edan en nuestra innovadora soluci\u00f3n de movilidad sostenible. Nuestros Separadores de Carril Bici Fotoluminiscentes\" \/>\n<meta property=\"og:url\" content=\"https:\/\/abadecom.com\/it\/nuevas-ciudades-confian-en-los-separadores-de-carril-bici-fotoluminiscentes\/\" \/>\n<meta property=\"og:site_name\" content=\"Abadecom\" \/>\n<meta property=\"article:published_time\" content=\"2023-10-31T11:59:10+00:00\" \/>\n<meta property=\"article:modified_time\" content=\"2023-10-31T13:11:37+00:00\" \/>\n<meta property=\"og:image\" content=\"https:\/\/abadecom.com\/wp-content\/uploads\/2023\/10\/Collage-separador-massalfasar.jpg\" \/>\n\t<meta property=\"og:image:width\" content=\"1645\" \/>\n\t<meta property=\"og:image:height\" content=\"1379\" \/>\n\t<meta property=\"og:image:type\" content=\"image\/jpeg\" \/>\n<meta name=\"author\" content=\"AdminAabadeco\" \/>\n<meta name=\"twitter:card\" content=\"summary_large_image\" \/>\n<meta name=\"twitter:label1\" content=\"Scritto da\" \/>\n\t<meta name=\"twitter:data1\" content=\"AdminAabadeco\" \/>\n\t<meta name=\"twitter:label2\" content=\"Tempo di lettura stimato\" \/>\n\t<meta name=\"twitter:data2\" content=\"2 minuti\" \/>\n<script type=\"application\/ld+json\" class=\"yoast-schema-graph\">{\"@context\":\"https:\\\/\\\/schema.org\",\"@graph\":[{\"@type\":\"Article\",\"@id\":\"https:\\\/\\\/abadecom.com\\\/nuevas-ciudades-confian-en-los-separadores-de-carril-bici-fotoluminiscentes\\\/#article\",\"isPartOf\":{\"@id\":\"https:\\\/\\\/abadecom.com\\\/nuevas-ciudades-confian-en-los-separadores-de-carril-bici-fotoluminiscentes\\\/\"},\"author\":{\"name\":\"AdminAabadeco\",\"@id\":\"https:\\\/\\\/abadecom.com\\\/#\\\/schema\\\/person\\\/477a7cc0ed6c040d67343c7a3fda930b\"},\"headline\":\"Nuevas Ciudades conf\u00edan en los Separadores de Carril Bici Fotoluminiscentes\",\"datePublished\":\"2023-10-31T11:59:10+00:00\",\"dateModified\":\"2023-10-31T13:11:37+00:00\",\"mainEntityOfPage\":{\"@id\":\"https:\\\/\\\/abadecom.com\\\/nuevas-ciudades-confian-en-los-separadores-de-carril-bici-fotoluminiscentes\\\/\"},\"wordCount\":324,\"commentCount\":10,\"publisher\":{\"@id\":\"https:\\\/\\\/abadecom.com\\\/#organization\"},\"image\":{\"@id\":\"https:\\\/\\\/abadecom.com\\\/nuevas-ciudades-confian-en-los-separadores-de-carril-bici-fotoluminiscentes\\\/#primaryimage\"},\"thumbnailUrl\":\"https:\\\/\\\/abadecom.com\\\/wp-content\\\/uploads\\\/2023\\\/10\\\/Collage-separador-massalfasar.jpg\",\"articleSection\":[\"Sin categorizar\"],\"inLanguage\":\"it-IT\",\"potentialAction\":[{\"@type\":\"CommentAction\",\"name\":\"Comment\",\"target\":[\"https:\\\/\\\/abadecom.com\\\/nuevas-ciudades-confian-en-los-separadores-de-carril-bici-fotoluminiscentes\\\/#respond\"]}]},{\"@type\":\"WebPage\",\"@id\":\"https:\\\/\\\/abadecom.com\\\/nuevas-ciudades-confian-en-los-separadores-de-carril-bici-fotoluminiscentes\\\/\",\"url\":\"https:\\\/\\\/abadecom.com\\\/nuevas-ciudades-confian-en-los-separadores-de-carril-bici-fotoluminiscentes\\\/\",\"name\":\"Nuevas Ciudades conf\u00edan en los Separadores de Carril Bici Fotoluminiscentes - Abadecom\",\"isPartOf\":{\"@id\":\"https:\\\/\\\/abadecom.com\\\/#website\"},\"primaryImageOfPage\":{\"@id\":\"https:\\\/\\\/abadecom.com\\\/nuevas-ciudades-confian-en-los-separadores-de-carril-bici-fotoluminiscentes\\\/#primaryimage\"},\"image\":{\"@id\":\"https:\\\/\\\/abadecom.com\\\/nuevas-ciudades-confian-en-los-separadores-de-carril-bici-fotoluminiscentes\\\/#primaryimage\"},\"thumbnailUrl\":\"https:\\\/\\\/abadecom.com\\\/wp-content\\\/uploads\\\/2023\\\/10\\\/Collage-separador-massalfasar.jpg\",\"datePublished\":\"2023-10-31T11:59:10+00:00\",\"dateModified\":\"2023-10-31T13:11:37+00:00\",\"description\":\"Cada vez m\u00e1s ciudades conf\u00edan en nuestra innovadora soluci\u00f3n de movilidad sostenible. Nuestros Separadores de Carril Bici Fotoluminiscentes\",\"inLanguage\":\"it-IT\",\"potentialAction\":[{\"@type\":\"ReadAction\",\"target\":[\"https:\\\/\\\/abadecom.com\\\/nuevas-ciudades-confian-en-los-separadores-de-carril-bici-fotoluminiscentes\\\/\"]}]},{\"@type\":\"ImageObject\",\"inLanguage\":\"it-IT\",\"@id\":\"https:\\\/\\\/abadecom.com\\\/nuevas-ciudades-confian-en-los-separadores-de-carril-bici-fotoluminiscentes\\\/#primaryimage\",\"url\":\"https:\\\/\\\/abadecom.com\\\/wp-content\\\/uploads\\\/2023\\\/10\\\/Collage-separador-massalfasar.jpg\",\"contentUrl\":\"https:\\\/\\\/abadecom.com\\\/wp-content\\\/uploads\\\/2023\\\/10\\\/Collage-separador-massalfasar.jpg\",\"width\":1645,\"height\":1379,\"caption\":\"Separador carril Abadecom Massalfasar\"},{\"@type\":\"WebSite\",\"@id\":\"https:\\\/\\\/abadecom.com\\\/#website\",\"url\":\"https:\\\/\\\/abadecom.com\\\/\",\"name\":\"Abadecom\",\"description\":\"Productos sostenibles y respetuosos con el medio ambiente\",\"publisher\":{\"@id\":\"https:\\\/\\\/abadecom.com\\\/#organization\"},\"alternateName\":\"Abadecom\",\"potentialAction\":[{\"@type\":\"SearchAction\",\"target\":{\"@type\":\"EntryPoint\",\"urlTemplate\":\"https:\\\/\\\/abadecom.com\\\/?s={search_term_string}\"},\"query-input\":{\"@type\":\"PropertyValueSpecification\",\"valueRequired\":true,\"valueName\":\"search_term_string\"}}],\"inLanguage\":\"it-IT\"},{\"@type\":\"Organization\",\"@id\":\"https:\\\/\\\/abadecom.com\\\/#organization\",\"name\":\"Abadecom\",\"url\":\"https:\\\/\\\/abadecom.com\\\/\",\"logo\":{\"@type\":\"ImageObject\",\"inLanguage\":\"it-IT\",\"@id\":\"https:\\\/\\\/abadecom.com\\\/#\\\/schema\\\/logo\\\/image\\\/\",\"url\":\"https:\\\/\\\/abadecom.com\\\/wp-content\\\/uploads\\\/2022\\\/03\\\/Logo-Abadecom-e1647715158799.png\",\"contentUrl\":\"https:\\\/\\\/abadecom.com\\\/wp-content\\\/uploads\\\/2022\\\/03\\\/Logo-Abadecom-e1647715158799.png\",\"width\":200,\"height\":117,\"caption\":\"Abadecom\"},\"image\":{\"@id\":\"https:\\\/\\\/abadecom.com\\\/#\\\/schema\\\/logo\\\/image\\\/\"}},{\"@type\":\"Person\",\"@id\":\"https:\\\/\\\/abadecom.com\\\/#\\\/schema\\\/person\\\/477a7cc0ed6c040d67343c7a3fda930b\",\"name\":\"AdminAabadeco\",\"image\":{\"@type\":\"ImageObject\",\"inLanguage\":\"it-IT\",\"@id\":\"https:\\\/\\\/secure.gravatar.com\\\/avatar\\\/2630c0cee03e7f483e5ca41ec6649375f24ca272e920f8386983684762e36487?s=96&d=mm&r=g\",\"url\":\"https:\\\/\\\/secure.gravatar.com\\\/avatar\\\/2630c0cee03e7f483e5ca41ec6649375f24ca272e920f8386983684762e36487?s=96&d=mm&r=g\",\"contentUrl\":\"https:\\\/\\\/secure.gravatar.com\\\/avatar\\\/2630c0cee03e7f483e5ca41ec6649375f24ca272e920f8386983684762e36487?s=96&d=mm&r=g\",\"caption\":\"AdminAabadeco\"},\"sameAs\":[\"https:\\\/\\\/abadecom.com\"],\"url\":\"https:\\\/\\\/abadecom.com\\\/it\\\/author\\\/adminaabadeco\\\/\"}]}<\/script>\n<!-- \/ Yoast SEO plugin. -->","yoast_head_json":{"title":"Nuevas Ciudades conf\u00edan en los Separadores de Carril Bici Fotoluminiscentes - Abadecom","description":"Cada vez m\u00e1s ciudades conf\u00edan en nuestra innovadora soluci\u00f3n de movilidad sostenible. Nuestros Separadores de Carril Bici Fotoluminiscentes","robots":{"index":"index","follow":"follow","max-snippet":"max-snippet:-1","max-image-preview":"max-image-preview:large","max-video-preview":"max-video-preview:-1"},"canonical":"https:\/\/abadecom.com\/it\/nuevas-ciudades-confian-en-los-separadores-de-carril-bici-fotoluminiscentes\/","og_locale":"it_IT","og_type":"article","og_title":"Nuevas Ciudades conf\u00edan en los Separadores de Carril Bici Fotoluminiscentes - Abadecom","og_description":"Cada vez m\u00e1s ciudades conf\u00edan en nuestra innovadora soluci\u00f3n de movilidad sostenible. Nuestros Separadores de Carril Bici Fotoluminiscentes","og_url":"https:\/\/abadecom.com\/it\/nuevas-ciudades-confian-en-los-separadores-de-carril-bici-fotoluminiscentes\/","og_site_name":"Abadecom","article_published_time":"2023-10-31T11:59:10+00:00","article_modified_time":"2023-10-31T13:11:37+00:00","og_image":[{"width":1645,"height":1379,"url":"https:\/\/abadecom.com\/wp-content\/uploads\/2023\/10\/Collage-separador-massalfasar.jpg","type":"image\/jpeg"}],"author":"AdminAabadeco","twitter_card":"summary_large_image","twitter_misc":{"Scritto da":"AdminAabadeco","Tempo di lettura stimato":"2 minuti"},"schema":{"@context":"https:\/\/schema.org","@graph":[{"@type":"Article","@id":"https:\/\/abadecom.com\/nuevas-ciudades-confian-en-los-separadores-de-carril-bici-fotoluminiscentes\/#article","isPartOf":{"@id":"https:\/\/abadecom.com\/nuevas-ciudades-confian-en-los-separadores-de-carril-bici-fotoluminiscentes\/"},"author":{"name":"AdminAabadeco","@id":"https:\/\/abadecom.com\/#\/schema\/person\/477a7cc0ed6c040d67343c7a3fda930b"},"headline":"Nuevas Ciudades conf\u00edan en los Separadores de Carril Bici Fotoluminiscentes","datePublished":"2023-10-31T11:59:10+00:00","dateModified":"2023-10-31T13:11:37+00:00","mainEntityOfPage":{"@id":"https:\/\/abadecom.com\/nuevas-ciudades-confian-en-los-separadores-de-carril-bici-fotoluminiscentes\/"},"wordCount":324,"commentCount":10,"publisher":{"@id":"https:\/\/abadecom.com\/#organization"},"image":{"@id":"https:\/\/abadecom.com\/nuevas-ciudades-confian-en-los-separadores-de-carril-bici-fotoluminiscentes\/#primaryimage"},"thumbnailUrl":"https:\/\/abadecom.com\/wp-content\/uploads\/2023\/10\/Collage-separador-massalfasar.jpg","articleSection":["Sin categorizar"],"inLanguage":"it-IT","potentialAction":[{"@type":"CommentAction","name":"Comment","target":["https:\/\/abadecom.com\/nuevas-ciudades-confian-en-los-separadores-de-carril-bici-fotoluminiscentes\/#respond"]}]},{"@type":"WebPage","@id":"https:\/\/abadecom.com\/nuevas-ciudades-confian-en-los-separadores-de-carril-bici-fotoluminiscentes\/","url":"https:\/\/abadecom.com\/nuevas-ciudades-confian-en-los-separadores-de-carril-bici-fotoluminiscentes\/","name":"Nuevas Ciudades conf\u00edan en los Separadores de Carril Bici Fotoluminiscentes - Abadecom","isPartOf":{"@id":"https:\/\/abadecom.com\/#website"},"primaryImageOfPage":{"@id":"https:\/\/abadecom.com\/nuevas-ciudades-confian-en-los-separadores-de-carril-bici-fotoluminiscentes\/#primaryimage"},"image":{"@id":"https:\/\/abadecom.com\/nuevas-ciudades-confian-en-los-separadores-de-carril-bici-fotoluminiscentes\/#primaryimage"},"thumbnailUrl":"https:\/\/abadecom.com\/wp-content\/uploads\/2023\/10\/Collage-separador-massalfasar.jpg","datePublished":"2023-10-31T11:59:10+00:00","dateModified":"2023-10-31T13:11:37+00:00","description":"Cada vez m\u00e1s ciudades conf\u00edan en nuestra innovadora soluci\u00f3n de movilidad sostenible. Nuestros Separadores de Carril Bici Fotoluminiscentes","inLanguage":"it-IT","potentialAction":[{"@type":"ReadAction","target":["https:\/\/abadecom.com\/nuevas-ciudades-confian-en-los-separadores-de-carril-bici-fotoluminiscentes\/"]}]},{"@type":"ImageObject","inLanguage":"it-IT","@id":"https:\/\/abadecom.com\/nuevas-ciudades-confian-en-los-separadores-de-carril-bici-fotoluminiscentes\/#primaryimage","url":"https:\/\/abadecom.com\/wp-content\/uploads\/2023\/10\/Collage-separador-massalfasar.jpg","contentUrl":"https:\/\/abadecom.com\/wp-content\/uploads\/2023\/10\/Collage-separador-massalfasar.jpg","width":1645,"height":1379,"caption":"Separador carril Abadecom Massalfasar"},{"@type":"WebSite","@id":"https:\/\/abadecom.com\/#website","url":"https:\/\/abadecom.com\/","name":"Abadecom","description":"Prodotti sostenibili e rispettosi dell'ambiente","publisher":{"@id":"https:\/\/abadecom.com\/#organization"},"alternateName":"Abadecom","potentialAction":[{"@type":"SearchAction","target":{"@type":"EntryPoint","urlTemplate":"https:\/\/abadecom.com\/?s={search_term_string}"},"query-input":{"@type":"PropertyValueSpecification","valueRequired":true,"valueName":"search_term_string"}}],"inLanguage":"it-IT"},{"@type":"Organization","@id":"https:\/\/abadecom.com\/#organization","name":"Abadecom","url":"https:\/\/abadecom.com\/","logo":{"@type":"ImageObject","inLanguage":"it-IT","@id":"https:\/\/abadecom.com\/#\/schema\/logo\/image\/","url":"https:\/\/abadecom.com\/wp-content\/uploads\/2022\/03\/Logo-Abadecom-e1647715158799.png","contentUrl":"https:\/\/abadecom.com\/wp-content\/uploads\/2022\/03\/Logo-Abadecom-e1647715158799.png","width":200,"height":117,"caption":"Abadecom"},"image":{"@id":"https:\/\/abadecom.com\/#\/schema\/logo\/image\/"}},{"@type":"Person","@id":"https:\/\/abadecom.com\/#\/schema\/person\/477a7cc0ed6c040d67343c7a3fda930b","name":"AdminAabadeco","image":{"@type":"ImageObject","inLanguage":"it-IT","@id":"https:\/\/secure.gravatar.com\/avatar\/2630c0cee03e7f483e5ca41ec6649375f24ca272e920f8386983684762e36487?s=96&d=mm&r=g","url":"https:\/\/secure.gravatar.com\/avatar\/2630c0cee03e7f483e5ca41ec6649375f24ca272e920f8386983684762e36487?s=96&d=mm&r=g","contentUrl":"https:\/\/secure.gravatar.com\/avatar\/2630c0cee03e7f483e5ca41ec6649375f24ca272e920f8386983684762e36487?s=96&d=mm&r=g","caption":"AdminAabadeco"},"sameAs":["https:\/\/abadecom.com"],"url":"https:\/\/abadecom.com\/it\/author\/adminaabadeco\/"}]}},"_links":{"self":[{"href":"https:\/\/abadecom.com\/it\/wp-json\/wp\/v2\/posts\/9300","targetHints":{"allow":["GET"]}}],"collection":[{"href":"https:\/\/abadecom.com\/it\/wp-json\/wp\/v2\/posts"}],"about":[{"href":"https:\/\/abadecom.com\/it\/wp-json\/wp\/v2\/types\/post"}],"author":[{"embeddable":true,"href":"https:\/\/abadecom.com\/it\/wp-json\/wp\/v2\/users\/1"}],"replies":[{"embeddable":true,"href":"https:\/\/abadecom.com\/it\/wp-json\/wp\/v2\/comments?post=9300"}],"version-history":[{"count":6,"href":"https:\/\/abadecom.com\/it\/wp-json\/wp\/v2\/posts\/9300\/revisions"}],"predecessor-version":[{"id":9310,"href":"https:\/\/abadecom.com\/it\/wp-json\/wp\/v2\/posts\/9300\/revisions\/9310"}],"wp:featuredmedia":[{"embeddable":true,"href":"https:\/\/abadecom.com\/it\/wp-json\/wp\/v2\/media\/9302"}],"wp:attachment":[{"href":"https:\/\/abadecom.com\/it\/wp-json\/wp\/v2\/media?parent=9300"}],"wp:term":[{"taxonomy":"category","embeddable":true,"href":"https:\/\/abadecom.com\/it\/wp-json\/wp\/v2\/categories?post=9300"},{"taxonomy":"post_tag","embeddable":true,"href":"https:\/\/abadecom.com\/it\/wp-json\/wp\/v2\/tags?post=9300"}],"curies":[{"name":"wp","href":"https:\/\/api.w.org\/{rel}","templated":true}]}}