{"id":8621,"date":"2023-06-02T08:48:24","date_gmt":"2023-06-02T08:48:24","guid":{"rendered":"https:\/\/abadecom.com\/?p=8621"},"modified":"2023-06-02T08:48:26","modified_gmt":"2023-06-02T08:48:26","slug":"la-baliza-truncada-fotoluminiscente-el-producto-ideal-para-balizar","status":"publish","type":"post","link":"https:\/\/abadecom.com\/it\/la-baliza-truncada-fotoluminiscente-el-producto-ideal-para-balizar\/","title":{"rendered":"La Baliza Truncada Fotoluminiscente, el producto ideal para balizar"},"content":{"rendered":"<p class=\"wp-block-paragraph\">Como ya bien saben nuestros grandes pilares son la sostenibilidad y medio ambiente. Como parte de nuestros proyectos de econom\u00eda circular tenemos la Baliza truncada fotoluminiscente creados con pl\u00e1stico 100% reciclado y reciclable.<\/p>\n\n\n\n<p class=\"wp-block-paragraph\">Es un excelente producto de se\u00f1al\u00e9tica para marcar las v\u00edas en condiciones de poca o nula iluminaci\u00f3n. Cada pieza tiene una altura de 65 mil\u00edmetros, mientras que el di\u00e1metro de este dispositivo fotoluminiscente tiene 67 mil\u00edmetros. Presenta el tama\u00f1o adecuado para cumplir sus funciones sin afectar la movilidad.<\/p>\n\n\n\n<p class=\"wp-block-paragraph\">Para mas informaci\u00f3n: info@abadecom.com<\/p>","protected":false},"excerpt":{"rendered":"<p>Como ya bien saben nuestros grandes pilares son la sostenibilidad y medio ambiente. Como parte de nuestros proyectos de econom\u00eda circular tenemos la Baliza truncada fotoluminiscente creados con pl\u00e1stico 100% reciclado y reciclable. Es un excelente producto de se\u00f1al\u00e9tica para marcar las v\u00edas en condiciones de poca o nula iluminaci\u00f3n. Cada pieza tiene una altura [&#8230;]<\/p>\n<p><a class=\"btn btn-secondary understrap-read-more-link\" href=\"https:\/\/abadecom.com\/it\/la-baliza-truncada-fotoluminiscente-el-producto-ideal-para-balizar\/\">Leggi di pi\u00f9&#8230;<span class=\"screen-reader-text\"> from La Baliza Truncada Fotoluminiscente, el producto ideal para balizar<\/span><\/a><\/p>\n","protected":false},"author":1,"featured_media":8622,"comment_status":"open","ping_status":"open","sticky":false,"template":"","format":"standard","meta":{"content-type":"","_monsterinsights_skip_tracking":false,"pgc_sgb_lightbox_settings":"","footnotes":""},"categories":[1],"tags":[],"class_list":["post-8621","post","type-post","status-publish","format-standard","has-post-thumbnail","hentry","category-sin-categorizar"],"yoast_head":"<!-- This site is optimized with the Yoast SEO plugin v28.4 - https:\/\/yoast.com\/product\/yoast-seo-wordpress\/ -->\n<title>La Baliza Truncada Fotoluminiscente, el producto ideal para balizar - Abadecom<\/title>\n<meta name=\"robots\" content=\"index, follow, max-snippet:-1, max-image-preview:large, max-video-preview:-1\" \/>\n<link rel=\"canonical\" href=\"https:\/\/abadecom.com\/it\/la-baliza-truncada-fotoluminiscente-el-producto-ideal-para-balizar\/\" \/>\n<meta property=\"og:locale\" content=\"it_IT\" \/>\n<meta property=\"og:type\" content=\"article\" \/>\n<meta property=\"og:title\" content=\"La Baliza Truncada Fotoluminiscente, el producto ideal para balizar - Abadecom\" \/>\n<meta property=\"og:description\" content=\"Como ya bien saben nuestros grandes pilares son la sostenibilidad y medio ambiente. Como parte de nuestros proyectos de econom\u00eda circular tenemos la Baliza truncada fotoluminiscente creados con pl\u00e1stico 100% reciclado y reciclable. Es un excelente producto de se\u00f1al\u00e9tica para marcar las v\u00edas en condiciones de poca o nula iluminaci\u00f3n. Cada pieza tiene una altura [...]Leggi di pi\u00f9... from La Baliza Truncada Fotoluminiscente, el producto ideal para balizar\" \/>\n<meta property=\"og:url\" content=\"https:\/\/abadecom.com\/it\/la-baliza-truncada-fotoluminiscente-el-producto-ideal-para-balizar\/\" \/>\n<meta property=\"og:site_name\" content=\"Abadecom\" \/>\n<meta property=\"article:published_time\" content=\"2023-06-02T08:48:24+00:00\" \/>\n<meta property=\"article:modified_time\" content=\"2023-06-02T08:48:26+00:00\" \/>\n<meta property=\"og:image\" content=\"https:\/\/abadecom.com\/wp-content\/uploads\/2023\/06\/Baliza-truncada.jpg\" \/>\n\t<meta property=\"og:image:width\" content=\"1200\" \/>\n\t<meta property=\"og:image:height\" content=\"1200\" \/>\n\t<meta property=\"og:image:type\" content=\"image\/jpeg\" \/>\n<meta name=\"author\" content=\"AdminAabadeco\" \/>\n<meta name=\"twitter:card\" content=\"summary_large_image\" \/>\n<meta name=\"twitter:label1\" content=\"Scritto da\" \/>\n\t<meta name=\"twitter:data1\" content=\"AdminAabadeco\" \/>\n\t<meta name=\"twitter:label2\" content=\"Tempo di lettura stimato\" \/>\n\t<meta name=\"twitter:data2\" content=\"1 minuto\" \/>\n<script type=\"application\/ld+json\" class=\"yoast-schema-graph\">{\"@context\":\"https:\\\/\\\/schema.org\",\"@graph\":[{\"@type\":\"Article\",\"@id\":\"https:\\\/\\\/abadecom.com\\\/la-baliza-truncada-fotoluminiscente-el-producto-ideal-para-balizar\\\/#article\",\"isPartOf\":{\"@id\":\"https:\\\/\\\/abadecom.com\\\/la-baliza-truncada-fotoluminiscente-el-producto-ideal-para-balizar\\\/\"},\"author\":{\"name\":\"AdminAabadeco\",\"@id\":\"https:\\\/\\\/abadecom.com\\\/#\\\/schema\\\/person\\\/477a7cc0ed6c040d67343c7a3fda930b\"},\"headline\":\"La Baliza Truncada Fotoluminiscente, el producto ideal para balizar\",\"datePublished\":\"2023-06-02T08:48:24+00:00\",\"dateModified\":\"2023-06-02T08:48:26+00:00\",\"mainEntityOfPage\":{\"@id\":\"https:\\\/\\\/abadecom.com\\\/la-baliza-truncada-fotoluminiscente-el-producto-ideal-para-balizar\\\/\"},\"wordCount\":104,\"commentCount\":0,\"publisher\":{\"@id\":\"https:\\\/\\\/abadecom.com\\\/#organization\"},\"image\":{\"@id\":\"https:\\\/\\\/abadecom.com\\\/la-baliza-truncada-fotoluminiscente-el-producto-ideal-para-balizar\\\/#primaryimage\"},\"thumbnailUrl\":\"https:\\\/\\\/abadecom.com\\\/wp-content\\\/uploads\\\/2023\\\/06\\\/Baliza-truncada.jpg\",\"articleSection\":[\"Sin categorizar\"],\"inLanguage\":\"it-IT\",\"potentialAction\":[{\"@type\":\"CommentAction\",\"name\":\"Comment\",\"target\":[\"https:\\\/\\\/abadecom.com\\\/la-baliza-truncada-fotoluminiscente-el-producto-ideal-para-balizar\\\/#respond\"]}]},{\"@type\":\"WebPage\",\"@id\":\"https:\\\/\\\/abadecom.com\\\/la-baliza-truncada-fotoluminiscente-el-producto-ideal-para-balizar\\\/\",\"url\":\"https:\\\/\\\/abadecom.com\\\/la-baliza-truncada-fotoluminiscente-el-producto-ideal-para-balizar\\\/\",\"name\":\"La Baliza Truncada Fotoluminiscente, el producto ideal para balizar - Abadecom\",\"isPartOf\":{\"@id\":\"https:\\\/\\\/abadecom.com\\\/#website\"},\"primaryImageOfPage\":{\"@id\":\"https:\\\/\\\/abadecom.com\\\/la-baliza-truncada-fotoluminiscente-el-producto-ideal-para-balizar\\\/#primaryimage\"},\"image\":{\"@id\":\"https:\\\/\\\/abadecom.com\\\/la-baliza-truncada-fotoluminiscente-el-producto-ideal-para-balizar\\\/#primaryimage\"},\"thumbnailUrl\":\"https:\\\/\\\/abadecom.com\\\/wp-content\\\/uploads\\\/2023\\\/06\\\/Baliza-truncada.jpg\",\"datePublished\":\"2023-06-02T08:48:24+00:00\",\"dateModified\":\"2023-06-02T08:48:26+00:00\",\"inLanguage\":\"it-IT\",\"potentialAction\":[{\"@type\":\"ReadAction\",\"target\":[\"https:\\\/\\\/abadecom.com\\\/la-baliza-truncada-fotoluminiscente-el-producto-ideal-para-balizar\\\/\"]}]},{\"@type\":\"ImageObject\",\"inLanguage\":\"it-IT\",\"@id\":\"https:\\\/\\\/abadecom.com\\\/la-baliza-truncada-fotoluminiscente-el-producto-ideal-para-balizar\\\/#primaryimage\",\"url\":\"https:\\\/\\\/abadecom.com\\\/wp-content\\\/uploads\\\/2023\\\/06\\\/Baliza-truncada.jpg\",\"contentUrl\":\"https:\\\/\\\/abadecom.com\\\/wp-content\\\/uploads\\\/2023\\\/06\\\/Baliza-truncada.jpg\",\"width\":1200,\"height\":1200},{\"@type\":\"WebSite\",\"@id\":\"https:\\\/\\\/abadecom.com\\\/#website\",\"url\":\"https:\\\/\\\/abadecom.com\\\/\",\"name\":\"Abadecom\",\"description\":\"Productos sostenibles y respetuosos con el medio ambiente\",\"publisher\":{\"@id\":\"https:\\\/\\\/abadecom.com\\\/#organization\"},\"alternateName\":\"Abadecom\",\"potentialAction\":[{\"@type\":\"SearchAction\",\"target\":{\"@type\":\"EntryPoint\",\"urlTemplate\":\"https:\\\/\\\/abadecom.com\\\/?s={search_term_string}\"},\"query-input\":{\"@type\":\"PropertyValueSpecification\",\"valueRequired\":true,\"valueName\":\"search_term_string\"}}],\"inLanguage\":\"it-IT\"},{\"@type\":\"Organization\",\"@id\":\"https:\\\/\\\/abadecom.com\\\/#organization\",\"name\":\"Abadecom\",\"url\":\"https:\\\/\\\/abadecom.com\\\/\",\"logo\":{\"@type\":\"ImageObject\",\"inLanguage\":\"it-IT\",\"@id\":\"https:\\\/\\\/abadecom.com\\\/#\\\/schema\\\/logo\\\/image\\\/\",\"url\":\"https:\\\/\\\/abadecom.com\\\/wp-content\\\/uploads\\\/2022\\\/03\\\/Logo-Abadecom-e1647715158799.png\",\"contentUrl\":\"https:\\\/\\\/abadecom.com\\\/wp-content\\\/uploads\\\/2022\\\/03\\\/Logo-Abadecom-e1647715158799.png\",\"width\":200,\"height\":117,\"caption\":\"Abadecom\"},\"image\":{\"@id\":\"https:\\\/\\\/abadecom.com\\\/#\\\/schema\\\/logo\\\/image\\\/\"}},{\"@type\":\"Person\",\"@id\":\"https:\\\/\\\/abadecom.com\\\/#\\\/schema\\\/person\\\/477a7cc0ed6c040d67343c7a3fda930b\",\"name\":\"AdminAabadeco\",\"image\":{\"@type\":\"ImageObject\",\"inLanguage\":\"it-IT\",\"@id\":\"https:\\\/\\\/secure.gravatar.com\\\/avatar\\\/2630c0cee03e7f483e5ca41ec6649375f24ca272e920f8386983684762e36487?s=96&d=mm&r=g\",\"url\":\"https:\\\/\\\/secure.gravatar.com\\\/avatar\\\/2630c0cee03e7f483e5ca41ec6649375f24ca272e920f8386983684762e36487?s=96&d=mm&r=g\",\"contentUrl\":\"https:\\\/\\\/secure.gravatar.com\\\/avatar\\\/2630c0cee03e7f483e5ca41ec6649375f24ca272e920f8386983684762e36487?s=96&d=mm&r=g\",\"caption\":\"AdminAabadeco\"},\"sameAs\":[\"https:\\\/\\\/abadecom.com\"],\"url\":\"https:\\\/\\\/abadecom.com\\\/it\\\/author\\\/adminaabadeco\\\/\"}]}<\/script>\n<!-- \/ Yoast SEO plugin. -->","yoast_head_json":{"title":"La Baliza Truncada Fotoluminiscente, el producto ideal para balizar - Abadecom","robots":{"index":"index","follow":"follow","max-snippet":"max-snippet:-1","max-image-preview":"max-image-preview:large","max-video-preview":"max-video-preview:-1"},"canonical":"https:\/\/abadecom.com\/it\/la-baliza-truncada-fotoluminiscente-el-producto-ideal-para-balizar\/","og_locale":"it_IT","og_type":"article","og_title":"La Baliza Truncada Fotoluminiscente, el producto ideal para balizar - Abadecom","og_description":"Como ya bien saben nuestros grandes pilares son la sostenibilidad y medio ambiente. Como parte de nuestros proyectos de econom\u00eda circular tenemos la Baliza truncada fotoluminiscente creados con pl\u00e1stico 100% reciclado y reciclable. Es un excelente producto de se\u00f1al\u00e9tica para marcar las v\u00edas en condiciones de poca o nula iluminaci\u00f3n. Cada pieza tiene una altura [...]Leggi di pi\u00f9... from La Baliza Truncada Fotoluminiscente, el producto ideal para balizar","og_url":"https:\/\/abadecom.com\/it\/la-baliza-truncada-fotoluminiscente-el-producto-ideal-para-balizar\/","og_site_name":"Abadecom","article_published_time":"2023-06-02T08:48:24+00:00","article_modified_time":"2023-06-02T08:48:26+00:00","og_image":[{"width":1200,"height":1200,"url":"https:\/\/abadecom.com\/wp-content\/uploads\/2023\/06\/Baliza-truncada.jpg","type":"image\/jpeg"}],"author":"AdminAabadeco","twitter_card":"summary_large_image","twitter_misc":{"Scritto da":"AdminAabadeco","Tempo di lettura stimato":"1 minuto"},"schema":{"@context":"https:\/\/schema.org","@graph":[{"@type":"Article","@id":"https:\/\/abadecom.com\/la-baliza-truncada-fotoluminiscente-el-producto-ideal-para-balizar\/#article","isPartOf":{"@id":"https:\/\/abadecom.com\/la-baliza-truncada-fotoluminiscente-el-producto-ideal-para-balizar\/"},"author":{"name":"AdminAabadeco","@id":"https:\/\/abadecom.com\/#\/schema\/person\/477a7cc0ed6c040d67343c7a3fda930b"},"headline":"La Baliza Truncada Fotoluminiscente, el producto ideal para balizar","datePublished":"2023-06-02T08:48:24+00:00","dateModified":"2023-06-02T08:48:26+00:00","mainEntityOfPage":{"@id":"https:\/\/abadecom.com\/la-baliza-truncada-fotoluminiscente-el-producto-ideal-para-balizar\/"},"wordCount":104,"commentCount":0,"publisher":{"@id":"https:\/\/abadecom.com\/#organization"},"image":{"@id":"https:\/\/abadecom.com\/la-baliza-truncada-fotoluminiscente-el-producto-ideal-para-balizar\/#primaryimage"},"thumbnailUrl":"https:\/\/abadecom.com\/wp-content\/uploads\/2023\/06\/Baliza-truncada.jpg","articleSection":["Sin categorizar"],"inLanguage":"it-IT","potentialAction":[{"@type":"CommentAction","name":"Comment","target":["https:\/\/abadecom.com\/la-baliza-truncada-fotoluminiscente-el-producto-ideal-para-balizar\/#respond"]}]},{"@type":"WebPage","@id":"https:\/\/abadecom.com\/la-baliza-truncada-fotoluminiscente-el-producto-ideal-para-balizar\/","url":"https:\/\/abadecom.com\/la-baliza-truncada-fotoluminiscente-el-producto-ideal-para-balizar\/","name":"La Baliza Truncada Fotoluminiscente, el producto ideal para balizar - Abadecom","isPartOf":{"@id":"https:\/\/abadecom.com\/#website"},"primaryImageOfPage":{"@id":"https:\/\/abadecom.com\/la-baliza-truncada-fotoluminiscente-el-producto-ideal-para-balizar\/#primaryimage"},"image":{"@id":"https:\/\/abadecom.com\/la-baliza-truncada-fotoluminiscente-el-producto-ideal-para-balizar\/#primaryimage"},"thumbnailUrl":"https:\/\/abadecom.com\/wp-content\/uploads\/2023\/06\/Baliza-truncada.jpg","datePublished":"2023-06-02T08:48:24+00:00","dateModified":"2023-06-02T08:48:26+00:00","inLanguage":"it-IT","potentialAction":[{"@type":"ReadAction","target":["https:\/\/abadecom.com\/la-baliza-truncada-fotoluminiscente-el-producto-ideal-para-balizar\/"]}]},{"@type":"ImageObject","inLanguage":"it-IT","@id":"https:\/\/abadecom.com\/la-baliza-truncada-fotoluminiscente-el-producto-ideal-para-balizar\/#primaryimage","url":"https:\/\/abadecom.com\/wp-content\/uploads\/2023\/06\/Baliza-truncada.jpg","contentUrl":"https:\/\/abadecom.com\/wp-content\/uploads\/2023\/06\/Baliza-truncada.jpg","width":1200,"height":1200},{"@type":"WebSite","@id":"https:\/\/abadecom.com\/#website","url":"https:\/\/abadecom.com\/","name":"Abadecom","description":"Prodotti sostenibili e rispettosi dell'ambiente","publisher":{"@id":"https:\/\/abadecom.com\/#organization"},"alternateName":"Abadecom","potentialAction":[{"@type":"SearchAction","target":{"@type":"EntryPoint","urlTemplate":"https:\/\/abadecom.com\/?s={search_term_string}"},"query-input":{"@type":"PropertyValueSpecification","valueRequired":true,"valueName":"search_term_string"}}],"inLanguage":"it-IT"},{"@type":"Organization","@id":"https:\/\/abadecom.com\/#organization","name":"Abadecom","url":"https:\/\/abadecom.com\/","logo":{"@type":"ImageObject","inLanguage":"it-IT","@id":"https:\/\/abadecom.com\/#\/schema\/logo\/image\/","url":"https:\/\/abadecom.com\/wp-content\/uploads\/2022\/03\/Logo-Abadecom-e1647715158799.png","contentUrl":"https:\/\/abadecom.com\/wp-content\/uploads\/2022\/03\/Logo-Abadecom-e1647715158799.png","width":200,"height":117,"caption":"Abadecom"},"image":{"@id":"https:\/\/abadecom.com\/#\/schema\/logo\/image\/"}},{"@type":"Person","@id":"https:\/\/abadecom.com\/#\/schema\/person\/477a7cc0ed6c040d67343c7a3fda930b","name":"AdminAabadeco","image":{"@type":"ImageObject","inLanguage":"it-IT","@id":"https:\/\/secure.gravatar.com\/avatar\/2630c0cee03e7f483e5ca41ec6649375f24ca272e920f8386983684762e36487?s=96&d=mm&r=g","url":"https:\/\/secure.gravatar.com\/avatar\/2630c0cee03e7f483e5ca41ec6649375f24ca272e920f8386983684762e36487?s=96&d=mm&r=g","contentUrl":"https:\/\/secure.gravatar.com\/avatar\/2630c0cee03e7f483e5ca41ec6649375f24ca272e920f8386983684762e36487?s=96&d=mm&r=g","caption":"AdminAabadeco"},"sameAs":["https:\/\/abadecom.com"],"url":"https:\/\/abadecom.com\/it\/author\/adminaabadeco\/"}]}},"_links":{"self":[{"href":"https:\/\/abadecom.com\/it\/wp-json\/wp\/v2\/posts\/8621","targetHints":{"allow":["GET"]}}],"collection":[{"href":"https:\/\/abadecom.com\/it\/wp-json\/wp\/v2\/posts"}],"about":[{"href":"https:\/\/abadecom.com\/it\/wp-json\/wp\/v2\/types\/post"}],"author":[{"embeddable":true,"href":"https:\/\/abadecom.com\/it\/wp-json\/wp\/v2\/users\/1"}],"replies":[{"embeddable":true,"href":"https:\/\/abadecom.com\/it\/wp-json\/wp\/v2\/comments?post=8621"}],"version-history":[{"count":1,"href":"https:\/\/abadecom.com\/it\/wp-json\/wp\/v2\/posts\/8621\/revisions"}],"predecessor-version":[{"id":8623,"href":"https:\/\/abadecom.com\/it\/wp-json\/wp\/v2\/posts\/8621\/revisions\/8623"}],"wp:featuredmedia":[{"embeddable":true,"href":"https:\/\/abadecom.com\/it\/wp-json\/wp\/v2\/media\/8622"}],"wp:attachment":[{"href":"https:\/\/abadecom.com\/it\/wp-json\/wp\/v2\/media?parent=8621"}],"wp:term":[{"taxonomy":"category","embeddable":true,"href":"https:\/\/abadecom.com\/it\/wp-json\/wp\/v2\/categories?post=8621"},{"taxonomy":"post_tag","embeddable":true,"href":"https:\/\/abadecom.com\/it\/wp-json\/wp\/v2\/tags?post=8621"}],"curies":[{"name":"wp","href":"https:\/\/api.w.org\/{rel}","templated":true}]}}