{"id":8594,"date":"2023-05-24T11:09:07","date_gmt":"2023-05-24T11:09:07","guid":{"rendered":"https:\/\/abadecom.com\/?p=8594"},"modified":"2023-05-24T11:09:25","modified_gmt":"2023-05-24T11:09:25","slug":"arido-fotoluminiscente-como-balizamiento-y-decoracion","status":"publish","type":"post","link":"https:\/\/abadecom.com\/it\/arido-fotoluminiscente-como-balizamiento-y-decoracion\/","title":{"rendered":"\u00c1rido Fotoluminiscente como balizamiento y decoraci\u00f3n"},"content":{"rendered":"<p class=\"wp-block-paragraph\">En Abadecom Econom\u00eda Circular apostamos por soluciones alternativas de balizamiento como es el \u00e1rido o piedra fotoluminiscente.<\/p>\n\n\n\n<p class=\"wp-block-paragraph\"><br>Nuestro \u00e1rido se incorpora a la superficie de un pavimento pudiendo utilizarse tambi\u00e9n en decoraciones de dise\u00f1os, consiguiendo por su extraordinaria capacidad de captar la luz solar, acumularla y balizar durante toda la noche.<\/p>\n\n\n\n<p class=\"wp-block-paragraph\"><br>Se activa con luz solar o artificial, es resistente al agua y rayos ultravioleta y tiene una duraci\u00f3n de m\u00e1s de 12 horas en condiciones de oscuridad!<\/p>\n\n\n\n<p class=\"wp-block-paragraph\">Para m\u00e1s informaci\u00f3n: info@abadecom.com<\/p>","protected":false},"excerpt":{"rendered":"<p>En Abadecom Econom\u00eda Circular apostamos por soluciones alternativas de balizamiento como es el \u00e1rido o piedra fotoluminiscente. Nuestro \u00e1rido se incorpora a la superficie de un pavimento pudiendo utilizarse tambi\u00e9n en decoraciones de dise\u00f1os, consiguiendo por su extraordinaria capacidad de captar la luz solar, acumularla y balizar durante toda la noche. Se activa con luz [&#8230;]<\/p>\n<p><a class=\"btn btn-secondary understrap-read-more-link\" href=\"https:\/\/abadecom.com\/it\/arido-fotoluminiscente-como-balizamiento-y-decoracion\/\">Leggi di pi\u00f9&#8230;<span class=\"screen-reader-text\"> from \u00c1rido Fotoluminiscente como balizamiento y decoraci\u00f3n<\/span><\/a><\/p>\n","protected":false},"author":1,"featured_media":8595,"comment_status":"open","ping_status":"open","sticky":false,"template":"","format":"standard","meta":{"content-type":"","_monsterinsights_skip_tracking":false,"pgc_sgb_lightbox_settings":"","footnotes":""},"categories":[1],"tags":[],"class_list":["post-8594","post","type-post","status-publish","format-standard","has-post-thumbnail","hentry","category-sin-categorizar"],"yoast_head":"<!-- This site is optimized with the Yoast SEO plugin v28.4 - https:\/\/yoast.com\/product\/yoast-seo-wordpress\/ -->\n<title>\u00c1rido Fotoluminiscente como balizamiento y decoraci\u00f3n - Abadecom<\/title>\n<meta name=\"description\" content=\"En Abadecom Econom\u00eda Circular apostamos por soluciones alternativas de balizamiento como es el \u00e1rido o piedra fotoluminiscente.\" \/>\n<meta name=\"robots\" content=\"index, follow, max-snippet:-1, max-image-preview:large, max-video-preview:-1\" \/>\n<link rel=\"canonical\" href=\"https:\/\/abadecom.com\/it\/arido-fotoluminiscente-como-balizamiento-y-decoracion\/\" \/>\n<meta property=\"og:locale\" content=\"it_IT\" \/>\n<meta property=\"og:type\" content=\"article\" \/>\n<meta property=\"og:title\" content=\"\u00c1rido Fotoluminiscente como balizamiento y decoraci\u00f3n - Abadecom\" \/>\n<meta property=\"og:description\" content=\"En Abadecom Econom\u00eda Circular apostamos por soluciones alternativas de balizamiento como es el \u00e1rido o piedra fotoluminiscente.\" \/>\n<meta property=\"og:url\" content=\"https:\/\/abadecom.com\/it\/arido-fotoluminiscente-como-balizamiento-y-decoracion\/\" \/>\n<meta property=\"og:site_name\" content=\"Abadecom\" \/>\n<meta property=\"article:published_time\" content=\"2023-05-24T11:09:07+00:00\" \/>\n<meta property=\"article:modified_time\" content=\"2023-05-24T11:09:25+00:00\" \/>\n<meta property=\"og:image\" content=\"https:\/\/abadecom.com\/wp-content\/uploads\/2023\/05\/1676603198179.jpg\" \/>\n\t<meta property=\"og:image:width\" content=\"1200\" \/>\n\t<meta property=\"og:image:height\" content=\"1200\" \/>\n\t<meta property=\"og:image:type\" content=\"image\/jpeg\" \/>\n<meta name=\"author\" content=\"AdminAabadeco\" \/>\n<meta name=\"twitter:card\" content=\"summary_large_image\" \/>\n<meta name=\"twitter:label1\" content=\"Scritto da\" \/>\n\t<meta name=\"twitter:data1\" content=\"AdminAabadeco\" \/>\n\t<meta name=\"twitter:label2\" content=\"Tempo di lettura stimato\" \/>\n\t<meta name=\"twitter:data2\" content=\"1 minuto\" \/>\n<script type=\"application\/ld+json\" class=\"yoast-schema-graph\">{\"@context\":\"https:\\\/\\\/schema.org\",\"@graph\":[{\"@type\":\"Article\",\"@id\":\"https:\\\/\\\/abadecom.com\\\/arido-fotoluminiscente-como-balizamiento-y-decoracion\\\/#article\",\"isPartOf\":{\"@id\":\"https:\\\/\\\/abadecom.com\\\/arido-fotoluminiscente-como-balizamiento-y-decoracion\\\/\"},\"author\":{\"name\":\"AdminAabadeco\",\"@id\":\"https:\\\/\\\/abadecom.com\\\/#\\\/schema\\\/person\\\/477a7cc0ed6c040d67343c7a3fda930b\"},\"headline\":\"\u00c1rido Fotoluminiscente como balizamiento y decoraci\u00f3n\",\"datePublished\":\"2023-05-24T11:09:07+00:00\",\"dateModified\":\"2023-05-24T11:09:25+00:00\",\"mainEntityOfPage\":{\"@id\":\"https:\\\/\\\/abadecom.com\\\/arido-fotoluminiscente-como-balizamiento-y-decoracion\\\/\"},\"wordCount\":97,\"commentCount\":0,\"publisher\":{\"@id\":\"https:\\\/\\\/abadecom.com\\\/#organization\"},\"image\":{\"@id\":\"https:\\\/\\\/abadecom.com\\\/arido-fotoluminiscente-como-balizamiento-y-decoracion\\\/#primaryimage\"},\"thumbnailUrl\":\"https:\\\/\\\/abadecom.com\\\/wp-content\\\/uploads\\\/2023\\\/05\\\/1676603198179.jpg\",\"articleSection\":[\"Sin categorizar\"],\"inLanguage\":\"it-IT\",\"potentialAction\":[{\"@type\":\"CommentAction\",\"name\":\"Comment\",\"target\":[\"https:\\\/\\\/abadecom.com\\\/arido-fotoluminiscente-como-balizamiento-y-decoracion\\\/#respond\"]}]},{\"@type\":\"WebPage\",\"@id\":\"https:\\\/\\\/abadecom.com\\\/arido-fotoluminiscente-como-balizamiento-y-decoracion\\\/\",\"url\":\"https:\\\/\\\/abadecom.com\\\/arido-fotoluminiscente-como-balizamiento-y-decoracion\\\/\",\"name\":\"\u00c1rido Fotoluminiscente como balizamiento y decoraci\u00f3n - Abadecom\",\"isPartOf\":{\"@id\":\"https:\\\/\\\/abadecom.com\\\/#website\"},\"primaryImageOfPage\":{\"@id\":\"https:\\\/\\\/abadecom.com\\\/arido-fotoluminiscente-como-balizamiento-y-decoracion\\\/#primaryimage\"},\"image\":{\"@id\":\"https:\\\/\\\/abadecom.com\\\/arido-fotoluminiscente-como-balizamiento-y-decoracion\\\/#primaryimage\"},\"thumbnailUrl\":\"https:\\\/\\\/abadecom.com\\\/wp-content\\\/uploads\\\/2023\\\/05\\\/1676603198179.jpg\",\"datePublished\":\"2023-05-24T11:09:07+00:00\",\"dateModified\":\"2023-05-24T11:09:25+00:00\",\"description\":\"En Abadecom Econom\u00eda Circular apostamos por soluciones alternativas de balizamiento como es el \u00e1rido o piedra fotoluminiscente.\",\"inLanguage\":\"it-IT\",\"potentialAction\":[{\"@type\":\"ReadAction\",\"target\":[\"https:\\\/\\\/abadecom.com\\\/arido-fotoluminiscente-como-balizamiento-y-decoracion\\\/\"]}]},{\"@type\":\"ImageObject\",\"inLanguage\":\"it-IT\",\"@id\":\"https:\\\/\\\/abadecom.com\\\/arido-fotoluminiscente-como-balizamiento-y-decoracion\\\/#primaryimage\",\"url\":\"https:\\\/\\\/abadecom.com\\\/wp-content\\\/uploads\\\/2023\\\/05\\\/1676603198179.jpg\",\"contentUrl\":\"https:\\\/\\\/abadecom.com\\\/wp-content\\\/uploads\\\/2023\\\/05\\\/1676603198179.jpg\",\"width\":1200,\"height\":1200},{\"@type\":\"WebSite\",\"@id\":\"https:\\\/\\\/abadecom.com\\\/#website\",\"url\":\"https:\\\/\\\/abadecom.com\\\/\",\"name\":\"Abadecom\",\"description\":\"Productos sostenibles y respetuosos con el medio ambiente\",\"publisher\":{\"@id\":\"https:\\\/\\\/abadecom.com\\\/#organization\"},\"alternateName\":\"Abadecom\",\"potentialAction\":[{\"@type\":\"SearchAction\",\"target\":{\"@type\":\"EntryPoint\",\"urlTemplate\":\"https:\\\/\\\/abadecom.com\\\/?s={search_term_string}\"},\"query-input\":{\"@type\":\"PropertyValueSpecification\",\"valueRequired\":true,\"valueName\":\"search_term_string\"}}],\"inLanguage\":\"it-IT\"},{\"@type\":\"Organization\",\"@id\":\"https:\\\/\\\/abadecom.com\\\/#organization\",\"name\":\"Abadecom\",\"url\":\"https:\\\/\\\/abadecom.com\\\/\",\"logo\":{\"@type\":\"ImageObject\",\"inLanguage\":\"it-IT\",\"@id\":\"https:\\\/\\\/abadecom.com\\\/#\\\/schema\\\/logo\\\/image\\\/\",\"url\":\"https:\\\/\\\/abadecom.com\\\/wp-content\\\/uploads\\\/2022\\\/03\\\/Logo-Abadecom-e1647715158799.png\",\"contentUrl\":\"https:\\\/\\\/abadecom.com\\\/wp-content\\\/uploads\\\/2022\\\/03\\\/Logo-Abadecom-e1647715158799.png\",\"width\":200,\"height\":117,\"caption\":\"Abadecom\"},\"image\":{\"@id\":\"https:\\\/\\\/abadecom.com\\\/#\\\/schema\\\/logo\\\/image\\\/\"}},{\"@type\":\"Person\",\"@id\":\"https:\\\/\\\/abadecom.com\\\/#\\\/schema\\\/person\\\/477a7cc0ed6c040d67343c7a3fda930b\",\"name\":\"AdminAabadeco\",\"image\":{\"@type\":\"ImageObject\",\"inLanguage\":\"it-IT\",\"@id\":\"https:\\\/\\\/secure.gravatar.com\\\/avatar\\\/2630c0cee03e7f483e5ca41ec6649375f24ca272e920f8386983684762e36487?s=96&d=mm&r=g\",\"url\":\"https:\\\/\\\/secure.gravatar.com\\\/avatar\\\/2630c0cee03e7f483e5ca41ec6649375f24ca272e920f8386983684762e36487?s=96&d=mm&r=g\",\"contentUrl\":\"https:\\\/\\\/secure.gravatar.com\\\/avatar\\\/2630c0cee03e7f483e5ca41ec6649375f24ca272e920f8386983684762e36487?s=96&d=mm&r=g\",\"caption\":\"AdminAabadeco\"},\"sameAs\":[\"https:\\\/\\\/abadecom.com\"],\"url\":\"https:\\\/\\\/abadecom.com\\\/it\\\/author\\\/adminaabadeco\\\/\"}]}<\/script>\n<!-- \/ Yoast SEO plugin. -->","yoast_head_json":{"title":"\u00c1rido Fotoluminiscente como balizamiento y decoraci\u00f3n - Abadecom","description":"En Abadecom Econom\u00eda Circular apostamos por soluciones alternativas de balizamiento como es el \u00e1rido o piedra fotoluminiscente.","robots":{"index":"index","follow":"follow","max-snippet":"max-snippet:-1","max-image-preview":"max-image-preview:large","max-video-preview":"max-video-preview:-1"},"canonical":"https:\/\/abadecom.com\/it\/arido-fotoluminiscente-como-balizamiento-y-decoracion\/","og_locale":"it_IT","og_type":"article","og_title":"\u00c1rido Fotoluminiscente como balizamiento y decoraci\u00f3n - Abadecom","og_description":"En Abadecom Econom\u00eda Circular apostamos por soluciones alternativas de balizamiento como es el \u00e1rido o piedra fotoluminiscente.","og_url":"https:\/\/abadecom.com\/it\/arido-fotoluminiscente-como-balizamiento-y-decoracion\/","og_site_name":"Abadecom","article_published_time":"2023-05-24T11:09:07+00:00","article_modified_time":"2023-05-24T11:09:25+00:00","og_image":[{"width":1200,"height":1200,"url":"https:\/\/abadecom.com\/wp-content\/uploads\/2023\/05\/1676603198179.jpg","type":"image\/jpeg"}],"author":"AdminAabadeco","twitter_card":"summary_large_image","twitter_misc":{"Scritto da":"AdminAabadeco","Tempo di lettura stimato":"1 minuto"},"schema":{"@context":"https:\/\/schema.org","@graph":[{"@type":"Article","@id":"https:\/\/abadecom.com\/arido-fotoluminiscente-como-balizamiento-y-decoracion\/#article","isPartOf":{"@id":"https:\/\/abadecom.com\/arido-fotoluminiscente-como-balizamiento-y-decoracion\/"},"author":{"name":"AdminAabadeco","@id":"https:\/\/abadecom.com\/#\/schema\/person\/477a7cc0ed6c040d67343c7a3fda930b"},"headline":"\u00c1rido Fotoluminiscente como balizamiento y decoraci\u00f3n","datePublished":"2023-05-24T11:09:07+00:00","dateModified":"2023-05-24T11:09:25+00:00","mainEntityOfPage":{"@id":"https:\/\/abadecom.com\/arido-fotoluminiscente-como-balizamiento-y-decoracion\/"},"wordCount":97,"commentCount":0,"publisher":{"@id":"https:\/\/abadecom.com\/#organization"},"image":{"@id":"https:\/\/abadecom.com\/arido-fotoluminiscente-como-balizamiento-y-decoracion\/#primaryimage"},"thumbnailUrl":"https:\/\/abadecom.com\/wp-content\/uploads\/2023\/05\/1676603198179.jpg","articleSection":["Sin categorizar"],"inLanguage":"it-IT","potentialAction":[{"@type":"CommentAction","name":"Comment","target":["https:\/\/abadecom.com\/arido-fotoluminiscente-como-balizamiento-y-decoracion\/#respond"]}]},{"@type":"WebPage","@id":"https:\/\/abadecom.com\/arido-fotoluminiscente-como-balizamiento-y-decoracion\/","url":"https:\/\/abadecom.com\/arido-fotoluminiscente-como-balizamiento-y-decoracion\/","name":"\u00c1rido Fotoluminiscente como balizamiento y decoraci\u00f3n - Abadecom","isPartOf":{"@id":"https:\/\/abadecom.com\/#website"},"primaryImageOfPage":{"@id":"https:\/\/abadecom.com\/arido-fotoluminiscente-como-balizamiento-y-decoracion\/#primaryimage"},"image":{"@id":"https:\/\/abadecom.com\/arido-fotoluminiscente-como-balizamiento-y-decoracion\/#primaryimage"},"thumbnailUrl":"https:\/\/abadecom.com\/wp-content\/uploads\/2023\/05\/1676603198179.jpg","datePublished":"2023-05-24T11:09:07+00:00","dateModified":"2023-05-24T11:09:25+00:00","description":"En Abadecom Econom\u00eda Circular apostamos por soluciones alternativas de balizamiento como es el \u00e1rido o piedra fotoluminiscente.","inLanguage":"it-IT","potentialAction":[{"@type":"ReadAction","target":["https:\/\/abadecom.com\/arido-fotoluminiscente-como-balizamiento-y-decoracion\/"]}]},{"@type":"ImageObject","inLanguage":"it-IT","@id":"https:\/\/abadecom.com\/arido-fotoluminiscente-como-balizamiento-y-decoracion\/#primaryimage","url":"https:\/\/abadecom.com\/wp-content\/uploads\/2023\/05\/1676603198179.jpg","contentUrl":"https:\/\/abadecom.com\/wp-content\/uploads\/2023\/05\/1676603198179.jpg","width":1200,"height":1200},{"@type":"WebSite","@id":"https:\/\/abadecom.com\/#website","url":"https:\/\/abadecom.com\/","name":"Abadecom","description":"Prodotti sostenibili e rispettosi dell'ambiente","publisher":{"@id":"https:\/\/abadecom.com\/#organization"},"alternateName":"Abadecom","potentialAction":[{"@type":"SearchAction","target":{"@type":"EntryPoint","urlTemplate":"https:\/\/abadecom.com\/?s={search_term_string}"},"query-input":{"@type":"PropertyValueSpecification","valueRequired":true,"valueName":"search_term_string"}}],"inLanguage":"it-IT"},{"@type":"Organization","@id":"https:\/\/abadecom.com\/#organization","name":"Abadecom","url":"https:\/\/abadecom.com\/","logo":{"@type":"ImageObject","inLanguage":"it-IT","@id":"https:\/\/abadecom.com\/#\/schema\/logo\/image\/","url":"https:\/\/abadecom.com\/wp-content\/uploads\/2022\/03\/Logo-Abadecom-e1647715158799.png","contentUrl":"https:\/\/abadecom.com\/wp-content\/uploads\/2022\/03\/Logo-Abadecom-e1647715158799.png","width":200,"height":117,"caption":"Abadecom"},"image":{"@id":"https:\/\/abadecom.com\/#\/schema\/logo\/image\/"}},{"@type":"Person","@id":"https:\/\/abadecom.com\/#\/schema\/person\/477a7cc0ed6c040d67343c7a3fda930b","name":"AdminAabadeco","image":{"@type":"ImageObject","inLanguage":"it-IT","@id":"https:\/\/secure.gravatar.com\/avatar\/2630c0cee03e7f483e5ca41ec6649375f24ca272e920f8386983684762e36487?s=96&d=mm&r=g","url":"https:\/\/secure.gravatar.com\/avatar\/2630c0cee03e7f483e5ca41ec6649375f24ca272e920f8386983684762e36487?s=96&d=mm&r=g","contentUrl":"https:\/\/secure.gravatar.com\/avatar\/2630c0cee03e7f483e5ca41ec6649375f24ca272e920f8386983684762e36487?s=96&d=mm&r=g","caption":"AdminAabadeco"},"sameAs":["https:\/\/abadecom.com"],"url":"https:\/\/abadecom.com\/it\/author\/adminaabadeco\/"}]}},"_links":{"self":[{"href":"https:\/\/abadecom.com\/it\/wp-json\/wp\/v2\/posts\/8594","targetHints":{"allow":["GET"]}}],"collection":[{"href":"https:\/\/abadecom.com\/it\/wp-json\/wp\/v2\/posts"}],"about":[{"href":"https:\/\/abadecom.com\/it\/wp-json\/wp\/v2\/types\/post"}],"author":[{"embeddable":true,"href":"https:\/\/abadecom.com\/it\/wp-json\/wp\/v2\/users\/1"}],"replies":[{"embeddable":true,"href":"https:\/\/abadecom.com\/it\/wp-json\/wp\/v2\/comments?post=8594"}],"version-history":[{"count":1,"href":"https:\/\/abadecom.com\/it\/wp-json\/wp\/v2\/posts\/8594\/revisions"}],"predecessor-version":[{"id":8596,"href":"https:\/\/abadecom.com\/it\/wp-json\/wp\/v2\/posts\/8594\/revisions\/8596"}],"wp:featuredmedia":[{"embeddable":true,"href":"https:\/\/abadecom.com\/it\/wp-json\/wp\/v2\/media\/8595"}],"wp:attachment":[{"href":"https:\/\/abadecom.com\/it\/wp-json\/wp\/v2\/media?parent=8594"}],"wp:term":[{"taxonomy":"category","embeddable":true,"href":"https:\/\/abadecom.com\/it\/wp-json\/wp\/v2\/categories?post=8594"},{"taxonomy":"post_tag","embeddable":true,"href":"https:\/\/abadecom.com\/it\/wp-json\/wp\/v2\/tags?post=8594"}],"curies":[{"name":"wp","href":"https:\/\/api.w.org\/{rel}","templated":true}]}}