{"id":8505,"date":"2023-04-19T10:57:37","date_gmt":"2023-04-19T10:57:37","guid":{"rendered":"https:\/\/abadecom.com\/?p=8505"},"modified":"2023-04-19T10:57:39","modified_gmt":"2023-04-19T10:57:39","slug":"abadecom-ofrece-maquinaria-para-empresas-de-la-industria-alimentaria","status":"publish","type":"post","link":"https:\/\/abadecom.com\/it\/abadecom-ofrece-maquinaria-para-empresas-de-la-industria-alimentaria\/","title":{"rendered":"Abadecom ofrece maquinaria para empresas de la industria alimentaria"},"content":{"rendered":"<p class=\"wp-block-paragraph\">Dentro de nuestra nueva l\u00ednea de negocio<strong> Abadecom maquinarias<\/strong>, tenemos la m\u00e1quina de corte para dulces. Es muy utilizada en la industria alimentaria, por ejemplo en restaurantes, hoteles, y panader\u00edas.<\/p>\n\n\n\n<p class=\"wp-block-paragraph\">Esta m\u00e1quina cumple con caracter\u00edsticas especiales que permiten elaborar los dulces de manera pr\u00e1ctica y r\u00e1pida, algo que resulta fundamental para satisfacer la demanda de los clientes. <\/p>\n\n\n\n<p class=\"wp-block-paragraph\">Una de sus particularidades es que realiza diferentes tipos de cortes con forma rectangular, triangular y circular. Adem\u00e1s, la hoja de corte posee un sistema de calentamiento el\u00e9ctrico que hace que la superficie de corte sea plana y muy suave.  A su vez, incluye una pantalla plana LCD con controlador de servomotor y funci\u00f3n de memoria. Esto hace posible optimizar el tiempo durante el proceso de operaci\u00f3n. <\/p>\n\n\n\n<p class=\"wp-block-paragraph\">Actualmente, muchas empresas est\u00e1n acudiendo a Abadecom cuando necesitan m\u00e1quinas especializadas, ya que contamos con un equipo de especialistas en comercio internacional que se encarga de todo el proceso de compraventa. <\/p>\n\n\n\n<p class=\"wp-block-paragraph\">Para m\u00e1s informaci\u00f3n : info@abadecom.com.<\/p>\n\n\n\n<figure class=\"wp-block-image size-large is-resized\"><img loading=\"lazy\" decoding=\"async\" src=\"https:\/\/abadecom.com\/wp-content\/uploads\/2023\/04\/1679654118203-1024x768.jpg\" alt=\"\" class=\"wp-image-8509\" width=\"840\" height=\"630\" srcset=\"https:\/\/abadecom.com\/wp-content\/uploads\/2023\/04\/1679654118203-1024x768.jpg 1024w, https:\/\/abadecom.com\/wp-content\/uploads\/2023\/04\/1679654118203-300x225.jpg 300w, https:\/\/abadecom.com\/wp-content\/uploads\/2023\/04\/1679654118203-768x576.jpg 768w, https:\/\/abadecom.com\/wp-content\/uploads\/2023\/04\/1679654118203-1536x1152.jpg 1536w, https:\/\/abadecom.com\/wp-content\/uploads\/2023\/04\/1679654118203-2048x1536.jpg 2048w, https:\/\/abadecom.com\/wp-content\/uploads\/2023\/04\/1679654118203-1600x1200.jpg 1600w\" sizes=\"auto, (max-width: 840px) 100vw, 840px\" \/><\/figure>\n\n\n\n<figure class=\"wp-block-image size-large\"><img loading=\"lazy\" decoding=\"async\" width=\"1024\" height=\"461\" src=\"https:\/\/abadecom.com\/wp-content\/uploads\/2023\/04\/1679653729267-1024x461.jpg\" alt=\"\" class=\"wp-image-8510\" srcset=\"https:\/\/abadecom.com\/wp-content\/uploads\/2023\/04\/1679653729267-1024x461.jpg 1024w, https:\/\/abadecom.com\/wp-content\/uploads\/2023\/04\/1679653729267-300x135.jpg 300w, https:\/\/abadecom.com\/wp-content\/uploads\/2023\/04\/1679653729267-768x346.jpg 768w, https:\/\/abadecom.com\/wp-content\/uploads\/2023\/04\/1679653729267-1536x691.jpg 1536w, https:\/\/abadecom.com\/wp-content\/uploads\/2023\/04\/1679653729267-2048x922.jpg 2048w, https:\/\/abadecom.com\/wp-content\/uploads\/2023\/04\/1679653729267-1600x720.jpg 1600w\" sizes=\"auto, (max-width: 1024px) 100vw, 1024px\" \/><\/figure>\n\n\n\n<p class=\"wp-block-paragraph\"><\/p>","protected":false},"excerpt":{"rendered":"<p>Dentro de nuestra nueva l\u00ednea de negocio Abadecom maquinarias, tenemos la m\u00e1quina de corte para dulces. Es muy utilizada en la industria alimentaria, por ejemplo en restaurantes, hoteles, y panader\u00edas. Esta m\u00e1quina cumple con caracter\u00edsticas especiales que permiten elaborar los dulces de manera pr\u00e1ctica y r\u00e1pida, algo que resulta fundamental para satisfacer la demanda de [&#8230;]<\/p>\n<p><a class=\"btn btn-secondary understrap-read-more-link\" href=\"https:\/\/abadecom.com\/it\/abadecom-ofrece-maquinaria-para-empresas-de-la-industria-alimentaria\/\">Leggi di pi\u00f9&#8230;<span class=\"screen-reader-text\"> from Abadecom ofrece maquinaria para empresas de la industria alimentaria<\/span><\/a><\/p>\n","protected":false},"author":1,"featured_media":8506,"comment_status":"open","ping_status":"open","sticky":false,"template":"","format":"standard","meta":{"content-type":"","_monsterinsights_skip_tracking":false,"pgc_sgb_lightbox_settings":"","footnotes":""},"categories":[1],"tags":[],"class_list":["post-8505","post","type-post","status-publish","format-standard","has-post-thumbnail","hentry","category-sin-categorizar"],"yoast_head":"<!-- This site is optimized with the Yoast SEO plugin v28.4 - https:\/\/yoast.com\/product\/yoast-seo-wordpress\/ -->\n<title>Abadecom ofrece maquinaria para empresas de la industria alimentaria - Abadecom<\/title>\n<meta name=\"description\" content=\"Dentro de nuestra nueva l\u00ednea de negocio Abadecom maquinarias, tenemos la m\u00e1quina de corte para dulces. Muy utilizada en obradores.\" \/>\n<meta name=\"robots\" content=\"index, follow, max-snippet:-1, max-image-preview:large, max-video-preview:-1\" \/>\n<link rel=\"canonical\" href=\"https:\/\/abadecom.com\/it\/abadecom-ofrece-maquinaria-para-empresas-de-la-industria-alimentaria\/\" \/>\n<meta property=\"og:locale\" content=\"it_IT\" \/>\n<meta property=\"og:type\" content=\"article\" \/>\n<meta property=\"og:title\" content=\"Abadecom ofrece maquinaria para empresas de la industria alimentaria - Abadecom\" \/>\n<meta property=\"og:description\" content=\"Dentro de nuestra nueva l\u00ednea de negocio Abadecom maquinarias, tenemos la m\u00e1quina de corte para dulces. Muy utilizada en obradores.\" \/>\n<meta property=\"og:url\" content=\"https:\/\/abadecom.com\/it\/abadecom-ofrece-maquinaria-para-empresas-de-la-industria-alimentaria\/\" \/>\n<meta property=\"og:site_name\" content=\"Abadecom\" \/>\n<meta property=\"article:published_time\" content=\"2023-04-19T10:57:37+00:00\" \/>\n<meta property=\"article:modified_time\" content=\"2023-04-19T10:57:39+00:00\" \/>\n<meta property=\"og:image\" content=\"https:\/\/abadecom.com\/wp-content\/uploads\/2023\/04\/INDUSTRIA-ALIMENTARIA.jpg\" \/>\n\t<meta property=\"og:image:width\" content=\"940\" \/>\n\t<meta property=\"og:image:height\" content=\"788\" \/>\n\t<meta property=\"og:image:type\" content=\"image\/jpeg\" \/>\n<meta name=\"author\" content=\"AdminAabadeco\" \/>\n<meta name=\"twitter:card\" content=\"summary_large_image\" \/>\n<meta name=\"twitter:label1\" content=\"Scritto da\" \/>\n\t<meta name=\"twitter:data1\" content=\"AdminAabadeco\" \/>\n\t<meta name=\"twitter:label2\" content=\"Tempo di lettura stimato\" \/>\n\t<meta name=\"twitter:data2\" content=\"2 minuti\" \/>\n<script type=\"application\/ld+json\" class=\"yoast-schema-graph\">{\"@context\":\"https:\\\/\\\/schema.org\",\"@graph\":[{\"@type\":\"Article\",\"@id\":\"https:\\\/\\\/abadecom.com\\\/abadecom-ofrece-maquinaria-para-empresas-de-la-industria-alimentaria\\\/#article\",\"isPartOf\":{\"@id\":\"https:\\\/\\\/abadecom.com\\\/abadecom-ofrece-maquinaria-para-empresas-de-la-industria-alimentaria\\\/\"},\"author\":{\"name\":\"AdminAabadeco\",\"@id\":\"https:\\\/\\\/abadecom.com\\\/#\\\/schema\\\/person\\\/477a7cc0ed6c040d67343c7a3fda930b\"},\"headline\":\"Abadecom ofrece maquinaria para empresas de la industria alimentaria\",\"datePublished\":\"2023-04-19T10:57:37+00:00\",\"dateModified\":\"2023-04-19T10:57:39+00:00\",\"mainEntityOfPage\":{\"@id\":\"https:\\\/\\\/abadecom.com\\\/abadecom-ofrece-maquinaria-para-empresas-de-la-industria-alimentaria\\\/\"},\"wordCount\":185,\"commentCount\":0,\"publisher\":{\"@id\":\"https:\\\/\\\/abadecom.com\\\/#organization\"},\"image\":{\"@id\":\"https:\\\/\\\/abadecom.com\\\/abadecom-ofrece-maquinaria-para-empresas-de-la-industria-alimentaria\\\/#primaryimage\"},\"thumbnailUrl\":\"https:\\\/\\\/abadecom.com\\\/wp-content\\\/uploads\\\/2023\\\/04\\\/INDUSTRIA-ALIMENTARIA.jpg\",\"articleSection\":[\"Sin categorizar\"],\"inLanguage\":\"it-IT\",\"potentialAction\":[{\"@type\":\"CommentAction\",\"name\":\"Comment\",\"target\":[\"https:\\\/\\\/abadecom.com\\\/abadecom-ofrece-maquinaria-para-empresas-de-la-industria-alimentaria\\\/#respond\"]}]},{\"@type\":\"WebPage\",\"@id\":\"https:\\\/\\\/abadecom.com\\\/abadecom-ofrece-maquinaria-para-empresas-de-la-industria-alimentaria\\\/\",\"url\":\"https:\\\/\\\/abadecom.com\\\/abadecom-ofrece-maquinaria-para-empresas-de-la-industria-alimentaria\\\/\",\"name\":\"Abadecom ofrece maquinaria para empresas de la industria alimentaria - Abadecom\",\"isPartOf\":{\"@id\":\"https:\\\/\\\/abadecom.com\\\/#website\"},\"primaryImageOfPage\":{\"@id\":\"https:\\\/\\\/abadecom.com\\\/abadecom-ofrece-maquinaria-para-empresas-de-la-industria-alimentaria\\\/#primaryimage\"},\"image\":{\"@id\":\"https:\\\/\\\/abadecom.com\\\/abadecom-ofrece-maquinaria-para-empresas-de-la-industria-alimentaria\\\/#primaryimage\"},\"thumbnailUrl\":\"https:\\\/\\\/abadecom.com\\\/wp-content\\\/uploads\\\/2023\\\/04\\\/INDUSTRIA-ALIMENTARIA.jpg\",\"datePublished\":\"2023-04-19T10:57:37+00:00\",\"dateModified\":\"2023-04-19T10:57:39+00:00\",\"description\":\"Dentro de nuestra nueva l\u00ednea de negocio Abadecom maquinarias, tenemos la m\u00e1quina de corte para dulces. Muy utilizada en obradores.\",\"inLanguage\":\"it-IT\",\"potentialAction\":[{\"@type\":\"ReadAction\",\"target\":[\"https:\\\/\\\/abadecom.com\\\/abadecom-ofrece-maquinaria-para-empresas-de-la-industria-alimentaria\\\/\"]}]},{\"@type\":\"ImageObject\",\"inLanguage\":\"it-IT\",\"@id\":\"https:\\\/\\\/abadecom.com\\\/abadecom-ofrece-maquinaria-para-empresas-de-la-industria-alimentaria\\\/#primaryimage\",\"url\":\"https:\\\/\\\/abadecom.com\\\/wp-content\\\/uploads\\\/2023\\\/04\\\/INDUSTRIA-ALIMENTARIA.jpg\",\"contentUrl\":\"https:\\\/\\\/abadecom.com\\\/wp-content\\\/uploads\\\/2023\\\/04\\\/INDUSTRIA-ALIMENTARIA.jpg\",\"width\":940,\"height\":788},{\"@type\":\"WebSite\",\"@id\":\"https:\\\/\\\/abadecom.com\\\/#website\",\"url\":\"https:\\\/\\\/abadecom.com\\\/\",\"name\":\"Abadecom\",\"description\":\"Productos sostenibles y respetuosos con el medio ambiente\",\"publisher\":{\"@id\":\"https:\\\/\\\/abadecom.com\\\/#organization\"},\"alternateName\":\"Abadecom\",\"potentialAction\":[{\"@type\":\"SearchAction\",\"target\":{\"@type\":\"EntryPoint\",\"urlTemplate\":\"https:\\\/\\\/abadecom.com\\\/?s={search_term_string}\"},\"query-input\":{\"@type\":\"PropertyValueSpecification\",\"valueRequired\":true,\"valueName\":\"search_term_string\"}}],\"inLanguage\":\"it-IT\"},{\"@type\":\"Organization\",\"@id\":\"https:\\\/\\\/abadecom.com\\\/#organization\",\"name\":\"Abadecom\",\"url\":\"https:\\\/\\\/abadecom.com\\\/\",\"logo\":{\"@type\":\"ImageObject\",\"inLanguage\":\"it-IT\",\"@id\":\"https:\\\/\\\/abadecom.com\\\/#\\\/schema\\\/logo\\\/image\\\/\",\"url\":\"https:\\\/\\\/abadecom.com\\\/wp-content\\\/uploads\\\/2022\\\/03\\\/Logo-Abadecom-e1647715158799.png\",\"contentUrl\":\"https:\\\/\\\/abadecom.com\\\/wp-content\\\/uploads\\\/2022\\\/03\\\/Logo-Abadecom-e1647715158799.png\",\"width\":200,\"height\":117,\"caption\":\"Abadecom\"},\"image\":{\"@id\":\"https:\\\/\\\/abadecom.com\\\/#\\\/schema\\\/logo\\\/image\\\/\"}},{\"@type\":\"Person\",\"@id\":\"https:\\\/\\\/abadecom.com\\\/#\\\/schema\\\/person\\\/477a7cc0ed6c040d67343c7a3fda930b\",\"name\":\"AdminAabadeco\",\"image\":{\"@type\":\"ImageObject\",\"inLanguage\":\"it-IT\",\"@id\":\"https:\\\/\\\/secure.gravatar.com\\\/avatar\\\/2630c0cee03e7f483e5ca41ec6649375f24ca272e920f8386983684762e36487?s=96&d=mm&r=g\",\"url\":\"https:\\\/\\\/secure.gravatar.com\\\/avatar\\\/2630c0cee03e7f483e5ca41ec6649375f24ca272e920f8386983684762e36487?s=96&d=mm&r=g\",\"contentUrl\":\"https:\\\/\\\/secure.gravatar.com\\\/avatar\\\/2630c0cee03e7f483e5ca41ec6649375f24ca272e920f8386983684762e36487?s=96&d=mm&r=g\",\"caption\":\"AdminAabadeco\"},\"sameAs\":[\"https:\\\/\\\/abadecom.com\"],\"url\":\"https:\\\/\\\/abadecom.com\\\/it\\\/author\\\/adminaabadeco\\\/\"}]}<\/script>\n<!-- \/ Yoast SEO plugin. -->","yoast_head_json":{"title":"Abadecom ofrece maquinaria para empresas de la industria alimentaria - Abadecom","description":"Dentro de nuestra nueva l\u00ednea de negocio Abadecom maquinarias, tenemos la m\u00e1quina de corte para dulces. Muy utilizada en obradores.","robots":{"index":"index","follow":"follow","max-snippet":"max-snippet:-1","max-image-preview":"max-image-preview:large","max-video-preview":"max-video-preview:-1"},"canonical":"https:\/\/abadecom.com\/it\/abadecom-ofrece-maquinaria-para-empresas-de-la-industria-alimentaria\/","og_locale":"it_IT","og_type":"article","og_title":"Abadecom ofrece maquinaria para empresas de la industria alimentaria - Abadecom","og_description":"Dentro de nuestra nueva l\u00ednea de negocio Abadecom maquinarias, tenemos la m\u00e1quina de corte para dulces. Muy utilizada en obradores.","og_url":"https:\/\/abadecom.com\/it\/abadecom-ofrece-maquinaria-para-empresas-de-la-industria-alimentaria\/","og_site_name":"Abadecom","article_published_time":"2023-04-19T10:57:37+00:00","article_modified_time":"2023-04-19T10:57:39+00:00","og_image":[{"width":940,"height":788,"url":"https:\/\/abadecom.com\/wp-content\/uploads\/2023\/04\/INDUSTRIA-ALIMENTARIA.jpg","type":"image\/jpeg"}],"author":"AdminAabadeco","twitter_card":"summary_large_image","twitter_misc":{"Scritto da":"AdminAabadeco","Tempo di lettura stimato":"2 minuti"},"schema":{"@context":"https:\/\/schema.org","@graph":[{"@type":"Article","@id":"https:\/\/abadecom.com\/abadecom-ofrece-maquinaria-para-empresas-de-la-industria-alimentaria\/#article","isPartOf":{"@id":"https:\/\/abadecom.com\/abadecom-ofrece-maquinaria-para-empresas-de-la-industria-alimentaria\/"},"author":{"name":"AdminAabadeco","@id":"https:\/\/abadecom.com\/#\/schema\/person\/477a7cc0ed6c040d67343c7a3fda930b"},"headline":"Abadecom ofrece maquinaria para empresas de la industria alimentaria","datePublished":"2023-04-19T10:57:37+00:00","dateModified":"2023-04-19T10:57:39+00:00","mainEntityOfPage":{"@id":"https:\/\/abadecom.com\/abadecom-ofrece-maquinaria-para-empresas-de-la-industria-alimentaria\/"},"wordCount":185,"commentCount":0,"publisher":{"@id":"https:\/\/abadecom.com\/#organization"},"image":{"@id":"https:\/\/abadecom.com\/abadecom-ofrece-maquinaria-para-empresas-de-la-industria-alimentaria\/#primaryimage"},"thumbnailUrl":"https:\/\/abadecom.com\/wp-content\/uploads\/2023\/04\/INDUSTRIA-ALIMENTARIA.jpg","articleSection":["Sin categorizar"],"inLanguage":"it-IT","potentialAction":[{"@type":"CommentAction","name":"Comment","target":["https:\/\/abadecom.com\/abadecom-ofrece-maquinaria-para-empresas-de-la-industria-alimentaria\/#respond"]}]},{"@type":"WebPage","@id":"https:\/\/abadecom.com\/abadecom-ofrece-maquinaria-para-empresas-de-la-industria-alimentaria\/","url":"https:\/\/abadecom.com\/abadecom-ofrece-maquinaria-para-empresas-de-la-industria-alimentaria\/","name":"Abadecom ofrece maquinaria para empresas de la industria alimentaria - Abadecom","isPartOf":{"@id":"https:\/\/abadecom.com\/#website"},"primaryImageOfPage":{"@id":"https:\/\/abadecom.com\/abadecom-ofrece-maquinaria-para-empresas-de-la-industria-alimentaria\/#primaryimage"},"image":{"@id":"https:\/\/abadecom.com\/abadecom-ofrece-maquinaria-para-empresas-de-la-industria-alimentaria\/#primaryimage"},"thumbnailUrl":"https:\/\/abadecom.com\/wp-content\/uploads\/2023\/04\/INDUSTRIA-ALIMENTARIA.jpg","datePublished":"2023-04-19T10:57:37+00:00","dateModified":"2023-04-19T10:57:39+00:00","description":"Dentro de nuestra nueva l\u00ednea de negocio Abadecom maquinarias, tenemos la m\u00e1quina de corte para dulces. Muy utilizada en obradores.","inLanguage":"it-IT","potentialAction":[{"@type":"ReadAction","target":["https:\/\/abadecom.com\/abadecom-ofrece-maquinaria-para-empresas-de-la-industria-alimentaria\/"]}]},{"@type":"ImageObject","inLanguage":"it-IT","@id":"https:\/\/abadecom.com\/abadecom-ofrece-maquinaria-para-empresas-de-la-industria-alimentaria\/#primaryimage","url":"https:\/\/abadecom.com\/wp-content\/uploads\/2023\/04\/INDUSTRIA-ALIMENTARIA.jpg","contentUrl":"https:\/\/abadecom.com\/wp-content\/uploads\/2023\/04\/INDUSTRIA-ALIMENTARIA.jpg","width":940,"height":788},{"@type":"WebSite","@id":"https:\/\/abadecom.com\/#website","url":"https:\/\/abadecom.com\/","name":"Abadecom","description":"Prodotti sostenibili e rispettosi dell'ambiente","publisher":{"@id":"https:\/\/abadecom.com\/#organization"},"alternateName":"Abadecom","potentialAction":[{"@type":"SearchAction","target":{"@type":"EntryPoint","urlTemplate":"https:\/\/abadecom.com\/?s={search_term_string}"},"query-input":{"@type":"PropertyValueSpecification","valueRequired":true,"valueName":"search_term_string"}}],"inLanguage":"it-IT"},{"@type":"Organization","@id":"https:\/\/abadecom.com\/#organization","name":"Abadecom","url":"https:\/\/abadecom.com\/","logo":{"@type":"ImageObject","inLanguage":"it-IT","@id":"https:\/\/abadecom.com\/#\/schema\/logo\/image\/","url":"https:\/\/abadecom.com\/wp-content\/uploads\/2022\/03\/Logo-Abadecom-e1647715158799.png","contentUrl":"https:\/\/abadecom.com\/wp-content\/uploads\/2022\/03\/Logo-Abadecom-e1647715158799.png","width":200,"height":117,"caption":"Abadecom"},"image":{"@id":"https:\/\/abadecom.com\/#\/schema\/logo\/image\/"}},{"@type":"Person","@id":"https:\/\/abadecom.com\/#\/schema\/person\/477a7cc0ed6c040d67343c7a3fda930b","name":"AdminAabadeco","image":{"@type":"ImageObject","inLanguage":"it-IT","@id":"https:\/\/secure.gravatar.com\/avatar\/2630c0cee03e7f483e5ca41ec6649375f24ca272e920f8386983684762e36487?s=96&d=mm&r=g","url":"https:\/\/secure.gravatar.com\/avatar\/2630c0cee03e7f483e5ca41ec6649375f24ca272e920f8386983684762e36487?s=96&d=mm&r=g","contentUrl":"https:\/\/secure.gravatar.com\/avatar\/2630c0cee03e7f483e5ca41ec6649375f24ca272e920f8386983684762e36487?s=96&d=mm&r=g","caption":"AdminAabadeco"},"sameAs":["https:\/\/abadecom.com"],"url":"https:\/\/abadecom.com\/it\/author\/adminaabadeco\/"}]}},"_links":{"self":[{"href":"https:\/\/abadecom.com\/it\/wp-json\/wp\/v2\/posts\/8505","targetHints":{"allow":["GET"]}}],"collection":[{"href":"https:\/\/abadecom.com\/it\/wp-json\/wp\/v2\/posts"}],"about":[{"href":"https:\/\/abadecom.com\/it\/wp-json\/wp\/v2\/types\/post"}],"author":[{"embeddable":true,"href":"https:\/\/abadecom.com\/it\/wp-json\/wp\/v2\/users\/1"}],"replies":[{"embeddable":true,"href":"https:\/\/abadecom.com\/it\/wp-json\/wp\/v2\/comments?post=8505"}],"version-history":[{"count":6,"href":"https:\/\/abadecom.com\/it\/wp-json\/wp\/v2\/posts\/8505\/revisions"}],"predecessor-version":[{"id":8516,"href":"https:\/\/abadecom.com\/it\/wp-json\/wp\/v2\/posts\/8505\/revisions\/8516"}],"wp:featuredmedia":[{"embeddable":true,"href":"https:\/\/abadecom.com\/it\/wp-json\/wp\/v2\/media\/8506"}],"wp:attachment":[{"href":"https:\/\/abadecom.com\/it\/wp-json\/wp\/v2\/media?parent=8505"}],"wp:term":[{"taxonomy":"category","embeddable":true,"href":"https:\/\/abadecom.com\/it\/wp-json\/wp\/v2\/categories?post=8505"},{"taxonomy":"post_tag","embeddable":true,"href":"https:\/\/abadecom.com\/it\/wp-json\/wp\/v2\/tags?post=8505"}],"curies":[{"name":"wp","href":"https:\/\/api.w.org\/{rel}","templated":true}]}}