{"id":6286,"date":"2022-09-13T09:12:13","date_gmt":"2022-09-13T09:12:13","guid":{"rendered":"https:\/\/abadecom.com\/?p=6286"},"modified":"2022-09-13T09:27:57","modified_gmt":"2022-09-13T09:27:57","slug":"economia-circolare-e-commercio-estero-assi-della-crescita-di-abadecom","status":"publish","type":"post","link":"https:\/\/abadecom.com\/it\/economia-circular-y-comercio-exterior-ejes-del-crecimiento-de-abadecom\/","title":{"rendered":"Economia circolare e commercio estero, assi della crescita di Abadecom."},"content":{"rendered":"<p class=\"wp-block-paragraph\">VALENCIA (VP).\u00a0<a href=\"https:\/\/abadecom.com\/it\/\" target=\"_blank\" rel=\"noreferrer noopener\">Abadecom<\/a>\u00a0ha fatto dell&#x27;economia circolare il proprio punto di forza. Le sue passerelle da spiaggia e l\u2019arredo urbano realizzati con plastica riciclata sono gi\u00e0 in uso in molte citt\u00e0 spagnole, come San Pedro de Pinatar (Murcia), Lugo (Galizia), Altea (Alicante) o Tavernes de la Valldigna (Valencia). E i suoi dissuasori fissi in plastica riciclata con anello riflettente sono arrivati fino in Costa Rica o in Colombia (e a breve in altri paesi dell\u2019America Latina, come Panama, la Repubblica Dominicana e Porto Rico). \u00abSi tratta di prodotti 100% rispettosi dell\u2019ambiente, che promuovono l\u2019ottimizzazione delle risorse, la riduzione del consumo di materie prime e il riutilizzo dei rifiuti, conferendo loro una seconda vita utile e riducendo in tal modo l\u2019impatto dell\u2019impronta di carbonio\u00bb, sottolinea\u00a0<strong>Jos\u00e9 Ernesto Gamboa<\/strong>, uno dei soci di Abadecom, che porta come esempio le passerelle della spiaggia di San Pedro del Pinatar, dove hanno recuperato e dato una seconda vita utile a 94 tonnellate di plastica nella loro installazione. E il loro catalogo di prodotti realizzati con plastica riciclata non smette di crescere: elementi stradali e segnaletica, recinzioni, fotoluminescenti...<\/p>\n\n\n\n<p class=\"wp-block-paragraph\">E ora intendono fare un ulteriore passo avanti nel loro impegno a favore degli Obiettivi di Sviluppo Sostenibile (SDG) con due progetti di R&amp;S&amp;I \u00abcon i quali dare il nostro piccolo contributo alle sfide degli SDG attraverso soluzioni sostenibili ed ecologiche\u00bb, sottolinea Gamboa. Da un lato, Aquanostra, un \u00abraccoglitore\u00bb di acqua potabile, in grado di assorbire l\u2019umidit\u00e0 dall\u2019ambiente e generare acqua potabile, utilizzando energia ecologica e rinnovabile. A tal fine viene utilizzata la nanotecnologia, che consente di ottimizzare lo spazio, sfruttare l\u2019energia e produrre acqua di qualit\u00e0, pronta da bere. \u00abInizieremo molto presto con il prototipo, per effettuare i test e ottenere le certificazioni necessarie per la sua messa in funzione, poich\u00e9 ci sono molte zone del nostro pianeta che necessitano di sistemi come Aquanostra\u00bb.<\/p>\n\n\n\n<p class=\"wp-block-paragraph\">Il secondo progetto di RSI+S (Ricerca, Sviluppo e Innovazione) \u00e8 EcoModular, un sistema abitativo modulare e sostenibile, con la flessibilit\u00e0 di adattarsi a qualsiasi clima, utilizzando principalmente materiali riciclati e riciclabili, preparati per le intemperie, in cui vengono utilizzate energie rinnovabili e capace di rimanere isolato dalle reti elettriche, idrauliche o fognarie. \u00abQuesto sistema modulare \u00e8 progettato per poter offrire un gran numero di soluzioni a diverse tipologie architettoniche, oltre ad essere facile e veloce da montare\u00bb.<\/p>\n\n\n\n<h4 class=\"wp-block-heading\"><strong>Soluzioni che portano valore<\/strong><\/h4>\n\n\n\n<p class=\"wp-block-paragraph\">La ricerca di soluzioni che portino valore \u00e8 nel DNA di Abadecom. \u00abAbadecom significa \u2018fornitore del commercio\u2019, che si tratti di prodotti, macchinari, logistica, materie prime\u2026 qualsiasi necessit\u00e0 abbia un cliente in questi ambiti, ci incarichiamo noi di risolverla, al fine di ottenere la piena soddisfazione dei nostri clienti\u00bb.<\/p>\n\n\n\n<p class=\"wp-block-paragraph\">Cos\u00ec, quella che era iniziata come un'azienda incentrata sul commercio estero, gestendo il processo di importazione ed esportazione di prodotti delle PMI valenciane, progettando una strategia di internazionalizzazione e supervisionandone l'esecuzione,<\/p>\n\n\n\n<p class=\"wp-block-paragraph\">\u00e8 ora un'azienda che offre diverse linee di business. \u00abFin dall'inizio avevamo chiaro che volevamo dare un contributo ai nostri clienti e per farlo \u00e8 necessario sedersi, ascoltare le loro esigenze e vedere come possiamo collaborare, perch\u00e9 per una PMI da sola \u00e8 tutto pi\u00f9 difficile. Che si tratti di commercio estero, logistica o economia circolare. Noi stessi siamo fornitori, ma allo stesso tempo siamo clienti, perch\u00e9 a volte non produciamo noi, ci occupiamo della ricerca e della progettazione di un prototipo e cerchiamo chi pu\u00f2 fabbricarlo per noi, rispettando i pi\u00f9 alti standard di qualit\u00e0\u00bb.<\/p>\n\n\n\n<p class=\"wp-block-paragraph\">Jos\u00e9 Ernesto Gamboa d\u00e0 l'esempio dei suoi prodotti di economia circular. Le aziende con cui lavorano a volte non dispongono dei macchinari necessari per fabbricare i loro prodotti. Abadecom mette a loro disposizione la sua conoscenza del mercato internazionale, realizza uno studio di mercato per vedere cosa si adatta meglio alle esigenze dei propri clienti, presenta loro le proposte e, una volta approvate, si occupa di tutte le procedure per importarle e della successiva consegna presso il magazzino del cliente.<\/p>\n\n\n\n<p class=\"wp-block-paragraph\">Abadecom, oltre all'economia circolare, al commercio estero e ai progetti di RSI (Ricerca, Sviluppo e Innovazione), offre servizi di gestione logistica (principalmente legati al comercio estero) e offre anche l'installazione e il montaggio nella Comunit\u00e0 Valenciana dei prodotti che commercializzano. Inoltre, prevedono di disporre nei prossimi anni di una flotta di camion per fornire servizi di logistica e distribuzione a livello nazionale.<\/p>\n\n\n\n<p class=\"wp-block-paragraph\">Questa intensa attivit\u00e0 non \u00e8 frutto del caso, ma \u00e8 una questione di famiglia per Jos\u00e9 Ernesto Gamboa, che ha ereditato dai nonni il carattere imprenditoriale e la passione per l'avvio di progetti in grado di creare valore. Con questo bagaglio, questo nipote di emigranti spagnoli a Cuba \u00e8 arrivato in Spagna e ha trovato in Pascual Baviera il suo alter ego per avviare il suo progetto imprenditoriale, prima come GB Solutions, fondata nell'ottobre del 2016 e in cui hanno riversato la loro vasta esperienza nel commercio internazionale, e oggi come Abadecom.<\/p>\n\n\n\n<p class=\"wp-block-paragraph\">Visualizza la pubblicazione su Valenciaplaza:<br><a href=\"https:\/\/valenciaplaza.com\/economia-circular-comercio-exterior-ejes-crecimiento-abadecom\">https:\/\/valenciaplaza.com\/economia-circular-comercio-exterior-ejes-crecimiento-abadecom<\/a><\/p>","protected":false},"excerpt":{"rendered":"<p>VAL\u00c8NCIA (VP).\u00a0Abadecom\u00a0ha hecho de la econom\u00eda circular su punto fuerte. Sus pasarelas de playa y mobiliario urbano realizado con pl\u00e1stico reciclado ya se pueden utilizar en muchas ciudades espa\u00f1olas como San Pedro de Pinatar (Murcia), Lugo (Galicia), Altea (Alicante) o en Tavernes de la Valldigna (Valencia). Y sus pilonas\/bolardos fijos de pl\u00e1stico reciclado con anillo [&#8230;]<\/p>\n<p><a class=\"btn btn-secondary understrap-read-more-link\" href=\"https:\/\/abadecom.com\/it\/economia-circular-y-comercio-exterior-ejes-del-crecimiento-de-abadecom\/\">Leggi di pi\u00f9&#8230;<span class=\"screen-reader-text\"> from Econom\u00eda circular y comercio exterior, ejes del crecimiento de Abadecom.<\/span><\/a><\/p>\n","protected":false},"author":1,"featured_media":6288,"comment_status":"open","ping_status":"open","sticky":false,"template":"","format":"standard","meta":{"content-type":"","_monsterinsights_skip_tracking":false,"pgc_sgb_lightbox_settings":"","footnotes":""},"categories":[88],"tags":[],"class_list":["post-6286","post","type-post","status-publish","format-standard","has-post-thumbnail","hentry","category-trabajos"],"yoast_head":"<!-- This site is optimized with the Yoast SEO plugin v28.4 - https:\/\/yoast.com\/product\/yoast-seo-wordpress\/ -->\n<title>Econom\u00eda circular y comercio exterior, ejes del crecimiento de Abadecom. - Abadecom<\/title>\n<meta name=\"robots\" content=\"index, follow, max-snippet:-1, max-image-preview:large, max-video-preview:-1\" \/>\n<link rel=\"canonical\" href=\"https:\/\/abadecom.com\/it\/economia-circolare-e-commercio-estero-assi-della-crescita-di-abadecom\/\" \/>\n<meta property=\"og:locale\" content=\"it_IT\" \/>\n<meta property=\"og:type\" content=\"article\" \/>\n<meta property=\"og:title\" content=\"Econom\u00eda circular y comercio exterior, ejes del crecimiento de Abadecom. - Abadecom\" \/>\n<meta property=\"og:description\" content=\"VAL\u00c8NCIA (VP).\u00a0Abadecom\u00a0ha hecho de la econom\u00eda circular su punto fuerte. Sus pasarelas de playa y mobiliario urbano realizado con pl\u00e1stico reciclado ya se pueden utilizar en muchas ciudades espa\u00f1olas como San Pedro de Pinatar (Murcia), Lugo (Galicia), Altea (Alicante) o en Tavernes de la Valldigna (Valencia). Y sus pilonas\/bolardos fijos de pl\u00e1stico reciclado con anillo [...]Leggi di pi\u00f9... from Econom\u00eda circular y comercio exterior, ejes del crecimiento de Abadecom.\" \/>\n<meta property=\"og:url\" content=\"https:\/\/abadecom.com\/it\/economia-circolare-e-commercio-estero-assi-della-crescita-di-abadecom\/\" \/>\n<meta property=\"og:site_name\" content=\"Abadecom\" \/>\n<meta property=\"article:published_time\" content=\"2022-09-13T09:12:13+00:00\" \/>\n<meta property=\"article:modified_time\" content=\"2022-09-13T09:27:57+00:00\" \/>\n<meta property=\"og:image\" content=\"https:\/\/abadecom.com\/wp-content\/uploads\/2022\/09\/Josegamboa_Abaecom.jpg\" \/>\n\t<meta property=\"og:image:width\" content=\"768\" \/>\n\t<meta property=\"og:image:height\" content=\"458\" \/>\n\t<meta property=\"og:image:type\" content=\"image\/jpeg\" \/>\n<meta name=\"author\" content=\"AdminAabadeco\" \/>\n<meta name=\"twitter:card\" content=\"summary_large_image\" \/>\n<meta name=\"twitter:label1\" content=\"Scritto da\" \/>\n\t<meta name=\"twitter:data1\" content=\"AdminAabadeco\" \/>\n\t<meta name=\"twitter:label2\" content=\"Tempo di lettura stimato\" \/>\n\t<meta name=\"twitter:data2\" content=\"4 minuti\" \/>\n<script type=\"application\/ld+json\" class=\"yoast-schema-graph\">{\"@context\":\"https:\\\/\\\/schema.org\",\"@graph\":[{\"@type\":\"Article\",\"@id\":\"https:\\\/\\\/abadecom.com\\\/economia-circular-y-comercio-exterior-ejes-del-crecimiento-de-abadecom\\\/#article\",\"isPartOf\":{\"@id\":\"https:\\\/\\\/abadecom.com\\\/economia-circular-y-comercio-exterior-ejes-del-crecimiento-de-abadecom\\\/\"},\"author\":{\"name\":\"AdminAabadeco\",\"@id\":\"https:\\\/\\\/abadecom.com\\\/#\\\/schema\\\/person\\\/477a7cc0ed6c040d67343c7a3fda930b\"},\"headline\":\"Econom\u00eda circular y comercio exterior, ejes del crecimiento de Abadecom.\",\"datePublished\":\"2022-09-13T09:12:13+00:00\",\"dateModified\":\"2022-09-13T09:27:57+00:00\",\"mainEntityOfPage\":{\"@id\":\"https:\\\/\\\/abadecom.com\\\/economia-circular-y-comercio-exterior-ejes-del-crecimiento-de-abadecom\\\/\"},\"wordCount\":913,\"commentCount\":0,\"publisher\":{\"@id\":\"https:\\\/\\\/abadecom.com\\\/#organization\"},\"image\":{\"@id\":\"https:\\\/\\\/abadecom.com\\\/economia-circular-y-comercio-exterior-ejes-del-crecimiento-de-abadecom\\\/#primaryimage\"},\"thumbnailUrl\":\"https:\\\/\\\/abadecom.com\\\/wp-content\\\/uploads\\\/2022\\\/09\\\/Josegamboa_Abaecom.jpg\",\"articleSection\":[\"Trabajos\"],\"inLanguage\":\"it-IT\",\"potentialAction\":[{\"@type\":\"CommentAction\",\"name\":\"Comment\",\"target\":[\"https:\\\/\\\/abadecom.com\\\/economia-circular-y-comercio-exterior-ejes-del-crecimiento-de-abadecom\\\/#respond\"]}]},{\"@type\":\"WebPage\",\"@id\":\"https:\\\/\\\/abadecom.com\\\/economia-circular-y-comercio-exterior-ejes-del-crecimiento-de-abadecom\\\/\",\"url\":\"https:\\\/\\\/abadecom.com\\\/economia-circular-y-comercio-exterior-ejes-del-crecimiento-de-abadecom\\\/\",\"name\":\"Econom\u00eda circular y comercio exterior, ejes del crecimiento de Abadecom. - Abadecom\",\"isPartOf\":{\"@id\":\"https:\\\/\\\/abadecom.com\\\/#website\"},\"primaryImageOfPage\":{\"@id\":\"https:\\\/\\\/abadecom.com\\\/economia-circular-y-comercio-exterior-ejes-del-crecimiento-de-abadecom\\\/#primaryimage\"},\"image\":{\"@id\":\"https:\\\/\\\/abadecom.com\\\/economia-circular-y-comercio-exterior-ejes-del-crecimiento-de-abadecom\\\/#primaryimage\"},\"thumbnailUrl\":\"https:\\\/\\\/abadecom.com\\\/wp-content\\\/uploads\\\/2022\\\/09\\\/Josegamboa_Abaecom.jpg\",\"datePublished\":\"2022-09-13T09:12:13+00:00\",\"dateModified\":\"2022-09-13T09:27:57+00:00\",\"inLanguage\":\"it-IT\",\"potentialAction\":[{\"@type\":\"ReadAction\",\"target\":[\"https:\\\/\\\/abadecom.com\\\/economia-circular-y-comercio-exterior-ejes-del-crecimiento-de-abadecom\\\/\"]}]},{\"@type\":\"ImageObject\",\"inLanguage\":\"it-IT\",\"@id\":\"https:\\\/\\\/abadecom.com\\\/economia-circular-y-comercio-exterior-ejes-del-crecimiento-de-abadecom\\\/#primaryimage\",\"url\":\"https:\\\/\\\/abadecom.com\\\/wp-content\\\/uploads\\\/2022\\\/09\\\/Josegamboa_Abaecom.jpg\",\"contentUrl\":\"https:\\\/\\\/abadecom.com\\\/wp-content\\\/uploads\\\/2022\\\/09\\\/Josegamboa_Abaecom.jpg\",\"width\":768,\"height\":458},{\"@type\":\"WebSite\",\"@id\":\"https:\\\/\\\/abadecom.com\\\/#website\",\"url\":\"https:\\\/\\\/abadecom.com\\\/\",\"name\":\"Abadecom\",\"description\":\"Productos sostenibles y respetuosos con el medio ambiente\",\"publisher\":{\"@id\":\"https:\\\/\\\/abadecom.com\\\/#organization\"},\"alternateName\":\"Abadecom\",\"potentialAction\":[{\"@type\":\"SearchAction\",\"target\":{\"@type\":\"EntryPoint\",\"urlTemplate\":\"https:\\\/\\\/abadecom.com\\\/?s={search_term_string}\"},\"query-input\":{\"@type\":\"PropertyValueSpecification\",\"valueRequired\":true,\"valueName\":\"search_term_string\"}}],\"inLanguage\":\"it-IT\"},{\"@type\":\"Organization\",\"@id\":\"https:\\\/\\\/abadecom.com\\\/#organization\",\"name\":\"Abadecom\",\"url\":\"https:\\\/\\\/abadecom.com\\\/\",\"logo\":{\"@type\":\"ImageObject\",\"inLanguage\":\"it-IT\",\"@id\":\"https:\\\/\\\/abadecom.com\\\/#\\\/schema\\\/logo\\\/image\\\/\",\"url\":\"https:\\\/\\\/abadecom.com\\\/wp-content\\\/uploads\\\/2022\\\/03\\\/Logo-Abadecom-e1647715158799.png\",\"contentUrl\":\"https:\\\/\\\/abadecom.com\\\/wp-content\\\/uploads\\\/2022\\\/03\\\/Logo-Abadecom-e1647715158799.png\",\"width\":200,\"height\":117,\"caption\":\"Abadecom\"},\"image\":{\"@id\":\"https:\\\/\\\/abadecom.com\\\/#\\\/schema\\\/logo\\\/image\\\/\"}},{\"@type\":\"Person\",\"@id\":\"https:\\\/\\\/abadecom.com\\\/#\\\/schema\\\/person\\\/477a7cc0ed6c040d67343c7a3fda930b\",\"name\":\"AdminAabadeco\",\"image\":{\"@type\":\"ImageObject\",\"inLanguage\":\"it-IT\",\"@id\":\"https:\\\/\\\/secure.gravatar.com\\\/avatar\\\/2630c0cee03e7f483e5ca41ec6649375f24ca272e920f8386983684762e36487?s=96&d=mm&r=g\",\"url\":\"https:\\\/\\\/secure.gravatar.com\\\/avatar\\\/2630c0cee03e7f483e5ca41ec6649375f24ca272e920f8386983684762e36487?s=96&d=mm&r=g\",\"contentUrl\":\"https:\\\/\\\/secure.gravatar.com\\\/avatar\\\/2630c0cee03e7f483e5ca41ec6649375f24ca272e920f8386983684762e36487?s=96&d=mm&r=g\",\"caption\":\"AdminAabadeco\"},\"sameAs\":[\"https:\\\/\\\/abadecom.com\"],\"url\":\"https:\\\/\\\/abadecom.com\\\/it\\\/author\\\/adminaabadeco\\\/\"}]}<\/script>\n<!-- \/ Yoast SEO plugin. -->","yoast_head_json":{"title":"Economia circolare e commercio estero, assi portanti della crescita di Abadecom. - Abadecom","robots":{"index":"index","follow":"follow","max-snippet":"max-snippet:-1","max-image-preview":"max-image-preview:large","max-video-preview":"max-video-preview:-1"},"canonical":"https:\/\/abadecom.com\/it\/economia-circolare-e-commercio-estero-assi-della-crescita-di-abadecom\/","og_locale":"it_IT","og_type":"article","og_title":"Econom\u00eda circular y comercio exterior, ejes del crecimiento de Abadecom. - Abadecom","og_description":"VAL\u00c8NCIA (VP).\u00a0Abadecom\u00a0ha hecho de la econom\u00eda circular su punto fuerte. Sus pasarelas de playa y mobiliario urbano realizado con pl\u00e1stico reciclado ya se pueden utilizar en muchas ciudades espa\u00f1olas como San Pedro de Pinatar (Murcia), Lugo (Galicia), Altea (Alicante) o en Tavernes de la Valldigna (Valencia). Y sus pilonas\/bolardos fijos de pl\u00e1stico reciclado con anillo [...]Leggi di pi\u00f9... from Econom\u00eda circular y comercio exterior, ejes del crecimiento de Abadecom.","og_url":"https:\/\/abadecom.com\/it\/economia-circolare-e-commercio-estero-assi-della-crescita-di-abadecom\/","og_site_name":"Abadecom","article_published_time":"2022-09-13T09:12:13+00:00","article_modified_time":"2022-09-13T09:27:57+00:00","og_image":[{"width":768,"height":458,"url":"https:\/\/abadecom.com\/wp-content\/uploads\/2022\/09\/Josegamboa_Abaecom.jpg","type":"image\/jpeg"}],"author":"AdminAabadeco","twitter_card":"summary_large_image","twitter_misc":{"Scritto da":"AdminAabadeco","Tempo di lettura stimato":"4 minuti"},"schema":{"@context":"https:\/\/schema.org","@graph":[{"@type":"Article","@id":"https:\/\/abadecom.com\/economia-circular-y-comercio-exterior-ejes-del-crecimiento-de-abadecom\/#article","isPartOf":{"@id":"https:\/\/abadecom.com\/economia-circular-y-comercio-exterior-ejes-del-crecimiento-de-abadecom\/"},"author":{"name":"AdminAabadeco","@id":"https:\/\/abadecom.com\/#\/schema\/person\/477a7cc0ed6c040d67343c7a3fda930b"},"headline":"Econom\u00eda circular y comercio exterior, ejes del crecimiento de Abadecom.","datePublished":"2022-09-13T09:12:13+00:00","dateModified":"2022-09-13T09:27:57+00:00","mainEntityOfPage":{"@id":"https:\/\/abadecom.com\/economia-circular-y-comercio-exterior-ejes-del-crecimiento-de-abadecom\/"},"wordCount":913,"commentCount":0,"publisher":{"@id":"https:\/\/abadecom.com\/#organization"},"image":{"@id":"https:\/\/abadecom.com\/economia-circular-y-comercio-exterior-ejes-del-crecimiento-de-abadecom\/#primaryimage"},"thumbnailUrl":"https:\/\/abadecom.com\/wp-content\/uploads\/2022\/09\/Josegamboa_Abaecom.jpg","articleSection":["Trabajos"],"inLanguage":"it-IT","potentialAction":[{"@type":"CommentAction","name":"Comment","target":["https:\/\/abadecom.com\/economia-circular-y-comercio-exterior-ejes-del-crecimiento-de-abadecom\/#respond"]}]},{"@type":"WebPage","@id":"https:\/\/abadecom.com\/economia-circular-y-comercio-exterior-ejes-del-crecimiento-de-abadecom\/","url":"https:\/\/abadecom.com\/economia-circular-y-comercio-exterior-ejes-del-crecimiento-de-abadecom\/","name":"Economia circolare e commercio estero, assi portanti della crescita di Abadecom. - Abadecom","isPartOf":{"@id":"https:\/\/abadecom.com\/#website"},"primaryImageOfPage":{"@id":"https:\/\/abadecom.com\/economia-circular-y-comercio-exterior-ejes-del-crecimiento-de-abadecom\/#primaryimage"},"image":{"@id":"https:\/\/abadecom.com\/economia-circular-y-comercio-exterior-ejes-del-crecimiento-de-abadecom\/#primaryimage"},"thumbnailUrl":"https:\/\/abadecom.com\/wp-content\/uploads\/2022\/09\/Josegamboa_Abaecom.jpg","datePublished":"2022-09-13T09:12:13+00:00","dateModified":"2022-09-13T09:27:57+00:00","inLanguage":"it-IT","potentialAction":[{"@type":"ReadAction","target":["https:\/\/abadecom.com\/economia-circular-y-comercio-exterior-ejes-del-crecimiento-de-abadecom\/"]}]},{"@type":"ImageObject","inLanguage":"it-IT","@id":"https:\/\/abadecom.com\/economia-circular-y-comercio-exterior-ejes-del-crecimiento-de-abadecom\/#primaryimage","url":"https:\/\/abadecom.com\/wp-content\/uploads\/2022\/09\/Josegamboa_Abaecom.jpg","contentUrl":"https:\/\/abadecom.com\/wp-content\/uploads\/2022\/09\/Josegamboa_Abaecom.jpg","width":768,"height":458},{"@type":"WebSite","@id":"https:\/\/abadecom.com\/#website","url":"https:\/\/abadecom.com\/","name":"Abadecom","description":"Prodotti sostenibili e rispettosi dell'ambiente","publisher":{"@id":"https:\/\/abadecom.com\/#organization"},"alternateName":"Abadecom","potentialAction":[{"@type":"SearchAction","target":{"@type":"EntryPoint","urlTemplate":"https:\/\/abadecom.com\/?s={search_term_string}"},"query-input":{"@type":"PropertyValueSpecification","valueRequired":true,"valueName":"search_term_string"}}],"inLanguage":"it-IT"},{"@type":"Organization","@id":"https:\/\/abadecom.com\/#organization","name":"Abadecom","url":"https:\/\/abadecom.com\/","logo":{"@type":"ImageObject","inLanguage":"it-IT","@id":"https:\/\/abadecom.com\/#\/schema\/logo\/image\/","url":"https:\/\/abadecom.com\/wp-content\/uploads\/2022\/03\/Logo-Abadecom-e1647715158799.png","contentUrl":"https:\/\/abadecom.com\/wp-content\/uploads\/2022\/03\/Logo-Abadecom-e1647715158799.png","width":200,"height":117,"caption":"Abadecom"},"image":{"@id":"https:\/\/abadecom.com\/#\/schema\/logo\/image\/"}},{"@type":"Person","@id":"https:\/\/abadecom.com\/#\/schema\/person\/477a7cc0ed6c040d67343c7a3fda930b","name":"AdminAabadeco","image":{"@type":"ImageObject","inLanguage":"it-IT","@id":"https:\/\/secure.gravatar.com\/avatar\/2630c0cee03e7f483e5ca41ec6649375f24ca272e920f8386983684762e36487?s=96&d=mm&r=g","url":"https:\/\/secure.gravatar.com\/avatar\/2630c0cee03e7f483e5ca41ec6649375f24ca272e920f8386983684762e36487?s=96&d=mm&r=g","contentUrl":"https:\/\/secure.gravatar.com\/avatar\/2630c0cee03e7f483e5ca41ec6649375f24ca272e920f8386983684762e36487?s=96&d=mm&r=g","caption":"AdminAabadeco"},"sameAs":["https:\/\/abadecom.com"],"url":"https:\/\/abadecom.com\/it\/author\/adminaabadeco\/"}]}},"_links":{"self":[{"href":"https:\/\/abadecom.com\/it\/wp-json\/wp\/v2\/posts\/6286","targetHints":{"allow":["GET"]}}],"collection":[{"href":"https:\/\/abadecom.com\/it\/wp-json\/wp\/v2\/posts"}],"about":[{"href":"https:\/\/abadecom.com\/it\/wp-json\/wp\/v2\/types\/post"}],"author":[{"embeddable":true,"href":"https:\/\/abadecom.com\/it\/wp-json\/wp\/v2\/users\/1"}],"replies":[{"embeddable":true,"href":"https:\/\/abadecom.com\/it\/wp-json\/wp\/v2\/comments?post=6286"}],"version-history":[{"count":5,"href":"https:\/\/abadecom.com\/it\/wp-json\/wp\/v2\/posts\/6286\/revisions"}],"predecessor-version":[{"id":6298,"href":"https:\/\/abadecom.com\/it\/wp-json\/wp\/v2\/posts\/6286\/revisions\/6298"}],"wp:featuredmedia":[{"embeddable":true,"href":"https:\/\/abadecom.com\/it\/wp-json\/wp\/v2\/media\/6288"}],"wp:attachment":[{"href":"https:\/\/abadecom.com\/it\/wp-json\/wp\/v2\/media?parent=6286"}],"wp:term":[{"taxonomy":"category","embeddable":true,"href":"https:\/\/abadecom.com\/it\/wp-json\/wp\/v2\/categories?post=6286"},{"taxonomy":"post_tag","embeddable":true,"href":"https:\/\/abadecom.com\/it\/wp-json\/wp\/v2\/tags?post=6286"}],"curies":[{"name":"wp","href":"https:\/\/api.w.org\/{rel}","templated":true}]}}