{"id":4972,"date":"2022-04-12T10:06:24","date_gmt":"2022-04-12T10:06:24","guid":{"rendered":"https:\/\/abadecom.com\/?p=4972"},"modified":"2022-09-13T08:31:44","modified_gmt":"2022-09-13T08:31:44","slug":"pilonas-fijas-de-plastico-reciclado","status":"publish","type":"post","link":"https:\/\/abadecom.com\/it\/pilonas-fijas-de-plastico-reciclado\/","title":{"rendered":"Pilonas fijas de pl\u00e1stico reciclado."},"content":{"rendered":"<p class=\"wp-block-paragraph\">Pilonas\/bolardos fijos de pl\u00e1stico reciclado con anillo reflectante y cero mantenimiento.<\/p>\n\n\n\n<p class=\"wp-block-paragraph\">Preparando exportaci\u00f3n para Costa Rica de nuestras pilonas 100% pl\u00e1stico reciclado y 100% reciclable de color negro y con anillo reflectante de alta intensidad para aumentar su visibilidad en condiciones de oscuridad, producto elaborado con materiales que han terminado su ciclo de vida \u00fatil, reduciendo de forma importante los impactos ambientales que acarrea el uso de elementos contaminantes.<\/p>\n\n\n\n<p class=\"wp-block-paragraph\">En esta ocasi\u00f3n se han reutilizado un total de 400 kg de desechos pl\u00e1sticos, ofreci\u00e9ndole una segunda vida \u00fatil y que dar\u00e1 seguridad y est\u00e9tica a casi 1 km de avenida.<\/p>\n\n\n\n<p class=\"wp-block-paragraph\"><\/p>\n\n\n\n<p class=\"wp-block-paragraph\"><\/p>","protected":false},"excerpt":{"rendered":"<p>Pilonas\/bolardos fijos de pl\u00e1stico reciclado con anillo reflectante y cero mantenimiento. Preparando exportaci\u00f3n para Costa Rica de nuestras pilonas 100% pl\u00e1stico reciclado y 100% reciclable de color negro y con anillo reflectante de alta intensidad para aumentar su visibilidad en condiciones de oscuridad, producto elaborado con materiales que han terminado su ciclo de vida \u00fatil, [&#8230;]<\/p>\n<p><a class=\"btn btn-secondary understrap-read-more-link\" href=\"https:\/\/abadecom.com\/it\/pilonas-fijas-de-plastico-reciclado\/\">Leggi di pi\u00f9&#8230;<span class=\"screen-reader-text\"> from Pilonas fijas de pl\u00e1stico reciclado.<\/span><\/a><\/p>\n","protected":false},"author":1,"featured_media":4973,"comment_status":"open","ping_status":"open","sticky":false,"template":"","format":"standard","meta":{"content-type":"","_monsterinsights_skip_tracking":false,"pgc_sgb_lightbox_settings":"","footnotes":""},"categories":[88],"tags":[],"class_list":["post-4972","post","type-post","status-publish","format-standard","has-post-thumbnail","hentry","category-trabajos"],"yoast_head":"<!-- This site is optimized with the Yoast SEO plugin v28.4 - https:\/\/yoast.com\/product\/yoast-seo-wordpress\/ -->\n<title>Pilonas fijas de pl\u00e1stico reciclado. - Abadecom<\/title>\n<meta name=\"robots\" content=\"index, follow, max-snippet:-1, max-image-preview:large, max-video-preview:-1\" \/>\n<link rel=\"canonical\" href=\"https:\/\/abadecom.com\/it\/pilonas-fijas-de-plastico-reciclado\/\" \/>\n<meta property=\"og:locale\" content=\"it_IT\" \/>\n<meta property=\"og:type\" content=\"article\" \/>\n<meta property=\"og:title\" content=\"Pilonas fijas de pl\u00e1stico reciclado. - Abadecom\" \/>\n<meta property=\"og:description\" content=\"Pilonas\/bolardos fijos de pl\u00e1stico reciclado con anillo reflectante y cero mantenimiento. Preparando exportaci\u00f3n para Costa Rica de nuestras pilonas 100% pl\u00e1stico reciclado y 100% reciclable de color negro y con anillo reflectante de alta intensidad para aumentar su visibilidad en condiciones de oscuridad, producto elaborado con materiales que han terminado su ciclo de vida \u00fatil, [...]Leggi di pi\u00f9... from Pilonas fijas de pl\u00e1stico reciclado.\" \/>\n<meta property=\"og:url\" content=\"https:\/\/abadecom.com\/it\/pilonas-fijas-de-plastico-reciclado\/\" \/>\n<meta property=\"og:site_name\" content=\"Abadecom\" \/>\n<meta property=\"article:published_time\" content=\"2022-04-12T10:06:24+00:00\" \/>\n<meta property=\"article:modified_time\" content=\"2022-09-13T08:31:44+00:00\" \/>\n<meta property=\"og:image\" content=\"https:\/\/abadecom.com\/wp-content\/uploads\/2022\/04\/PILONAS-COSTA-RICA.jpg\" \/>\n\t<meta property=\"og:image:width\" content=\"1280\" \/>\n\t<meta property=\"og:image:height\" content=\"720\" \/>\n\t<meta property=\"og:image:type\" content=\"image\/jpeg\" \/>\n<meta name=\"author\" content=\"AdminAabadeco\" \/>\n<meta name=\"twitter:card\" content=\"summary_large_image\" \/>\n<meta name=\"twitter:label1\" content=\"Scritto da\" \/>\n\t<meta name=\"twitter:data1\" content=\"AdminAabadeco\" \/>\n\t<meta name=\"twitter:label2\" content=\"Tempo di lettura stimato\" \/>\n\t<meta name=\"twitter:data2\" content=\"1 minuto\" \/>\n<script type=\"application\/ld+json\" class=\"yoast-schema-graph\">{\"@context\":\"https:\\\/\\\/schema.org\",\"@graph\":[{\"@type\":\"Article\",\"@id\":\"https:\\\/\\\/abadecom.com\\\/pilonas-fijas-de-plastico-reciclado\\\/#article\",\"isPartOf\":{\"@id\":\"https:\\\/\\\/abadecom.com\\\/pilonas-fijas-de-plastico-reciclado\\\/\"},\"author\":{\"name\":\"AdminAabadeco\",\"@id\":\"https:\\\/\\\/abadecom.com\\\/#\\\/schema\\\/person\\\/477a7cc0ed6c040d67343c7a3fda930b\"},\"headline\":\"Pilonas fijas de pl\u00e1stico reciclado.\",\"datePublished\":\"2022-04-12T10:06:24+00:00\",\"dateModified\":\"2022-09-13T08:31:44+00:00\",\"mainEntityOfPage\":{\"@id\":\"https:\\\/\\\/abadecom.com\\\/pilonas-fijas-de-plastico-reciclado\\\/\"},\"wordCount\":110,\"commentCount\":0,\"publisher\":{\"@id\":\"https:\\\/\\\/abadecom.com\\\/#organization\"},\"image\":{\"@id\":\"https:\\\/\\\/abadecom.com\\\/pilonas-fijas-de-plastico-reciclado\\\/#primaryimage\"},\"thumbnailUrl\":\"https:\\\/\\\/abadecom.com\\\/wp-content\\\/uploads\\\/2022\\\/04\\\/PILONAS-COSTA-RICA.jpg\",\"articleSection\":[\"Trabajos\"],\"inLanguage\":\"it-IT\",\"potentialAction\":[{\"@type\":\"CommentAction\",\"name\":\"Comment\",\"target\":[\"https:\\\/\\\/abadecom.com\\\/pilonas-fijas-de-plastico-reciclado\\\/#respond\"]}]},{\"@type\":\"WebPage\",\"@id\":\"https:\\\/\\\/abadecom.com\\\/pilonas-fijas-de-plastico-reciclado\\\/\",\"url\":\"https:\\\/\\\/abadecom.com\\\/pilonas-fijas-de-plastico-reciclado\\\/\",\"name\":\"Pilonas fijas de pl\u00e1stico reciclado. - Abadecom\",\"isPartOf\":{\"@id\":\"https:\\\/\\\/abadecom.com\\\/#website\"},\"primaryImageOfPage\":{\"@id\":\"https:\\\/\\\/abadecom.com\\\/pilonas-fijas-de-plastico-reciclado\\\/#primaryimage\"},\"image\":{\"@id\":\"https:\\\/\\\/abadecom.com\\\/pilonas-fijas-de-plastico-reciclado\\\/#primaryimage\"},\"thumbnailUrl\":\"https:\\\/\\\/abadecom.com\\\/wp-content\\\/uploads\\\/2022\\\/04\\\/PILONAS-COSTA-RICA.jpg\",\"datePublished\":\"2022-04-12T10:06:24+00:00\",\"dateModified\":\"2022-09-13T08:31:44+00:00\",\"inLanguage\":\"it-IT\",\"potentialAction\":[{\"@type\":\"ReadAction\",\"target\":[\"https:\\\/\\\/abadecom.com\\\/pilonas-fijas-de-plastico-reciclado\\\/\"]}]},{\"@type\":\"ImageObject\",\"inLanguage\":\"it-IT\",\"@id\":\"https:\\\/\\\/abadecom.com\\\/pilonas-fijas-de-plastico-reciclado\\\/#primaryimage\",\"url\":\"https:\\\/\\\/abadecom.com\\\/wp-content\\\/uploads\\\/2022\\\/04\\\/PILONAS-COSTA-RICA.jpg\",\"contentUrl\":\"https:\\\/\\\/abadecom.com\\\/wp-content\\\/uploads\\\/2022\\\/04\\\/PILONAS-COSTA-RICA.jpg\",\"width\":1280,\"height\":720},{\"@type\":\"WebSite\",\"@id\":\"https:\\\/\\\/abadecom.com\\\/#website\",\"url\":\"https:\\\/\\\/abadecom.com\\\/\",\"name\":\"Abadecom\",\"description\":\"Productos sostenibles y respetuosos con el medio ambiente\",\"publisher\":{\"@id\":\"https:\\\/\\\/abadecom.com\\\/#organization\"},\"alternateName\":\"Abadecom\",\"potentialAction\":[{\"@type\":\"SearchAction\",\"target\":{\"@type\":\"EntryPoint\",\"urlTemplate\":\"https:\\\/\\\/abadecom.com\\\/?s={search_term_string}\"},\"query-input\":{\"@type\":\"PropertyValueSpecification\",\"valueRequired\":true,\"valueName\":\"search_term_string\"}}],\"inLanguage\":\"it-IT\"},{\"@type\":\"Organization\",\"@id\":\"https:\\\/\\\/abadecom.com\\\/#organization\",\"name\":\"Abadecom\",\"url\":\"https:\\\/\\\/abadecom.com\\\/\",\"logo\":{\"@type\":\"ImageObject\",\"inLanguage\":\"it-IT\",\"@id\":\"https:\\\/\\\/abadecom.com\\\/#\\\/schema\\\/logo\\\/image\\\/\",\"url\":\"https:\\\/\\\/abadecom.com\\\/wp-content\\\/uploads\\\/2022\\\/03\\\/Logo-Abadecom-e1647715158799.png\",\"contentUrl\":\"https:\\\/\\\/abadecom.com\\\/wp-content\\\/uploads\\\/2022\\\/03\\\/Logo-Abadecom-e1647715158799.png\",\"width\":200,\"height\":117,\"caption\":\"Abadecom\"},\"image\":{\"@id\":\"https:\\\/\\\/abadecom.com\\\/#\\\/schema\\\/logo\\\/image\\\/\"}},{\"@type\":\"Person\",\"@id\":\"https:\\\/\\\/abadecom.com\\\/#\\\/schema\\\/person\\\/477a7cc0ed6c040d67343c7a3fda930b\",\"name\":\"AdminAabadeco\",\"image\":{\"@type\":\"ImageObject\",\"inLanguage\":\"it-IT\",\"@id\":\"https:\\\/\\\/secure.gravatar.com\\\/avatar\\\/2630c0cee03e7f483e5ca41ec6649375f24ca272e920f8386983684762e36487?s=96&d=mm&r=g\",\"url\":\"https:\\\/\\\/secure.gravatar.com\\\/avatar\\\/2630c0cee03e7f483e5ca41ec6649375f24ca272e920f8386983684762e36487?s=96&d=mm&r=g\",\"contentUrl\":\"https:\\\/\\\/secure.gravatar.com\\\/avatar\\\/2630c0cee03e7f483e5ca41ec6649375f24ca272e920f8386983684762e36487?s=96&d=mm&r=g\",\"caption\":\"AdminAabadeco\"},\"sameAs\":[\"https:\\\/\\\/abadecom.com\"],\"url\":\"https:\\\/\\\/abadecom.com\\\/it\\\/author\\\/adminaabadeco\\\/\"}]}<\/script>\n<!-- \/ Yoast SEO plugin. -->","yoast_head_json":{"title":"Pilonas fijas de pl\u00e1stico reciclado. - Abadecom","robots":{"index":"index","follow":"follow","max-snippet":"max-snippet:-1","max-image-preview":"max-image-preview:large","max-video-preview":"max-video-preview:-1"},"canonical":"https:\/\/abadecom.com\/it\/pilonas-fijas-de-plastico-reciclado\/","og_locale":"it_IT","og_type":"article","og_title":"Pilonas fijas de pl\u00e1stico reciclado. - Abadecom","og_description":"Pilonas\/bolardos fijos de pl\u00e1stico reciclado con anillo reflectante y cero mantenimiento. Preparando exportaci\u00f3n para Costa Rica de nuestras pilonas 100% pl\u00e1stico reciclado y 100% reciclable de color negro y con anillo reflectante de alta intensidad para aumentar su visibilidad en condiciones de oscuridad, producto elaborado con materiales que han terminado su ciclo de vida \u00fatil, [...]Leggi di pi\u00f9... from Pilonas fijas de pl\u00e1stico reciclado.","og_url":"https:\/\/abadecom.com\/it\/pilonas-fijas-de-plastico-reciclado\/","og_site_name":"Abadecom","article_published_time":"2022-04-12T10:06:24+00:00","article_modified_time":"2022-09-13T08:31:44+00:00","og_image":[{"width":1280,"height":720,"url":"https:\/\/abadecom.com\/wp-content\/uploads\/2022\/04\/PILONAS-COSTA-RICA.jpg","type":"image\/jpeg"}],"author":"AdminAabadeco","twitter_card":"summary_large_image","twitter_misc":{"Scritto da":"AdminAabadeco","Tempo di lettura stimato":"1 minuto"},"schema":{"@context":"https:\/\/schema.org","@graph":[{"@type":"Article","@id":"https:\/\/abadecom.com\/pilonas-fijas-de-plastico-reciclado\/#article","isPartOf":{"@id":"https:\/\/abadecom.com\/pilonas-fijas-de-plastico-reciclado\/"},"author":{"name":"AdminAabadeco","@id":"https:\/\/abadecom.com\/#\/schema\/person\/477a7cc0ed6c040d67343c7a3fda930b"},"headline":"Pilonas fijas de pl\u00e1stico reciclado.","datePublished":"2022-04-12T10:06:24+00:00","dateModified":"2022-09-13T08:31:44+00:00","mainEntityOfPage":{"@id":"https:\/\/abadecom.com\/pilonas-fijas-de-plastico-reciclado\/"},"wordCount":110,"commentCount":0,"publisher":{"@id":"https:\/\/abadecom.com\/#organization"},"image":{"@id":"https:\/\/abadecom.com\/pilonas-fijas-de-plastico-reciclado\/#primaryimage"},"thumbnailUrl":"https:\/\/abadecom.com\/wp-content\/uploads\/2022\/04\/PILONAS-COSTA-RICA.jpg","articleSection":["Trabajos"],"inLanguage":"it-IT","potentialAction":[{"@type":"CommentAction","name":"Comment","target":["https:\/\/abadecom.com\/pilonas-fijas-de-plastico-reciclado\/#respond"]}]},{"@type":"WebPage","@id":"https:\/\/abadecom.com\/pilonas-fijas-de-plastico-reciclado\/","url":"https:\/\/abadecom.com\/pilonas-fijas-de-plastico-reciclado\/","name":"Pilonas fijas de pl\u00e1stico reciclado. - Abadecom","isPartOf":{"@id":"https:\/\/abadecom.com\/#website"},"primaryImageOfPage":{"@id":"https:\/\/abadecom.com\/pilonas-fijas-de-plastico-reciclado\/#primaryimage"},"image":{"@id":"https:\/\/abadecom.com\/pilonas-fijas-de-plastico-reciclado\/#primaryimage"},"thumbnailUrl":"https:\/\/abadecom.com\/wp-content\/uploads\/2022\/04\/PILONAS-COSTA-RICA.jpg","datePublished":"2022-04-12T10:06:24+00:00","dateModified":"2022-09-13T08:31:44+00:00","inLanguage":"it-IT","potentialAction":[{"@type":"ReadAction","target":["https:\/\/abadecom.com\/pilonas-fijas-de-plastico-reciclado\/"]}]},{"@type":"ImageObject","inLanguage":"it-IT","@id":"https:\/\/abadecom.com\/pilonas-fijas-de-plastico-reciclado\/#primaryimage","url":"https:\/\/abadecom.com\/wp-content\/uploads\/2022\/04\/PILONAS-COSTA-RICA.jpg","contentUrl":"https:\/\/abadecom.com\/wp-content\/uploads\/2022\/04\/PILONAS-COSTA-RICA.jpg","width":1280,"height":720},{"@type":"WebSite","@id":"https:\/\/abadecom.com\/#website","url":"https:\/\/abadecom.com\/","name":"Abadecom","description":"Prodotti sostenibili e rispettosi dell'ambiente","publisher":{"@id":"https:\/\/abadecom.com\/#organization"},"alternateName":"Abadecom","potentialAction":[{"@type":"SearchAction","target":{"@type":"EntryPoint","urlTemplate":"https:\/\/abadecom.com\/?s={search_term_string}"},"query-input":{"@type":"PropertyValueSpecification","valueRequired":true,"valueName":"search_term_string"}}],"inLanguage":"it-IT"},{"@type":"Organization","@id":"https:\/\/abadecom.com\/#organization","name":"Abadecom","url":"https:\/\/abadecom.com\/","logo":{"@type":"ImageObject","inLanguage":"it-IT","@id":"https:\/\/abadecom.com\/#\/schema\/logo\/image\/","url":"https:\/\/abadecom.com\/wp-content\/uploads\/2022\/03\/Logo-Abadecom-e1647715158799.png","contentUrl":"https:\/\/abadecom.com\/wp-content\/uploads\/2022\/03\/Logo-Abadecom-e1647715158799.png","width":200,"height":117,"caption":"Abadecom"},"image":{"@id":"https:\/\/abadecom.com\/#\/schema\/logo\/image\/"}},{"@type":"Person","@id":"https:\/\/abadecom.com\/#\/schema\/person\/477a7cc0ed6c040d67343c7a3fda930b","name":"AdminAabadeco","image":{"@type":"ImageObject","inLanguage":"it-IT","@id":"https:\/\/secure.gravatar.com\/avatar\/2630c0cee03e7f483e5ca41ec6649375f24ca272e920f8386983684762e36487?s=96&d=mm&r=g","url":"https:\/\/secure.gravatar.com\/avatar\/2630c0cee03e7f483e5ca41ec6649375f24ca272e920f8386983684762e36487?s=96&d=mm&r=g","contentUrl":"https:\/\/secure.gravatar.com\/avatar\/2630c0cee03e7f483e5ca41ec6649375f24ca272e920f8386983684762e36487?s=96&d=mm&r=g","caption":"AdminAabadeco"},"sameAs":["https:\/\/abadecom.com"],"url":"https:\/\/abadecom.com\/it\/author\/adminaabadeco\/"}]}},"_links":{"self":[{"href":"https:\/\/abadecom.com\/it\/wp-json\/wp\/v2\/posts\/4972","targetHints":{"allow":["GET"]}}],"collection":[{"href":"https:\/\/abadecom.com\/it\/wp-json\/wp\/v2\/posts"}],"about":[{"href":"https:\/\/abadecom.com\/it\/wp-json\/wp\/v2\/types\/post"}],"author":[{"embeddable":true,"href":"https:\/\/abadecom.com\/it\/wp-json\/wp\/v2\/users\/1"}],"replies":[{"embeddable":true,"href":"https:\/\/abadecom.com\/it\/wp-json\/wp\/v2\/comments?post=4972"}],"version-history":[{"count":4,"href":"https:\/\/abadecom.com\/it\/wp-json\/wp\/v2\/posts\/4972\/revisions"}],"predecessor-version":[{"id":6275,"href":"https:\/\/abadecom.com\/it\/wp-json\/wp\/v2\/posts\/4972\/revisions\/6275"}],"wp:featuredmedia":[{"embeddable":true,"href":"https:\/\/abadecom.com\/it\/wp-json\/wp\/v2\/media\/4973"}],"wp:attachment":[{"href":"https:\/\/abadecom.com\/it\/wp-json\/wp\/v2\/media?parent=4972"}],"wp:term":[{"taxonomy":"category","embeddable":true,"href":"https:\/\/abadecom.com\/it\/wp-json\/wp\/v2\/categories?post=4972"},{"taxonomy":"post_tag","embeddable":true,"href":"https:\/\/abadecom.com\/it\/wp-json\/wp\/v2\/tags?post=4972"}],"curies":[{"name":"wp","href":"https:\/\/api.w.org\/{rel}","templated":true}]}}