{"id":10208,"date":"2026-06-03T08:04:35","date_gmt":"2026-06-03T08:04:35","guid":{"rendered":"https:\/\/abadecom.com\/?p=10208"},"modified":"2026-06-03T08:04:38","modified_gmt":"2026-06-03T08:04:38","slug":"como-mejorar-la-visibilidad-nocturna-y-la-seguridad-vial-ciclista","status":"publish","type":"post","link":"https:\/\/abadecom.com\/it\/como-mejorar-la-visibilidad-nocturna-y-la-seguridad-vial-ciclista\/","title":{"rendered":"C\u00f3mo mejorar la visibilidad nocturna y la seguridad vial ciclista"},"content":{"rendered":"\n<p class=\"wp-block-paragraph\">La seguridad en la <strong>infraestructura ciclista urbana<\/strong> depende en gran medida de una correcta delimitaci\u00f3n del espacio destinado a bicicletas, patinetes y otros usuarios de la ciclov\u00eda. En zonas urbanas, interurbanas, obras o entornos con poca iluminaci\u00f3n, los separadores de carril bici cumplen una funci\u00f3n esencial: marcar claramente el l\u00edmite entre la v\u00eda ciclista y el tr\u00e1fico motorizado.<\/p>\n\n\n\n<p class=\"wp-block-paragraph\">Dentro de las soluciones disponibles, los <strong><a href=\"https:\/\/abadecom.com\/separador-carril-bici\/\">separadores de carril bici fotoluminiscentes<\/a><\/strong> representan una evoluci\u00f3n frente a los separadores reflectantes convencionales, ya que combinan dos tecnolog\u00edas clave de balizamiento vial: la <strong>reflectancia<\/strong> y la <strong>fotoluminiscencia<\/strong>.<\/p>\n\n\n<style>.wp-block-kadence-advancedheading.kt-adv-heading10208_a6790e-19, .wp-block-kadence-advancedheading.kt-adv-heading10208_a6790e-19[data-kb-block=\"kb-adv-heading10208_a6790e-19\"]{font-style:normal;}.wp-block-kadence-advancedheading.kt-adv-heading10208_a6790e-19 mark.kt-highlight, .wp-block-kadence-advancedheading.kt-adv-heading10208_a6790e-19[data-kb-block=\"kb-adv-heading10208_a6790e-19\"] mark.kt-highlight{font-style:normal;color:#f76a0c;-webkit-box-decoration-break:clone;box-decoration-break:clone;padding-top:0px;padding-right:0px;padding-bottom:0px;padding-left:0px;}.wp-block-kadence-advancedheading.kt-adv-heading10208_a6790e-19 img.kb-inline-image, .wp-block-kadence-advancedheading.kt-adv-heading10208_a6790e-19[data-kb-block=\"kb-adv-heading10208_a6790e-19\"] img.kb-inline-image{width:150px;vertical-align:baseline;}<\/style>\n<h2 class=\"kt-adv-heading10208_a6790e-19 wp-block-kadence-advancedheading\" data-kb-block=\"kb-adv-heading10208_a6790e-19\"><strong>\u00bfQu\u00e9 diferencia hay entre un separador reflectante y uno fotoluminiscente?<\/strong><\/h2>\n\n\n\n<p class=\"wp-block-paragraph\">Los <strong>separadores reflectantes<\/strong> est\u00e1n dise\u00f1ados para devolver la luz cuando reciben iluminaci\u00f3n directa, por ejemplo, la de los faros de un veh\u00edculo. Esta caracter\u00edstica resulta muy \u00fatil para los conductores, ya que permite identificar desde cierta distancia la existencia de una v\u00eda aleda\u00f1a que no debe invadirse. Sin embargo, su eficacia depende de una fuente de luz externa. Si no hay faros, alumbrado p\u00fablico o una iluminaci\u00f3n suficiente, el separador pierde gran parte de su visibilidad.<\/p>\n\n\n\n<p class=\"wp-block-paragraph\">Por su parte, un separador fotoluminiscente absorbe luz durante el d\u00eda o cuando existe iluminaci\u00f3n ambiental y posteriormente la emite en condiciones de oscuridad o baja luminosidad. Esto permite mejorar la visibilidad nocturna sin necesidad de electricidad, cableado ni mantenimiento energ\u00e9tico.<\/p>\n\n\n\n<p class=\"wp-block-paragraph\"><strong>La ventaja principal: fotoluminiscente y tambi\u00e9n reflectante<\/strong><\/p>\n\n\n\n<p class=\"wp-block-paragraph\">La principal diferencia del separador de carril bici fotoluminiscente de Abadecom es que no sustituye la tecnolog\u00eda reflectante, sino que la complementa.<\/p>\n\n\n\n<p class=\"wp-block-paragraph\">Es decir, el separador ofrece una doble funci\u00f3n:<\/p>\n\n\n\n<ol start=\"1\" class=\"wp-block-list\">\n<li><strong>Funci\u00f3n fotoluminiscente<\/strong>, que ayuda al ciclista o usuario de la ciclov\u00eda a identificar el trazado del carril en condiciones de oscuridad, penumbra o baja iluminaci\u00f3n.<\/li>\n\n\n\n<li><strong>Funci\u00f3n reflectante<\/strong>, que advierte a los veh\u00edculos a motor de la existencia de una v\u00eda ciclista anexa que no deben invadir.<\/li>\n<\/ol>\n\n\n\n<p class=\"wp-block-paragraph\">Esta combinaci\u00f3n permite cumplir con las dos t\u00e9cnicas m\u00e1s importantes de balizamiento en la v\u00eda: la se\u00f1alizaci\u00f3n luminosa pasiva mediante fotoluminiscencia y la se\u00f1alizaci\u00f3n reflectante para el tr\u00e1fico motorizado.<\/p>\n\n\n\n<p class=\"wp-block-paragraph\">En materia de seguridad vial ciclista, la visibilidad es determinante. Un carril bici mal delimitado puede generar invasiones involuntarias por parte de veh\u00edculos, maniobras inseguras o situaciones de riesgo para los usuarios vulnerables. <\/p>\n\n\n\n<p class=\"wp-block-paragraph\">Los <strong>separadores de carril bici fotoluminiscentes<\/strong> ayudan a reducir estos riesgos porque hacen m\u00e1s visible la infraestructura desde dos perspectivas distintas:<\/p>\n\n\n\n<p class=\"wp-block-paragraph\">Para el ciclista, el separador marca el recorrido de la ciclov\u00eda incluso cuando la iluminaci\u00f3n es limitada. Esto facilita la orientaci\u00f3n, especialmente en tramos nocturnos, t\u00faneles, pasos inferiores, zonas de obra o \u00e1reas con alumbrado p\u00fablico insuficiente.<\/p>\n\n\n\n<p class=\"wp-block-paragraph\">Para el conductor, la parte reflectante act\u00faa como aviso visual cuando los faros inciden sobre el separador, indicando claramente que existe un carril reservado que debe respetarse.<\/p>\n\n\n<style>.wp-block-kadence-advancedheading.kt-adv-heading10208_c610cc-2c, .wp-block-kadence-advancedheading.kt-adv-heading10208_c610cc-2c[data-kb-block=\"kb-adv-heading10208_c610cc-2c\"]{font-style:normal;}.wp-block-kadence-advancedheading.kt-adv-heading10208_c610cc-2c mark.kt-highlight, .wp-block-kadence-advancedheading.kt-adv-heading10208_c610cc-2c[data-kb-block=\"kb-adv-heading10208_c610cc-2c\"] mark.kt-highlight{font-style:normal;color:#f76a0c;-webkit-box-decoration-break:clone;box-decoration-break:clone;padding-top:0px;padding-right:0px;padding-bottom:0px;padding-left:0px;}.wp-block-kadence-advancedheading.kt-adv-heading10208_c610cc-2c img.kb-inline-image, .wp-block-kadence-advancedheading.kt-adv-heading10208_c610cc-2c[data-kb-block=\"kb-adv-heading10208_c610cc-2c\"] img.kb-inline-image{width:150px;vertical-align:baseline;}<\/style>\n<h2 class=\"kt-adv-heading10208_c610cc-2c wp-block-kadence-advancedheading\" data-kb-block=\"kb-adv-heading10208_c610cc-2c\"><strong>Separadores reflectantes: \u00fatiles, pero limitados<\/strong><\/h2>\n\n\n\n<p class=\"wp-block-paragraph\">Los <strong>separadores reflectantes<\/strong> siguen siendo una soluci\u00f3n v\u00e1lida para advertir al tr\u00e1fico motorizado. Su principal fortaleza es que responden muy bien cuando reciben luz directa de los veh\u00edculos.<\/p>\n\n\n\n<p class=\"wp-block-paragraph\">No obstante, en entornos donde tambi\u00e9n se necesita orientar al ciclista, la reflectancia por s\u00ed sola puede resultar insuficiente. El usuario de la ciclov\u00eda no siempre cuenta con una fuente de luz potente o dirigida hacia el separador. Por ello, la fotoluminiscencia a\u00f1ade una capa extra de seguridad visual. La soluci\u00f3n m\u00e1s completa no es elegir entre reflectante o fotoluminiscente, sino integrar ambas propiedades en un mismo elemento de balizamiento.<\/p>\n\n\n\n<p class=\"wp-block-paragraph\"><strong>Aplicaciones en infraestructura ciclista urbana<\/strong><\/p>\n\n\n\n<p class=\"wp-block-paragraph\">Los separadores de carril bici fotoluminiscentes son especialmente recomendables en:<\/p>\n\n\n\n<ul class=\"wp-block-list\">\n<li>Carriles bici urbanos con tr\u00e1fico motorizado cercano.<\/li>\n\n\n\n<li>Zonas con baja iluminaci\u00f3n nocturna.<\/li>\n\n\n\n<li>Tramos de obra o desv\u00edos provisionales.<\/li>\n\n\n\n<li>Accesos a rotondas, cruces y pasos conflictivos.<\/li>\n\n\n\n<li>V\u00edas ciclistas junto a calzadas de veh\u00edculos.<\/li>\n\n\n\n<li>Itinerarios ciclistas en parques, paseos o \u00e1reas periurbanas.<\/li>\n\n\n\n<li>Espacios donde se busca mejorar la se\u00f1alizaci\u00f3n sin instalar electricidad.<\/li>\n<\/ul>\n\n\n\n<p class=\"wp-block-paragraph\">En todos estos casos, la combinaci\u00f3n de fotoluminiscencia y reflectancia contribuye a una infraestructura ciclista urbana m\u00e1s clara, segura y eficiente.<\/p>\n\n\n\n<p class=\"wp-block-paragraph\">El separador de carril bici fotoluminiscente de Abadecom ofrece una ventaja diferencial frente a los separadores reflectantes convencionales: adem\u00e1s de ser fotoluminiscente, tambi\u00e9n es reflectante.<\/p>\n\n\n\n<p class=\"wp-block-paragraph\">Esta doble tecnolog\u00eda permite mejorar la visibilidad nocturna del carril bici para los ciclistas y, al mismo tiempo, advertir a los conductores de veh\u00edculos a motor de la existencia de una v\u00eda ciclista que no deben invadir.<\/p>\n\n\n\n<p class=\"wp-block-paragraph\">Por ello, los separadores de carril bici fotoluminiscentes son una soluci\u00f3n eficaz para reforzar la seguridad vial ciclista, optimizar la se\u00f1alizaci\u00f3n luminosa sin electricidad y avanzar hacia una movilidad urbana m\u00e1s segura y sostenible.<\/p>\n","protected":false},"excerpt":{"rendered":"<p>La seguridad en la infraestructura ciclista urbana depende en gran medida de una correcta delimitaci\u00f3n del espacio destinado a bicicletas, patinetes y otros usuarios de la ciclov\u00eda. En zonas urbanas, interurbanas, obras o entornos con poca iluminaci\u00f3n, los separadores de carril bici cumplen una funci\u00f3n esencial: marcar claramente el l\u00edmite entre la v\u00eda ciclista y [&#8230;]<\/p>\n<p><a class=\"btn btn-secondary understrap-read-more-link\" href=\"https:\/\/abadecom.com\/it\/como-mejorar-la-visibilidad-nocturna-y-la-seguridad-vial-ciclista\/\">Leggi di pi\u00f9&#8230;<span class=\"screen-reader-text\"> from C\u00f3mo mejorar la visibilidad nocturna y la seguridad vial ciclista<\/span><\/a><\/p>\n","protected":false},"author":1,"featured_media":10209,"comment_status":"open","ping_status":"open","sticky":false,"template":"","format":"standard","meta":{"content-type":"","_monsterinsights_skip_tracking":false,"pgc_sgb_lightbox_settings":"","footnotes":""},"categories":[1],"tags":[],"class_list":["post-10208","post","type-post","status-publish","format-standard","has-post-thumbnail","hentry","category-sin-categorizar"],"yoast_head":"<!-- This site is optimized with the Yoast SEO plugin v28.4 - https:\/\/yoast.com\/product\/yoast-seo-wordpress\/ -->\n<title>C\u00f3mo mejorar la visibilidad nocturna y la seguridad vial ciclista - Abadecom<\/title>\n<meta name=\"description\" content=\"Separador carril bici fotoluminiscente vs reflectante. C\u00f3mo mejorar la visibilidad nocturna y la seguridad vial ciclista sin electricidad.\" \/>\n<meta name=\"robots\" content=\"index, follow, max-snippet:-1, max-image-preview:large, max-video-preview:-1\" \/>\n<link rel=\"canonical\" href=\"https:\/\/abadecom.com\/it\/como-mejorar-la-visibilidad-nocturna-y-la-seguridad-vial-ciclista\/\" \/>\n<meta property=\"og:locale\" content=\"it_IT\" \/>\n<meta property=\"og:type\" content=\"article\" \/>\n<meta property=\"og:title\" content=\"C\u00f3mo mejorar la visibilidad nocturna y la seguridad vial ciclista - Abadecom\" \/>\n<meta property=\"og:description\" content=\"Separador carril bici fotoluminiscente vs reflectante. C\u00f3mo mejorar la visibilidad nocturna y la seguridad vial ciclista sin electricidad.\" \/>\n<meta property=\"og:url\" content=\"https:\/\/abadecom.com\/it\/como-mejorar-la-visibilidad-nocturna-y-la-seguridad-vial-ciclista\/\" \/>\n<meta property=\"og:site_name\" content=\"Abadecom\" \/>\n<meta property=\"article:published_time\" content=\"2026-06-03T08:04:35+00:00\" \/>\n<meta property=\"article:modified_time\" content=\"2026-06-03T08:04:38+00:00\" \/>\n<meta property=\"og:image\" content=\"https:\/\/abadecom.com\/wp-content\/uploads\/2026\/06\/FOTOLUMINISCENTE-VS-REFLECTANTE.png\" \/>\n\t<meta property=\"og:image:width\" content=\"1600\" \/>\n\t<meta property=\"og:image:height\" content=\"900\" \/>\n\t<meta property=\"og:image:type\" content=\"image\/png\" \/>\n<meta name=\"author\" content=\"AdminAabadeco\" \/>\n<meta name=\"twitter:card\" content=\"summary_large_image\" \/>\n<meta name=\"twitter:label1\" content=\"Scritto da\" \/>\n\t<meta name=\"twitter:data1\" content=\"AdminAabadeco\" \/>\n\t<meta name=\"twitter:label2\" content=\"Tempo di lettura stimato\" \/>\n\t<meta name=\"twitter:data2\" content=\"4 minuti\" \/>\n<script type=\"application\/ld+json\" class=\"yoast-schema-graph\">{\"@context\":\"https:\\\/\\\/schema.org\",\"@graph\":[{\"@type\":\"Article\",\"@id\":\"https:\\\/\\\/abadecom.com\\\/como-mejorar-la-visibilidad-nocturna-y-la-seguridad-vial-ciclista\\\/#article\",\"isPartOf\":{\"@id\":\"https:\\\/\\\/abadecom.com\\\/como-mejorar-la-visibilidad-nocturna-y-la-seguridad-vial-ciclista\\\/\"},\"author\":{\"name\":\"AdminAabadeco\",\"@id\":\"https:\\\/\\\/abadecom.com\\\/#\\\/schema\\\/person\\\/477a7cc0ed6c040d67343c7a3fda930b\"},\"headline\":\"C\u00f3mo mejorar la visibilidad nocturna y la seguridad vial ciclista\",\"datePublished\":\"2026-06-03T08:04:35+00:00\",\"dateModified\":\"2026-06-03T08:04:38+00:00\",\"mainEntityOfPage\":{\"@id\":\"https:\\\/\\\/abadecom.com\\\/como-mejorar-la-visibilidad-nocturna-y-la-seguridad-vial-ciclista\\\/\"},\"wordCount\":819,\"commentCount\":0,\"publisher\":{\"@id\":\"https:\\\/\\\/abadecom.com\\\/#organization\"},\"image\":{\"@id\":\"https:\\\/\\\/abadecom.com\\\/como-mejorar-la-visibilidad-nocturna-y-la-seguridad-vial-ciclista\\\/#primaryimage\"},\"thumbnailUrl\":\"https:\\\/\\\/abadecom.com\\\/wp-content\\\/uploads\\\/2026\\\/06\\\/FOTOLUMINISCENTE-VS-REFLECTANTE.png\",\"articleSection\":[\"Sin categorizar\"],\"inLanguage\":\"it-IT\",\"potentialAction\":[{\"@type\":\"CommentAction\",\"name\":\"Comment\",\"target\":[\"https:\\\/\\\/abadecom.com\\\/como-mejorar-la-visibilidad-nocturna-y-la-seguridad-vial-ciclista\\\/#respond\"]}]},{\"@type\":\"WebPage\",\"@id\":\"https:\\\/\\\/abadecom.com\\\/como-mejorar-la-visibilidad-nocturna-y-la-seguridad-vial-ciclista\\\/\",\"url\":\"https:\\\/\\\/abadecom.com\\\/como-mejorar-la-visibilidad-nocturna-y-la-seguridad-vial-ciclista\\\/\",\"name\":\"C\u00f3mo mejorar la visibilidad nocturna y la seguridad vial ciclista - Abadecom\",\"isPartOf\":{\"@id\":\"https:\\\/\\\/abadecom.com\\\/#website\"},\"primaryImageOfPage\":{\"@id\":\"https:\\\/\\\/abadecom.com\\\/como-mejorar-la-visibilidad-nocturna-y-la-seguridad-vial-ciclista\\\/#primaryimage\"},\"image\":{\"@id\":\"https:\\\/\\\/abadecom.com\\\/como-mejorar-la-visibilidad-nocturna-y-la-seguridad-vial-ciclista\\\/#primaryimage\"},\"thumbnailUrl\":\"https:\\\/\\\/abadecom.com\\\/wp-content\\\/uploads\\\/2026\\\/06\\\/FOTOLUMINISCENTE-VS-REFLECTANTE.png\",\"datePublished\":\"2026-06-03T08:04:35+00:00\",\"dateModified\":\"2026-06-03T08:04:38+00:00\",\"description\":\"Separador carril bici fotoluminiscente vs reflectante. C\u00f3mo mejorar la visibilidad nocturna y la seguridad vial ciclista sin electricidad.\",\"inLanguage\":\"it-IT\",\"potentialAction\":[{\"@type\":\"ReadAction\",\"target\":[\"https:\\\/\\\/abadecom.com\\\/como-mejorar-la-visibilidad-nocturna-y-la-seguridad-vial-ciclista\\\/\"]}]},{\"@type\":\"ImageObject\",\"inLanguage\":\"it-IT\",\"@id\":\"https:\\\/\\\/abadecom.com\\\/como-mejorar-la-visibilidad-nocturna-y-la-seguridad-vial-ciclista\\\/#primaryimage\",\"url\":\"https:\\\/\\\/abadecom.com\\\/wp-content\\\/uploads\\\/2026\\\/06\\\/FOTOLUMINISCENTE-VS-REFLECTANTE.png\",\"contentUrl\":\"https:\\\/\\\/abadecom.com\\\/wp-content\\\/uploads\\\/2026\\\/06\\\/FOTOLUMINISCENTE-VS-REFLECTANTE.png\",\"width\":1600,\"height\":900},{\"@type\":\"WebSite\",\"@id\":\"https:\\\/\\\/abadecom.com\\\/#website\",\"url\":\"https:\\\/\\\/abadecom.com\\\/\",\"name\":\"Abadecom\",\"description\":\"Productos sostenibles y respetuosos con el medio ambiente\",\"publisher\":{\"@id\":\"https:\\\/\\\/abadecom.com\\\/#organization\"},\"alternateName\":\"Abadecom\",\"potentialAction\":[{\"@type\":\"SearchAction\",\"target\":{\"@type\":\"EntryPoint\",\"urlTemplate\":\"https:\\\/\\\/abadecom.com\\\/?s={search_term_string}\"},\"query-input\":{\"@type\":\"PropertyValueSpecification\",\"valueRequired\":true,\"valueName\":\"search_term_string\"}}],\"inLanguage\":\"it-IT\"},{\"@type\":\"Organization\",\"@id\":\"https:\\\/\\\/abadecom.com\\\/#organization\",\"name\":\"Abadecom\",\"url\":\"https:\\\/\\\/abadecom.com\\\/\",\"logo\":{\"@type\":\"ImageObject\",\"inLanguage\":\"it-IT\",\"@id\":\"https:\\\/\\\/abadecom.com\\\/#\\\/schema\\\/logo\\\/image\\\/\",\"url\":\"https:\\\/\\\/abadecom.com\\\/wp-content\\\/uploads\\\/2022\\\/03\\\/Logo-Abadecom-e1647715158799.png\",\"contentUrl\":\"https:\\\/\\\/abadecom.com\\\/wp-content\\\/uploads\\\/2022\\\/03\\\/Logo-Abadecom-e1647715158799.png\",\"width\":200,\"height\":117,\"caption\":\"Abadecom\"},\"image\":{\"@id\":\"https:\\\/\\\/abadecom.com\\\/#\\\/schema\\\/logo\\\/image\\\/\"}},{\"@type\":\"Person\",\"@id\":\"https:\\\/\\\/abadecom.com\\\/#\\\/schema\\\/person\\\/477a7cc0ed6c040d67343c7a3fda930b\",\"name\":\"AdminAabadeco\",\"image\":{\"@type\":\"ImageObject\",\"inLanguage\":\"it-IT\",\"@id\":\"https:\\\/\\\/secure.gravatar.com\\\/avatar\\\/2630c0cee03e7f483e5ca41ec6649375f24ca272e920f8386983684762e36487?s=96&d=mm&r=g\",\"url\":\"https:\\\/\\\/secure.gravatar.com\\\/avatar\\\/2630c0cee03e7f483e5ca41ec6649375f24ca272e920f8386983684762e36487?s=96&d=mm&r=g\",\"contentUrl\":\"https:\\\/\\\/secure.gravatar.com\\\/avatar\\\/2630c0cee03e7f483e5ca41ec6649375f24ca272e920f8386983684762e36487?s=96&d=mm&r=g\",\"caption\":\"AdminAabadeco\"},\"sameAs\":[\"https:\\\/\\\/abadecom.com\"],\"url\":\"https:\\\/\\\/abadecom.com\\\/it\\\/author\\\/adminaabadeco\\\/\"}]}<\/script>\n<!-- \/ Yoast SEO plugin. -->","yoast_head_json":{"title":"C\u00f3mo mejorar la visibilidad nocturna y la seguridad vial ciclista - Abadecom","description":"Separador carril bici fotoluminiscente vs reflectante. C\u00f3mo mejorar la visibilidad nocturna y la seguridad vial ciclista sin electricidad.","robots":{"index":"index","follow":"follow","max-snippet":"max-snippet:-1","max-image-preview":"max-image-preview:large","max-video-preview":"max-video-preview:-1"},"canonical":"https:\/\/abadecom.com\/it\/como-mejorar-la-visibilidad-nocturna-y-la-seguridad-vial-ciclista\/","og_locale":"it_IT","og_type":"article","og_title":"C\u00f3mo mejorar la visibilidad nocturna y la seguridad vial ciclista - Abadecom","og_description":"Separador carril bici fotoluminiscente vs reflectante. C\u00f3mo mejorar la visibilidad nocturna y la seguridad vial ciclista sin electricidad.","og_url":"https:\/\/abadecom.com\/it\/como-mejorar-la-visibilidad-nocturna-y-la-seguridad-vial-ciclista\/","og_site_name":"Abadecom","article_published_time":"2026-06-03T08:04:35+00:00","article_modified_time":"2026-06-03T08:04:38+00:00","og_image":[{"width":1600,"height":900,"url":"https:\/\/abadecom.com\/wp-content\/uploads\/2026\/06\/FOTOLUMINISCENTE-VS-REFLECTANTE.png","type":"image\/png"}],"author":"AdminAabadeco","twitter_card":"summary_large_image","twitter_misc":{"Scritto da":"AdminAabadeco","Tempo di lettura stimato":"4 minuti"},"schema":{"@context":"https:\/\/schema.org","@graph":[{"@type":"Article","@id":"https:\/\/abadecom.com\/como-mejorar-la-visibilidad-nocturna-y-la-seguridad-vial-ciclista\/#article","isPartOf":{"@id":"https:\/\/abadecom.com\/como-mejorar-la-visibilidad-nocturna-y-la-seguridad-vial-ciclista\/"},"author":{"name":"AdminAabadeco","@id":"https:\/\/abadecom.com\/#\/schema\/person\/477a7cc0ed6c040d67343c7a3fda930b"},"headline":"C\u00f3mo mejorar la visibilidad nocturna y la seguridad vial ciclista","datePublished":"2026-06-03T08:04:35+00:00","dateModified":"2026-06-03T08:04:38+00:00","mainEntityOfPage":{"@id":"https:\/\/abadecom.com\/como-mejorar-la-visibilidad-nocturna-y-la-seguridad-vial-ciclista\/"},"wordCount":819,"commentCount":0,"publisher":{"@id":"https:\/\/abadecom.com\/#organization"},"image":{"@id":"https:\/\/abadecom.com\/como-mejorar-la-visibilidad-nocturna-y-la-seguridad-vial-ciclista\/#primaryimage"},"thumbnailUrl":"https:\/\/abadecom.com\/wp-content\/uploads\/2026\/06\/FOTOLUMINISCENTE-VS-REFLECTANTE.png","articleSection":["Sin categorizar"],"inLanguage":"it-IT","potentialAction":[{"@type":"CommentAction","name":"Comment","target":["https:\/\/abadecom.com\/como-mejorar-la-visibilidad-nocturna-y-la-seguridad-vial-ciclista\/#respond"]}]},{"@type":"WebPage","@id":"https:\/\/abadecom.com\/como-mejorar-la-visibilidad-nocturna-y-la-seguridad-vial-ciclista\/","url":"https:\/\/abadecom.com\/como-mejorar-la-visibilidad-nocturna-y-la-seguridad-vial-ciclista\/","name":"C\u00f3mo mejorar la visibilidad nocturna y la seguridad vial ciclista - Abadecom","isPartOf":{"@id":"https:\/\/abadecom.com\/#website"},"primaryImageOfPage":{"@id":"https:\/\/abadecom.com\/como-mejorar-la-visibilidad-nocturna-y-la-seguridad-vial-ciclista\/#primaryimage"},"image":{"@id":"https:\/\/abadecom.com\/como-mejorar-la-visibilidad-nocturna-y-la-seguridad-vial-ciclista\/#primaryimage"},"thumbnailUrl":"https:\/\/abadecom.com\/wp-content\/uploads\/2026\/06\/FOTOLUMINISCENTE-VS-REFLECTANTE.png","datePublished":"2026-06-03T08:04:35+00:00","dateModified":"2026-06-03T08:04:38+00:00","description":"Separador carril bici fotoluminiscente vs reflectante. C\u00f3mo mejorar la visibilidad nocturna y la seguridad vial ciclista sin electricidad.","inLanguage":"it-IT","potentialAction":[{"@type":"ReadAction","target":["https:\/\/abadecom.com\/como-mejorar-la-visibilidad-nocturna-y-la-seguridad-vial-ciclista\/"]}]},{"@type":"ImageObject","inLanguage":"it-IT","@id":"https:\/\/abadecom.com\/como-mejorar-la-visibilidad-nocturna-y-la-seguridad-vial-ciclista\/#primaryimage","url":"https:\/\/abadecom.com\/wp-content\/uploads\/2026\/06\/FOTOLUMINISCENTE-VS-REFLECTANTE.png","contentUrl":"https:\/\/abadecom.com\/wp-content\/uploads\/2026\/06\/FOTOLUMINISCENTE-VS-REFLECTANTE.png","width":1600,"height":900},{"@type":"WebSite","@id":"https:\/\/abadecom.com\/#website","url":"https:\/\/abadecom.com\/","name":"Abadecom","description":"Prodotti sostenibili e rispettosi dell'ambiente","publisher":{"@id":"https:\/\/abadecom.com\/#organization"},"alternateName":"Abadecom","potentialAction":[{"@type":"SearchAction","target":{"@type":"EntryPoint","urlTemplate":"https:\/\/abadecom.com\/?s={search_term_string}"},"query-input":{"@type":"PropertyValueSpecification","valueRequired":true,"valueName":"search_term_string"}}],"inLanguage":"it-IT"},{"@type":"Organization","@id":"https:\/\/abadecom.com\/#organization","name":"Abadecom","url":"https:\/\/abadecom.com\/","logo":{"@type":"ImageObject","inLanguage":"it-IT","@id":"https:\/\/abadecom.com\/#\/schema\/logo\/image\/","url":"https:\/\/abadecom.com\/wp-content\/uploads\/2022\/03\/Logo-Abadecom-e1647715158799.png","contentUrl":"https:\/\/abadecom.com\/wp-content\/uploads\/2022\/03\/Logo-Abadecom-e1647715158799.png","width":200,"height":117,"caption":"Abadecom"},"image":{"@id":"https:\/\/abadecom.com\/#\/schema\/logo\/image\/"}},{"@type":"Person","@id":"https:\/\/abadecom.com\/#\/schema\/person\/477a7cc0ed6c040d67343c7a3fda930b","name":"AdminAabadeco","image":{"@type":"ImageObject","inLanguage":"it-IT","@id":"https:\/\/secure.gravatar.com\/avatar\/2630c0cee03e7f483e5ca41ec6649375f24ca272e920f8386983684762e36487?s=96&d=mm&r=g","url":"https:\/\/secure.gravatar.com\/avatar\/2630c0cee03e7f483e5ca41ec6649375f24ca272e920f8386983684762e36487?s=96&d=mm&r=g","contentUrl":"https:\/\/secure.gravatar.com\/avatar\/2630c0cee03e7f483e5ca41ec6649375f24ca272e920f8386983684762e36487?s=96&d=mm&r=g","caption":"AdminAabadeco"},"sameAs":["https:\/\/abadecom.com"],"url":"https:\/\/abadecom.com\/it\/author\/adminaabadeco\/"}]}},"_links":{"self":[{"href":"https:\/\/abadecom.com\/it\/wp-json\/wp\/v2\/posts\/10208","targetHints":{"allow":["GET"]}}],"collection":[{"href":"https:\/\/abadecom.com\/it\/wp-json\/wp\/v2\/posts"}],"about":[{"href":"https:\/\/abadecom.com\/it\/wp-json\/wp\/v2\/types\/post"}],"author":[{"embeddable":true,"href":"https:\/\/abadecom.com\/it\/wp-json\/wp\/v2\/users\/1"}],"replies":[{"embeddable":true,"href":"https:\/\/abadecom.com\/it\/wp-json\/wp\/v2\/comments?post=10208"}],"version-history":[{"count":2,"href":"https:\/\/abadecom.com\/it\/wp-json\/wp\/v2\/posts\/10208\/revisions"}],"predecessor-version":[{"id":10211,"href":"https:\/\/abadecom.com\/it\/wp-json\/wp\/v2\/posts\/10208\/revisions\/10211"}],"wp:featuredmedia":[{"embeddable":true,"href":"https:\/\/abadecom.com\/it\/wp-json\/wp\/v2\/media\/10209"}],"wp:attachment":[{"href":"https:\/\/abadecom.com\/it\/wp-json\/wp\/v2\/media?parent=10208"}],"wp:term":[{"taxonomy":"category","embeddable":true,"href":"https:\/\/abadecom.com\/it\/wp-json\/wp\/v2\/categories?post=10208"},{"taxonomy":"post_tag","embeddable":true,"href":"https:\/\/abadecom.com\/it\/wp-json\/wp\/v2\/tags?post=10208"}],"curies":[{"name":"wp","href":"https:\/\/api.w.org\/{rel}","templated":true}]}}