{"id":10186,"date":"2026-04-28T12:11:26","date_gmt":"2026-04-28T12:11:26","guid":{"rendered":"https:\/\/abadecom.com\/?p=10186"},"modified":"2026-05-07T13:27:55","modified_gmt":"2026-05-07T13:27:55","slug":"separador-de-carril-bici-fotoluminiscente-seguridad-y-sostenibilidad-urbana","status":"publish","type":"post","link":"https:\/\/abadecom.com\/it\/separador-de-carril-bici-fotoluminiscente-seguridad-y-sostenibilidad-urbana\/","title":{"rendered":"Separador de carril bici fotoluminiscente: seguridad y sostenibilidad urbana"},"content":{"rendered":"<p class=\"wp-block-paragraph\">La movilidad urbana est\u00e1 cambiando. Cada vez m\u00e1s ciudades apuestan por carriles bici, zonas de tr\u00e1fico calmado y espacios mejor organizados para peatones, ciclistas y veh\u00edculos. Pero para que una infraestructura ciclista funcione de verdad, no basta con pintar una l\u00ednea en el suelo: es necesario delimitar, proteger y hacer visible el recorrido en cualquier momento del d\u00eda.<\/p>\n\n\n\n<p class=\"wp-block-paragraph\">En este contexto, el <strong><a href=\"https:\/\/abadecom.com\/it\/separador-carril-bici\/\">separador de carril bici fotoluminiscente y reflectante de Abadecom Urban<\/a><\/strong> se presenta como una soluci\u00f3n innovadora para mejorar la seguridad vial, reforzar la visibilidad nocturna y contribuir a una movilidad m\u00e1s sostenible.<\/p>\n\n\n\n<h2 class=\"wp-block-heading\">Una soluci\u00f3n pensada para ciudades m\u00e1s seguras<\/h2>\n\n\n\n<p class=\"wp-block-paragraph\">El carril bici se ha convertido en una pieza clave dentro de los nuevos modelos de ciudad. Permite fomentar desplazamientos m\u00e1s sostenibles, reducir la presencia del veh\u00edculo privado y mejorar la convivencia entre distintos usuarios de la v\u00eda.<\/p>\n\n\n\n<p class=\"wp-block-paragraph\">Sin embargo, muchos carriles bici necesitan una separaci\u00f3n f\u00edsica clara para evitar invasiones del carril, mejorar la percepci\u00f3n del espacio y aumentar la seguridad de quienes se desplazan en bicicleta o patinete.<\/p>\n\n\n\n<p class=\"wp-block-paragraph\">El separador de carril bici fotoluminiscente de Abadecom Urban est\u00e1 dise\u00f1ado precisamente para eso: <strong>delimitar de forma visible, resistente y duradera los espacios destinados a la movilidad ciclista<\/strong>.<\/p>\n\n\n\n<h2 class=\"wp-block-heading\">Fotoluminiscencia: visibilidad sin consumo el\u00e9ctrico<\/h2>\n\n\n\n<p class=\"wp-block-paragraph\">Uno de los elementos diferenciales de este separador es su pieza fotoluminiscente integrada en la parte superior. Este dispositivo se activa con luz solar o artificial y, una vez cargado, permite su visibilidad durante m\u00e1s de 12 horas en condiciones de oscuridad o en zonas con poca iluminaci\u00f3n.<\/p>\n\n\n\n<p class=\"wp-block-paragraph\">Esto supone una ventaja importante en entornos urbanos donde la visibilidad puede verse reducida al anochecer, en pasos conflictivos, accesos, zonas periurbanas o tramos con iluminaci\u00f3n limitada.<\/p>\n\n\n\n<p class=\"wp-block-paragraph\">Adem\u00e1s, el separador combina fotoluminiscencia con elementos reflectantes. Sus partes blancas reflectantes permiten una detecci\u00f3n a m\u00e1s de 400 metros, reforzando la visibilidad tanto para conductores como para ciclistas y peatones.<\/p>\n\n\n\n<h2 class=\"wp-block-heading\">Fabricado con PVC 100% reciclado y reciclable<\/h2>\n\n\n\n<p class=\"wp-block-paragraph\">La sostenibilidad es otro de los puntos fuertes del separador de Abadecom Urban. Est\u00e1 fabricado con <strong>PVC 100% reciclado y 100% reciclable<\/strong>, un material resistente, duradero y adecuado para soportar las exigencias del entorno urbano.<\/p>\n\n\n\n<p class=\"wp-block-paragraph\">Frente a otras alternativas, el PVC reciclado ofrece una alta resistencia frente a la abrasi\u00f3n, los impactos y la radiaci\u00f3n ultravioleta. Tambi\u00e9n es un material f\u00e1cil de limpiar, no se astilla y requiere un mantenimiento m\u00ednimo, lo que lo convierte en una opci\u00f3n especialmente interesante para ayuntamientos, obras p\u00fablicas y proyectos de movilidad urbana.<\/p>\n\n\n\n<p class=\"wp-block-paragraph\">Cada unidad instalada contribuye, adem\u00e1s, a evitar la emisi\u00f3n de 22,75 kg de CO\u2082 a la atm\u00f3sfera, reforzando su valor dentro de proyectos vinculados a la econom\u00eda circular y la sostenibilidad urbana.<\/p>\n\n\n\n<h2 class=\"wp-block-heading\">Instalaci\u00f3n r\u00e1pida y mantenimiento reducido<\/h2>\n\n\n\n<p class=\"wp-block-paragraph\">El separador de carril bici fotoluminiscente de Abadecom Urban est\u00e1 pensado para facilitar su instalaci\u00f3n en diferentes tipos de proyectos. Dispone de un sistema de fijaci\u00f3n mediante tornillos de anclaje, lo que permite un montaje r\u00e1pido, limpio y sencillo, sin necesidad de obras complejas.<\/p>\n\n\n\n<p class=\"wp-block-paragraph\">Sus medidas son <strong>700 \u00d7 160 \u00d7 100 mm<\/strong> y tiene un peso aproximado de <strong>6,5 kg<\/strong>, lo que facilita su manipulaci\u00f3n y colocaci\u00f3n en tramos urbanos, zonas periurbanas, carriles bici segregados, obras de mejora vial o proyectos de reordenaci\u00f3n del tr\u00e1fico.<\/p>\n\n\n\n<h2 class=\"wp-block-heading\">Abadecom Urban: innovaci\u00f3n al servicio de la movilidad sostenible<\/h2>\n\n\n\n<p class=\"wp-block-paragraph\">En Abadecom Urban trabajamos para ofrecer soluciones que unan <strong>seguridad, innovaci\u00f3n, sostenibilidad y durabilidad<\/strong>. Nuestro separador de carril bici fotoluminiscente responde a una necesidad real de las ciudades actuales: crear infraestructuras m\u00e1s seguras, visibles y respetuosas con el medio ambiente.<\/p>\n\n\n\n<p class=\"wp-block-paragraph\">Apostar por este tipo de separadores es apostar por una movilidad urbana m\u00e1s ordenada, eficiente y preparada para el futuro.<\/p>\n\n\n\n<h2 class=\"wp-block-heading\">\u00bfQuieres mejorar la seguridad de tus carriles bici?<\/h2>\n\n\n\n<p class=\"wp-block-paragraph\">Si eres ayuntamiento, empresa constructora, ingenier\u00eda, estudio de arquitectura o responsable de movilidad urbana, en Abadecom podemos ayudarte a encontrar la soluci\u00f3n m\u00e1s adecuada para tu proyecto.<\/p>\n\n\n\n<p class=\"wp-block-paragraph\"><strong><a href=\"https:\/\/abadecom.com\/it\/contacto\/\">Solicita informaci\u00f3n<\/a> sobre nuestro separador de carril bici fotoluminiscente y descubre c\u00f3mo transformar una infraestructura ciclista en un espacio m\u00e1s seguro, visible y sostenible.<\/strong><\/p>\n\n\n\n<p class=\"wp-block-paragraph\"><\/p>","protected":false},"excerpt":{"rendered":"<p>La movilidad urbana est\u00e1 cambiando. Cada vez m\u00e1s ciudades apuestan por carriles bici, zonas de tr\u00e1fico calmado y espacios mejor organizados para peatones, ciclistas y veh\u00edculos. Pero para que una infraestructura ciclista funcione de verdad, no basta con pintar una l\u00ednea en el suelo: es necesario delimitar, proteger y hacer visible el recorrido en cualquier [&#8230;]<\/p>\n<p><a class=\"btn btn-secondary understrap-read-more-link\" href=\"https:\/\/abadecom.com\/it\/separador-de-carril-bici-fotoluminiscente-seguridad-y-sostenibilidad-urbana\/\">Leggi di pi\u00f9&#8230;<span class=\"screen-reader-text\"> from Separador de carril bici fotoluminiscente: seguridad y sostenibilidad urbana<\/span><\/a><\/p>\n","protected":false},"author":1,"featured_media":10187,"comment_status":"open","ping_status":"open","sticky":false,"template":"","format":"standard","meta":{"content-type":"","_monsterinsights_skip_tracking":false,"pgc_sgb_lightbox_settings":"","footnotes":""},"categories":[129],"tags":[],"class_list":["post-10186","post","type-post","status-publish","format-standard","has-post-thumbnail","hentry","category-seguridad-vial"],"yoast_head":"<!-- This site is optimized with the Yoast SEO plugin v28.4 - https:\/\/yoast.com\/product\/yoast-seo-wordpress\/ -->\n<title>Separador de carril bici fotoluminiscente: seguridad y sostenibilidad urbana - Abadecom<\/title>\n<meta name=\"description\" content=\"Descubre el separador de carril bici fotoluminiscente de Abadecom Urban: visibilidad nocturna, instalaci\u00f3n r\u00e1pida y m\u00e1xima seguridad vial.\" \/>\n<meta name=\"robots\" content=\"index, follow, max-snippet:-1, max-image-preview:large, max-video-preview:-1\" \/>\n<link rel=\"canonical\" href=\"https:\/\/abadecom.com\/it\/separador-de-carril-bici-fotoluminiscente-seguridad-y-sostenibilidad-urbana\/\" \/>\n<meta property=\"og:locale\" content=\"it_IT\" \/>\n<meta property=\"og:type\" content=\"article\" \/>\n<meta property=\"og:title\" content=\"Separador de carril bici fotoluminiscente: seguridad y sostenibilidad urbana - Abadecom\" \/>\n<meta property=\"og:description\" content=\"Descubre el separador de carril bici fotoluminiscente de Abadecom Urban: visibilidad nocturna, instalaci\u00f3n r\u00e1pida y m\u00e1xima seguridad vial.\" \/>\n<meta property=\"og:url\" content=\"https:\/\/abadecom.com\/it\/separador-de-carril-bici-fotoluminiscente-seguridad-y-sostenibilidad-urbana\/\" \/>\n<meta property=\"og:site_name\" content=\"Abadecom\" \/>\n<meta property=\"article:published_time\" content=\"2026-04-28T12:11:26+00:00\" \/>\n<meta property=\"article:modified_time\" content=\"2026-05-07T13:27:55+00:00\" \/>\n<meta property=\"og:image\" content=\"https:\/\/abadecom.com\/wp-content\/uploads\/2026\/04\/separador-carril-bici-abadecom-scaled.jpg\" \/>\n\t<meta property=\"og:image:width\" content=\"2560\" \/>\n\t<meta property=\"og:image:height\" content=\"1920\" \/>\n\t<meta property=\"og:image:type\" content=\"image\/jpeg\" \/>\n<meta name=\"author\" content=\"AdminAabadeco\" \/>\n<meta name=\"twitter:card\" content=\"summary_large_image\" \/>\n<meta name=\"twitter:label1\" content=\"Scritto da\" \/>\n\t<meta name=\"twitter:data1\" content=\"AdminAabadeco\" \/>\n\t<meta name=\"twitter:label2\" content=\"Tempo di lettura stimato\" \/>\n\t<meta name=\"twitter:data2\" content=\"4 minuti\" \/>\n<script type=\"application\/ld+json\" class=\"yoast-schema-graph\">{\"@context\":\"https:\\\/\\\/schema.org\",\"@graph\":[{\"@type\":\"Article\",\"@id\":\"https:\\\/\\\/abadecom.com\\\/separador-de-carril-bici-fotoluminiscente-seguridad-y-sostenibilidad-urbana\\\/#article\",\"isPartOf\":{\"@id\":\"https:\\\/\\\/abadecom.com\\\/separador-de-carril-bici-fotoluminiscente-seguridad-y-sostenibilidad-urbana\\\/\"},\"author\":{\"name\":\"AdminAabadeco\",\"@id\":\"https:\\\/\\\/abadecom.com\\\/#\\\/schema\\\/person\\\/477a7cc0ed6c040d67343c7a3fda930b\"},\"headline\":\"Separador de carril bici fotoluminiscente: seguridad y sostenibilidad urbana\",\"datePublished\":\"2026-04-28T12:11:26+00:00\",\"dateModified\":\"2026-05-07T13:27:55+00:00\",\"mainEntityOfPage\":{\"@id\":\"https:\\\/\\\/abadecom.com\\\/separador-de-carril-bici-fotoluminiscente-seguridad-y-sostenibilidad-urbana\\\/\"},\"wordCount\":707,\"commentCount\":0,\"publisher\":{\"@id\":\"https:\\\/\\\/abadecom.com\\\/#organization\"},\"image\":{\"@id\":\"https:\\\/\\\/abadecom.com\\\/separador-de-carril-bici-fotoluminiscente-seguridad-y-sostenibilidad-urbana\\\/#primaryimage\"},\"thumbnailUrl\":\"https:\\\/\\\/abadecom.com\\\/wp-content\\\/uploads\\\/2026\\\/04\\\/separador-carril-bici-abadecom-scaled.jpg\",\"articleSection\":[\"Seguridad Vial\"],\"inLanguage\":\"it-IT\",\"potentialAction\":[{\"@type\":\"CommentAction\",\"name\":\"Comment\",\"target\":[\"https:\\\/\\\/abadecom.com\\\/separador-de-carril-bici-fotoluminiscente-seguridad-y-sostenibilidad-urbana\\\/#respond\"]}]},{\"@type\":\"WebPage\",\"@id\":\"https:\\\/\\\/abadecom.com\\\/separador-de-carril-bici-fotoluminiscente-seguridad-y-sostenibilidad-urbana\\\/\",\"url\":\"https:\\\/\\\/abadecom.com\\\/separador-de-carril-bici-fotoluminiscente-seguridad-y-sostenibilidad-urbana\\\/\",\"name\":\"Separador de carril bici fotoluminiscente: seguridad y sostenibilidad urbana - Abadecom\",\"isPartOf\":{\"@id\":\"https:\\\/\\\/abadecom.com\\\/#website\"},\"primaryImageOfPage\":{\"@id\":\"https:\\\/\\\/abadecom.com\\\/separador-de-carril-bici-fotoluminiscente-seguridad-y-sostenibilidad-urbana\\\/#primaryimage\"},\"image\":{\"@id\":\"https:\\\/\\\/abadecom.com\\\/separador-de-carril-bici-fotoluminiscente-seguridad-y-sostenibilidad-urbana\\\/#primaryimage\"},\"thumbnailUrl\":\"https:\\\/\\\/abadecom.com\\\/wp-content\\\/uploads\\\/2026\\\/04\\\/separador-carril-bici-abadecom-scaled.jpg\",\"datePublished\":\"2026-04-28T12:11:26+00:00\",\"dateModified\":\"2026-05-07T13:27:55+00:00\",\"description\":\"Descubre el separador de carril bici fotoluminiscente de Abadecom Urban: visibilidad nocturna, instalaci\u00f3n r\u00e1pida y m\u00e1xima seguridad vial.\",\"inLanguage\":\"it-IT\",\"potentialAction\":[{\"@type\":\"ReadAction\",\"target\":[\"https:\\\/\\\/abadecom.com\\\/separador-de-carril-bici-fotoluminiscente-seguridad-y-sostenibilidad-urbana\\\/\"]}]},{\"@type\":\"ImageObject\",\"inLanguage\":\"it-IT\",\"@id\":\"https:\\\/\\\/abadecom.com\\\/separador-de-carril-bici-fotoluminiscente-seguridad-y-sostenibilidad-urbana\\\/#primaryimage\",\"url\":\"https:\\\/\\\/abadecom.com\\\/wp-content\\\/uploads\\\/2026\\\/04\\\/separador-carril-bici-abadecom-scaled.jpg\",\"contentUrl\":\"https:\\\/\\\/abadecom.com\\\/wp-content\\\/uploads\\\/2026\\\/04\\\/separador-carril-bici-abadecom-scaled.jpg\",\"width\":2560,\"height\":1920},{\"@type\":\"WebSite\",\"@id\":\"https:\\\/\\\/abadecom.com\\\/#website\",\"url\":\"https:\\\/\\\/abadecom.com\\\/\",\"name\":\"Abadecom\",\"description\":\"Productos sostenibles y respetuosos con el medio ambiente\",\"publisher\":{\"@id\":\"https:\\\/\\\/abadecom.com\\\/#organization\"},\"alternateName\":\"Abadecom\",\"potentialAction\":[{\"@type\":\"SearchAction\",\"target\":{\"@type\":\"EntryPoint\",\"urlTemplate\":\"https:\\\/\\\/abadecom.com\\\/?s={search_term_string}\"},\"query-input\":{\"@type\":\"PropertyValueSpecification\",\"valueRequired\":true,\"valueName\":\"search_term_string\"}}],\"inLanguage\":\"it-IT\"},{\"@type\":\"Organization\",\"@id\":\"https:\\\/\\\/abadecom.com\\\/#organization\",\"name\":\"Abadecom\",\"url\":\"https:\\\/\\\/abadecom.com\\\/\",\"logo\":{\"@type\":\"ImageObject\",\"inLanguage\":\"it-IT\",\"@id\":\"https:\\\/\\\/abadecom.com\\\/#\\\/schema\\\/logo\\\/image\\\/\",\"url\":\"https:\\\/\\\/abadecom.com\\\/wp-content\\\/uploads\\\/2022\\\/03\\\/Logo-Abadecom-e1647715158799.png\",\"contentUrl\":\"https:\\\/\\\/abadecom.com\\\/wp-content\\\/uploads\\\/2022\\\/03\\\/Logo-Abadecom-e1647715158799.png\",\"width\":200,\"height\":117,\"caption\":\"Abadecom\"},\"image\":{\"@id\":\"https:\\\/\\\/abadecom.com\\\/#\\\/schema\\\/logo\\\/image\\\/\"}},{\"@type\":\"Person\",\"@id\":\"https:\\\/\\\/abadecom.com\\\/#\\\/schema\\\/person\\\/477a7cc0ed6c040d67343c7a3fda930b\",\"name\":\"AdminAabadeco\",\"image\":{\"@type\":\"ImageObject\",\"inLanguage\":\"it-IT\",\"@id\":\"https:\\\/\\\/secure.gravatar.com\\\/avatar\\\/2630c0cee03e7f483e5ca41ec6649375f24ca272e920f8386983684762e36487?s=96&d=mm&r=g\",\"url\":\"https:\\\/\\\/secure.gravatar.com\\\/avatar\\\/2630c0cee03e7f483e5ca41ec6649375f24ca272e920f8386983684762e36487?s=96&d=mm&r=g\",\"contentUrl\":\"https:\\\/\\\/secure.gravatar.com\\\/avatar\\\/2630c0cee03e7f483e5ca41ec6649375f24ca272e920f8386983684762e36487?s=96&d=mm&r=g\",\"caption\":\"AdminAabadeco\"},\"sameAs\":[\"https:\\\/\\\/abadecom.com\"],\"url\":\"https:\\\/\\\/abadecom.com\\\/it\\\/author\\\/adminaabadeco\\\/\"}]}<\/script>\n<!-- \/ Yoast SEO plugin. -->","yoast_head_json":{"title":"Separador de carril bici fotoluminiscente: seguridad y sostenibilidad urbana - Abadecom","description":"Descubre el separador de carril bici fotoluminiscente de Abadecom Urban: visibilidad nocturna, instalaci\u00f3n r\u00e1pida y m\u00e1xima seguridad vial.","robots":{"index":"index","follow":"follow","max-snippet":"max-snippet:-1","max-image-preview":"max-image-preview:large","max-video-preview":"max-video-preview:-1"},"canonical":"https:\/\/abadecom.com\/it\/separador-de-carril-bici-fotoluminiscente-seguridad-y-sostenibilidad-urbana\/","og_locale":"it_IT","og_type":"article","og_title":"Separador de carril bici fotoluminiscente: seguridad y sostenibilidad urbana - Abadecom","og_description":"Descubre el separador de carril bici fotoluminiscente de Abadecom Urban: visibilidad nocturna, instalaci\u00f3n r\u00e1pida y m\u00e1xima seguridad vial.","og_url":"https:\/\/abadecom.com\/it\/separador-de-carril-bici-fotoluminiscente-seguridad-y-sostenibilidad-urbana\/","og_site_name":"Abadecom","article_published_time":"2026-04-28T12:11:26+00:00","article_modified_time":"2026-05-07T13:27:55+00:00","og_image":[{"width":2560,"height":1920,"url":"https:\/\/abadecom.com\/wp-content\/uploads\/2026\/04\/separador-carril-bici-abadecom-scaled.jpg","type":"image\/jpeg"}],"author":"AdminAabadeco","twitter_card":"summary_large_image","twitter_misc":{"Scritto da":"AdminAabadeco","Tempo di lettura stimato":"4 minuti"},"schema":{"@context":"https:\/\/schema.org","@graph":[{"@type":"Article","@id":"https:\/\/abadecom.com\/separador-de-carril-bici-fotoluminiscente-seguridad-y-sostenibilidad-urbana\/#article","isPartOf":{"@id":"https:\/\/abadecom.com\/separador-de-carril-bici-fotoluminiscente-seguridad-y-sostenibilidad-urbana\/"},"author":{"name":"AdminAabadeco","@id":"https:\/\/abadecom.com\/#\/schema\/person\/477a7cc0ed6c040d67343c7a3fda930b"},"headline":"Separador de carril bici fotoluminiscente: seguridad y sostenibilidad urbana","datePublished":"2026-04-28T12:11:26+00:00","dateModified":"2026-05-07T13:27:55+00:00","mainEntityOfPage":{"@id":"https:\/\/abadecom.com\/separador-de-carril-bici-fotoluminiscente-seguridad-y-sostenibilidad-urbana\/"},"wordCount":707,"commentCount":0,"publisher":{"@id":"https:\/\/abadecom.com\/#organization"},"image":{"@id":"https:\/\/abadecom.com\/separador-de-carril-bici-fotoluminiscente-seguridad-y-sostenibilidad-urbana\/#primaryimage"},"thumbnailUrl":"https:\/\/abadecom.com\/wp-content\/uploads\/2026\/04\/separador-carril-bici-abadecom-scaled.jpg","articleSection":["Seguridad Vial"],"inLanguage":"it-IT","potentialAction":[{"@type":"CommentAction","name":"Comment","target":["https:\/\/abadecom.com\/separador-de-carril-bici-fotoluminiscente-seguridad-y-sostenibilidad-urbana\/#respond"]}]},{"@type":"WebPage","@id":"https:\/\/abadecom.com\/separador-de-carril-bici-fotoluminiscente-seguridad-y-sostenibilidad-urbana\/","url":"https:\/\/abadecom.com\/separador-de-carril-bici-fotoluminiscente-seguridad-y-sostenibilidad-urbana\/","name":"Separador de carril bici fotoluminiscente: seguridad y sostenibilidad urbana - Abadecom","isPartOf":{"@id":"https:\/\/abadecom.com\/#website"},"primaryImageOfPage":{"@id":"https:\/\/abadecom.com\/separador-de-carril-bici-fotoluminiscente-seguridad-y-sostenibilidad-urbana\/#primaryimage"},"image":{"@id":"https:\/\/abadecom.com\/separador-de-carril-bici-fotoluminiscente-seguridad-y-sostenibilidad-urbana\/#primaryimage"},"thumbnailUrl":"https:\/\/abadecom.com\/wp-content\/uploads\/2026\/04\/separador-carril-bici-abadecom-scaled.jpg","datePublished":"2026-04-28T12:11:26+00:00","dateModified":"2026-05-07T13:27:55+00:00","description":"Descubre el separador de carril bici fotoluminiscente de Abadecom Urban: visibilidad nocturna, instalaci\u00f3n r\u00e1pida y m\u00e1xima seguridad vial.","inLanguage":"it-IT","potentialAction":[{"@type":"ReadAction","target":["https:\/\/abadecom.com\/separador-de-carril-bici-fotoluminiscente-seguridad-y-sostenibilidad-urbana\/"]}]},{"@type":"ImageObject","inLanguage":"it-IT","@id":"https:\/\/abadecom.com\/separador-de-carril-bici-fotoluminiscente-seguridad-y-sostenibilidad-urbana\/#primaryimage","url":"https:\/\/abadecom.com\/wp-content\/uploads\/2026\/04\/separador-carril-bici-abadecom-scaled.jpg","contentUrl":"https:\/\/abadecom.com\/wp-content\/uploads\/2026\/04\/separador-carril-bici-abadecom-scaled.jpg","width":2560,"height":1920},{"@type":"WebSite","@id":"https:\/\/abadecom.com\/#website","url":"https:\/\/abadecom.com\/","name":"Abadecom","description":"Prodotti sostenibili e rispettosi dell'ambiente","publisher":{"@id":"https:\/\/abadecom.com\/#organization"},"alternateName":"Abadecom","potentialAction":[{"@type":"SearchAction","target":{"@type":"EntryPoint","urlTemplate":"https:\/\/abadecom.com\/?s={search_term_string}"},"query-input":{"@type":"PropertyValueSpecification","valueRequired":true,"valueName":"search_term_string"}}],"inLanguage":"it-IT"},{"@type":"Organization","@id":"https:\/\/abadecom.com\/#organization","name":"Abadecom","url":"https:\/\/abadecom.com\/","logo":{"@type":"ImageObject","inLanguage":"it-IT","@id":"https:\/\/abadecom.com\/#\/schema\/logo\/image\/","url":"https:\/\/abadecom.com\/wp-content\/uploads\/2022\/03\/Logo-Abadecom-e1647715158799.png","contentUrl":"https:\/\/abadecom.com\/wp-content\/uploads\/2022\/03\/Logo-Abadecom-e1647715158799.png","width":200,"height":117,"caption":"Abadecom"},"image":{"@id":"https:\/\/abadecom.com\/#\/schema\/logo\/image\/"}},{"@type":"Person","@id":"https:\/\/abadecom.com\/#\/schema\/person\/477a7cc0ed6c040d67343c7a3fda930b","name":"AdminAabadeco","image":{"@type":"ImageObject","inLanguage":"it-IT","@id":"https:\/\/secure.gravatar.com\/avatar\/2630c0cee03e7f483e5ca41ec6649375f24ca272e920f8386983684762e36487?s=96&d=mm&r=g","url":"https:\/\/secure.gravatar.com\/avatar\/2630c0cee03e7f483e5ca41ec6649375f24ca272e920f8386983684762e36487?s=96&d=mm&r=g","contentUrl":"https:\/\/secure.gravatar.com\/avatar\/2630c0cee03e7f483e5ca41ec6649375f24ca272e920f8386983684762e36487?s=96&d=mm&r=g","caption":"AdminAabadeco"},"sameAs":["https:\/\/abadecom.com"],"url":"https:\/\/abadecom.com\/it\/author\/adminaabadeco\/"}]}},"_links":{"self":[{"href":"https:\/\/abadecom.com\/it\/wp-json\/wp\/v2\/posts\/10186","targetHints":{"allow":["GET"]}}],"collection":[{"href":"https:\/\/abadecom.com\/it\/wp-json\/wp\/v2\/posts"}],"about":[{"href":"https:\/\/abadecom.com\/it\/wp-json\/wp\/v2\/types\/post"}],"author":[{"embeddable":true,"href":"https:\/\/abadecom.com\/it\/wp-json\/wp\/v2\/users\/1"}],"replies":[{"embeddable":true,"href":"https:\/\/abadecom.com\/it\/wp-json\/wp\/v2\/comments?post=10186"}],"version-history":[{"count":1,"href":"https:\/\/abadecom.com\/it\/wp-json\/wp\/v2\/posts\/10186\/revisions"}],"predecessor-version":[{"id":10188,"href":"https:\/\/abadecom.com\/it\/wp-json\/wp\/v2\/posts\/10186\/revisions\/10188"}],"wp:featuredmedia":[{"embeddable":true,"href":"https:\/\/abadecom.com\/it\/wp-json\/wp\/v2\/media\/10187"}],"wp:attachment":[{"href":"https:\/\/abadecom.com\/it\/wp-json\/wp\/v2\/media?parent=10186"}],"wp:term":[{"taxonomy":"category","embeddable":true,"href":"https:\/\/abadecom.com\/it\/wp-json\/wp\/v2\/categories?post=10186"},{"taxonomy":"post_tag","embeddable":true,"href":"https:\/\/abadecom.com\/it\/wp-json\/wp\/v2\/tags?post=10186"}],"curies":[{"name":"wp","href":"https:\/\/api.w.org\/{rel}","templated":true}]}}