{"id":9869,"date":"2025-07-24T08:41:57","date_gmt":"2025-07-24T08:41:57","guid":{"rendered":"https:\/\/abadecom.com\/?p=9869"},"modified":"2026-05-07T13:38:35","modified_gmt":"2026-05-07T13:38:35","slug":"notre-separateur-photoluminescent-continue-de-gagner-du-terrain-dans-les-villes","status":"publish","type":"post","link":"https:\/\/abadecom.com\/fr\/nuestro-separador-fotoluminiscente-sigue-ganando-espacio-en-las-ciudades\/","title":{"rendered":"Notre s\u00e9parateur photoluminescent continue de gagner du terrain dans les villes"},"content":{"rendered":"<p class=\"wp-block-paragraph\">Chez <strong><a href=\"https:\/\/abadecom.com\/fr\/\">Abadecom<\/a><\/strong> nous croyons fermement que la mobilit\u00e9 urbaine doit \u00eatre plus s\u00fbre, durable et accessible pour tous. Bien que nous ayons pass\u00e9 un certain temps sans partager nos nouveaut\u00e9s, nous n'avons pas cess\u00e9 de travailler un seul jour.<\/p>\n\n\n\n<p class=\"wp-block-paragraph\">Au cours des derniers mois, nous avons continu\u00e9 \u00e0 collaborer avec des municipalit\u00e9s, des techniciens et des responsables de la mobilit\u00e9 dans toute l'Espagne pour \u00e9largir le r\u00e9seau de pistes cyclables, contribuant ainsi activement \u00e0 cr\u00e9er des environnements urbains plus sains et plus efficaces.<\/p>\n\n\n\n<h3 class=\"wp-block-heading\">Solutions qui balisent la voie<\/h3>\n\n\n\n<p class=\"wp-block-paragraph\">L'un des \u00e9l\u00e9ments cl\u00e9s de ce processus a \u00e9t\u00e9 notre<strong> <\/strong>s\u00e9parateur de piste cyclable photoluminescent, une solution innovante qui am\u00e9liore la s\u00e9curit\u00e9 et la visibilit\u00e9, en particulier la nuit, sans besoin d'\u00e9nergie \u00e9lectrique.<\/p>\n\n\n\n<h4 class=\"wp-block-heading\">Principaux avantages de notre s\u00e9parateur photoluminescent :<\/h4>\n\n\n\n<ul class=\"wp-block-list\">\n<li><strong>Visibilit\u00e9 nocturne<\/strong> gr\u00e2ce \u00e0 sa technologie photoluminescente.<\/li>\n\n\n\n<li><strong>Installation facile<\/strong> et une haute r\u00e9sistance \u00e0 l'usure.<\/li>\n\n\n\n<li><strong>Durable<\/strong>, sans consommation \u00e9lectrique ni maintenance particuli\u00e8re.<\/li>\n\n\n\n<li><strong>Meilleure protection<\/strong> pour les cyclistes face au trafic motoris\u00e9.<\/li>\n<\/ul>\n\n\n\n<p class=\"wp-block-paragraph\">Chaque nouvelle section install\u00e9e avec ce s\u00e9parateur de piste cyclable repr\u00e9sente une am\u00e9lioration tangible de la s\u00e9curit\u00e9 routi\u00e8re, mais aussi un engagement en faveur de la transformation de l'espace public vers un mod\u00e8le plus inclusif et r\u00e9silient.<\/p>\n\n\n\n<h3 class=\"wp-block-heading\">Engag\u00e9s pour la mobilit\u00e9 du futur<\/h3>\n\n\n\n<p class=\"wp-block-paragraph\">Depuis Abadecom, nous tenons \u00e0 remercier les municipalit\u00e9s qui continuent de nous faire confiance pour mener \u00e0 bien ce type d'actions. Notre engagement en faveur de la mobilit\u00e9 durable ne cesse de cro\u00eetre, et nous partagerons tr\u00e8s bient\u00f4t d'autres projets et nouveaut\u00e9s.<\/p>\n\n\n\n<p class=\"wp-block-paragraph\">Voulez-vous implanter ce syst\u00e8me dans votre ville ?<br><strong><a href=\"https:\/\/abadecom.com\/fr\/contact\/\">Contactez-nous<\/a> et nous vous accompagnons dans le processus.<\/strong><\/p>","protected":false},"excerpt":{"rendered":"<p>En Abadecom creemos firmemente que la movilidad urbana debe ser m\u00e1s segura, sostenible y accesible para todos. Aunque hemos estado un tiempo sin contar nuestras novedades, no hemos dejado de trabajar ni un solo d\u00eda. Durante los \u00faltimos meses hemos seguido colaborando con ayuntamientos, t\u00e9cnicos y responsables de movilidad en toda Espa\u00f1a para ampliar la [&#8230;]<\/p>\n<p><a class=\"btn btn-secondary understrap-read-more-link\" href=\"https:\/\/abadecom.com\/fr\/nuestro-separador-fotoluminiscente-sigue-ganando-espacio-en-las-ciudades\/\">Lire la suite\u2026<span class=\"screen-reader-text\"> from Nuestro separador fotoluminiscente sigue ganando espacio en las ciudades<\/span><\/a><\/p>\n","protected":false},"author":1,"featured_media":9870,"comment_status":"open","ping_status":"open","sticky":false,"template":"","format":"standard","meta":{"content-type":"","_monsterinsights_skip_tracking":false,"pgc_sgb_lightbox_settings":"","footnotes":""},"categories":[129],"tags":[],"class_list":["post-9869","post","type-post","status-publish","format-standard","has-post-thumbnail","hentry","category-seguridad-vial"],"yoast_head":"<!-- This site is optimized with the Yoast SEO plugin v28.4 - https:\/\/yoast.com\/product\/yoast-seo-wordpress\/ -->\n<title>Nuestro separador fotoluminiscente sigue ganando espacio en las ciudades - Abadecom<\/title>\n<meta name=\"description\" content=\"En Abadecom creemos firmemente que la movilidad urbana debe ser m\u00e1s segura, sostenible y accesible para todos.\" \/>\n<meta name=\"robots\" content=\"index, follow, max-snippet:-1, max-image-preview:large, max-video-preview:-1\" \/>\n<link rel=\"canonical\" href=\"https:\/\/abadecom.com\/fr\/notre-separateur-photoluminescent-continue-de-gagner-du-terrain-dans-les-villes\/\" \/>\n<meta property=\"og:locale\" content=\"fr_FR\" \/>\n<meta property=\"og:type\" content=\"article\" \/>\n<meta property=\"og:title\" content=\"Nuestro separador fotoluminiscente sigue ganando espacio en las ciudades - Abadecom\" \/>\n<meta property=\"og:description\" content=\"En Abadecom creemos firmemente que la movilidad urbana debe ser m\u00e1s segura, sostenible y accesible para todos.\" \/>\n<meta property=\"og:url\" content=\"https:\/\/abadecom.com\/fr\/notre-separateur-photoluminescent-continue-de-gagner-du-terrain-dans-les-villes\/\" \/>\n<meta property=\"og:site_name\" content=\"Abadecom\" \/>\n<meta property=\"article:published_time\" content=\"2025-07-24T08:41:57+00:00\" \/>\n<meta property=\"article:modified_time\" content=\"2026-05-07T13:38:35+00:00\" \/>\n<meta property=\"og:image\" content=\"https:\/\/abadecom.com\/wp-content\/uploads\/2025\/07\/1-scaled.jpg\" \/>\n\t<meta property=\"og:image:width\" content=\"2048\" \/>\n\t<meta property=\"og:image:height\" content=\"2560\" \/>\n\t<meta property=\"og:image:type\" content=\"image\/jpeg\" \/>\n<meta name=\"author\" content=\"AdminAabadeco\" \/>\n<meta name=\"twitter:card\" content=\"summary_large_image\" \/>\n<meta name=\"twitter:label1\" content=\"\u00c9crit par\" \/>\n\t<meta name=\"twitter:data1\" content=\"AdminAabadeco\" \/>\n\t<meta name=\"twitter:label2\" content=\"Dur\u00e9e de lecture estim\u00e9e\" \/>\n\t<meta name=\"twitter:data2\" content=\"2 minutes\" \/>\n<script type=\"application\/ld+json\" class=\"yoast-schema-graph\">{\"@context\":\"https:\\\/\\\/schema.org\",\"@graph\":[{\"@type\":\"Article\",\"@id\":\"https:\\\/\\\/abadecom.com\\\/nuestro-separador-fotoluminiscente-sigue-ganando-espacio-en-las-ciudades\\\/#article\",\"isPartOf\":{\"@id\":\"https:\\\/\\\/abadecom.com\\\/nuestro-separador-fotoluminiscente-sigue-ganando-espacio-en-las-ciudades\\\/\"},\"author\":{\"name\":\"AdminAabadeco\",\"@id\":\"https:\\\/\\\/abadecom.com\\\/#\\\/schema\\\/person\\\/477a7cc0ed6c040d67343c7a3fda930b\"},\"headline\":\"Nuestro separador fotoluminiscente sigue ganando espacio en las ciudades\",\"datePublished\":\"2025-07-24T08:41:57+00:00\",\"dateModified\":\"2026-05-07T13:38:35+00:00\",\"mainEntityOfPage\":{\"@id\":\"https:\\\/\\\/abadecom.com\\\/nuestro-separador-fotoluminiscente-sigue-ganando-espacio-en-las-ciudades\\\/\"},\"wordCount\":264,\"commentCount\":0,\"publisher\":{\"@id\":\"https:\\\/\\\/abadecom.com\\\/#organization\"},\"image\":{\"@id\":\"https:\\\/\\\/abadecom.com\\\/nuestro-separador-fotoluminiscente-sigue-ganando-espacio-en-las-ciudades\\\/#primaryimage\"},\"thumbnailUrl\":\"https:\\\/\\\/abadecom.com\\\/wp-content\\\/uploads\\\/2025\\\/07\\\/1-scaled.jpg\",\"articleSection\":[\"Seguridad Vial\"],\"inLanguage\":\"fr-FR\",\"potentialAction\":[{\"@type\":\"CommentAction\",\"name\":\"Comment\",\"target\":[\"https:\\\/\\\/abadecom.com\\\/nuestro-separador-fotoluminiscente-sigue-ganando-espacio-en-las-ciudades\\\/#respond\"]}]},{\"@type\":\"WebPage\",\"@id\":\"https:\\\/\\\/abadecom.com\\\/nuestro-separador-fotoluminiscente-sigue-ganando-espacio-en-las-ciudades\\\/\",\"url\":\"https:\\\/\\\/abadecom.com\\\/nuestro-separador-fotoluminiscente-sigue-ganando-espacio-en-las-ciudades\\\/\",\"name\":\"Nuestro separador fotoluminiscente sigue ganando espacio en las ciudades - Abadecom\",\"isPartOf\":{\"@id\":\"https:\\\/\\\/abadecom.com\\\/#website\"},\"primaryImageOfPage\":{\"@id\":\"https:\\\/\\\/abadecom.com\\\/nuestro-separador-fotoluminiscente-sigue-ganando-espacio-en-las-ciudades\\\/#primaryimage\"},\"image\":{\"@id\":\"https:\\\/\\\/abadecom.com\\\/nuestro-separador-fotoluminiscente-sigue-ganando-espacio-en-las-ciudades\\\/#primaryimage\"},\"thumbnailUrl\":\"https:\\\/\\\/abadecom.com\\\/wp-content\\\/uploads\\\/2025\\\/07\\\/1-scaled.jpg\",\"datePublished\":\"2025-07-24T08:41:57+00:00\",\"dateModified\":\"2026-05-07T13:38:35+00:00\",\"description\":\"En Abadecom creemos firmemente que la movilidad urbana debe ser m\u00e1s segura, sostenible y accesible para todos.\",\"inLanguage\":\"fr-FR\",\"potentialAction\":[{\"@type\":\"ReadAction\",\"target\":[\"https:\\\/\\\/abadecom.com\\\/nuestro-separador-fotoluminiscente-sigue-ganando-espacio-en-las-ciudades\\\/\"]}]},{\"@type\":\"ImageObject\",\"inLanguage\":\"fr-FR\",\"@id\":\"https:\\\/\\\/abadecom.com\\\/nuestro-separador-fotoluminiscente-sigue-ganando-espacio-en-las-ciudades\\\/#primaryimage\",\"url\":\"https:\\\/\\\/abadecom.com\\\/wp-content\\\/uploads\\\/2025\\\/07\\\/1-scaled.jpg\",\"contentUrl\":\"https:\\\/\\\/abadecom.com\\\/wp-content\\\/uploads\\\/2025\\\/07\\\/1-scaled.jpg\",\"width\":2048,\"height\":2560},{\"@type\":\"WebSite\",\"@id\":\"https:\\\/\\\/abadecom.com\\\/#website\",\"url\":\"https:\\\/\\\/abadecom.com\\\/\",\"name\":\"Abadecom\",\"description\":\"Productos sostenibles y respetuosos con el medio ambiente\",\"publisher\":{\"@id\":\"https:\\\/\\\/abadecom.com\\\/#organization\"},\"alternateName\":\"Abadecom\",\"potentialAction\":[{\"@type\":\"SearchAction\",\"target\":{\"@type\":\"EntryPoint\",\"urlTemplate\":\"https:\\\/\\\/abadecom.com\\\/?s={search_term_string}\"},\"query-input\":{\"@type\":\"PropertyValueSpecification\",\"valueRequired\":true,\"valueName\":\"search_term_string\"}}],\"inLanguage\":\"fr-FR\"},{\"@type\":\"Organization\",\"@id\":\"https:\\\/\\\/abadecom.com\\\/#organization\",\"name\":\"Abadecom\",\"url\":\"https:\\\/\\\/abadecom.com\\\/\",\"logo\":{\"@type\":\"ImageObject\",\"inLanguage\":\"fr-FR\",\"@id\":\"https:\\\/\\\/abadecom.com\\\/#\\\/schema\\\/logo\\\/image\\\/\",\"url\":\"https:\\\/\\\/abadecom.com\\\/wp-content\\\/uploads\\\/2022\\\/03\\\/Logo-Abadecom-e1647715158799.png\",\"contentUrl\":\"https:\\\/\\\/abadecom.com\\\/wp-content\\\/uploads\\\/2022\\\/03\\\/Logo-Abadecom-e1647715158799.png\",\"width\":200,\"height\":117,\"caption\":\"Abadecom\"},\"image\":{\"@id\":\"https:\\\/\\\/abadecom.com\\\/#\\\/schema\\\/logo\\\/image\\\/\"}},{\"@type\":\"Person\",\"@id\":\"https:\\\/\\\/abadecom.com\\\/#\\\/schema\\\/person\\\/477a7cc0ed6c040d67343c7a3fda930b\",\"name\":\"AdminAabadeco\",\"image\":{\"@type\":\"ImageObject\",\"inLanguage\":\"fr-FR\",\"@id\":\"https:\\\/\\\/secure.gravatar.com\\\/avatar\\\/2630c0cee03e7f483e5ca41ec6649375f24ca272e920f8386983684762e36487?s=96&d=mm&r=g\",\"url\":\"https:\\\/\\\/secure.gravatar.com\\\/avatar\\\/2630c0cee03e7f483e5ca41ec6649375f24ca272e920f8386983684762e36487?s=96&d=mm&r=g\",\"contentUrl\":\"https:\\\/\\\/secure.gravatar.com\\\/avatar\\\/2630c0cee03e7f483e5ca41ec6649375f24ca272e920f8386983684762e36487?s=96&d=mm&r=g\",\"caption\":\"AdminAabadeco\"},\"sameAs\":[\"https:\\\/\\\/abadecom.com\"],\"url\":\"https:\\\/\\\/abadecom.com\\\/fr\\\/author\\\/adminaabadeco\\\/\"}]}<\/script>\n<!-- \/ Yoast SEO plugin. -->","yoast_head_json":{"title":"Notre s\u00e9parateur photoluminescant continue de gagner du terrain dans les villes - Abadecom","description":"Chez Abadecom, nous croyons fermement que la mobilit\u00e9 urbaine doit \u00eatre plus s\u00fbre, durable et accessible pour tous.","robots":{"index":"index","follow":"follow","max-snippet":"max-snippet:-1","max-image-preview":"max-image-preview:large","max-video-preview":"max-video-preview:-1"},"canonical":"https:\/\/abadecom.com\/fr\/notre-separateur-photoluminescent-continue-de-gagner-du-terrain-dans-les-villes\/","og_locale":"fr_FR","og_type":"article","og_title":"Nuestro separador fotoluminiscente sigue ganando espacio en las ciudades - Abadecom","og_description":"En Abadecom creemos firmemente que la movilidad urbana debe ser m\u00e1s segura, sostenible y accesible para todos.","og_url":"https:\/\/abadecom.com\/fr\/notre-separateur-photoluminescent-continue-de-gagner-du-terrain-dans-les-villes\/","og_site_name":"Abadecom","article_published_time":"2025-07-24T08:41:57+00:00","article_modified_time":"2026-05-07T13:38:35+00:00","og_image":[{"width":2048,"height":2560,"url":"https:\/\/abadecom.com\/wp-content\/uploads\/2025\/07\/1-scaled.jpg","type":"image\/jpeg"}],"author":"AdminAabadeco","twitter_card":"summary_large_image","twitter_misc":{"\u00c9crit par":"AdminAabadeco","Dur\u00e9e de lecture estim\u00e9e":"2 minutes"},"schema":{"@context":"https:\/\/schema.org","@graph":[{"@type":"Article","@id":"https:\/\/abadecom.com\/nuestro-separador-fotoluminiscente-sigue-ganando-espacio-en-las-ciudades\/#article","isPartOf":{"@id":"https:\/\/abadecom.com\/nuestro-separador-fotoluminiscente-sigue-ganando-espacio-en-las-ciudades\/"},"author":{"name":"AdminAabadeco","@id":"https:\/\/abadecom.com\/#\/schema\/person\/477a7cc0ed6c040d67343c7a3fda930b"},"headline":"Nuestro separador fotoluminiscente sigue ganando espacio en las ciudades","datePublished":"2025-07-24T08:41:57+00:00","dateModified":"2026-05-07T13:38:35+00:00","mainEntityOfPage":{"@id":"https:\/\/abadecom.com\/nuestro-separador-fotoluminiscente-sigue-ganando-espacio-en-las-ciudades\/"},"wordCount":264,"commentCount":0,"publisher":{"@id":"https:\/\/abadecom.com\/#organization"},"image":{"@id":"https:\/\/abadecom.com\/nuestro-separador-fotoluminiscente-sigue-ganando-espacio-en-las-ciudades\/#primaryimage"},"thumbnailUrl":"https:\/\/abadecom.com\/wp-content\/uploads\/2025\/07\/1-scaled.jpg","articleSection":["Seguridad Vial"],"inLanguage":"fr-FR","potentialAction":[{"@type":"CommentAction","name":"Comment","target":["https:\/\/abadecom.com\/nuestro-separador-fotoluminiscente-sigue-ganando-espacio-en-las-ciudades\/#respond"]}]},{"@type":"WebPage","@id":"https:\/\/abadecom.com\/nuestro-separador-fotoluminiscente-sigue-ganando-espacio-en-las-ciudades\/","url":"https:\/\/abadecom.com\/nuestro-separador-fotoluminiscente-sigue-ganando-espacio-en-las-ciudades\/","name":"Notre s\u00e9parateur photoluminescant continue de gagner du terrain dans les villes - Abadecom","isPartOf":{"@id":"https:\/\/abadecom.com\/#website"},"primaryImageOfPage":{"@id":"https:\/\/abadecom.com\/nuestro-separador-fotoluminiscente-sigue-ganando-espacio-en-las-ciudades\/#primaryimage"},"image":{"@id":"https:\/\/abadecom.com\/nuestro-separador-fotoluminiscente-sigue-ganando-espacio-en-las-ciudades\/#primaryimage"},"thumbnailUrl":"https:\/\/abadecom.com\/wp-content\/uploads\/2025\/07\/1-scaled.jpg","datePublished":"2025-07-24T08:41:57+00:00","dateModified":"2026-05-07T13:38:35+00:00","description":"Chez Abadecom, nous croyons fermement que la mobilit\u00e9 urbaine doit \u00eatre plus s\u00fbre, durable et accessible pour tous.","inLanguage":"fr-FR","potentialAction":[{"@type":"ReadAction","target":["https:\/\/abadecom.com\/nuestro-separador-fotoluminiscente-sigue-ganando-espacio-en-las-ciudades\/"]}]},{"@type":"ImageObject","inLanguage":"fr-FR","@id":"https:\/\/abadecom.com\/nuestro-separador-fotoluminiscente-sigue-ganando-espacio-en-las-ciudades\/#primaryimage","url":"https:\/\/abadecom.com\/wp-content\/uploads\/2025\/07\/1-scaled.jpg","contentUrl":"https:\/\/abadecom.com\/wp-content\/uploads\/2025\/07\/1-scaled.jpg","width":2048,"height":2560},{"@type":"WebSite","@id":"https:\/\/abadecom.com\/#website","url":"https:\/\/abadecom.com\/","name":"Abadecom","description":"Produits durables et respectueux de l'environnement","publisher":{"@id":"https:\/\/abadecom.com\/#organization"},"alternateName":"Abadecom","potentialAction":[{"@type":"SearchAction","target":{"@type":"EntryPoint","urlTemplate":"https:\/\/abadecom.com\/?s={search_term_string}"},"query-input":{"@type":"PropertyValueSpecification","valueRequired":true,"valueName":"search_term_string"}}],"inLanguage":"fr-FR"},{"@type":"Organization","@id":"https:\/\/abadecom.com\/#organization","name":"Abadecom","url":"https:\/\/abadecom.com\/","logo":{"@type":"ImageObject","inLanguage":"fr-FR","@id":"https:\/\/abadecom.com\/#\/schema\/logo\/image\/","url":"https:\/\/abadecom.com\/wp-content\/uploads\/2022\/03\/Logo-Abadecom-e1647715158799.png","contentUrl":"https:\/\/abadecom.com\/wp-content\/uploads\/2022\/03\/Logo-Abadecom-e1647715158799.png","width":200,"height":117,"caption":"Abadecom"},"image":{"@id":"https:\/\/abadecom.com\/#\/schema\/logo\/image\/"}},{"@type":"Person","@id":"https:\/\/abadecom.com\/#\/schema\/person\/477a7cc0ed6c040d67343c7a3fda930b","name":"AdminAabadeco","image":{"@type":"ImageObject","inLanguage":"fr-FR","@id":"https:\/\/secure.gravatar.com\/avatar\/2630c0cee03e7f483e5ca41ec6649375f24ca272e920f8386983684762e36487?s=96&d=mm&r=g","url":"https:\/\/secure.gravatar.com\/avatar\/2630c0cee03e7f483e5ca41ec6649375f24ca272e920f8386983684762e36487?s=96&d=mm&r=g","contentUrl":"https:\/\/secure.gravatar.com\/avatar\/2630c0cee03e7f483e5ca41ec6649375f24ca272e920f8386983684762e36487?s=96&d=mm&r=g","caption":"AdminAabadeco"},"sameAs":["https:\/\/abadecom.com"],"url":"https:\/\/abadecom.com\/fr\/author\/adminaabadeco\/"}]}},"_links":{"self":[{"href":"https:\/\/abadecom.com\/fr\/wp-json\/wp\/v2\/posts\/9869","targetHints":{"allow":["GET"]}}],"collection":[{"href":"https:\/\/abadecom.com\/fr\/wp-json\/wp\/v2\/posts"}],"about":[{"href":"https:\/\/abadecom.com\/fr\/wp-json\/wp\/v2\/types\/post"}],"author":[{"embeddable":true,"href":"https:\/\/abadecom.com\/fr\/wp-json\/wp\/v2\/users\/1"}],"replies":[{"embeddable":true,"href":"https:\/\/abadecom.com\/fr\/wp-json\/wp\/v2\/comments?post=9869"}],"version-history":[{"count":2,"href":"https:\/\/abadecom.com\/fr\/wp-json\/wp\/v2\/posts\/9869\/revisions"}],"predecessor-version":[{"id":9872,"href":"https:\/\/abadecom.com\/fr\/wp-json\/wp\/v2\/posts\/9869\/revisions\/9872"}],"wp:featuredmedia":[{"embeddable":true,"href":"https:\/\/abadecom.com\/fr\/wp-json\/wp\/v2\/media\/9870"}],"wp:attachment":[{"href":"https:\/\/abadecom.com\/fr\/wp-json\/wp\/v2\/media?parent=9869"}],"wp:term":[{"taxonomy":"category","embeddable":true,"href":"https:\/\/abadecom.com\/fr\/wp-json\/wp\/v2\/categories?post=9869"},{"taxonomy":"post_tag","embeddable":true,"href":"https:\/\/abadecom.com\/fr\/wp-json\/wp\/v2\/tags?post=9869"}],"curies":[{"name":"wp","href":"https:\/\/api.w.org\/{rel}","templated":true}]}}