{"id":9834,"date":"2025-04-04T09:25:05","date_gmt":"2025-04-04T09:25:05","guid":{"rendered":"https:\/\/abadecom.com\/?p=9834"},"modified":"2026-05-07T13:40:06","modified_gmt":"2026-05-07T13:40:06","slug":"mobilier-urbain-durable-lallie-invisible-des-villes-modernes","status":"publish","type":"post","link":"https:\/\/abadecom.com\/fr\/mobiliario-urbano-sostenible-el-aliado-invisible-en-ciudades-modernas\/","title":{"rendered":"Mobilier urbain durable : l'alli\u00e9 invisible des villes modernes"},"content":{"rendered":"<p class=\"wp-block-paragraph\">Les villes sont en constante \u00e9volution et font face \u00e0 des d\u00e9fis tels que la pollution, la croissance d\u00e9mographique et le besoin d'espaces plus accessibles et fonctionnels. Dans ce contexte, le mobilier urbain joue un r\u00f4le cl\u00e9 dans la construction de villes durables, contribuant \u00e0 la fois \u00e0 la qualit\u00e9 de vie des citoyens et \u00e0 la protection de l'environnement.<\/p>\n\n\n\n<h3 class=\"wp-block-heading\">Qu'est-ce que c'est ?<\/h3>\n\n\n\n<p class=\"wp-block-paragraph\">Le mobilier urbain englobe tous les \u00e9l\u00e9ments install\u00e9s dans les espaces publics pour am\u00e9liorer le confort, la s\u00e9curit\u00e9 et la fonctionnalit\u00e9 d'une ville. Il comprend les bancs, les poubelles, l'\u00e9clairage, les bornes, les supports pour v\u00e9los, entre autres.<\/p>\n\n\n\n<h3 class=\"wp-block-heading\">Avantages en mati\u00e8re de durabilit\u00e9<\/h3>\n\n\n\n<h4 class=\"wp-block-heading\">1. <strong>Promotion de la mobilit\u00e9 durable<\/strong><\/h4>\n\n\n\n<p class=\"wp-block-paragraph\">Le mobilier urbain bien con\u00e7u favorise les modes de transport durables. L'installation de parcs de v\u00e9los en libre-service encourage la mobilit\u00e9 non motoris\u00e9e, r\u00e9duisant ainsi la pollution et d\u00e9sengorgeant la circulation.<\/p>\n\n\n\n<h4 class=\"wp-block-heading\">2. <strong>R\u00e9duction de l'impact environnemental<\/strong><\/h4>\n\n\n\n<p class=\"wp-block-paragraph\">L'utilisation de mat\u00e9riaux recycl\u00e9s et d'acier \u00e0 faible impact environnemental dans la fabrication de mobilier urbain diminue l'empreinte \u00e9cologique des villes. De plus, des \u00e9l\u00e9ments tels que les corbeilles de tri facilitent l'\u00e9limination correcte des d\u00e9chets.<\/p>\n\n\n\n<h4 class=\"wp-block-heading\">3. <strong>Meilleure utilisation des espaces publics<\/strong><\/h4>\n\n\n\n<p class=\"wp-block-paragraph\">Le mobilier urbain permet de cr\u00e9er des espaces verts, des zones de repos et des espaces r\u00e9cr\u00e9atifs qui favorisent la convivialit\u00e9 citoyenne ainsi que le bien-\u00eatre physique et mental de la population.<\/p>\n\n\n\n<h4 class=\"wp-block-heading\">4. <strong>Efficacit\u00e9 \u00e9nerg\u00e9tique<\/strong><\/h4>\n\n\n\n<p class=\"wp-block-paragraph\">L'\u00e9clairage \u00e0 technologie LED et solaire aide \u00e0 r\u00e9duire la consommation \u00e9nerg\u00e9tique et l'\u00e9mission de gaz polluants, contribuant ainsi \u00e0 la durabilit\u00e9 urbaine.<\/p>\n\n\n\n<h4 class=\"wp-block-heading\">5. <strong>Durabilit\u00e9 et entretien r\u00e9duit<\/strong><\/h4>\n\n\n\n<p class=\"wp-block-paragraph\">Le mobilier urbain durable est con\u00e7u pour r\u00e9sister aux conditions climatiques d\u00e9favorables et minimiser les co\u00fbts de maintenance, garantissant ainsi sa fonctionnalit\u00e9 \u00e0 long terme.<\/p>\n\n\n\n<p class=\"wp-block-paragraph\">Non seulement cela am\u00e9liore l'esth\u00e9tique des villes, mais cela joue \u00e9galement un r\u00f4le fondamental dans la durabilit\u00e9 et le bien-\u00eatre de leurs habitants. Investir dans des solutions innovantes et \u00e9cologiques est essentiel pour construire des villes plus habitables, s\u00fbres et respectueuses de l'environnement.<\/p>\n\n\n\n<p class=\"wp-block-paragraph\">Chez Abadecom Urban, nous proposons du mobilier urbain con\u00e7u avec des mat\u00e9riaux durables et pens\u00e9 pour optimiser les espaces publics. Voulez-vous en savoir plus sur nos solutions ? <a href=\"https:\/\/abadecom.com\/fr\/contact\/\">Contactez-nous<\/a> et construisons ensemble des villes plus durables. <a href=\"https:\/\/www.linkedin.com\/company\/13019454\/admin\/dashboard\/\">LinkedIn<\/a> , <a href=\"https:\/\/www.facebook.com\/AbadecomS.L\/\">Facebook<\/a><\/p>\n\n\n\n<p class=\"wp-block-paragraph\"><\/p>","protected":false},"excerpt":{"rendered":"<p>Las ciudades est\u00e1n en constante evoluci\u00f3n y enfrentan desaf\u00edos como la contaminaci\u00f3n, el crecimiento poblacional y la necesidad de espacios m\u00e1s accesibles y funcionales. En este contexto, el mobiliario urbano juega un papel clave en la construcci\u00f3n de ciudades sostenibles, contribuyendo tanto a la calidad de vida de los ciudadanos como al cuidado del medioambiente. [&#8230;]<\/p>\n<p><a class=\"btn btn-secondary understrap-read-more-link\" href=\"https:\/\/abadecom.com\/fr\/mobiliario-urbano-sostenible-el-aliado-invisible-en-ciudades-modernas\/\">Lire la suite\u2026<span class=\"screen-reader-text\"> from Mobiliario urbano sostenible: el aliado invisible en ciudades modernas<\/span><\/a><\/p>\n","protected":false},"author":1,"featured_media":9835,"comment_status":"open","ping_status":"open","sticky":false,"template":"","format":"standard","meta":{"content-type":"","_monsterinsights_skip_tracking":false,"pgc_sgb_lightbox_settings":"","footnotes":""},"categories":[132],"tags":[],"class_list":["post-9834","post","type-post","status-publish","format-standard","has-post-thumbnail","hentry","category-mobiliario-urbano"],"yoast_head":"<!-- This site is optimized with the Yoast SEO plugin v28.4 - https:\/\/yoast.com\/product\/yoast-seo-wordpress\/ -->\n<title>Mobiliario urbano sostenible: el aliado invisible en ciudades modernas - Abadecom<\/title>\n<meta name=\"description\" content=\"En Abadecom Urban, ofrecemos mobiliario urbano dise\u00f1ado con materiales sostenibles y pensados para optimizar los espacios p\u00fablicos\" \/>\n<meta name=\"robots\" content=\"index, follow, max-snippet:-1, max-image-preview:large, max-video-preview:-1\" \/>\n<link rel=\"canonical\" href=\"https:\/\/abadecom.com\/fr\/mobilier-urbain-durable-lallie-invisible-des-villes-modernes\/\" \/>\n<meta property=\"og:locale\" content=\"fr_FR\" \/>\n<meta property=\"og:type\" content=\"article\" \/>\n<meta property=\"og:title\" content=\"Mobiliario urbano sostenible: el aliado invisible en ciudades modernas - Abadecom\" \/>\n<meta property=\"og:description\" content=\"En Abadecom Urban, ofrecemos mobiliario urbano dise\u00f1ado con materiales sostenibles y pensados para optimizar los espacios p\u00fablicos\" \/>\n<meta property=\"og:url\" content=\"https:\/\/abadecom.com\/fr\/mobilier-urbain-durable-lallie-invisible-des-villes-modernes\/\" \/>\n<meta property=\"og:site_name\" content=\"Abadecom\" \/>\n<meta property=\"article:published_time\" content=\"2025-04-04T09:25:05+00:00\" \/>\n<meta property=\"article:modified_time\" content=\"2026-05-07T13:40:06+00:00\" \/>\n<meta property=\"og:image\" content=\"https:\/\/abadecom.com\/wp-content\/uploads\/2025\/04\/Mobiliario-urbano-Instagram-Post.jpg\" \/>\n\t<meta property=\"og:image:width\" content=\"1080\" \/>\n\t<meta property=\"og:image:height\" content=\"1080\" \/>\n\t<meta property=\"og:image:type\" content=\"image\/jpeg\" \/>\n<meta name=\"author\" content=\"AdminAabadeco\" \/>\n<meta name=\"twitter:card\" content=\"summary_large_image\" \/>\n<meta name=\"twitter:label1\" content=\"\u00c9crit par\" \/>\n\t<meta name=\"twitter:data1\" content=\"AdminAabadeco\" \/>\n\t<meta name=\"twitter:label2\" content=\"Dur\u00e9e de lecture estim\u00e9e\" \/>\n\t<meta name=\"twitter:data2\" content=\"2 minutes\" \/>\n<script type=\"application\/ld+json\" class=\"yoast-schema-graph\">{\"@context\":\"https:\\\/\\\/schema.org\",\"@graph\":[{\"@type\":\"Article\",\"@id\":\"https:\\\/\\\/abadecom.com\\\/mobiliario-urbano-sostenible-el-aliado-invisible-en-ciudades-modernas\\\/#article\",\"isPartOf\":{\"@id\":\"https:\\\/\\\/abadecom.com\\\/mobiliario-urbano-sostenible-el-aliado-invisible-en-ciudades-modernas\\\/\"},\"author\":{\"name\":\"AdminAabadeco\",\"@id\":\"https:\\\/\\\/abadecom.com\\\/#\\\/schema\\\/person\\\/477a7cc0ed6c040d67343c7a3fda930b\"},\"headline\":\"Mobiliario urbano sostenible: el aliado invisible en ciudades modernas\",\"datePublished\":\"2025-04-04T09:25:05+00:00\",\"dateModified\":\"2026-05-07T13:40:06+00:00\",\"mainEntityOfPage\":{\"@id\":\"https:\\\/\\\/abadecom.com\\\/mobiliario-urbano-sostenible-el-aliado-invisible-en-ciudades-modernas\\\/\"},\"wordCount\":370,\"commentCount\":0,\"publisher\":{\"@id\":\"https:\\\/\\\/abadecom.com\\\/#organization\"},\"image\":{\"@id\":\"https:\\\/\\\/abadecom.com\\\/mobiliario-urbano-sostenible-el-aliado-invisible-en-ciudades-modernas\\\/#primaryimage\"},\"thumbnailUrl\":\"https:\\\/\\\/abadecom.com\\\/wp-content\\\/uploads\\\/2025\\\/04\\\/Mobiliario-urbano-Instagram-Post.jpg\",\"articleSection\":[\"Mobiliario urbano\"],\"inLanguage\":\"fr-FR\",\"potentialAction\":[{\"@type\":\"CommentAction\",\"name\":\"Comment\",\"target\":[\"https:\\\/\\\/abadecom.com\\\/mobiliario-urbano-sostenible-el-aliado-invisible-en-ciudades-modernas\\\/#respond\"]}]},{\"@type\":\"WebPage\",\"@id\":\"https:\\\/\\\/abadecom.com\\\/mobiliario-urbano-sostenible-el-aliado-invisible-en-ciudades-modernas\\\/\",\"url\":\"https:\\\/\\\/abadecom.com\\\/mobiliario-urbano-sostenible-el-aliado-invisible-en-ciudades-modernas\\\/\",\"name\":\"Mobiliario urbano sostenible: el aliado invisible en ciudades modernas - Abadecom\",\"isPartOf\":{\"@id\":\"https:\\\/\\\/abadecom.com\\\/#website\"},\"primaryImageOfPage\":{\"@id\":\"https:\\\/\\\/abadecom.com\\\/mobiliario-urbano-sostenible-el-aliado-invisible-en-ciudades-modernas\\\/#primaryimage\"},\"image\":{\"@id\":\"https:\\\/\\\/abadecom.com\\\/mobiliario-urbano-sostenible-el-aliado-invisible-en-ciudades-modernas\\\/#primaryimage\"},\"thumbnailUrl\":\"https:\\\/\\\/abadecom.com\\\/wp-content\\\/uploads\\\/2025\\\/04\\\/Mobiliario-urbano-Instagram-Post.jpg\",\"datePublished\":\"2025-04-04T09:25:05+00:00\",\"dateModified\":\"2026-05-07T13:40:06+00:00\",\"description\":\"En Abadecom Urban, ofrecemos mobiliario urbano dise\u00f1ado con materiales sostenibles y pensados para optimizar los espacios p\u00fablicos\",\"inLanguage\":\"fr-FR\",\"potentialAction\":[{\"@type\":\"ReadAction\",\"target\":[\"https:\\\/\\\/abadecom.com\\\/mobiliario-urbano-sostenible-el-aliado-invisible-en-ciudades-modernas\\\/\"]}]},{\"@type\":\"ImageObject\",\"inLanguage\":\"fr-FR\",\"@id\":\"https:\\\/\\\/abadecom.com\\\/mobiliario-urbano-sostenible-el-aliado-invisible-en-ciudades-modernas\\\/#primaryimage\",\"url\":\"https:\\\/\\\/abadecom.com\\\/wp-content\\\/uploads\\\/2025\\\/04\\\/Mobiliario-urbano-Instagram-Post.jpg\",\"contentUrl\":\"https:\\\/\\\/abadecom.com\\\/wp-content\\\/uploads\\\/2025\\\/04\\\/Mobiliario-urbano-Instagram-Post.jpg\",\"width\":1080,\"height\":1080},{\"@type\":\"WebSite\",\"@id\":\"https:\\\/\\\/abadecom.com\\\/#website\",\"url\":\"https:\\\/\\\/abadecom.com\\\/\",\"name\":\"Abadecom\",\"description\":\"Productos sostenibles y respetuosos con el medio ambiente\",\"publisher\":{\"@id\":\"https:\\\/\\\/abadecom.com\\\/#organization\"},\"alternateName\":\"Abadecom\",\"potentialAction\":[{\"@type\":\"SearchAction\",\"target\":{\"@type\":\"EntryPoint\",\"urlTemplate\":\"https:\\\/\\\/abadecom.com\\\/?s={search_term_string}\"},\"query-input\":{\"@type\":\"PropertyValueSpecification\",\"valueRequired\":true,\"valueName\":\"search_term_string\"}}],\"inLanguage\":\"fr-FR\"},{\"@type\":\"Organization\",\"@id\":\"https:\\\/\\\/abadecom.com\\\/#organization\",\"name\":\"Abadecom\",\"url\":\"https:\\\/\\\/abadecom.com\\\/\",\"logo\":{\"@type\":\"ImageObject\",\"inLanguage\":\"fr-FR\",\"@id\":\"https:\\\/\\\/abadecom.com\\\/#\\\/schema\\\/logo\\\/image\\\/\",\"url\":\"https:\\\/\\\/abadecom.com\\\/wp-content\\\/uploads\\\/2022\\\/03\\\/Logo-Abadecom-e1647715158799.png\",\"contentUrl\":\"https:\\\/\\\/abadecom.com\\\/wp-content\\\/uploads\\\/2022\\\/03\\\/Logo-Abadecom-e1647715158799.png\",\"width\":200,\"height\":117,\"caption\":\"Abadecom\"},\"image\":{\"@id\":\"https:\\\/\\\/abadecom.com\\\/#\\\/schema\\\/logo\\\/image\\\/\"}},{\"@type\":\"Person\",\"@id\":\"https:\\\/\\\/abadecom.com\\\/#\\\/schema\\\/person\\\/477a7cc0ed6c040d67343c7a3fda930b\",\"name\":\"AdminAabadeco\",\"image\":{\"@type\":\"ImageObject\",\"inLanguage\":\"fr-FR\",\"@id\":\"https:\\\/\\\/secure.gravatar.com\\\/avatar\\\/2630c0cee03e7f483e5ca41ec6649375f24ca272e920f8386983684762e36487?s=96&d=mm&r=g\",\"url\":\"https:\\\/\\\/secure.gravatar.com\\\/avatar\\\/2630c0cee03e7f483e5ca41ec6649375f24ca272e920f8386983684762e36487?s=96&d=mm&r=g\",\"contentUrl\":\"https:\\\/\\\/secure.gravatar.com\\\/avatar\\\/2630c0cee03e7f483e5ca41ec6649375f24ca272e920f8386983684762e36487?s=96&d=mm&r=g\",\"caption\":\"AdminAabadeco\"},\"sameAs\":[\"https:\\\/\\\/abadecom.com\"],\"url\":\"https:\\\/\\\/abadecom.com\\\/fr\\\/author\\\/adminaabadeco\\\/\"}]}<\/script>\n<!-- \/ Yoast SEO plugin. -->","yoast_head_json":{"title":"Mobilier urbain durable : l'alli\u00e9 invisible des villes modernes - Abadecom","description":"Chez Abadecom Urban, nous proposons du mobilier urbain con\u00e7u avec des mat\u00e9riaux durables et pens\u00e9 pour optimiser les espaces publics.","robots":{"index":"index","follow":"follow","max-snippet":"max-snippet:-1","max-image-preview":"max-image-preview:large","max-video-preview":"max-video-preview:-1"},"canonical":"https:\/\/abadecom.com\/fr\/mobilier-urbain-durable-lallie-invisible-des-villes-modernes\/","og_locale":"fr_FR","og_type":"article","og_title":"Mobiliario urbano sostenible: el aliado invisible en ciudades modernas - Abadecom","og_description":"En Abadecom Urban, ofrecemos mobiliario urbano dise\u00f1ado con materiales sostenibles y pensados para optimizar los espacios p\u00fablicos","og_url":"https:\/\/abadecom.com\/fr\/mobilier-urbain-durable-lallie-invisible-des-villes-modernes\/","og_site_name":"Abadecom","article_published_time":"2025-04-04T09:25:05+00:00","article_modified_time":"2026-05-07T13:40:06+00:00","og_image":[{"width":1080,"height":1080,"url":"https:\/\/abadecom.com\/wp-content\/uploads\/2025\/04\/Mobiliario-urbano-Instagram-Post.jpg","type":"image\/jpeg"}],"author":"AdminAabadeco","twitter_card":"summary_large_image","twitter_misc":{"\u00c9crit par":"AdminAabadeco","Dur\u00e9e de lecture estim\u00e9e":"2 minutes"},"schema":{"@context":"https:\/\/schema.org","@graph":[{"@type":"Article","@id":"https:\/\/abadecom.com\/mobiliario-urbano-sostenible-el-aliado-invisible-en-ciudades-modernas\/#article","isPartOf":{"@id":"https:\/\/abadecom.com\/mobiliario-urbano-sostenible-el-aliado-invisible-en-ciudades-modernas\/"},"author":{"name":"AdminAabadeco","@id":"https:\/\/abadecom.com\/#\/schema\/person\/477a7cc0ed6c040d67343c7a3fda930b"},"headline":"Mobiliario urbano sostenible: el aliado invisible en ciudades modernas","datePublished":"2025-04-04T09:25:05+00:00","dateModified":"2026-05-07T13:40:06+00:00","mainEntityOfPage":{"@id":"https:\/\/abadecom.com\/mobiliario-urbano-sostenible-el-aliado-invisible-en-ciudades-modernas\/"},"wordCount":370,"commentCount":0,"publisher":{"@id":"https:\/\/abadecom.com\/#organization"},"image":{"@id":"https:\/\/abadecom.com\/mobiliario-urbano-sostenible-el-aliado-invisible-en-ciudades-modernas\/#primaryimage"},"thumbnailUrl":"https:\/\/abadecom.com\/wp-content\/uploads\/2025\/04\/Mobiliario-urbano-Instagram-Post.jpg","articleSection":["Mobiliario urbano"],"inLanguage":"fr-FR","potentialAction":[{"@type":"CommentAction","name":"Comment","target":["https:\/\/abadecom.com\/mobiliario-urbano-sostenible-el-aliado-invisible-en-ciudades-modernas\/#respond"]}]},{"@type":"WebPage","@id":"https:\/\/abadecom.com\/mobiliario-urbano-sostenible-el-aliado-invisible-en-ciudades-modernas\/","url":"https:\/\/abadecom.com\/mobiliario-urbano-sostenible-el-aliado-invisible-en-ciudades-modernas\/","name":"Mobilier urbain durable : l'alli\u00e9 invisible des villes modernes - Abadecom","isPartOf":{"@id":"https:\/\/abadecom.com\/#website"},"primaryImageOfPage":{"@id":"https:\/\/abadecom.com\/mobiliario-urbano-sostenible-el-aliado-invisible-en-ciudades-modernas\/#primaryimage"},"image":{"@id":"https:\/\/abadecom.com\/mobiliario-urbano-sostenible-el-aliado-invisible-en-ciudades-modernas\/#primaryimage"},"thumbnailUrl":"https:\/\/abadecom.com\/wp-content\/uploads\/2025\/04\/Mobiliario-urbano-Instagram-Post.jpg","datePublished":"2025-04-04T09:25:05+00:00","dateModified":"2026-05-07T13:40:06+00:00","description":"Chez Abadecom Urban, nous proposons du mobilier urbain con\u00e7u avec des mat\u00e9riaux durables et pens\u00e9 pour optimiser les espaces publics.","inLanguage":"fr-FR","potentialAction":[{"@type":"ReadAction","target":["https:\/\/abadecom.com\/mobiliario-urbano-sostenible-el-aliado-invisible-en-ciudades-modernas\/"]}]},{"@type":"ImageObject","inLanguage":"fr-FR","@id":"https:\/\/abadecom.com\/mobiliario-urbano-sostenible-el-aliado-invisible-en-ciudades-modernas\/#primaryimage","url":"https:\/\/abadecom.com\/wp-content\/uploads\/2025\/04\/Mobiliario-urbano-Instagram-Post.jpg","contentUrl":"https:\/\/abadecom.com\/wp-content\/uploads\/2025\/04\/Mobiliario-urbano-Instagram-Post.jpg","width":1080,"height":1080},{"@type":"WebSite","@id":"https:\/\/abadecom.com\/#website","url":"https:\/\/abadecom.com\/","name":"Abadecom","description":"Produits durables et respectueux de l'environnement","publisher":{"@id":"https:\/\/abadecom.com\/#organization"},"alternateName":"Abadecom","potentialAction":[{"@type":"SearchAction","target":{"@type":"EntryPoint","urlTemplate":"https:\/\/abadecom.com\/?s={search_term_string}"},"query-input":{"@type":"PropertyValueSpecification","valueRequired":true,"valueName":"search_term_string"}}],"inLanguage":"fr-FR"},{"@type":"Organization","@id":"https:\/\/abadecom.com\/#organization","name":"Abadecom","url":"https:\/\/abadecom.com\/","logo":{"@type":"ImageObject","inLanguage":"fr-FR","@id":"https:\/\/abadecom.com\/#\/schema\/logo\/image\/","url":"https:\/\/abadecom.com\/wp-content\/uploads\/2022\/03\/Logo-Abadecom-e1647715158799.png","contentUrl":"https:\/\/abadecom.com\/wp-content\/uploads\/2022\/03\/Logo-Abadecom-e1647715158799.png","width":200,"height":117,"caption":"Abadecom"},"image":{"@id":"https:\/\/abadecom.com\/#\/schema\/logo\/image\/"}},{"@type":"Person","@id":"https:\/\/abadecom.com\/#\/schema\/person\/477a7cc0ed6c040d67343c7a3fda930b","name":"AdminAabadeco","image":{"@type":"ImageObject","inLanguage":"fr-FR","@id":"https:\/\/secure.gravatar.com\/avatar\/2630c0cee03e7f483e5ca41ec6649375f24ca272e920f8386983684762e36487?s=96&d=mm&r=g","url":"https:\/\/secure.gravatar.com\/avatar\/2630c0cee03e7f483e5ca41ec6649375f24ca272e920f8386983684762e36487?s=96&d=mm&r=g","contentUrl":"https:\/\/secure.gravatar.com\/avatar\/2630c0cee03e7f483e5ca41ec6649375f24ca272e920f8386983684762e36487?s=96&d=mm&r=g","caption":"AdminAabadeco"},"sameAs":["https:\/\/abadecom.com"],"url":"https:\/\/abadecom.com\/fr\/author\/adminaabadeco\/"}]}},"_links":{"self":[{"href":"https:\/\/abadecom.com\/fr\/wp-json\/wp\/v2\/posts\/9834","targetHints":{"allow":["GET"]}}],"collection":[{"href":"https:\/\/abadecom.com\/fr\/wp-json\/wp\/v2\/posts"}],"about":[{"href":"https:\/\/abadecom.com\/fr\/wp-json\/wp\/v2\/types\/post"}],"author":[{"embeddable":true,"href":"https:\/\/abadecom.com\/fr\/wp-json\/wp\/v2\/users\/1"}],"replies":[{"embeddable":true,"href":"https:\/\/abadecom.com\/fr\/wp-json\/wp\/v2\/comments?post=9834"}],"version-history":[{"count":1,"href":"https:\/\/abadecom.com\/fr\/wp-json\/wp\/v2\/posts\/9834\/revisions"}],"predecessor-version":[{"id":9836,"href":"https:\/\/abadecom.com\/fr\/wp-json\/wp\/v2\/posts\/9834\/revisions\/9836"}],"wp:featuredmedia":[{"embeddable":true,"href":"https:\/\/abadecom.com\/fr\/wp-json\/wp\/v2\/media\/9835"}],"wp:attachment":[{"href":"https:\/\/abadecom.com\/fr\/wp-json\/wp\/v2\/media?parent=9834"}],"wp:term":[{"taxonomy":"category","embeddable":true,"href":"https:\/\/abadecom.com\/fr\/wp-json\/wp\/v2\/categories?post=9834"},{"taxonomy":"post_tag","embeddable":true,"href":"https:\/\/abadecom.com\/fr\/wp-json\/wp\/v2\/tags?post=9834"}],"curies":[{"name":"wp","href":"https:\/\/api.w.org\/{rel}","templated":true}]}}