{"id":9731,"date":"2024-12-23T14:08:25","date_gmt":"2024-12-23T14:08:25","guid":{"rendered":"https:\/\/abadecom.com\/?p=9731"},"modified":"2024-12-23T14:08:26","modified_gmt":"2024-12-23T14:08:26","slug":"abadecom-innovacion-y-compromiso-con-la-seguridad-vial","status":"publish","type":"post","link":"https:\/\/abadecom.com\/fr\/abadecom-innovacion-y-compromiso-con-la-seguridad-vial\/","title":{"rendered":"Abadecom: Innovaci\u00f3n y Compromiso con la Seguridad Vial"},"content":{"rendered":"<p class=\"wp-block-paragraph\">En Abadecom, estamos orgullosos de contribuir al desarrollo de una movilidad m\u00e1s segura y sostenible con nuestros innovadores <a href=\"https:\/\/abadecom.com\/fr\/separador-carril-bici\/\">separadores de carril bici fotoluminiscentes<\/a>, fabricados con pl\u00e1stico 100% reciclado. Este producto representa un paso importante hacia la seguridad vial y el respeto por el medio ambiente.<\/p>\n\n\n\n<h2 class=\"wp-block-heading\">\u00c9xito en Canarias<\/h2>\n\n\n\n<p class=\"wp-block-paragraph\">Queremos destacar la excelente acogida que han tenido nuestros separadores en Canarias. Tras varios a\u00f1os de uso continuo, estos elementos urbanos permanecen en perfecto estado, demostrando su calidad y resistencia frente a las condiciones clim\u00e1ticas y el paso del tiempo. Este resultado reafirma nuestra visi\u00f3n de ofrecer productos duraderos y sostenibles.<\/p>\n\n\n\n<h2 class=\"wp-block-heading\">Caracter\u00edsticas Destacadas<\/h2>\n\n\n\n<ul class=\"wp-block-list\">\n<li><strong>Sostenibilidad:<\/strong> Fabricados con materiales reciclados, reafirmando nuestro compromiso con la econom\u00eda circular y la reducci\u00f3n de residuos.<\/li>\n\n\n\n<li><strong>Tecnolog\u00eda Fotoluminiscente:<\/strong> Gracias a su tecnolog\u00eda avanzada, garantizan una visibilidad \u00f3ptima incluso en condiciones de poca luz, reduciendo el riesgo de accidentes.<\/li>\n\n\n\n<li><strong>Alta Durabilidad:<\/strong> Dise\u00f1ados para resistir condiciones clim\u00e1ticas adversas y el desgaste diario.<\/li>\n<\/ul>\n\n\n\n<p class=\"wp-block-paragraph\">Nos encanta ver c\u00f3mo nuestros productos no solo mejoran la seguridad vial, sino que tambi\u00e9n generan un impacto positivo en el cuidado del planeta. La combinaci\u00f3n de tecnolog\u00eda, sostenibilidad y durabilidad los convierte en una soluci\u00f3n ideal para ciudades que buscan avanzar hacia una movilidad m\u00e1s inteligente y respetuosa con el medio ambiente.<\/p>\n\n\n\n<h3 class=\"wp-block-heading\">\u00a1Cont\u00e1ctanos!<\/h3>\n\n\n\n<p class=\"wp-block-paragraph\">Si est\u00e1s interesado en implementar estas soluciones en tu ciudad, no dudes en contactarnos. Juntos, podemos construir un futuro m\u00e1s seguro y sostenible.<\/p>\n\n\n\n<p class=\"wp-block-paragraph\"><a href=\"https:\/\/www.linkedin.com\/company\/13019454\/admin\/dashboard\/\">Linkedin<\/a> , <a href=\"https:\/\/www.facebook.com\/AbadecomS.L\/\">Facebook<\/a><\/p>\n\n\n\n<p class=\"wp-block-paragraph\"><\/p>","protected":false},"excerpt":{"rendered":"<p>En Abadecom, estamos orgullosos de contribuir al desarrollo de una movilidad m\u00e1s segura y sostenible con nuestros innovadores separadores de carril bici fotoluminiscentes, fabricados con pl\u00e1stico 100% reciclado. Este producto representa un paso importante hacia la seguridad vial y el respeto por el medio ambiente. \u00c9xito en Canarias Queremos destacar la excelente acogida que han [&#8230;]<\/p>\n<p><a class=\"btn btn-secondary understrap-read-more-link\" href=\"https:\/\/abadecom.com\/fr\/abadecom-innovacion-y-compromiso-con-la-seguridad-vial\/\">Lire la suite\u2026<span class=\"screen-reader-text\"> from Abadecom: Innovaci\u00f3n y Compromiso con la Seguridad Vial<\/span><\/a><\/p>\n","protected":false},"author":1,"featured_media":9732,"comment_status":"open","ping_status":"open","sticky":false,"template":"","format":"standard","meta":{"content-type":"","_monsterinsights_skip_tracking":false,"pgc_sgb_lightbox_settings":"","footnotes":""},"categories":[1],"tags":[],"class_list":["post-9731","post","type-post","status-publish","format-standard","has-post-thumbnail","hentry","category-sin-categorizar"],"yoast_head":"<!-- This site is optimized with the Yoast SEO plugin v28.4 - https:\/\/yoast.com\/product\/yoast-seo-wordpress\/ -->\n<title>Abadecom: Innovaci\u00f3n y Compromiso con la Seguridad Vial - Abadecom<\/title>\n<meta name=\"description\" content=\"En Abadecom, estamos orgullosos de contribuir a una movilidad m\u00e1s segura y sostenible con nuestros separadores de carril fotoluminiscentes.\" \/>\n<meta name=\"robots\" content=\"index, follow, max-snippet:-1, max-image-preview:large, max-video-preview:-1\" \/>\n<link rel=\"canonical\" href=\"https:\/\/abadecom.com\/fr\/abadecom-innovacion-y-compromiso-con-la-seguridad-vial\/\" \/>\n<meta property=\"og:locale\" content=\"fr_FR\" \/>\n<meta property=\"og:type\" content=\"article\" \/>\n<meta property=\"og:title\" content=\"Abadecom: Innovaci\u00f3n y Compromiso con la Seguridad Vial - Abadecom\" \/>\n<meta property=\"og:description\" content=\"En Abadecom, estamos orgullosos de contribuir a una movilidad m\u00e1s segura y sostenible con nuestros separadores de carril fotoluminiscentes.\" \/>\n<meta property=\"og:url\" content=\"https:\/\/abadecom.com\/fr\/abadecom-innovacion-y-compromiso-con-la-seguridad-vial\/\" \/>\n<meta property=\"og:site_name\" content=\"Abadecom\" \/>\n<meta property=\"article:published_time\" content=\"2024-12-23T14:08:25+00:00\" \/>\n<meta property=\"article:modified_time\" content=\"2024-12-23T14:08:26+00:00\" \/>\n<meta property=\"og:image\" content=\"https:\/\/abadecom.com\/wp-content\/uploads\/2024\/12\/Separador-carril-bici_canarias_abadecom-Post.jpg\" \/>\n\t<meta property=\"og:image:width\" content=\"1080\" \/>\n\t<meta property=\"og:image:height\" content=\"1080\" \/>\n\t<meta property=\"og:image:type\" content=\"image\/jpeg\" \/>\n<meta name=\"author\" content=\"AdminAabadeco\" \/>\n<meta name=\"twitter:card\" content=\"summary_large_image\" \/>\n<meta name=\"twitter:label1\" content=\"\u00c9crit par\" \/>\n\t<meta name=\"twitter:data1\" content=\"AdminAabadeco\" \/>\n\t<meta name=\"twitter:label2\" content=\"Dur\u00e9e de lecture estim\u00e9e\" \/>\n\t<meta name=\"twitter:data2\" content=\"2 minutes\" \/>\n<script type=\"application\/ld+json\" class=\"yoast-schema-graph\">{\"@context\":\"https:\\\/\\\/schema.org\",\"@graph\":[{\"@type\":\"Article\",\"@id\":\"https:\\\/\\\/abadecom.com\\\/abadecom-innovacion-y-compromiso-con-la-seguridad-vial\\\/#article\",\"isPartOf\":{\"@id\":\"https:\\\/\\\/abadecom.com\\\/abadecom-innovacion-y-compromiso-con-la-seguridad-vial\\\/\"},\"author\":{\"name\":\"AdminAabadeco\",\"@id\":\"https:\\\/\\\/abadecom.com\\\/#\\\/schema\\\/person\\\/477a7cc0ed6c040d67343c7a3fda930b\"},\"headline\":\"Abadecom: Innovaci\u00f3n y Compromiso con la Seguridad Vial\",\"datePublished\":\"2024-12-23T14:08:25+00:00\",\"dateModified\":\"2024-12-23T14:08:26+00:00\",\"mainEntityOfPage\":{\"@id\":\"https:\\\/\\\/abadecom.com\\\/abadecom-innovacion-y-compromiso-con-la-seguridad-vial\\\/\"},\"wordCount\":260,\"commentCount\":0,\"publisher\":{\"@id\":\"https:\\\/\\\/abadecom.com\\\/#organization\"},\"image\":{\"@id\":\"https:\\\/\\\/abadecom.com\\\/abadecom-innovacion-y-compromiso-con-la-seguridad-vial\\\/#primaryimage\"},\"thumbnailUrl\":\"https:\\\/\\\/abadecom.com\\\/wp-content\\\/uploads\\\/2024\\\/12\\\/Separador-carril-bici_canarias_abadecom-Post.jpg\",\"articleSection\":[\"Sin categorizar\"],\"inLanguage\":\"fr-FR\",\"potentialAction\":[{\"@type\":\"CommentAction\",\"name\":\"Comment\",\"target\":[\"https:\\\/\\\/abadecom.com\\\/abadecom-innovacion-y-compromiso-con-la-seguridad-vial\\\/#respond\"]}]},{\"@type\":\"WebPage\",\"@id\":\"https:\\\/\\\/abadecom.com\\\/abadecom-innovacion-y-compromiso-con-la-seguridad-vial\\\/\",\"url\":\"https:\\\/\\\/abadecom.com\\\/abadecom-innovacion-y-compromiso-con-la-seguridad-vial\\\/\",\"name\":\"Abadecom: Innovaci\u00f3n y Compromiso con la Seguridad Vial - Abadecom\",\"isPartOf\":{\"@id\":\"https:\\\/\\\/abadecom.com\\\/#website\"},\"primaryImageOfPage\":{\"@id\":\"https:\\\/\\\/abadecom.com\\\/abadecom-innovacion-y-compromiso-con-la-seguridad-vial\\\/#primaryimage\"},\"image\":{\"@id\":\"https:\\\/\\\/abadecom.com\\\/abadecom-innovacion-y-compromiso-con-la-seguridad-vial\\\/#primaryimage\"},\"thumbnailUrl\":\"https:\\\/\\\/abadecom.com\\\/wp-content\\\/uploads\\\/2024\\\/12\\\/Separador-carril-bici_canarias_abadecom-Post.jpg\",\"datePublished\":\"2024-12-23T14:08:25+00:00\",\"dateModified\":\"2024-12-23T14:08:26+00:00\",\"description\":\"En Abadecom, estamos orgullosos de contribuir a una movilidad m\u00e1s segura y sostenible con nuestros separadores de carril fotoluminiscentes.\",\"inLanguage\":\"fr-FR\",\"potentialAction\":[{\"@type\":\"ReadAction\",\"target\":[\"https:\\\/\\\/abadecom.com\\\/abadecom-innovacion-y-compromiso-con-la-seguridad-vial\\\/\"]}]},{\"@type\":\"ImageObject\",\"inLanguage\":\"fr-FR\",\"@id\":\"https:\\\/\\\/abadecom.com\\\/abadecom-innovacion-y-compromiso-con-la-seguridad-vial\\\/#primaryimage\",\"url\":\"https:\\\/\\\/abadecom.com\\\/wp-content\\\/uploads\\\/2024\\\/12\\\/Separador-carril-bici_canarias_abadecom-Post.jpg\",\"contentUrl\":\"https:\\\/\\\/abadecom.com\\\/wp-content\\\/uploads\\\/2024\\\/12\\\/Separador-carril-bici_canarias_abadecom-Post.jpg\",\"width\":1080,\"height\":1080},{\"@type\":\"WebSite\",\"@id\":\"https:\\\/\\\/abadecom.com\\\/#website\",\"url\":\"https:\\\/\\\/abadecom.com\\\/\",\"name\":\"Abadecom\",\"description\":\"Productos sostenibles y respetuosos con el medio ambiente\",\"publisher\":{\"@id\":\"https:\\\/\\\/abadecom.com\\\/#organization\"},\"alternateName\":\"Abadecom\",\"potentialAction\":[{\"@type\":\"SearchAction\",\"target\":{\"@type\":\"EntryPoint\",\"urlTemplate\":\"https:\\\/\\\/abadecom.com\\\/?s={search_term_string}\"},\"query-input\":{\"@type\":\"PropertyValueSpecification\",\"valueRequired\":true,\"valueName\":\"search_term_string\"}}],\"inLanguage\":\"fr-FR\"},{\"@type\":\"Organization\",\"@id\":\"https:\\\/\\\/abadecom.com\\\/#organization\",\"name\":\"Abadecom\",\"url\":\"https:\\\/\\\/abadecom.com\\\/\",\"logo\":{\"@type\":\"ImageObject\",\"inLanguage\":\"fr-FR\",\"@id\":\"https:\\\/\\\/abadecom.com\\\/#\\\/schema\\\/logo\\\/image\\\/\",\"url\":\"https:\\\/\\\/abadecom.com\\\/wp-content\\\/uploads\\\/2022\\\/03\\\/Logo-Abadecom-e1647715158799.png\",\"contentUrl\":\"https:\\\/\\\/abadecom.com\\\/wp-content\\\/uploads\\\/2022\\\/03\\\/Logo-Abadecom-e1647715158799.png\",\"width\":200,\"height\":117,\"caption\":\"Abadecom\"},\"image\":{\"@id\":\"https:\\\/\\\/abadecom.com\\\/#\\\/schema\\\/logo\\\/image\\\/\"}},{\"@type\":\"Person\",\"@id\":\"https:\\\/\\\/abadecom.com\\\/#\\\/schema\\\/person\\\/477a7cc0ed6c040d67343c7a3fda930b\",\"name\":\"AdminAabadeco\",\"image\":{\"@type\":\"ImageObject\",\"inLanguage\":\"fr-FR\",\"@id\":\"https:\\\/\\\/secure.gravatar.com\\\/avatar\\\/2630c0cee03e7f483e5ca41ec6649375f24ca272e920f8386983684762e36487?s=96&d=mm&r=g\",\"url\":\"https:\\\/\\\/secure.gravatar.com\\\/avatar\\\/2630c0cee03e7f483e5ca41ec6649375f24ca272e920f8386983684762e36487?s=96&d=mm&r=g\",\"contentUrl\":\"https:\\\/\\\/secure.gravatar.com\\\/avatar\\\/2630c0cee03e7f483e5ca41ec6649375f24ca272e920f8386983684762e36487?s=96&d=mm&r=g\",\"caption\":\"AdminAabadeco\"},\"sameAs\":[\"https:\\\/\\\/abadecom.com\"],\"url\":\"https:\\\/\\\/abadecom.com\\\/fr\\\/author\\\/adminaabadeco\\\/\"}]}<\/script>\n<!-- \/ Yoast SEO plugin. -->","yoast_head_json":{"title":"Abadecom: Innovaci\u00f3n y Compromiso con la Seguridad Vial - Abadecom","description":"En Abadecom, estamos orgullosos de contribuir a una movilidad m\u00e1s segura y sostenible con nuestros separadores de carril fotoluminiscentes.","robots":{"index":"index","follow":"follow","max-snippet":"max-snippet:-1","max-image-preview":"max-image-preview:large","max-video-preview":"max-video-preview:-1"},"canonical":"https:\/\/abadecom.com\/fr\/abadecom-innovacion-y-compromiso-con-la-seguridad-vial\/","og_locale":"fr_FR","og_type":"article","og_title":"Abadecom: Innovaci\u00f3n y Compromiso con la Seguridad Vial - Abadecom","og_description":"En Abadecom, estamos orgullosos de contribuir a una movilidad m\u00e1s segura y sostenible con nuestros separadores de carril fotoluminiscentes.","og_url":"https:\/\/abadecom.com\/fr\/abadecom-innovacion-y-compromiso-con-la-seguridad-vial\/","og_site_name":"Abadecom","article_published_time":"2024-12-23T14:08:25+00:00","article_modified_time":"2024-12-23T14:08:26+00:00","og_image":[{"width":1080,"height":1080,"url":"https:\/\/abadecom.com\/wp-content\/uploads\/2024\/12\/Separador-carril-bici_canarias_abadecom-Post.jpg","type":"image\/jpeg"}],"author":"AdminAabadeco","twitter_card":"summary_large_image","twitter_misc":{"\u00c9crit par":"AdminAabadeco","Dur\u00e9e de lecture estim\u00e9e":"2 minutes"},"schema":{"@context":"https:\/\/schema.org","@graph":[{"@type":"Article","@id":"https:\/\/abadecom.com\/abadecom-innovacion-y-compromiso-con-la-seguridad-vial\/#article","isPartOf":{"@id":"https:\/\/abadecom.com\/abadecom-innovacion-y-compromiso-con-la-seguridad-vial\/"},"author":{"name":"AdminAabadeco","@id":"https:\/\/abadecom.com\/#\/schema\/person\/477a7cc0ed6c040d67343c7a3fda930b"},"headline":"Abadecom: Innovaci\u00f3n y Compromiso con la Seguridad Vial","datePublished":"2024-12-23T14:08:25+00:00","dateModified":"2024-12-23T14:08:26+00:00","mainEntityOfPage":{"@id":"https:\/\/abadecom.com\/abadecom-innovacion-y-compromiso-con-la-seguridad-vial\/"},"wordCount":260,"commentCount":0,"publisher":{"@id":"https:\/\/abadecom.com\/#organization"},"image":{"@id":"https:\/\/abadecom.com\/abadecom-innovacion-y-compromiso-con-la-seguridad-vial\/#primaryimage"},"thumbnailUrl":"https:\/\/abadecom.com\/wp-content\/uploads\/2024\/12\/Separador-carril-bici_canarias_abadecom-Post.jpg","articleSection":["Sin categorizar"],"inLanguage":"fr-FR","potentialAction":[{"@type":"CommentAction","name":"Comment","target":["https:\/\/abadecom.com\/abadecom-innovacion-y-compromiso-con-la-seguridad-vial\/#respond"]}]},{"@type":"WebPage","@id":"https:\/\/abadecom.com\/abadecom-innovacion-y-compromiso-con-la-seguridad-vial\/","url":"https:\/\/abadecom.com\/abadecom-innovacion-y-compromiso-con-la-seguridad-vial\/","name":"Abadecom: Innovaci\u00f3n y Compromiso con la Seguridad Vial - Abadecom","isPartOf":{"@id":"https:\/\/abadecom.com\/#website"},"primaryImageOfPage":{"@id":"https:\/\/abadecom.com\/abadecom-innovacion-y-compromiso-con-la-seguridad-vial\/#primaryimage"},"image":{"@id":"https:\/\/abadecom.com\/abadecom-innovacion-y-compromiso-con-la-seguridad-vial\/#primaryimage"},"thumbnailUrl":"https:\/\/abadecom.com\/wp-content\/uploads\/2024\/12\/Separador-carril-bici_canarias_abadecom-Post.jpg","datePublished":"2024-12-23T14:08:25+00:00","dateModified":"2024-12-23T14:08:26+00:00","description":"En Abadecom, estamos orgullosos de contribuir a una movilidad m\u00e1s segura y sostenible con nuestros separadores de carril fotoluminiscentes.","inLanguage":"fr-FR","potentialAction":[{"@type":"ReadAction","target":["https:\/\/abadecom.com\/abadecom-innovacion-y-compromiso-con-la-seguridad-vial\/"]}]},{"@type":"ImageObject","inLanguage":"fr-FR","@id":"https:\/\/abadecom.com\/abadecom-innovacion-y-compromiso-con-la-seguridad-vial\/#primaryimage","url":"https:\/\/abadecom.com\/wp-content\/uploads\/2024\/12\/Separador-carril-bici_canarias_abadecom-Post.jpg","contentUrl":"https:\/\/abadecom.com\/wp-content\/uploads\/2024\/12\/Separador-carril-bici_canarias_abadecom-Post.jpg","width":1080,"height":1080},{"@type":"WebSite","@id":"https:\/\/abadecom.com\/#website","url":"https:\/\/abadecom.com\/","name":"Abadecom","description":"Produits durables et respectueux de l'environnement","publisher":{"@id":"https:\/\/abadecom.com\/#organization"},"alternateName":"Abadecom","potentialAction":[{"@type":"SearchAction","target":{"@type":"EntryPoint","urlTemplate":"https:\/\/abadecom.com\/?s={search_term_string}"},"query-input":{"@type":"PropertyValueSpecification","valueRequired":true,"valueName":"search_term_string"}}],"inLanguage":"fr-FR"},{"@type":"Organization","@id":"https:\/\/abadecom.com\/#organization","name":"Abadecom","url":"https:\/\/abadecom.com\/","logo":{"@type":"ImageObject","inLanguage":"fr-FR","@id":"https:\/\/abadecom.com\/#\/schema\/logo\/image\/","url":"https:\/\/abadecom.com\/wp-content\/uploads\/2022\/03\/Logo-Abadecom-e1647715158799.png","contentUrl":"https:\/\/abadecom.com\/wp-content\/uploads\/2022\/03\/Logo-Abadecom-e1647715158799.png","width":200,"height":117,"caption":"Abadecom"},"image":{"@id":"https:\/\/abadecom.com\/#\/schema\/logo\/image\/"}},{"@type":"Person","@id":"https:\/\/abadecom.com\/#\/schema\/person\/477a7cc0ed6c040d67343c7a3fda930b","name":"AdminAabadeco","image":{"@type":"ImageObject","inLanguage":"fr-FR","@id":"https:\/\/secure.gravatar.com\/avatar\/2630c0cee03e7f483e5ca41ec6649375f24ca272e920f8386983684762e36487?s=96&d=mm&r=g","url":"https:\/\/secure.gravatar.com\/avatar\/2630c0cee03e7f483e5ca41ec6649375f24ca272e920f8386983684762e36487?s=96&d=mm&r=g","contentUrl":"https:\/\/secure.gravatar.com\/avatar\/2630c0cee03e7f483e5ca41ec6649375f24ca272e920f8386983684762e36487?s=96&d=mm&r=g","caption":"AdminAabadeco"},"sameAs":["https:\/\/abadecom.com"],"url":"https:\/\/abadecom.com\/fr\/author\/adminaabadeco\/"}]}},"_links":{"self":[{"href":"https:\/\/abadecom.com\/fr\/wp-json\/wp\/v2\/posts\/9731","targetHints":{"allow":["GET"]}}],"collection":[{"href":"https:\/\/abadecom.com\/fr\/wp-json\/wp\/v2\/posts"}],"about":[{"href":"https:\/\/abadecom.com\/fr\/wp-json\/wp\/v2\/types\/post"}],"author":[{"embeddable":true,"href":"https:\/\/abadecom.com\/fr\/wp-json\/wp\/v2\/users\/1"}],"replies":[{"embeddable":true,"href":"https:\/\/abadecom.com\/fr\/wp-json\/wp\/v2\/comments?post=9731"}],"version-history":[{"count":3,"href":"https:\/\/abadecom.com\/fr\/wp-json\/wp\/v2\/posts\/9731\/revisions"}],"predecessor-version":[{"id":9735,"href":"https:\/\/abadecom.com\/fr\/wp-json\/wp\/v2\/posts\/9731\/revisions\/9735"}],"wp:featuredmedia":[{"embeddable":true,"href":"https:\/\/abadecom.com\/fr\/wp-json\/wp\/v2\/media\/9732"}],"wp:attachment":[{"href":"https:\/\/abadecom.com\/fr\/wp-json\/wp\/v2\/media?parent=9731"}],"wp:term":[{"taxonomy":"category","embeddable":true,"href":"https:\/\/abadecom.com\/fr\/wp-json\/wp\/v2\/categories?post=9731"},{"taxonomy":"post_tag","embeddable":true,"href":"https:\/\/abadecom.com\/fr\/wp-json\/wp\/v2\/tags?post=9731"}],"curies":[{"name":"wp","href":"https:\/\/api.w.org\/{rel}","templated":true}]}}