{"id":9701,"date":"2024-06-17T12:30:49","date_gmt":"2024-06-17T12:30:49","guid":{"rendered":"https:\/\/abadecom.com\/?p=9701"},"modified":"2024-06-17T12:30:49","modified_gmt":"2024-06-17T12:30:49","slug":"nuestro-proyecto-ecomodular-la-revolucion-en-viviendas-sostenibles-y-modulares","status":"publish","type":"post","link":"https:\/\/abadecom.com\/fr\/nuestro-proyecto-ecomodular-la-revolucion-en-viviendas-sostenibles-y-modulares\/","title":{"rendered":"Nuestro proyecto EcoModular: La Revoluci\u00f3n en Viviendas Sostenibles y Modulares"},"content":{"rendered":"<p class=\"wp-block-paragraph\">En Abadecom, nos complace anunciar el lanzamiento de nuestro innovador proyecto de I+D+i, <strong><a href=\"https:\/\/abadecom.com\/fr\/systeme-de-logement-durable\/\">EcoModular<\/a><\/strong>, una soluci\u00f3n revolucionaria en la construcci\u00f3n de viviendas modernas y modulares.<\/p>\n\n\n\n<p class=\"wp-block-paragraph\"><strong>EcoModular<\/strong> no es solo una vivienda, es una visi\u00f3n sostenible para el futuro. Dise\u00f1ada para operar completamente aislada de las redes hidr\u00e1ulicas, el\u00e9ctricas y sanitarias convencionales, estas viviendas representan una opci\u00f3n ecol\u00f3gica y eficiente. Utilizamos una alta proporci\u00f3n de materiales 100% reciclados y reciclables, y nuestras viviendas son alimentadas por energ\u00edas renovables, capaces de resistir los rayos ultravioletas y las inclemencias del tiempo de manera eficiente.<\/p>\n\n\n\n<h3 class=\"wp-block-heading\">Ventajas de EcoModular:<\/h3>\n\n\n\n<ul class=\"wp-block-list\">\n<li><strong>Autosuficiente<\/strong>: Ideal incluso en zonas con baja precipitaci\u00f3n anual, asegurando independencia total.<\/li>\n\n\n\n<li><strong>F\u00e1cil instalaci\u00f3n<\/strong>: Su estructura prefabricada permite un montaje r\u00e1pido in situ, reduciendo el tiempo de construcci\u00f3n y minimizando el impacto ambiental.<\/li>\n\n\n\n<li><strong>Versatilidad clim\u00e1tica<\/strong>: Adaptable a cualquier tipo de clima, garantizando confort y eficiencia.<\/li>\n<\/ul>\n\n\n\n<p class=\"wp-block-paragraph\">Nuestro objetivo es claro: promover el uso de propiedades 100% respetuosas con el medio ambiente. Este proyecto est\u00e1 alineado con los objetivos del Plan de la ONU 2030 y de la Uni\u00f3n Europea para reducir significativamente la huella de carbono. <\/p>\n\n\n\n<p class=\"wp-block-paragraph\">En Abadecom, estamos comprometidos con un futuro m\u00e1s verde y sostenible. <strong>EcoModular<\/strong> es un paso crucial en esa direcci\u00f3n, y estamos entusiasmados de compartir este avance con ustedes. \u00a1\u00danete a nosotros en esta emocionante iniciativa y construyamos juntos un mejor ma\u00f1ana!<\/p>\n\n\n\n<p class=\"wp-block-paragraph\">Para m\u00e1s informaci\u00f3n sobre <strong>EcoModular<\/strong> y c\u00f3mo puedes ser parte de este cambio, visita nuestro sitio <a href=\"https:\/\/abadecom.com\/fr\/\">web<\/a> o <a href=\"https:\/\/abadecom.com\/fr\/contact\/\">cont\u00e1ctanos<\/a> directamente. \u00a1Juntos podemos hacer la diferencia!<\/p>","protected":false},"excerpt":{"rendered":"<p>En Abadecom, nos complace anunciar el lanzamiento de nuestro innovador proyecto de I+D+i, EcoModular, una soluci\u00f3n revolucionaria en la construcci\u00f3n de viviendas modernas y modulares. EcoModular no es solo una vivienda, es una visi\u00f3n sostenible para el futuro. Dise\u00f1ada para operar completamente aislada de las redes hidr\u00e1ulicas, el\u00e9ctricas y sanitarias convencionales, estas viviendas representan una [&#8230;]<\/p>\n<p><a class=\"btn btn-secondary understrap-read-more-link\" href=\"https:\/\/abadecom.com\/fr\/nuestro-proyecto-ecomodular-la-revolucion-en-viviendas-sostenibles-y-modulares\/\">Lire la suite\u2026<span class=\"screen-reader-text\"> from Nuestro proyecto EcoModular: La Revoluci\u00f3n en Viviendas Sostenibles y Modulares<\/span><\/a><\/p>\n","protected":false},"author":1,"featured_media":9702,"comment_status":"open","ping_status":"open","sticky":false,"template":"","format":"standard","meta":{"content-type":"","_monsterinsights_skip_tracking":false,"pgc_sgb_lightbox_settings":"","footnotes":""},"categories":[1],"tags":[],"class_list":["post-9701","post","type-post","status-publish","format-standard","has-post-thumbnail","hentry","category-sin-categorizar"],"yoast_head":"<!-- This site is optimized with the Yoast SEO plugin v28.4 - https:\/\/yoast.com\/product\/yoast-seo-wordpress\/ -->\n<title>Nuestro proyecto EcoModular: La Revoluci\u00f3n en Viviendas Sostenibles y Modulares - Abadecom<\/title>\n<meta name=\"description\" content=\"En Abadecom, nos complace anunciar el lanzamiento de nuestro innovador proyecto de I+D+i, EcoModular una vivienda modular.\" \/>\n<meta name=\"robots\" content=\"index, follow, max-snippet:-1, max-image-preview:large, max-video-preview:-1\" \/>\n<link rel=\"canonical\" href=\"https:\/\/abadecom.com\/fr\/nuestro-proyecto-ecomodular-la-revolucion-en-viviendas-sostenibles-y-modulares\/\" \/>\n<meta property=\"og:locale\" content=\"fr_FR\" \/>\n<meta property=\"og:type\" content=\"article\" \/>\n<meta property=\"og:title\" content=\"Nuestro proyecto EcoModular: La Revoluci\u00f3n en Viviendas Sostenibles y Modulares - Abadecom\" \/>\n<meta property=\"og:description\" content=\"En Abadecom, nos complace anunciar el lanzamiento de nuestro innovador proyecto de I+D+i, EcoModular una vivienda modular.\" \/>\n<meta property=\"og:url\" content=\"https:\/\/abadecom.com\/fr\/nuestro-proyecto-ecomodular-la-revolucion-en-viviendas-sostenibles-y-modulares\/\" \/>\n<meta property=\"og:site_name\" content=\"Abadecom\" \/>\n<meta property=\"article:published_time\" content=\"2024-06-17T12:30:49+00:00\" \/>\n<meta property=\"og:image\" content=\"https:\/\/abadecom.com\/wp-content\/uploads\/2024\/06\/construccion-modular-LinkedIn-Post.jpg\" \/>\n\t<meta property=\"og:image:width\" content=\"1200\" \/>\n\t<meta property=\"og:image:height\" content=\"1200\" \/>\n\t<meta property=\"og:image:type\" content=\"image\/jpeg\" \/>\n<meta name=\"author\" content=\"AdminAabadeco\" \/>\n<meta name=\"twitter:card\" content=\"summary_large_image\" \/>\n<meta name=\"twitter:label1\" content=\"\u00c9crit par\" \/>\n\t<meta name=\"twitter:data1\" content=\"AdminAabadeco\" \/>\n\t<meta name=\"twitter:label2\" content=\"Dur\u00e9e de lecture estim\u00e9e\" \/>\n\t<meta name=\"twitter:data2\" content=\"2 minutes\" \/>\n<script type=\"application\/ld+json\" class=\"yoast-schema-graph\">{\"@context\":\"https:\\\/\\\/schema.org\",\"@graph\":[{\"@type\":\"Article\",\"@id\":\"https:\\\/\\\/abadecom.com\\\/nuestro-proyecto-ecomodular-la-revolucion-en-viviendas-sostenibles-y-modulares\\\/#article\",\"isPartOf\":{\"@id\":\"https:\\\/\\\/abadecom.com\\\/nuestro-proyecto-ecomodular-la-revolucion-en-viviendas-sostenibles-y-modulares\\\/\"},\"author\":{\"name\":\"AdminAabadeco\",\"@id\":\"https:\\\/\\\/abadecom.com\\\/#\\\/schema\\\/person\\\/477a7cc0ed6c040d67343c7a3fda930b\"},\"headline\":\"Nuestro proyecto EcoModular: La Revoluci\u00f3n en Viviendas Sostenibles y Modulares\",\"datePublished\":\"2024-06-17T12:30:49+00:00\",\"mainEntityOfPage\":{\"@id\":\"https:\\\/\\\/abadecom.com\\\/nuestro-proyecto-ecomodular-la-revolucion-en-viviendas-sostenibles-y-modulares\\\/\"},\"wordCount\":279,\"commentCount\":0,\"publisher\":{\"@id\":\"https:\\\/\\\/abadecom.com\\\/#organization\"},\"image\":{\"@id\":\"https:\\\/\\\/abadecom.com\\\/nuestro-proyecto-ecomodular-la-revolucion-en-viviendas-sostenibles-y-modulares\\\/#primaryimage\"},\"thumbnailUrl\":\"https:\\\/\\\/abadecom.com\\\/wp-content\\\/uploads\\\/2024\\\/06\\\/construccion-modular-LinkedIn-Post.jpg\",\"articleSection\":[\"Sin categorizar\"],\"inLanguage\":\"fr-FR\",\"potentialAction\":[{\"@type\":\"CommentAction\",\"name\":\"Comment\",\"target\":[\"https:\\\/\\\/abadecom.com\\\/nuestro-proyecto-ecomodular-la-revolucion-en-viviendas-sostenibles-y-modulares\\\/#respond\"]}]},{\"@type\":\"WebPage\",\"@id\":\"https:\\\/\\\/abadecom.com\\\/nuestro-proyecto-ecomodular-la-revolucion-en-viviendas-sostenibles-y-modulares\\\/\",\"url\":\"https:\\\/\\\/abadecom.com\\\/nuestro-proyecto-ecomodular-la-revolucion-en-viviendas-sostenibles-y-modulares\\\/\",\"name\":\"Nuestro proyecto EcoModular: La Revoluci\u00f3n en Viviendas Sostenibles y Modulares - Abadecom\",\"isPartOf\":{\"@id\":\"https:\\\/\\\/abadecom.com\\\/#website\"},\"primaryImageOfPage\":{\"@id\":\"https:\\\/\\\/abadecom.com\\\/nuestro-proyecto-ecomodular-la-revolucion-en-viviendas-sostenibles-y-modulares\\\/#primaryimage\"},\"image\":{\"@id\":\"https:\\\/\\\/abadecom.com\\\/nuestro-proyecto-ecomodular-la-revolucion-en-viviendas-sostenibles-y-modulares\\\/#primaryimage\"},\"thumbnailUrl\":\"https:\\\/\\\/abadecom.com\\\/wp-content\\\/uploads\\\/2024\\\/06\\\/construccion-modular-LinkedIn-Post.jpg\",\"datePublished\":\"2024-06-17T12:30:49+00:00\",\"description\":\"En Abadecom, nos complace anunciar el lanzamiento de nuestro innovador proyecto de I+D+i, EcoModular una vivienda modular.\",\"inLanguage\":\"fr-FR\",\"potentialAction\":[{\"@type\":\"ReadAction\",\"target\":[\"https:\\\/\\\/abadecom.com\\\/nuestro-proyecto-ecomodular-la-revolucion-en-viviendas-sostenibles-y-modulares\\\/\"]}]},{\"@type\":\"ImageObject\",\"inLanguage\":\"fr-FR\",\"@id\":\"https:\\\/\\\/abadecom.com\\\/nuestro-proyecto-ecomodular-la-revolucion-en-viviendas-sostenibles-y-modulares\\\/#primaryimage\",\"url\":\"https:\\\/\\\/abadecom.com\\\/wp-content\\\/uploads\\\/2024\\\/06\\\/construccion-modular-LinkedIn-Post.jpg\",\"contentUrl\":\"https:\\\/\\\/abadecom.com\\\/wp-content\\\/uploads\\\/2024\\\/06\\\/construccion-modular-LinkedIn-Post.jpg\",\"width\":1200,\"height\":1200},{\"@type\":\"WebSite\",\"@id\":\"https:\\\/\\\/abadecom.com\\\/#website\",\"url\":\"https:\\\/\\\/abadecom.com\\\/\",\"name\":\"Abadecom\",\"description\":\"Productos sostenibles y respetuosos con el medio ambiente\",\"publisher\":{\"@id\":\"https:\\\/\\\/abadecom.com\\\/#organization\"},\"alternateName\":\"Abadecom\",\"potentialAction\":[{\"@type\":\"SearchAction\",\"target\":{\"@type\":\"EntryPoint\",\"urlTemplate\":\"https:\\\/\\\/abadecom.com\\\/?s={search_term_string}\"},\"query-input\":{\"@type\":\"PropertyValueSpecification\",\"valueRequired\":true,\"valueName\":\"search_term_string\"}}],\"inLanguage\":\"fr-FR\"},{\"@type\":\"Organization\",\"@id\":\"https:\\\/\\\/abadecom.com\\\/#organization\",\"name\":\"Abadecom\",\"url\":\"https:\\\/\\\/abadecom.com\\\/\",\"logo\":{\"@type\":\"ImageObject\",\"inLanguage\":\"fr-FR\",\"@id\":\"https:\\\/\\\/abadecom.com\\\/#\\\/schema\\\/logo\\\/image\\\/\",\"url\":\"https:\\\/\\\/abadecom.com\\\/wp-content\\\/uploads\\\/2022\\\/03\\\/Logo-Abadecom-e1647715158799.png\",\"contentUrl\":\"https:\\\/\\\/abadecom.com\\\/wp-content\\\/uploads\\\/2022\\\/03\\\/Logo-Abadecom-e1647715158799.png\",\"width\":200,\"height\":117,\"caption\":\"Abadecom\"},\"image\":{\"@id\":\"https:\\\/\\\/abadecom.com\\\/#\\\/schema\\\/logo\\\/image\\\/\"}},{\"@type\":\"Person\",\"@id\":\"https:\\\/\\\/abadecom.com\\\/#\\\/schema\\\/person\\\/477a7cc0ed6c040d67343c7a3fda930b\",\"name\":\"AdminAabadeco\",\"image\":{\"@type\":\"ImageObject\",\"inLanguage\":\"fr-FR\",\"@id\":\"https:\\\/\\\/secure.gravatar.com\\\/avatar\\\/2630c0cee03e7f483e5ca41ec6649375f24ca272e920f8386983684762e36487?s=96&d=mm&r=g\",\"url\":\"https:\\\/\\\/secure.gravatar.com\\\/avatar\\\/2630c0cee03e7f483e5ca41ec6649375f24ca272e920f8386983684762e36487?s=96&d=mm&r=g\",\"contentUrl\":\"https:\\\/\\\/secure.gravatar.com\\\/avatar\\\/2630c0cee03e7f483e5ca41ec6649375f24ca272e920f8386983684762e36487?s=96&d=mm&r=g\",\"caption\":\"AdminAabadeco\"},\"sameAs\":[\"https:\\\/\\\/abadecom.com\"],\"url\":\"https:\\\/\\\/abadecom.com\\\/fr\\\/author\\\/adminaabadeco\\\/\"}]}<\/script>\n<!-- \/ Yoast SEO plugin. -->","yoast_head_json":{"title":"Nuestro proyecto EcoModular: La Revoluci\u00f3n en Viviendas Sostenibles y Modulares - Abadecom","description":"En Abadecom, nos complace anunciar el lanzamiento de nuestro innovador proyecto de I+D+i, EcoModular una vivienda modular.","robots":{"index":"index","follow":"follow","max-snippet":"max-snippet:-1","max-image-preview":"max-image-preview:large","max-video-preview":"max-video-preview:-1"},"canonical":"https:\/\/abadecom.com\/fr\/nuestro-proyecto-ecomodular-la-revolucion-en-viviendas-sostenibles-y-modulares\/","og_locale":"fr_FR","og_type":"article","og_title":"Nuestro proyecto EcoModular: La Revoluci\u00f3n en Viviendas Sostenibles y Modulares - Abadecom","og_description":"En Abadecom, nos complace anunciar el lanzamiento de nuestro innovador proyecto de I+D+i, EcoModular una vivienda modular.","og_url":"https:\/\/abadecom.com\/fr\/nuestro-proyecto-ecomodular-la-revolucion-en-viviendas-sostenibles-y-modulares\/","og_site_name":"Abadecom","article_published_time":"2024-06-17T12:30:49+00:00","og_image":[{"width":1200,"height":1200,"url":"https:\/\/abadecom.com\/wp-content\/uploads\/2024\/06\/construccion-modular-LinkedIn-Post.jpg","type":"image\/jpeg"}],"author":"AdminAabadeco","twitter_card":"summary_large_image","twitter_misc":{"\u00c9crit par":"AdminAabadeco","Dur\u00e9e de lecture estim\u00e9e":"2 minutes"},"schema":{"@context":"https:\/\/schema.org","@graph":[{"@type":"Article","@id":"https:\/\/abadecom.com\/nuestro-proyecto-ecomodular-la-revolucion-en-viviendas-sostenibles-y-modulares\/#article","isPartOf":{"@id":"https:\/\/abadecom.com\/nuestro-proyecto-ecomodular-la-revolucion-en-viviendas-sostenibles-y-modulares\/"},"author":{"name":"AdminAabadeco","@id":"https:\/\/abadecom.com\/#\/schema\/person\/477a7cc0ed6c040d67343c7a3fda930b"},"headline":"Nuestro proyecto EcoModular: La Revoluci\u00f3n en Viviendas Sostenibles y Modulares","datePublished":"2024-06-17T12:30:49+00:00","mainEntityOfPage":{"@id":"https:\/\/abadecom.com\/nuestro-proyecto-ecomodular-la-revolucion-en-viviendas-sostenibles-y-modulares\/"},"wordCount":279,"commentCount":0,"publisher":{"@id":"https:\/\/abadecom.com\/#organization"},"image":{"@id":"https:\/\/abadecom.com\/nuestro-proyecto-ecomodular-la-revolucion-en-viviendas-sostenibles-y-modulares\/#primaryimage"},"thumbnailUrl":"https:\/\/abadecom.com\/wp-content\/uploads\/2024\/06\/construccion-modular-LinkedIn-Post.jpg","articleSection":["Sin categorizar"],"inLanguage":"fr-FR","potentialAction":[{"@type":"CommentAction","name":"Comment","target":["https:\/\/abadecom.com\/nuestro-proyecto-ecomodular-la-revolucion-en-viviendas-sostenibles-y-modulares\/#respond"]}]},{"@type":"WebPage","@id":"https:\/\/abadecom.com\/nuestro-proyecto-ecomodular-la-revolucion-en-viviendas-sostenibles-y-modulares\/","url":"https:\/\/abadecom.com\/nuestro-proyecto-ecomodular-la-revolucion-en-viviendas-sostenibles-y-modulares\/","name":"Nuestro proyecto EcoModular: La Revoluci\u00f3n en Viviendas Sostenibles y Modulares - Abadecom","isPartOf":{"@id":"https:\/\/abadecom.com\/#website"},"primaryImageOfPage":{"@id":"https:\/\/abadecom.com\/nuestro-proyecto-ecomodular-la-revolucion-en-viviendas-sostenibles-y-modulares\/#primaryimage"},"image":{"@id":"https:\/\/abadecom.com\/nuestro-proyecto-ecomodular-la-revolucion-en-viviendas-sostenibles-y-modulares\/#primaryimage"},"thumbnailUrl":"https:\/\/abadecom.com\/wp-content\/uploads\/2024\/06\/construccion-modular-LinkedIn-Post.jpg","datePublished":"2024-06-17T12:30:49+00:00","description":"En Abadecom, nos complace anunciar el lanzamiento de nuestro innovador proyecto de I+D+i, EcoModular una vivienda modular.","inLanguage":"fr-FR","potentialAction":[{"@type":"ReadAction","target":["https:\/\/abadecom.com\/nuestro-proyecto-ecomodular-la-revolucion-en-viviendas-sostenibles-y-modulares\/"]}]},{"@type":"ImageObject","inLanguage":"fr-FR","@id":"https:\/\/abadecom.com\/nuestro-proyecto-ecomodular-la-revolucion-en-viviendas-sostenibles-y-modulares\/#primaryimage","url":"https:\/\/abadecom.com\/wp-content\/uploads\/2024\/06\/construccion-modular-LinkedIn-Post.jpg","contentUrl":"https:\/\/abadecom.com\/wp-content\/uploads\/2024\/06\/construccion-modular-LinkedIn-Post.jpg","width":1200,"height":1200},{"@type":"WebSite","@id":"https:\/\/abadecom.com\/#website","url":"https:\/\/abadecom.com\/","name":"Abadecom","description":"Produits durables et respectueux de l'environnement","publisher":{"@id":"https:\/\/abadecom.com\/#organization"},"alternateName":"Abadecom","potentialAction":[{"@type":"SearchAction","target":{"@type":"EntryPoint","urlTemplate":"https:\/\/abadecom.com\/?s={search_term_string}"},"query-input":{"@type":"PropertyValueSpecification","valueRequired":true,"valueName":"search_term_string"}}],"inLanguage":"fr-FR"},{"@type":"Organization","@id":"https:\/\/abadecom.com\/#organization","name":"Abadecom","url":"https:\/\/abadecom.com\/","logo":{"@type":"ImageObject","inLanguage":"fr-FR","@id":"https:\/\/abadecom.com\/#\/schema\/logo\/image\/","url":"https:\/\/abadecom.com\/wp-content\/uploads\/2022\/03\/Logo-Abadecom-e1647715158799.png","contentUrl":"https:\/\/abadecom.com\/wp-content\/uploads\/2022\/03\/Logo-Abadecom-e1647715158799.png","width":200,"height":117,"caption":"Abadecom"},"image":{"@id":"https:\/\/abadecom.com\/#\/schema\/logo\/image\/"}},{"@type":"Person","@id":"https:\/\/abadecom.com\/#\/schema\/person\/477a7cc0ed6c040d67343c7a3fda930b","name":"AdminAabadeco","image":{"@type":"ImageObject","inLanguage":"fr-FR","@id":"https:\/\/secure.gravatar.com\/avatar\/2630c0cee03e7f483e5ca41ec6649375f24ca272e920f8386983684762e36487?s=96&d=mm&r=g","url":"https:\/\/secure.gravatar.com\/avatar\/2630c0cee03e7f483e5ca41ec6649375f24ca272e920f8386983684762e36487?s=96&d=mm&r=g","contentUrl":"https:\/\/secure.gravatar.com\/avatar\/2630c0cee03e7f483e5ca41ec6649375f24ca272e920f8386983684762e36487?s=96&d=mm&r=g","caption":"AdminAabadeco"},"sameAs":["https:\/\/abadecom.com"],"url":"https:\/\/abadecom.com\/fr\/author\/adminaabadeco\/"}]}},"_links":{"self":[{"href":"https:\/\/abadecom.com\/fr\/wp-json\/wp\/v2\/posts\/9701","targetHints":{"allow":["GET"]}}],"collection":[{"href":"https:\/\/abadecom.com\/fr\/wp-json\/wp\/v2\/posts"}],"about":[{"href":"https:\/\/abadecom.com\/fr\/wp-json\/wp\/v2\/types\/post"}],"author":[{"embeddable":true,"href":"https:\/\/abadecom.com\/fr\/wp-json\/wp\/v2\/users\/1"}],"replies":[{"embeddable":true,"href":"https:\/\/abadecom.com\/fr\/wp-json\/wp\/v2\/comments?post=9701"}],"version-history":[{"count":1,"href":"https:\/\/abadecom.com\/fr\/wp-json\/wp\/v2\/posts\/9701\/revisions"}],"predecessor-version":[{"id":9703,"href":"https:\/\/abadecom.com\/fr\/wp-json\/wp\/v2\/posts\/9701\/revisions\/9703"}],"wp:featuredmedia":[{"embeddable":true,"href":"https:\/\/abadecom.com\/fr\/wp-json\/wp\/v2\/media\/9702"}],"wp:attachment":[{"href":"https:\/\/abadecom.com\/fr\/wp-json\/wp\/v2\/media?parent=9701"}],"wp:term":[{"taxonomy":"category","embeddable":true,"href":"https:\/\/abadecom.com\/fr\/wp-json\/wp\/v2\/categories?post=9701"},{"taxonomy":"post_tag","embeddable":true,"href":"https:\/\/abadecom.com\/fr\/wp-json\/wp\/v2\/tags?post=9701"}],"curies":[{"name":"wp","href":"https:\/\/api.w.org\/{rel}","templated":true}]}}