{"id":9683,"date":"2024-05-14T13:56:23","date_gmt":"2024-05-14T13:56:23","guid":{"rendered":"https:\/\/abadecom.com\/?p=9683"},"modified":"2024-05-14T13:56:25","modified_gmt":"2024-05-14T13:56:25","slug":"separadores-de-carril-bici-fotoluminiscentes-que-transforman-las-ciudades","status":"publish","type":"post","link":"https:\/\/abadecom.com\/fr\/separadores-de-carril-bici-fotoluminiscentes-que-transforman-las-ciudades\/","title":{"rendered":"Separadores de carril bici fotoluminiscentes que transforman las ciudades"},"content":{"rendered":"<p class=\"wp-block-paragraph\">Chez <a href=\"https:\/\/abadecom.com\/fr\/economie-circulaire-abadecom\/\">Abadecom Urban<\/a>, cada soluci\u00f3n que desarrollamos est\u00e1 impregnada de un profundo compromiso con la innovaci\u00f3n y la sostenibilidad. Nos enorgullece especialmente ver c\u00f3mo nuestros separadores de carril bici fotoluminiscentes se han convertido en una parte esencial de esta transformaci\u00f3n positiva.<\/p>\n\n\n\n<p class=\"wp-block-paragraph\">Estos dispositivos no son simplemente barreras f\u00edsicas; son guardianes de la seguridad, proporcionando una clara delimitaci\u00f3n entre los carriles de bicicleta y el tr\u00e1fico vehicular. Su funci\u00f3n adicional balizar durante las horas de menor visibilidad agrega un elemento crucial de seguridad para ciclistas y peatones por igual.<\/p>\n\n\n\n<p class=\"wp-block-paragraph\">Lo m\u00e1s inspirador para nosotros es presenciar c\u00f3mo nuestras ciudades se est\u00e1n comprometiendo activamente a crear entornos urbanos m\u00e1s seguros y sostenibles. La elecci\u00f3n de nuestros separadores de carril bici, fabricados con pl\u00e1stico 100% reciclado y equipados con piezas fotoluminiscentes, refleja un enfoque proactivo hacia la construcci\u00f3n de comunidades m\u00e1s responsables y conscientes del medio ambiente.<\/p>\n\n\n\n<p class=\"wp-block-paragraph\">Cada vez que una nueva ciudad decide adoptar nuestras soluciones, sentimos un renovado impulso para seguir innovando y contribuyendo a un cambio significativo en la movilidad urbana. Estamos emocionados de ser parte activa de este movimiento y agradecemos profundamente la confianza depositada en nosotros por parte de las autoridades municipales y los ciudadanos por igual.<\/p>\n\n\n\n<p class=\"wp-block-paragraph\">Juntos, estamos construyendo un futuro m\u00e1s seguro, sostenible y accesible para todos. \u00a1Gracias por ser parte de este viaje con nosotros!<\/p>\n\n\n\n<p class=\"wp-block-paragraph\">S\u00edguenos en redes: <a href=\"https:\/\/www.linkedin.com\/company\/13019454\/admin\/feed\/posts\/\">Linkedin<\/a>, <a href=\"https:\/\/www.facebook.com\/AbadecomS.L\/\">Facebook<\/a><\/p>","protected":false},"excerpt":{"rendered":"<p>En Abadecom Urban, cada soluci\u00f3n que desarrollamos est\u00e1 impregnada de un profundo compromiso con la innovaci\u00f3n y la sostenibilidad. Nos enorgullece especialmente ver c\u00f3mo nuestros separadores de carril bici fotoluminiscentes se han convertido en una parte esencial de esta transformaci\u00f3n positiva. Estos dispositivos no son simplemente barreras f\u00edsicas; son guardianes de la seguridad, proporcionando una [&#8230;]<\/p>\n<p><a class=\"btn btn-secondary understrap-read-more-link\" href=\"https:\/\/abadecom.com\/fr\/separadores-de-carril-bici-fotoluminiscentes-que-transforman-las-ciudades\/\">Lire la suite\u2026<span class=\"screen-reader-text\"> from Separadores de carril bici fotoluminiscentes que transforman las ciudades<\/span><\/a><\/p>\n","protected":false},"author":1,"featured_media":9684,"comment_status":"open","ping_status":"open","sticky":false,"template":"","format":"standard","meta":{"content-type":"","_monsterinsights_skip_tracking":false,"pgc_sgb_lightbox_settings":"","footnotes":""},"categories":[1],"tags":[],"class_list":["post-9683","post","type-post","status-publish","format-standard","has-post-thumbnail","hentry","category-sin-categorizar"],"yoast_head":"<!-- This site is optimized with the Yoast SEO plugin v28.4 - https:\/\/yoast.com\/product\/yoast-seo-wordpress\/ -->\n<title>Separadores de carril bici fotoluminiscentes que transforman las ciudades - Abadecom<\/title>\n<meta name=\"description\" content=\"Estos separadores fotoluminiscentes; son guardianes de la seguridad, proporcionando una clara delimitaci\u00f3n entre carriles\" \/>\n<meta name=\"robots\" content=\"index, follow, max-snippet:-1, max-image-preview:large, max-video-preview:-1\" \/>\n<link rel=\"canonical\" href=\"https:\/\/abadecom.com\/fr\/separadores-de-carril-bici-fotoluminiscentes-que-transforman-las-ciudades\/\" \/>\n<meta property=\"og:locale\" content=\"fr_FR\" \/>\n<meta property=\"og:type\" content=\"article\" \/>\n<meta property=\"og:title\" content=\"Separadores de carril bici fotoluminiscentes que transforman las ciudades - Abadecom\" \/>\n<meta property=\"og:description\" content=\"Estos separadores fotoluminiscentes; son guardianes de la seguridad, proporcionando una clara delimitaci\u00f3n entre carriles\" \/>\n<meta property=\"og:url\" content=\"https:\/\/abadecom.com\/fr\/separadores-de-carril-bici-fotoluminiscentes-que-transforman-las-ciudades\/\" \/>\n<meta property=\"og:site_name\" content=\"Abadecom\" \/>\n<meta property=\"article:published_time\" content=\"2024-05-14T13:56:23+00:00\" \/>\n<meta property=\"article:modified_time\" content=\"2024-05-14T13:56:25+00:00\" \/>\n<meta property=\"og:image\" content=\"https:\/\/abadecom.com\/wp-content\/uploads\/2024\/05\/Blog-separador-carril-bici.jpg\" \/>\n\t<meta property=\"og:image:width\" content=\"1080\" \/>\n\t<meta property=\"og:image:height\" content=\"1080\" \/>\n\t<meta property=\"og:image:type\" content=\"image\/jpeg\" \/>\n<meta name=\"author\" content=\"AdminAabadeco\" \/>\n<meta name=\"twitter:card\" content=\"summary_large_image\" \/>\n<meta name=\"twitter:label1\" content=\"\u00c9crit par\" \/>\n\t<meta name=\"twitter:data1\" content=\"AdminAabadeco\" \/>\n\t<meta name=\"twitter:label2\" content=\"Dur\u00e9e de lecture estim\u00e9e\" \/>\n\t<meta name=\"twitter:data2\" content=\"2 minutes\" \/>\n<script type=\"application\/ld+json\" class=\"yoast-schema-graph\">{\"@context\":\"https:\\\/\\\/schema.org\",\"@graph\":[{\"@type\":\"Article\",\"@id\":\"https:\\\/\\\/abadecom.com\\\/separadores-de-carril-bici-fotoluminiscentes-que-transforman-las-ciudades\\\/#article\",\"isPartOf\":{\"@id\":\"https:\\\/\\\/abadecom.com\\\/separadores-de-carril-bici-fotoluminiscentes-que-transforman-las-ciudades\\\/\"},\"author\":{\"name\":\"AdminAabadeco\",\"@id\":\"https:\\\/\\\/abadecom.com\\\/#\\\/schema\\\/person\\\/477a7cc0ed6c040d67343c7a3fda930b\"},\"headline\":\"Separadores de carril bici fotoluminiscentes que transforman las ciudades\",\"datePublished\":\"2024-05-14T13:56:23+00:00\",\"dateModified\":\"2024-05-14T13:56:25+00:00\",\"mainEntityOfPage\":{\"@id\":\"https:\\\/\\\/abadecom.com\\\/separadores-de-carril-bici-fotoluminiscentes-que-transforman-las-ciudades\\\/\"},\"wordCount\":251,\"commentCount\":0,\"publisher\":{\"@id\":\"https:\\\/\\\/abadecom.com\\\/#organization\"},\"image\":{\"@id\":\"https:\\\/\\\/abadecom.com\\\/separadores-de-carril-bici-fotoluminiscentes-que-transforman-las-ciudades\\\/#primaryimage\"},\"thumbnailUrl\":\"https:\\\/\\\/abadecom.com\\\/wp-content\\\/uploads\\\/2024\\\/05\\\/Blog-separador-carril-bici.jpg\",\"articleSection\":[\"Sin categorizar\"],\"inLanguage\":\"fr-FR\",\"potentialAction\":[{\"@type\":\"CommentAction\",\"name\":\"Comment\",\"target\":[\"https:\\\/\\\/abadecom.com\\\/separadores-de-carril-bici-fotoluminiscentes-que-transforman-las-ciudades\\\/#respond\"]}]},{\"@type\":\"WebPage\",\"@id\":\"https:\\\/\\\/abadecom.com\\\/separadores-de-carril-bici-fotoluminiscentes-que-transforman-las-ciudades\\\/\",\"url\":\"https:\\\/\\\/abadecom.com\\\/separadores-de-carril-bici-fotoluminiscentes-que-transforman-las-ciudades\\\/\",\"name\":\"Separadores de carril bici fotoluminiscentes que transforman las ciudades - Abadecom\",\"isPartOf\":{\"@id\":\"https:\\\/\\\/abadecom.com\\\/#website\"},\"primaryImageOfPage\":{\"@id\":\"https:\\\/\\\/abadecom.com\\\/separadores-de-carril-bici-fotoluminiscentes-que-transforman-las-ciudades\\\/#primaryimage\"},\"image\":{\"@id\":\"https:\\\/\\\/abadecom.com\\\/separadores-de-carril-bici-fotoluminiscentes-que-transforman-las-ciudades\\\/#primaryimage\"},\"thumbnailUrl\":\"https:\\\/\\\/abadecom.com\\\/wp-content\\\/uploads\\\/2024\\\/05\\\/Blog-separador-carril-bici.jpg\",\"datePublished\":\"2024-05-14T13:56:23+00:00\",\"dateModified\":\"2024-05-14T13:56:25+00:00\",\"description\":\"Estos separadores fotoluminiscentes; son guardianes de la seguridad, proporcionando una clara delimitaci\u00f3n entre carriles\",\"inLanguage\":\"fr-FR\",\"potentialAction\":[{\"@type\":\"ReadAction\",\"target\":[\"https:\\\/\\\/abadecom.com\\\/separadores-de-carril-bici-fotoluminiscentes-que-transforman-las-ciudades\\\/\"]}]},{\"@type\":\"ImageObject\",\"inLanguage\":\"fr-FR\",\"@id\":\"https:\\\/\\\/abadecom.com\\\/separadores-de-carril-bici-fotoluminiscentes-que-transforman-las-ciudades\\\/#primaryimage\",\"url\":\"https:\\\/\\\/abadecom.com\\\/wp-content\\\/uploads\\\/2024\\\/05\\\/Blog-separador-carril-bici.jpg\",\"contentUrl\":\"https:\\\/\\\/abadecom.com\\\/wp-content\\\/uploads\\\/2024\\\/05\\\/Blog-separador-carril-bici.jpg\",\"width\":1080,\"height\":1080},{\"@type\":\"WebSite\",\"@id\":\"https:\\\/\\\/abadecom.com\\\/#website\",\"url\":\"https:\\\/\\\/abadecom.com\\\/\",\"name\":\"Abadecom\",\"description\":\"Productos sostenibles y respetuosos con el medio ambiente\",\"publisher\":{\"@id\":\"https:\\\/\\\/abadecom.com\\\/#organization\"},\"alternateName\":\"Abadecom\",\"potentialAction\":[{\"@type\":\"SearchAction\",\"target\":{\"@type\":\"EntryPoint\",\"urlTemplate\":\"https:\\\/\\\/abadecom.com\\\/?s={search_term_string}\"},\"query-input\":{\"@type\":\"PropertyValueSpecification\",\"valueRequired\":true,\"valueName\":\"search_term_string\"}}],\"inLanguage\":\"fr-FR\"},{\"@type\":\"Organization\",\"@id\":\"https:\\\/\\\/abadecom.com\\\/#organization\",\"name\":\"Abadecom\",\"url\":\"https:\\\/\\\/abadecom.com\\\/\",\"logo\":{\"@type\":\"ImageObject\",\"inLanguage\":\"fr-FR\",\"@id\":\"https:\\\/\\\/abadecom.com\\\/#\\\/schema\\\/logo\\\/image\\\/\",\"url\":\"https:\\\/\\\/abadecom.com\\\/wp-content\\\/uploads\\\/2022\\\/03\\\/Logo-Abadecom-e1647715158799.png\",\"contentUrl\":\"https:\\\/\\\/abadecom.com\\\/wp-content\\\/uploads\\\/2022\\\/03\\\/Logo-Abadecom-e1647715158799.png\",\"width\":200,\"height\":117,\"caption\":\"Abadecom\"},\"image\":{\"@id\":\"https:\\\/\\\/abadecom.com\\\/#\\\/schema\\\/logo\\\/image\\\/\"}},{\"@type\":\"Person\",\"@id\":\"https:\\\/\\\/abadecom.com\\\/#\\\/schema\\\/person\\\/477a7cc0ed6c040d67343c7a3fda930b\",\"name\":\"AdminAabadeco\",\"image\":{\"@type\":\"ImageObject\",\"inLanguage\":\"fr-FR\",\"@id\":\"https:\\\/\\\/secure.gravatar.com\\\/avatar\\\/2630c0cee03e7f483e5ca41ec6649375f24ca272e920f8386983684762e36487?s=96&d=mm&r=g\",\"url\":\"https:\\\/\\\/secure.gravatar.com\\\/avatar\\\/2630c0cee03e7f483e5ca41ec6649375f24ca272e920f8386983684762e36487?s=96&d=mm&r=g\",\"contentUrl\":\"https:\\\/\\\/secure.gravatar.com\\\/avatar\\\/2630c0cee03e7f483e5ca41ec6649375f24ca272e920f8386983684762e36487?s=96&d=mm&r=g\",\"caption\":\"AdminAabadeco\"},\"sameAs\":[\"https:\\\/\\\/abadecom.com\"],\"url\":\"https:\\\/\\\/abadecom.com\\\/fr\\\/author\\\/adminaabadeco\\\/\"}]}<\/script>\n<!-- \/ Yoast SEO plugin. -->","yoast_head_json":{"title":"Separadores de carril bici fotoluminiscentes que transforman las ciudades - Abadecom","description":"Estos separadores fotoluminiscentes; son guardianes de la seguridad, proporcionando una clara delimitaci\u00f3n entre carriles","robots":{"index":"index","follow":"follow","max-snippet":"max-snippet:-1","max-image-preview":"max-image-preview:large","max-video-preview":"max-video-preview:-1"},"canonical":"https:\/\/abadecom.com\/fr\/separadores-de-carril-bici-fotoluminiscentes-que-transforman-las-ciudades\/","og_locale":"fr_FR","og_type":"article","og_title":"Separadores de carril bici fotoluminiscentes que transforman las ciudades - Abadecom","og_description":"Estos separadores fotoluminiscentes; son guardianes de la seguridad, proporcionando una clara delimitaci\u00f3n entre carriles","og_url":"https:\/\/abadecom.com\/fr\/separadores-de-carril-bici-fotoluminiscentes-que-transforman-las-ciudades\/","og_site_name":"Abadecom","article_published_time":"2024-05-14T13:56:23+00:00","article_modified_time":"2024-05-14T13:56:25+00:00","og_image":[{"width":1080,"height":1080,"url":"https:\/\/abadecom.com\/wp-content\/uploads\/2024\/05\/Blog-separador-carril-bici.jpg","type":"image\/jpeg"}],"author":"AdminAabadeco","twitter_card":"summary_large_image","twitter_misc":{"\u00c9crit par":"AdminAabadeco","Dur\u00e9e de lecture estim\u00e9e":"2 minutes"},"schema":{"@context":"https:\/\/schema.org","@graph":[{"@type":"Article","@id":"https:\/\/abadecom.com\/separadores-de-carril-bici-fotoluminiscentes-que-transforman-las-ciudades\/#article","isPartOf":{"@id":"https:\/\/abadecom.com\/separadores-de-carril-bici-fotoluminiscentes-que-transforman-las-ciudades\/"},"author":{"name":"AdminAabadeco","@id":"https:\/\/abadecom.com\/#\/schema\/person\/477a7cc0ed6c040d67343c7a3fda930b"},"headline":"Separadores de carril bici fotoluminiscentes que transforman las ciudades","datePublished":"2024-05-14T13:56:23+00:00","dateModified":"2024-05-14T13:56:25+00:00","mainEntityOfPage":{"@id":"https:\/\/abadecom.com\/separadores-de-carril-bici-fotoluminiscentes-que-transforman-las-ciudades\/"},"wordCount":251,"commentCount":0,"publisher":{"@id":"https:\/\/abadecom.com\/#organization"},"image":{"@id":"https:\/\/abadecom.com\/separadores-de-carril-bici-fotoluminiscentes-que-transforman-las-ciudades\/#primaryimage"},"thumbnailUrl":"https:\/\/abadecom.com\/wp-content\/uploads\/2024\/05\/Blog-separador-carril-bici.jpg","articleSection":["Sin categorizar"],"inLanguage":"fr-FR","potentialAction":[{"@type":"CommentAction","name":"Comment","target":["https:\/\/abadecom.com\/separadores-de-carril-bici-fotoluminiscentes-que-transforman-las-ciudades\/#respond"]}]},{"@type":"WebPage","@id":"https:\/\/abadecom.com\/separadores-de-carril-bici-fotoluminiscentes-que-transforman-las-ciudades\/","url":"https:\/\/abadecom.com\/separadores-de-carril-bici-fotoluminiscentes-que-transforman-las-ciudades\/","name":"Separadores de carril bici fotoluminiscentes que transforman las ciudades - Abadecom","isPartOf":{"@id":"https:\/\/abadecom.com\/#website"},"primaryImageOfPage":{"@id":"https:\/\/abadecom.com\/separadores-de-carril-bici-fotoluminiscentes-que-transforman-las-ciudades\/#primaryimage"},"image":{"@id":"https:\/\/abadecom.com\/separadores-de-carril-bici-fotoluminiscentes-que-transforman-las-ciudades\/#primaryimage"},"thumbnailUrl":"https:\/\/abadecom.com\/wp-content\/uploads\/2024\/05\/Blog-separador-carril-bici.jpg","datePublished":"2024-05-14T13:56:23+00:00","dateModified":"2024-05-14T13:56:25+00:00","description":"Estos separadores fotoluminiscentes; son guardianes de la seguridad, proporcionando una clara delimitaci\u00f3n entre carriles","inLanguage":"fr-FR","potentialAction":[{"@type":"ReadAction","target":["https:\/\/abadecom.com\/separadores-de-carril-bici-fotoluminiscentes-que-transforman-las-ciudades\/"]}]},{"@type":"ImageObject","inLanguage":"fr-FR","@id":"https:\/\/abadecom.com\/separadores-de-carril-bici-fotoluminiscentes-que-transforman-las-ciudades\/#primaryimage","url":"https:\/\/abadecom.com\/wp-content\/uploads\/2024\/05\/Blog-separador-carril-bici.jpg","contentUrl":"https:\/\/abadecom.com\/wp-content\/uploads\/2024\/05\/Blog-separador-carril-bici.jpg","width":1080,"height":1080},{"@type":"WebSite","@id":"https:\/\/abadecom.com\/#website","url":"https:\/\/abadecom.com\/","name":"Abadecom","description":"Produits durables et respectueux de l'environnement","publisher":{"@id":"https:\/\/abadecom.com\/#organization"},"alternateName":"Abadecom","potentialAction":[{"@type":"SearchAction","target":{"@type":"EntryPoint","urlTemplate":"https:\/\/abadecom.com\/?s={search_term_string}"},"query-input":{"@type":"PropertyValueSpecification","valueRequired":true,"valueName":"search_term_string"}}],"inLanguage":"fr-FR"},{"@type":"Organization","@id":"https:\/\/abadecom.com\/#organization","name":"Abadecom","url":"https:\/\/abadecom.com\/","logo":{"@type":"ImageObject","inLanguage":"fr-FR","@id":"https:\/\/abadecom.com\/#\/schema\/logo\/image\/","url":"https:\/\/abadecom.com\/wp-content\/uploads\/2022\/03\/Logo-Abadecom-e1647715158799.png","contentUrl":"https:\/\/abadecom.com\/wp-content\/uploads\/2022\/03\/Logo-Abadecom-e1647715158799.png","width":200,"height":117,"caption":"Abadecom"},"image":{"@id":"https:\/\/abadecom.com\/#\/schema\/logo\/image\/"}},{"@type":"Person","@id":"https:\/\/abadecom.com\/#\/schema\/person\/477a7cc0ed6c040d67343c7a3fda930b","name":"AdminAabadeco","image":{"@type":"ImageObject","inLanguage":"fr-FR","@id":"https:\/\/secure.gravatar.com\/avatar\/2630c0cee03e7f483e5ca41ec6649375f24ca272e920f8386983684762e36487?s=96&d=mm&r=g","url":"https:\/\/secure.gravatar.com\/avatar\/2630c0cee03e7f483e5ca41ec6649375f24ca272e920f8386983684762e36487?s=96&d=mm&r=g","contentUrl":"https:\/\/secure.gravatar.com\/avatar\/2630c0cee03e7f483e5ca41ec6649375f24ca272e920f8386983684762e36487?s=96&d=mm&r=g","caption":"AdminAabadeco"},"sameAs":["https:\/\/abadecom.com"],"url":"https:\/\/abadecom.com\/fr\/author\/adminaabadeco\/"}]}},"_links":{"self":[{"href":"https:\/\/abadecom.com\/fr\/wp-json\/wp\/v2\/posts\/9683","targetHints":{"allow":["GET"]}}],"collection":[{"href":"https:\/\/abadecom.com\/fr\/wp-json\/wp\/v2\/posts"}],"about":[{"href":"https:\/\/abadecom.com\/fr\/wp-json\/wp\/v2\/types\/post"}],"author":[{"embeddable":true,"href":"https:\/\/abadecom.com\/fr\/wp-json\/wp\/v2\/users\/1"}],"replies":[{"embeddable":true,"href":"https:\/\/abadecom.com\/fr\/wp-json\/wp\/v2\/comments?post=9683"}],"version-history":[{"count":1,"href":"https:\/\/abadecom.com\/fr\/wp-json\/wp\/v2\/posts\/9683\/revisions"}],"predecessor-version":[{"id":9685,"href":"https:\/\/abadecom.com\/fr\/wp-json\/wp\/v2\/posts\/9683\/revisions\/9685"}],"wp:featuredmedia":[{"embeddable":true,"href":"https:\/\/abadecom.com\/fr\/wp-json\/wp\/v2\/media\/9684"}],"wp:attachment":[{"href":"https:\/\/abadecom.com\/fr\/wp-json\/wp\/v2\/media?parent=9683"}],"wp:term":[{"taxonomy":"category","embeddable":true,"href":"https:\/\/abadecom.com\/fr\/wp-json\/wp\/v2\/categories?post=9683"},{"taxonomy":"post_tag","embeddable":true,"href":"https:\/\/abadecom.com\/fr\/wp-json\/wp\/v2\/tags?post=9683"}],"curies":[{"name":"wp","href":"https:\/\/api.w.org\/{rel}","templated":true}]}}