{"id":9657,"date":"2024-04-02T08:21:00","date_gmt":"2024-04-02T08:21:00","guid":{"rendered":"https:\/\/abadecom.com\/?p=9657"},"modified":"2024-04-02T08:21:02","modified_gmt":"2024-04-02T08:21:02","slug":"el-exito-de-las-pasarelas-de-plastico-reciclado-de-abadecom","status":"publish","type":"post","link":"https:\/\/abadecom.com\/fr\/el-exito-de-las-pasarelas-de-plastico-reciclado-de-abadecom\/","title":{"rendered":"El \u00e9xito de las pasarelas de pl\u00e1stico reciclado de Abadecom"},"content":{"rendered":"\n<p class=\"wp-block-paragraph\">Con la llegada del buen tiempo, nuestras playas se convierten en lugares de encuentro y disfrute para muchos. En los \u00faltimos a\u00f1os, hemos sido testigos de un cambio positivo en la forma en que se gestionan y se embellecen nuestras costas, gracias a iniciativas que promueven la sostenibilidad y el cuidado del medio ambiente. En este sentido, las pasarelas de playa fabricadas con pl\u00e1stico reciclado est\u00e1n emergiendo como una soluci\u00f3n inteligente y respetuosa con el entorno.<\/p>\n\n\n\n<h3 class=\"wp-block-heading has--font-size\"><strong>Abadecom y su Compromiso con la Sostenibilidad<\/strong><\/h3>\n\n\n\n<p class=\"wp-block-paragraph\">En Abadecom, nos enorgullece formar parte de este movimiento hacia un futuro m\u00e1s sostenible. Nuestras pasarelas de playa est\u00e1n fabricadas con perfiles de pl\u00e1stico 100% reciclado y 100% reciclables, obtenidos a partir de residuos urbanos, industriales y dom\u00e9sticos. Esto no solo contribuye a reducir la cantidad de desechos pl\u00e1sticos en nuestros oc\u00e9anos y vertederos, sino que tambi\u00e9n transforma esos desechos en soluciones pr\u00e1cticas y duraderas para nuestras playas.<\/p>\n\n\n<style>.wp-block-kadence-advancedheading.kt-adv-heading9657_77ff39-70, .wp-block-kadence-advancedheading.kt-adv-heading9657_77ff39-70[data-kb-block=\"kb-adv-heading9657_77ff39-70\"]{font-style:normal;}.wp-block-kadence-advancedheading.kt-adv-heading9657_77ff39-70 mark.kt-highlight, .wp-block-kadence-advancedheading.kt-adv-heading9657_77ff39-70[data-kb-block=\"kb-adv-heading9657_77ff39-70\"] mark.kt-highlight{font-style:normal;color:#f76a0c;-webkit-box-decoration-break:clone;box-decoration-break:clone;padding-top:0px;padding-right:0px;padding-bottom:0px;padding-left:0px;}.wp-block-kadence-advancedheading.kt-adv-heading9657_77ff39-70 img.kb-inline-image, .wp-block-kadence-advancedheading.kt-adv-heading9657_77ff39-70[data-kb-block=\"kb-adv-heading9657_77ff39-70\"] img.kb-inline-image{width:150px;vertical-align:baseline;}<\/style>\n<h3 class=\"kt-adv-heading9657_77ff39-70 wp-block-kadence-advancedheading\" data-kb-block=\"kb-adv-heading9657_77ff39-70\"><strong>Beneficios de las Pasarelas de Pl\u00e1stico Reciclado<\/strong><\/h3>\n\n\n<style>.wp-block-kadence-advancedheading.kt-adv-heading9657_3e47cc-d5, .wp-block-kadence-advancedheading.kt-adv-heading9657_3e47cc-d5[data-kb-block=\"kb-adv-heading9657_3e47cc-d5\"]{font-style:normal;}.wp-block-kadence-advancedheading.kt-adv-heading9657_3e47cc-d5 mark.kt-highlight, .wp-block-kadence-advancedheading.kt-adv-heading9657_3e47cc-d5[data-kb-block=\"kb-adv-heading9657_3e47cc-d5\"] mark.kt-highlight{font-style:normal;color:#f76a0c;-webkit-box-decoration-break:clone;box-decoration-break:clone;padding-top:0px;padding-right:0px;padding-bottom:0px;padding-left:0px;}.wp-block-kadence-advancedheading.kt-adv-heading9657_3e47cc-d5 img.kb-inline-image, .wp-block-kadence-advancedheading.kt-adv-heading9657_3e47cc-d5[data-kb-block=\"kb-adv-heading9657_3e47cc-d5\"] img.kb-inline-image{width:150px;vertical-align:baseline;}<\/style>\n<p class=\"kt-adv-heading9657_3e47cc-d5 wp-block-kadence-advancedheading\" data-kb-block=\"kb-adv-heading9657_3e47cc-d5\">Nuestras pasarelas no solo son resistentes, indeformables y s\u00f3lidas, sino que tambi\u00e9n ofrecen una serie de beneficios medioambientales. Por cada metro cuadrado instalado, contribuimos a la reducci\u00f3n de emisiones de CO2, dejando de emitir 101.5 kg de este gas que contribuye al cambio clim\u00e1tico. Esto marca una diferencia tangible en nuestra lucha por preservar el medio ambiente y garantizar un futuro m\u00e1s sostenible para las generaciones venideras.<\/p>\n\n\n\n<p class=\"wp-block-paragraph\">Estamos comprometidos con la protecci\u00f3n y conservaci\u00f3n de nuestras playas y entornos costeros. Creemos firmemente que, al adoptar pr\u00e1cticas sostenibles y utilizar soluciones innovadoras como nuestras pasarelas de pl\u00e1stico reciclado, podemos marcar la diferencia. Te invitamos a unirte a nosotros en este viaje hacia un futuro m\u00e1s sostenible. Juntos, podemos hacer grandes cosas y preservar la belleza natural de nuestras playas para las generaciones futuras.<\/p>\n\n\n\n<p class=\"wp-block-paragraph\">Las pasarelas de pl\u00e1stico reciclado son m\u00e1s que simples estructuras en nuestras playas; representan un compromiso con la sostenibilidad y la protecci\u00f3n del medio ambiente. En Abadecom, estamos orgullosos de ser parte de esta iniciativa y de trabajar hacia un futuro donde nuestras playas sigan siendo hermosas y accesibles para todos, sin comprometer el bienestar de nuestro planeta.<\/p>\n\n\n\n<p class=\"wp-block-paragraph\"><strong>\u00danete a <a href=\"https:\/\/www.linkedin.com\/company\/13019454\/admin\/feed\/posts\/\">nosotros<\/a> y s\u00e9 parte del cambio hacia un futuro m\u00e1s sostenible. Juntos, podemos marcar la diferencia.<\/strong><\/p>\n","protected":false},"excerpt":{"rendered":"<p>Con la llegada del buen tiempo, nuestras playas se convierten en lugares de encuentro y disfrute para muchos. En los \u00faltimos a\u00f1os, hemos sido testigos de un cambio positivo en la forma en que se gestionan y se embellecen nuestras costas, gracias a iniciativas que promueven la sostenibilidad y el cuidado del medio ambiente. En [&#8230;]<\/p>\n<p><a class=\"btn btn-secondary understrap-read-more-link\" href=\"https:\/\/abadecom.com\/fr\/el-exito-de-las-pasarelas-de-plastico-reciclado-de-abadecom\/\">Lire la suite\u2026<span class=\"screen-reader-text\"> from El \u00e9xito de las pasarelas de pl\u00e1stico reciclado de Abadecom<\/span><\/a><\/p>\n","protected":false},"author":1,"featured_media":9658,"comment_status":"open","ping_status":"open","sticky":false,"template":"","format":"standard","meta":{"content-type":"","_monsterinsights_skip_tracking":false,"pgc_sgb_lightbox_settings":"","footnotes":""},"categories":[1],"tags":[],"class_list":["post-9657","post","type-post","status-publish","format-standard","has-post-thumbnail","hentry","category-sin-categorizar"],"yoast_head":"<!-- This site is optimized with the Yoast SEO plugin v28.4 - https:\/\/yoast.com\/product\/yoast-seo-wordpress\/ -->\n<title>El \u00e9xito de las pasarelas de pl\u00e1stico reciclado de Abadecom - Abadecom<\/title>\n<meta name=\"description\" content=\"Las pasarelas de playa fabricadas con pl\u00e1stico reciclado est\u00e1n emergiendo como una soluci\u00f3n inteligente y respetuosa con el entorno.\" \/>\n<meta name=\"robots\" content=\"index, follow, max-snippet:-1, max-image-preview:large, max-video-preview:-1\" \/>\n<link rel=\"canonical\" href=\"https:\/\/abadecom.com\/fr\/el-exito-de-las-pasarelas-de-plastico-reciclado-de-abadecom\/\" \/>\n<meta property=\"og:locale\" content=\"fr_FR\" \/>\n<meta property=\"og:type\" content=\"article\" \/>\n<meta property=\"og:title\" content=\"El \u00e9xito de las pasarelas de pl\u00e1stico reciclado de Abadecom - Abadecom\" \/>\n<meta property=\"og:description\" content=\"Las pasarelas de playa fabricadas con pl\u00e1stico reciclado est\u00e1n emergiendo como una soluci\u00f3n inteligente y respetuosa con el entorno.\" \/>\n<meta property=\"og:url\" content=\"https:\/\/abadecom.com\/fr\/el-exito-de-las-pasarelas-de-plastico-reciclado-de-abadecom\/\" \/>\n<meta property=\"og:site_name\" content=\"Abadecom\" \/>\n<meta property=\"article:published_time\" content=\"2024-04-02T08:21:00+00:00\" \/>\n<meta property=\"article:modified_time\" content=\"2024-04-02T08:21:02+00:00\" \/>\n<meta property=\"og:image\" content=\"https:\/\/abadecom.com\/wp-content\/uploads\/2024\/04\/pasarelas-de-playa-linkedin.jpg\" \/>\n\t<meta property=\"og:image:width\" content=\"1200\" \/>\n\t<meta property=\"og:image:height\" content=\"1200\" \/>\n\t<meta property=\"og:image:type\" content=\"image\/jpeg\" \/>\n<meta name=\"author\" content=\"AdminAabadeco\" \/>\n<meta name=\"twitter:card\" content=\"summary_large_image\" \/>\n<meta name=\"twitter:label1\" content=\"\u00c9crit par\" \/>\n\t<meta name=\"twitter:data1\" content=\"AdminAabadeco\" \/>\n\t<meta name=\"twitter:label2\" content=\"Dur\u00e9e de lecture estim\u00e9e\" \/>\n\t<meta name=\"twitter:data2\" content=\"2 minutes\" \/>\n<script type=\"application\/ld+json\" class=\"yoast-schema-graph\">{\"@context\":\"https:\\\/\\\/schema.org\",\"@graph\":[{\"@type\":\"Article\",\"@id\":\"https:\\\/\\\/abadecom.com\\\/el-exito-de-las-pasarelas-de-plastico-reciclado-de-abadecom\\\/#article\",\"isPartOf\":{\"@id\":\"https:\\\/\\\/abadecom.com\\\/el-exito-de-las-pasarelas-de-plastico-reciclado-de-abadecom\\\/\"},\"author\":{\"name\":\"AdminAabadeco\",\"@id\":\"https:\\\/\\\/abadecom.com\\\/#\\\/schema\\\/person\\\/477a7cc0ed6c040d67343c7a3fda930b\"},\"headline\":\"El \u00e9xito de las pasarelas de pl\u00e1stico reciclado de Abadecom\",\"datePublished\":\"2024-04-02T08:21:00+00:00\",\"dateModified\":\"2024-04-02T08:21:02+00:00\",\"mainEntityOfPage\":{\"@id\":\"https:\\\/\\\/abadecom.com\\\/el-exito-de-las-pasarelas-de-plastico-reciclado-de-abadecom\\\/\"},\"wordCount\":401,\"commentCount\":0,\"publisher\":{\"@id\":\"https:\\\/\\\/abadecom.com\\\/#organization\"},\"image\":{\"@id\":\"https:\\\/\\\/abadecom.com\\\/el-exito-de-las-pasarelas-de-plastico-reciclado-de-abadecom\\\/#primaryimage\"},\"thumbnailUrl\":\"https:\\\/\\\/abadecom.com\\\/wp-content\\\/uploads\\\/2024\\\/04\\\/pasarelas-de-playa-linkedin.jpg\",\"articleSection\":[\"Sin categorizar\"],\"inLanguage\":\"fr-FR\",\"potentialAction\":[{\"@type\":\"CommentAction\",\"name\":\"Comment\",\"target\":[\"https:\\\/\\\/abadecom.com\\\/el-exito-de-las-pasarelas-de-plastico-reciclado-de-abadecom\\\/#respond\"]}]},{\"@type\":\"WebPage\",\"@id\":\"https:\\\/\\\/abadecom.com\\\/el-exito-de-las-pasarelas-de-plastico-reciclado-de-abadecom\\\/\",\"url\":\"https:\\\/\\\/abadecom.com\\\/el-exito-de-las-pasarelas-de-plastico-reciclado-de-abadecom\\\/\",\"name\":\"El \u00e9xito de las pasarelas de pl\u00e1stico reciclado de Abadecom - Abadecom\",\"isPartOf\":{\"@id\":\"https:\\\/\\\/abadecom.com\\\/#website\"},\"primaryImageOfPage\":{\"@id\":\"https:\\\/\\\/abadecom.com\\\/el-exito-de-las-pasarelas-de-plastico-reciclado-de-abadecom\\\/#primaryimage\"},\"image\":{\"@id\":\"https:\\\/\\\/abadecom.com\\\/el-exito-de-las-pasarelas-de-plastico-reciclado-de-abadecom\\\/#primaryimage\"},\"thumbnailUrl\":\"https:\\\/\\\/abadecom.com\\\/wp-content\\\/uploads\\\/2024\\\/04\\\/pasarelas-de-playa-linkedin.jpg\",\"datePublished\":\"2024-04-02T08:21:00+00:00\",\"dateModified\":\"2024-04-02T08:21:02+00:00\",\"description\":\"Las pasarelas de playa fabricadas con pl\u00e1stico reciclado est\u00e1n emergiendo como una soluci\u00f3n inteligente y respetuosa con el entorno.\",\"inLanguage\":\"fr-FR\",\"potentialAction\":[{\"@type\":\"ReadAction\",\"target\":[\"https:\\\/\\\/abadecom.com\\\/el-exito-de-las-pasarelas-de-plastico-reciclado-de-abadecom\\\/\"]}]},{\"@type\":\"ImageObject\",\"inLanguage\":\"fr-FR\",\"@id\":\"https:\\\/\\\/abadecom.com\\\/el-exito-de-las-pasarelas-de-plastico-reciclado-de-abadecom\\\/#primaryimage\",\"url\":\"https:\\\/\\\/abadecom.com\\\/wp-content\\\/uploads\\\/2024\\\/04\\\/pasarelas-de-playa-linkedin.jpg\",\"contentUrl\":\"https:\\\/\\\/abadecom.com\\\/wp-content\\\/uploads\\\/2024\\\/04\\\/pasarelas-de-playa-linkedin.jpg\",\"width\":1200,\"height\":1200},{\"@type\":\"WebSite\",\"@id\":\"https:\\\/\\\/abadecom.com\\\/#website\",\"url\":\"https:\\\/\\\/abadecom.com\\\/\",\"name\":\"Abadecom\",\"description\":\"Productos sostenibles y respetuosos con el medio ambiente\",\"publisher\":{\"@id\":\"https:\\\/\\\/abadecom.com\\\/#organization\"},\"alternateName\":\"Abadecom\",\"potentialAction\":[{\"@type\":\"SearchAction\",\"target\":{\"@type\":\"EntryPoint\",\"urlTemplate\":\"https:\\\/\\\/abadecom.com\\\/?s={search_term_string}\"},\"query-input\":{\"@type\":\"PropertyValueSpecification\",\"valueRequired\":true,\"valueName\":\"search_term_string\"}}],\"inLanguage\":\"fr-FR\"},{\"@type\":\"Organization\",\"@id\":\"https:\\\/\\\/abadecom.com\\\/#organization\",\"name\":\"Abadecom\",\"url\":\"https:\\\/\\\/abadecom.com\\\/\",\"logo\":{\"@type\":\"ImageObject\",\"inLanguage\":\"fr-FR\",\"@id\":\"https:\\\/\\\/abadecom.com\\\/#\\\/schema\\\/logo\\\/image\\\/\",\"url\":\"https:\\\/\\\/abadecom.com\\\/wp-content\\\/uploads\\\/2022\\\/03\\\/Logo-Abadecom-e1647715158799.png\",\"contentUrl\":\"https:\\\/\\\/abadecom.com\\\/wp-content\\\/uploads\\\/2022\\\/03\\\/Logo-Abadecom-e1647715158799.png\",\"width\":200,\"height\":117,\"caption\":\"Abadecom\"},\"image\":{\"@id\":\"https:\\\/\\\/abadecom.com\\\/#\\\/schema\\\/logo\\\/image\\\/\"}},{\"@type\":\"Person\",\"@id\":\"https:\\\/\\\/abadecom.com\\\/#\\\/schema\\\/person\\\/477a7cc0ed6c040d67343c7a3fda930b\",\"name\":\"AdminAabadeco\",\"image\":{\"@type\":\"ImageObject\",\"inLanguage\":\"fr-FR\",\"@id\":\"https:\\\/\\\/secure.gravatar.com\\\/avatar\\\/2630c0cee03e7f483e5ca41ec6649375f24ca272e920f8386983684762e36487?s=96&d=mm&r=g\",\"url\":\"https:\\\/\\\/secure.gravatar.com\\\/avatar\\\/2630c0cee03e7f483e5ca41ec6649375f24ca272e920f8386983684762e36487?s=96&d=mm&r=g\",\"contentUrl\":\"https:\\\/\\\/secure.gravatar.com\\\/avatar\\\/2630c0cee03e7f483e5ca41ec6649375f24ca272e920f8386983684762e36487?s=96&d=mm&r=g\",\"caption\":\"AdminAabadeco\"},\"sameAs\":[\"https:\\\/\\\/abadecom.com\"],\"url\":\"https:\\\/\\\/abadecom.com\\\/fr\\\/author\\\/adminaabadeco\\\/\"}]}<\/script>\n<!-- \/ Yoast SEO plugin. -->","yoast_head_json":{"title":"El \u00e9xito de las pasarelas de pl\u00e1stico reciclado de Abadecom - Abadecom","description":"Las pasarelas de playa fabricadas con pl\u00e1stico reciclado est\u00e1n emergiendo como una soluci\u00f3n inteligente y respetuosa con el entorno.","robots":{"index":"index","follow":"follow","max-snippet":"max-snippet:-1","max-image-preview":"max-image-preview:large","max-video-preview":"max-video-preview:-1"},"canonical":"https:\/\/abadecom.com\/fr\/el-exito-de-las-pasarelas-de-plastico-reciclado-de-abadecom\/","og_locale":"fr_FR","og_type":"article","og_title":"El \u00e9xito de las pasarelas de pl\u00e1stico reciclado de Abadecom - Abadecom","og_description":"Las pasarelas de playa fabricadas con pl\u00e1stico reciclado est\u00e1n emergiendo como una soluci\u00f3n inteligente y respetuosa con el entorno.","og_url":"https:\/\/abadecom.com\/fr\/el-exito-de-las-pasarelas-de-plastico-reciclado-de-abadecom\/","og_site_name":"Abadecom","article_published_time":"2024-04-02T08:21:00+00:00","article_modified_time":"2024-04-02T08:21:02+00:00","og_image":[{"width":1200,"height":1200,"url":"https:\/\/abadecom.com\/wp-content\/uploads\/2024\/04\/pasarelas-de-playa-linkedin.jpg","type":"image\/jpeg"}],"author":"AdminAabadeco","twitter_card":"summary_large_image","twitter_misc":{"\u00c9crit par":"AdminAabadeco","Dur\u00e9e de lecture estim\u00e9e":"2 minutes"},"schema":{"@context":"https:\/\/schema.org","@graph":[{"@type":"Article","@id":"https:\/\/abadecom.com\/el-exito-de-las-pasarelas-de-plastico-reciclado-de-abadecom\/#article","isPartOf":{"@id":"https:\/\/abadecom.com\/el-exito-de-las-pasarelas-de-plastico-reciclado-de-abadecom\/"},"author":{"name":"AdminAabadeco","@id":"https:\/\/abadecom.com\/#\/schema\/person\/477a7cc0ed6c040d67343c7a3fda930b"},"headline":"El \u00e9xito de las pasarelas de pl\u00e1stico reciclado de Abadecom","datePublished":"2024-04-02T08:21:00+00:00","dateModified":"2024-04-02T08:21:02+00:00","mainEntityOfPage":{"@id":"https:\/\/abadecom.com\/el-exito-de-las-pasarelas-de-plastico-reciclado-de-abadecom\/"},"wordCount":401,"commentCount":0,"publisher":{"@id":"https:\/\/abadecom.com\/#organization"},"image":{"@id":"https:\/\/abadecom.com\/el-exito-de-las-pasarelas-de-plastico-reciclado-de-abadecom\/#primaryimage"},"thumbnailUrl":"https:\/\/abadecom.com\/wp-content\/uploads\/2024\/04\/pasarelas-de-playa-linkedin.jpg","articleSection":["Sin categorizar"],"inLanguage":"fr-FR","potentialAction":[{"@type":"CommentAction","name":"Comment","target":["https:\/\/abadecom.com\/el-exito-de-las-pasarelas-de-plastico-reciclado-de-abadecom\/#respond"]}]},{"@type":"WebPage","@id":"https:\/\/abadecom.com\/el-exito-de-las-pasarelas-de-plastico-reciclado-de-abadecom\/","url":"https:\/\/abadecom.com\/el-exito-de-las-pasarelas-de-plastico-reciclado-de-abadecom\/","name":"El \u00e9xito de las pasarelas de pl\u00e1stico reciclado de Abadecom - Abadecom","isPartOf":{"@id":"https:\/\/abadecom.com\/#website"},"primaryImageOfPage":{"@id":"https:\/\/abadecom.com\/el-exito-de-las-pasarelas-de-plastico-reciclado-de-abadecom\/#primaryimage"},"image":{"@id":"https:\/\/abadecom.com\/el-exito-de-las-pasarelas-de-plastico-reciclado-de-abadecom\/#primaryimage"},"thumbnailUrl":"https:\/\/abadecom.com\/wp-content\/uploads\/2024\/04\/pasarelas-de-playa-linkedin.jpg","datePublished":"2024-04-02T08:21:00+00:00","dateModified":"2024-04-02T08:21:02+00:00","description":"Las pasarelas de playa fabricadas con pl\u00e1stico reciclado est\u00e1n emergiendo como una soluci\u00f3n inteligente y respetuosa con el entorno.","inLanguage":"fr-FR","potentialAction":[{"@type":"ReadAction","target":["https:\/\/abadecom.com\/el-exito-de-las-pasarelas-de-plastico-reciclado-de-abadecom\/"]}]},{"@type":"ImageObject","inLanguage":"fr-FR","@id":"https:\/\/abadecom.com\/el-exito-de-las-pasarelas-de-plastico-reciclado-de-abadecom\/#primaryimage","url":"https:\/\/abadecom.com\/wp-content\/uploads\/2024\/04\/pasarelas-de-playa-linkedin.jpg","contentUrl":"https:\/\/abadecom.com\/wp-content\/uploads\/2024\/04\/pasarelas-de-playa-linkedin.jpg","width":1200,"height":1200},{"@type":"WebSite","@id":"https:\/\/abadecom.com\/#website","url":"https:\/\/abadecom.com\/","name":"Abadecom","description":"Produits durables et respectueux de l'environnement","publisher":{"@id":"https:\/\/abadecom.com\/#organization"},"alternateName":"Abadecom","potentialAction":[{"@type":"SearchAction","target":{"@type":"EntryPoint","urlTemplate":"https:\/\/abadecom.com\/?s={search_term_string}"},"query-input":{"@type":"PropertyValueSpecification","valueRequired":true,"valueName":"search_term_string"}}],"inLanguage":"fr-FR"},{"@type":"Organization","@id":"https:\/\/abadecom.com\/#organization","name":"Abadecom","url":"https:\/\/abadecom.com\/","logo":{"@type":"ImageObject","inLanguage":"fr-FR","@id":"https:\/\/abadecom.com\/#\/schema\/logo\/image\/","url":"https:\/\/abadecom.com\/wp-content\/uploads\/2022\/03\/Logo-Abadecom-e1647715158799.png","contentUrl":"https:\/\/abadecom.com\/wp-content\/uploads\/2022\/03\/Logo-Abadecom-e1647715158799.png","width":200,"height":117,"caption":"Abadecom"},"image":{"@id":"https:\/\/abadecom.com\/#\/schema\/logo\/image\/"}},{"@type":"Person","@id":"https:\/\/abadecom.com\/#\/schema\/person\/477a7cc0ed6c040d67343c7a3fda930b","name":"AdminAabadeco","image":{"@type":"ImageObject","inLanguage":"fr-FR","@id":"https:\/\/secure.gravatar.com\/avatar\/2630c0cee03e7f483e5ca41ec6649375f24ca272e920f8386983684762e36487?s=96&d=mm&r=g","url":"https:\/\/secure.gravatar.com\/avatar\/2630c0cee03e7f483e5ca41ec6649375f24ca272e920f8386983684762e36487?s=96&d=mm&r=g","contentUrl":"https:\/\/secure.gravatar.com\/avatar\/2630c0cee03e7f483e5ca41ec6649375f24ca272e920f8386983684762e36487?s=96&d=mm&r=g","caption":"AdminAabadeco"},"sameAs":["https:\/\/abadecom.com"],"url":"https:\/\/abadecom.com\/fr\/author\/adminaabadeco\/"}]}},"_links":{"self":[{"href":"https:\/\/abadecom.com\/fr\/wp-json\/wp\/v2\/posts\/9657","targetHints":{"allow":["GET"]}}],"collection":[{"href":"https:\/\/abadecom.com\/fr\/wp-json\/wp\/v2\/posts"}],"about":[{"href":"https:\/\/abadecom.com\/fr\/wp-json\/wp\/v2\/types\/post"}],"author":[{"embeddable":true,"href":"https:\/\/abadecom.com\/fr\/wp-json\/wp\/v2\/users\/1"}],"replies":[{"embeddable":true,"href":"https:\/\/abadecom.com\/fr\/wp-json\/wp\/v2\/comments?post=9657"}],"version-history":[{"count":1,"href":"https:\/\/abadecom.com\/fr\/wp-json\/wp\/v2\/posts\/9657\/revisions"}],"predecessor-version":[{"id":9659,"href":"https:\/\/abadecom.com\/fr\/wp-json\/wp\/v2\/posts\/9657\/revisions\/9659"}],"wp:featuredmedia":[{"embeddable":true,"href":"https:\/\/abadecom.com\/fr\/wp-json\/wp\/v2\/media\/9658"}],"wp:attachment":[{"href":"https:\/\/abadecom.com\/fr\/wp-json\/wp\/v2\/media?parent=9657"}],"wp:term":[{"taxonomy":"category","embeddable":true,"href":"https:\/\/abadecom.com\/fr\/wp-json\/wp\/v2\/categories?post=9657"},{"taxonomy":"post_tag","embeddable":true,"href":"https:\/\/abadecom.com\/fr\/wp-json\/wp\/v2\/tags?post=9657"}],"curies":[{"name":"wp","href":"https:\/\/api.w.org\/{rel}","templated":true}]}}