{"id":9502,"date":"2024-01-18T12:47:12","date_gmt":"2024-01-18T12:47:12","guid":{"rendered":"https:\/\/abadecom.com\/?p=9502"},"modified":"2024-01-18T12:52:29","modified_gmt":"2024-01-18T12:52:29","slug":"en-abadecom-guiamos-el-camino-hacia-un-futuro-mas-sostenible","status":"publish","type":"post","link":"https:\/\/abadecom.com\/fr\/en-abadecom-guiamos-el-camino-hacia-un-futuro-mas-sostenible\/","title":{"rendered":"Descubre c\u00f3mo estamos transformando la seguridad vial con pl\u00e1stico reciclado"},"content":{"rendered":"<p class=\"wp-block-paragraph\">Nuestro Separador de Carril Bici no solo garantiza la seguridad vial, sino que tambi\u00e9n funciona como elemento de balizamiento gracias a su pieza fotoluminiscente.<\/p>\n\n\n\n<p class=\"wp-block-paragraph\">Fabricado con pl\u00e1stico 100% reciclado, el separador de carril bici Fotoluminiscente proporciona una gu\u00eda clara y segura para ciclistas y peatones. La robustez y resistencia a la abrasi\u00f3n lo convierten en un compa\u00f1ero confiable en las calles.<\/p>\n\n\n\n<p class=\"wp-block-paragraph\">La pieza fotoluminiscente integrada ofrece una luminancia que perdura m\u00e1s de 12 horas. Esta caracter\u00edstica no solo mejora la visibilidad en condiciones de poca luz, sino que tambi\u00e9n act\u00faa como una baliza, se\u00f1alizando claramente el carril bici.<\/p>\n\n\n\n<p class=\"wp-block-paragraph\">Con el Separador de Carril Bici Fotoluminiscente de<a href=\"https:\/\/abadecom.com\/fr\/separador-carril-bici\/\"> Abadecom<\/a>, estamos llevando la seguridad y la innovaci\u00f3n a nuevas alturas. Descubre c\u00f3mo esta soluci\u00f3n integral puede hacer que cada trayecto sea m\u00e1s seguro y emocionante.<\/p>\n\n\n\n<p class=\"wp-block-paragraph\"><\/p>\n\n\n\n<p class=\"wp-block-paragraph\"><\/p>","protected":false},"excerpt":{"rendered":"<p>Nuestro Separador de Carril Bici no solo garantiza la seguridad vial, sino que tambi\u00e9n funciona como elemento de balizamiento gracias a su pieza fotoluminiscente. Fabricado con pl\u00e1stico 100% reciclado, el separador de carril bici Fotoluminiscente proporciona una gu\u00eda clara y segura para ciclistas y peatones. La robustez y resistencia a la abrasi\u00f3n lo convierten en [&#8230;]<\/p>\n<p><a class=\"btn btn-secondary understrap-read-more-link\" href=\"https:\/\/abadecom.com\/fr\/en-abadecom-guiamos-el-camino-hacia-un-futuro-mas-sostenible\/\">Lire la suite\u2026<span class=\"screen-reader-text\"> from Descubre c\u00f3mo estamos transformando la seguridad vial con pl\u00e1stico reciclado<\/span><\/a><\/p>\n","protected":false},"author":1,"featured_media":9503,"comment_status":"open","ping_status":"open","sticky":false,"template":"","format":"standard","meta":{"content-type":"","_monsterinsights_skip_tracking":false,"pgc_sgb_lightbox_settings":"","footnotes":""},"categories":[1],"tags":[],"class_list":["post-9502","post","type-post","status-publish","format-standard","has-post-thumbnail","hentry","category-sin-categorizar"],"yoast_head":"<!-- This site is optimized with the Yoast SEO plugin v28.4 - https:\/\/yoast.com\/product\/yoast-seo-wordpress\/ -->\n<title>Descubre c\u00f3mo estamos transformando la seguridad vial con pl\u00e1stico reciclado - Abadecom<\/title>\n<meta name=\"description\" content=\"Nuestro Separador de Carril Bici no solo garantiza la seguridad vial, tambi\u00e9n funciona como balizamiento gracias a su pieza fotoluminiscente.\" \/>\n<meta name=\"robots\" content=\"index, follow, max-snippet:-1, max-image-preview:large, max-video-preview:-1\" \/>\n<link rel=\"canonical\" href=\"https:\/\/abadecom.com\/fr\/en-abadecom-guiamos-el-camino-hacia-un-futuro-mas-sostenible\/\" \/>\n<meta property=\"og:locale\" content=\"fr_FR\" \/>\n<meta property=\"og:type\" content=\"article\" \/>\n<meta property=\"og:title\" content=\"Descubre c\u00f3mo estamos transformando la seguridad vial con pl\u00e1stico reciclado - Abadecom\" \/>\n<meta property=\"og:description\" content=\"Nuestro Separador de Carril Bici no solo garantiza la seguridad vial, tambi\u00e9n funciona como balizamiento gracias a su pieza fotoluminiscente.\" \/>\n<meta property=\"og:url\" content=\"https:\/\/abadecom.com\/fr\/en-abadecom-guiamos-el-camino-hacia-un-futuro-mas-sostenible\/\" \/>\n<meta property=\"og:site_name\" content=\"Abadecom\" \/>\n<meta property=\"article:published_time\" content=\"2024-01-18T12:47:12+00:00\" \/>\n<meta property=\"article:modified_time\" content=\"2024-01-18T12:52:29+00:00\" \/>\n<meta property=\"og:image\" content=\"https:\/\/abadecom.com\/wp-content\/uploads\/2024\/01\/Separador-carril-bici-Fotoluminiscente.jpg\" \/>\n\t<meta property=\"og:image:width\" content=\"2233\" \/>\n\t<meta property=\"og:image:height\" content=\"1872\" \/>\n\t<meta property=\"og:image:type\" content=\"image\/jpeg\" \/>\n<meta name=\"author\" content=\"AdminAabadeco\" \/>\n<meta name=\"twitter:card\" content=\"summary_large_image\" \/>\n<meta name=\"twitter:label1\" content=\"\u00c9crit par\" \/>\n\t<meta name=\"twitter:data1\" content=\"AdminAabadeco\" \/>\n\t<meta name=\"twitter:label2\" content=\"Dur\u00e9e de lecture estim\u00e9e\" \/>\n\t<meta name=\"twitter:data2\" content=\"1 minute\" \/>\n<script type=\"application\/ld+json\" class=\"yoast-schema-graph\">{\"@context\":\"https:\\\/\\\/schema.org\",\"@graph\":[{\"@type\":\"Article\",\"@id\":\"https:\\\/\\\/abadecom.com\\\/en-abadecom-guiamos-el-camino-hacia-un-futuro-mas-sostenible\\\/#article\",\"isPartOf\":{\"@id\":\"https:\\\/\\\/abadecom.com\\\/en-abadecom-guiamos-el-camino-hacia-un-futuro-mas-sostenible\\\/\"},\"author\":{\"name\":\"AdminAabadeco\",\"@id\":\"https:\\\/\\\/abadecom.com\\\/#\\\/schema\\\/person\\\/477a7cc0ed6c040d67343c7a3fda930b\"},\"headline\":\"Descubre c\u00f3mo estamos transformando la seguridad vial con pl\u00e1stico reciclado\",\"datePublished\":\"2024-01-18T12:47:12+00:00\",\"dateModified\":\"2024-01-18T12:52:29+00:00\",\"mainEntityOfPage\":{\"@id\":\"https:\\\/\\\/abadecom.com\\\/en-abadecom-guiamos-el-camino-hacia-un-futuro-mas-sostenible\\\/\"},\"wordCount\":156,\"commentCount\":0,\"publisher\":{\"@id\":\"https:\\\/\\\/abadecom.com\\\/#organization\"},\"image\":{\"@id\":\"https:\\\/\\\/abadecom.com\\\/en-abadecom-guiamos-el-camino-hacia-un-futuro-mas-sostenible\\\/#primaryimage\"},\"thumbnailUrl\":\"https:\\\/\\\/abadecom.com\\\/wp-content\\\/uploads\\\/2024\\\/01\\\/Separador-carril-bici-Fotoluminiscente.jpg\",\"articleSection\":[\"Sin categorizar\"],\"inLanguage\":\"fr-FR\",\"potentialAction\":[{\"@type\":\"CommentAction\",\"name\":\"Comment\",\"target\":[\"https:\\\/\\\/abadecom.com\\\/en-abadecom-guiamos-el-camino-hacia-un-futuro-mas-sostenible\\\/#respond\"]}]},{\"@type\":\"WebPage\",\"@id\":\"https:\\\/\\\/abadecom.com\\\/en-abadecom-guiamos-el-camino-hacia-un-futuro-mas-sostenible\\\/\",\"url\":\"https:\\\/\\\/abadecom.com\\\/en-abadecom-guiamos-el-camino-hacia-un-futuro-mas-sostenible\\\/\",\"name\":\"Descubre c\u00f3mo estamos transformando la seguridad vial con pl\u00e1stico reciclado - Abadecom\",\"isPartOf\":{\"@id\":\"https:\\\/\\\/abadecom.com\\\/#website\"},\"primaryImageOfPage\":{\"@id\":\"https:\\\/\\\/abadecom.com\\\/en-abadecom-guiamos-el-camino-hacia-un-futuro-mas-sostenible\\\/#primaryimage\"},\"image\":{\"@id\":\"https:\\\/\\\/abadecom.com\\\/en-abadecom-guiamos-el-camino-hacia-un-futuro-mas-sostenible\\\/#primaryimage\"},\"thumbnailUrl\":\"https:\\\/\\\/abadecom.com\\\/wp-content\\\/uploads\\\/2024\\\/01\\\/Separador-carril-bici-Fotoluminiscente.jpg\",\"datePublished\":\"2024-01-18T12:47:12+00:00\",\"dateModified\":\"2024-01-18T12:52:29+00:00\",\"description\":\"Nuestro Separador de Carril Bici no solo garantiza la seguridad vial, tambi\u00e9n funciona como balizamiento gracias a su pieza fotoluminiscente.\",\"inLanguage\":\"fr-FR\",\"potentialAction\":[{\"@type\":\"ReadAction\",\"target\":[\"https:\\\/\\\/abadecom.com\\\/en-abadecom-guiamos-el-camino-hacia-un-futuro-mas-sostenible\\\/\"]}]},{\"@type\":\"ImageObject\",\"inLanguage\":\"fr-FR\",\"@id\":\"https:\\\/\\\/abadecom.com\\\/en-abadecom-guiamos-el-camino-hacia-un-futuro-mas-sostenible\\\/#primaryimage\",\"url\":\"https:\\\/\\\/abadecom.com\\\/wp-content\\\/uploads\\\/2024\\\/01\\\/Separador-carril-bici-Fotoluminiscente.jpg\",\"contentUrl\":\"https:\\\/\\\/abadecom.com\\\/wp-content\\\/uploads\\\/2024\\\/01\\\/Separador-carril-bici-Fotoluminiscente.jpg\",\"width\":2233,\"height\":1872},{\"@type\":\"WebSite\",\"@id\":\"https:\\\/\\\/abadecom.com\\\/#website\",\"url\":\"https:\\\/\\\/abadecom.com\\\/\",\"name\":\"Abadecom\",\"description\":\"Productos sostenibles y respetuosos con el medio ambiente\",\"publisher\":{\"@id\":\"https:\\\/\\\/abadecom.com\\\/#organization\"},\"alternateName\":\"Abadecom\",\"potentialAction\":[{\"@type\":\"SearchAction\",\"target\":{\"@type\":\"EntryPoint\",\"urlTemplate\":\"https:\\\/\\\/abadecom.com\\\/?s={search_term_string}\"},\"query-input\":{\"@type\":\"PropertyValueSpecification\",\"valueRequired\":true,\"valueName\":\"search_term_string\"}}],\"inLanguage\":\"fr-FR\"},{\"@type\":\"Organization\",\"@id\":\"https:\\\/\\\/abadecom.com\\\/#organization\",\"name\":\"Abadecom\",\"url\":\"https:\\\/\\\/abadecom.com\\\/\",\"logo\":{\"@type\":\"ImageObject\",\"inLanguage\":\"fr-FR\",\"@id\":\"https:\\\/\\\/abadecom.com\\\/#\\\/schema\\\/logo\\\/image\\\/\",\"url\":\"https:\\\/\\\/abadecom.com\\\/wp-content\\\/uploads\\\/2022\\\/03\\\/Logo-Abadecom-e1647715158799.png\",\"contentUrl\":\"https:\\\/\\\/abadecom.com\\\/wp-content\\\/uploads\\\/2022\\\/03\\\/Logo-Abadecom-e1647715158799.png\",\"width\":200,\"height\":117,\"caption\":\"Abadecom\"},\"image\":{\"@id\":\"https:\\\/\\\/abadecom.com\\\/#\\\/schema\\\/logo\\\/image\\\/\"}},{\"@type\":\"Person\",\"@id\":\"https:\\\/\\\/abadecom.com\\\/#\\\/schema\\\/person\\\/477a7cc0ed6c040d67343c7a3fda930b\",\"name\":\"AdminAabadeco\",\"image\":{\"@type\":\"ImageObject\",\"inLanguage\":\"fr-FR\",\"@id\":\"https:\\\/\\\/secure.gravatar.com\\\/avatar\\\/2630c0cee03e7f483e5ca41ec6649375f24ca272e920f8386983684762e36487?s=96&d=mm&r=g\",\"url\":\"https:\\\/\\\/secure.gravatar.com\\\/avatar\\\/2630c0cee03e7f483e5ca41ec6649375f24ca272e920f8386983684762e36487?s=96&d=mm&r=g\",\"contentUrl\":\"https:\\\/\\\/secure.gravatar.com\\\/avatar\\\/2630c0cee03e7f483e5ca41ec6649375f24ca272e920f8386983684762e36487?s=96&d=mm&r=g\",\"caption\":\"AdminAabadeco\"},\"sameAs\":[\"https:\\\/\\\/abadecom.com\"],\"url\":\"https:\\\/\\\/abadecom.com\\\/fr\\\/author\\\/adminaabadeco\\\/\"}]}<\/script>\n<!-- \/ Yoast SEO plugin. -->","yoast_head_json":{"title":"Descubre c\u00f3mo estamos transformando la seguridad vial con pl\u00e1stico reciclado - Abadecom","description":"Nuestro Separador de Carril Bici no solo garantiza la seguridad vial, tambi\u00e9n funciona como balizamiento gracias a su pieza fotoluminiscente.","robots":{"index":"index","follow":"follow","max-snippet":"max-snippet:-1","max-image-preview":"max-image-preview:large","max-video-preview":"max-video-preview:-1"},"canonical":"https:\/\/abadecom.com\/fr\/en-abadecom-guiamos-el-camino-hacia-un-futuro-mas-sostenible\/","og_locale":"fr_FR","og_type":"article","og_title":"Descubre c\u00f3mo estamos transformando la seguridad vial con pl\u00e1stico reciclado - Abadecom","og_description":"Nuestro Separador de Carril Bici no solo garantiza la seguridad vial, tambi\u00e9n funciona como balizamiento gracias a su pieza fotoluminiscente.","og_url":"https:\/\/abadecom.com\/fr\/en-abadecom-guiamos-el-camino-hacia-un-futuro-mas-sostenible\/","og_site_name":"Abadecom","article_published_time":"2024-01-18T12:47:12+00:00","article_modified_time":"2024-01-18T12:52:29+00:00","og_image":[{"width":2233,"height":1872,"url":"https:\/\/abadecom.com\/wp-content\/uploads\/2024\/01\/Separador-carril-bici-Fotoluminiscente.jpg","type":"image\/jpeg"}],"author":"AdminAabadeco","twitter_card":"summary_large_image","twitter_misc":{"\u00c9crit par":"AdminAabadeco","Dur\u00e9e de lecture estim\u00e9e":"1 minute"},"schema":{"@context":"https:\/\/schema.org","@graph":[{"@type":"Article","@id":"https:\/\/abadecom.com\/en-abadecom-guiamos-el-camino-hacia-un-futuro-mas-sostenible\/#article","isPartOf":{"@id":"https:\/\/abadecom.com\/en-abadecom-guiamos-el-camino-hacia-un-futuro-mas-sostenible\/"},"author":{"name":"AdminAabadeco","@id":"https:\/\/abadecom.com\/#\/schema\/person\/477a7cc0ed6c040d67343c7a3fda930b"},"headline":"Descubre c\u00f3mo estamos transformando la seguridad vial con pl\u00e1stico reciclado","datePublished":"2024-01-18T12:47:12+00:00","dateModified":"2024-01-18T12:52:29+00:00","mainEntityOfPage":{"@id":"https:\/\/abadecom.com\/en-abadecom-guiamos-el-camino-hacia-un-futuro-mas-sostenible\/"},"wordCount":156,"commentCount":0,"publisher":{"@id":"https:\/\/abadecom.com\/#organization"},"image":{"@id":"https:\/\/abadecom.com\/en-abadecom-guiamos-el-camino-hacia-un-futuro-mas-sostenible\/#primaryimage"},"thumbnailUrl":"https:\/\/abadecom.com\/wp-content\/uploads\/2024\/01\/Separador-carril-bici-Fotoluminiscente.jpg","articleSection":["Sin categorizar"],"inLanguage":"fr-FR","potentialAction":[{"@type":"CommentAction","name":"Comment","target":["https:\/\/abadecom.com\/en-abadecom-guiamos-el-camino-hacia-un-futuro-mas-sostenible\/#respond"]}]},{"@type":"WebPage","@id":"https:\/\/abadecom.com\/en-abadecom-guiamos-el-camino-hacia-un-futuro-mas-sostenible\/","url":"https:\/\/abadecom.com\/en-abadecom-guiamos-el-camino-hacia-un-futuro-mas-sostenible\/","name":"Descubre c\u00f3mo estamos transformando la seguridad vial con pl\u00e1stico reciclado - Abadecom","isPartOf":{"@id":"https:\/\/abadecom.com\/#website"},"primaryImageOfPage":{"@id":"https:\/\/abadecom.com\/en-abadecom-guiamos-el-camino-hacia-un-futuro-mas-sostenible\/#primaryimage"},"image":{"@id":"https:\/\/abadecom.com\/en-abadecom-guiamos-el-camino-hacia-un-futuro-mas-sostenible\/#primaryimage"},"thumbnailUrl":"https:\/\/abadecom.com\/wp-content\/uploads\/2024\/01\/Separador-carril-bici-Fotoluminiscente.jpg","datePublished":"2024-01-18T12:47:12+00:00","dateModified":"2024-01-18T12:52:29+00:00","description":"Nuestro Separador de Carril Bici no solo garantiza la seguridad vial, tambi\u00e9n funciona como balizamiento gracias a su pieza fotoluminiscente.","inLanguage":"fr-FR","potentialAction":[{"@type":"ReadAction","target":["https:\/\/abadecom.com\/en-abadecom-guiamos-el-camino-hacia-un-futuro-mas-sostenible\/"]}]},{"@type":"ImageObject","inLanguage":"fr-FR","@id":"https:\/\/abadecom.com\/en-abadecom-guiamos-el-camino-hacia-un-futuro-mas-sostenible\/#primaryimage","url":"https:\/\/abadecom.com\/wp-content\/uploads\/2024\/01\/Separador-carril-bici-Fotoluminiscente.jpg","contentUrl":"https:\/\/abadecom.com\/wp-content\/uploads\/2024\/01\/Separador-carril-bici-Fotoluminiscente.jpg","width":2233,"height":1872},{"@type":"WebSite","@id":"https:\/\/abadecom.com\/#website","url":"https:\/\/abadecom.com\/","name":"Abadecom","description":"Produits durables et respectueux de l'environnement","publisher":{"@id":"https:\/\/abadecom.com\/#organization"},"alternateName":"Abadecom","potentialAction":[{"@type":"SearchAction","target":{"@type":"EntryPoint","urlTemplate":"https:\/\/abadecom.com\/?s={search_term_string}"},"query-input":{"@type":"PropertyValueSpecification","valueRequired":true,"valueName":"search_term_string"}}],"inLanguage":"fr-FR"},{"@type":"Organization","@id":"https:\/\/abadecom.com\/#organization","name":"Abadecom","url":"https:\/\/abadecom.com\/","logo":{"@type":"ImageObject","inLanguage":"fr-FR","@id":"https:\/\/abadecom.com\/#\/schema\/logo\/image\/","url":"https:\/\/abadecom.com\/wp-content\/uploads\/2022\/03\/Logo-Abadecom-e1647715158799.png","contentUrl":"https:\/\/abadecom.com\/wp-content\/uploads\/2022\/03\/Logo-Abadecom-e1647715158799.png","width":200,"height":117,"caption":"Abadecom"},"image":{"@id":"https:\/\/abadecom.com\/#\/schema\/logo\/image\/"}},{"@type":"Person","@id":"https:\/\/abadecom.com\/#\/schema\/person\/477a7cc0ed6c040d67343c7a3fda930b","name":"AdminAabadeco","image":{"@type":"ImageObject","inLanguage":"fr-FR","@id":"https:\/\/secure.gravatar.com\/avatar\/2630c0cee03e7f483e5ca41ec6649375f24ca272e920f8386983684762e36487?s=96&d=mm&r=g","url":"https:\/\/secure.gravatar.com\/avatar\/2630c0cee03e7f483e5ca41ec6649375f24ca272e920f8386983684762e36487?s=96&d=mm&r=g","contentUrl":"https:\/\/secure.gravatar.com\/avatar\/2630c0cee03e7f483e5ca41ec6649375f24ca272e920f8386983684762e36487?s=96&d=mm&r=g","caption":"AdminAabadeco"},"sameAs":["https:\/\/abadecom.com"],"url":"https:\/\/abadecom.com\/fr\/author\/adminaabadeco\/"}]}},"_links":{"self":[{"href":"https:\/\/abadecom.com\/fr\/wp-json\/wp\/v2\/posts\/9502","targetHints":{"allow":["GET"]}}],"collection":[{"href":"https:\/\/abadecom.com\/fr\/wp-json\/wp\/v2\/posts"}],"about":[{"href":"https:\/\/abadecom.com\/fr\/wp-json\/wp\/v2\/types\/post"}],"author":[{"embeddable":true,"href":"https:\/\/abadecom.com\/fr\/wp-json\/wp\/v2\/users\/1"}],"replies":[{"embeddable":true,"href":"https:\/\/abadecom.com\/fr\/wp-json\/wp\/v2\/comments?post=9502"}],"version-history":[{"count":3,"href":"https:\/\/abadecom.com\/fr\/wp-json\/wp\/v2\/posts\/9502\/revisions"}],"predecessor-version":[{"id":9507,"href":"https:\/\/abadecom.com\/fr\/wp-json\/wp\/v2\/posts\/9502\/revisions\/9507"}],"wp:featuredmedia":[{"embeddable":true,"href":"https:\/\/abadecom.com\/fr\/wp-json\/wp\/v2\/media\/9503"}],"wp:attachment":[{"href":"https:\/\/abadecom.com\/fr\/wp-json\/wp\/v2\/media?parent=9502"}],"wp:term":[{"taxonomy":"category","embeddable":true,"href":"https:\/\/abadecom.com\/fr\/wp-json\/wp\/v2\/categories?post=9502"},{"taxonomy":"post_tag","embeddable":true,"href":"https:\/\/abadecom.com\/fr\/wp-json\/wp\/v2\/tags?post=9502"}],"curies":[{"name":"wp","href":"https:\/\/api.w.org\/{rel}","templated":true}]}}