{"id":936,"date":"2018-12-07T18:11:51","date_gmt":"2018-12-07T18:11:51","guid":{"rendered":"https:\/\/gbsolutions.es\/?p=936"},"modified":"2022-03-19T15:15:16","modified_gmt":"2022-03-19T15:15:16","slug":"prix-du-paysage-de-lannee-2018","status":"publish","type":"post","link":"https:\/\/abadecom.com\/fr\/premio-paisajismo-del-ano-2018\/","title":{"rendered":"Prix de l'am\u00e9nagement paysager de l'ann\u00e9e 2018"},"content":{"rendered":"<p class=\"wp-block-paragraph\">Un chemin en b\u00e9ton luminescent con\u00e7u par <a href=\"https:\/\/www.metalocus.es\/es\/noticias\/nuevo-mercado-de-calafell\" target=\"_blank\" rel=\"noreferrer noopener\">Batlle i Roig Arquitectes<\/a> pour parcourir un ancien territoire minier d\u00e9grad\u00e9 dans la municipalit\u00e9 d'Igualada, pr\u00e8s de Barcelone, a \u00e9t\u00e9 r\u00e9compens\u00e9 par le titre de Paysage de l'ann\u00e9e 2018. WAF.<\/p>\n\n\n\n<p class=\"wp-block-paragraph\">La proposition con\u00e7ue par&nbsp;<a href=\"https:\/\/www.metalocus.es\/es\/noticias\/centro-de-tratamiento-de-residuos-del-valles-occidental\" target=\"_blank\" rel=\"noreferrer noopener\">Batlle i Roig Arquitectes<\/a> il s'inscrit dans le cadre du projet global de l'Anneau Vert d'Igualada, qui vise \u00e0 cr\u00e9er un ensemble d'itin\u00e9raires pour pi\u00e9tons et cyclistes sous la forme d'une ceinture verte \u00e0 la p\u00e9riph\u00e9rie de la ville. L'espace naturel travers\u00e9 par le chemin \u00e9tait fortement d\u00e9grad\u00e9 par son usage industriel, ayant fait l'objet d'une intense activit\u00e9 d'extraction de la craie pr\u00e9sente dans son sous-sol (Guixeres del Claret i del Pelfort). Apr\u00e8s la fin de l'activit\u00e9 mini\u00e8re, la zone a \u00e9t\u00e9 utilis\u00e9e comme station de transfert pour les d\u00e9chets de la municipalit\u00e9.<\/p>\n\n\n\n<p class=\"wp-block-paragraph\">Le projet a deux objectifs principaux : l'un de connectivit\u00e9, visant \u00e0 assurer la continuit\u00e9 de cette ceinture verte globale tout en mettant en valeur les principales vues sur la ville et Montserrat, et en cr\u00e9ant une s\u00e9quence d'espaces de s\u00e9jour. Et un second de restauration paysag\u00e8re et de biodiversit\u00e9, \u00e9tablissant les \u00e9l\u00e9ments n\u00e9cessaires pour g\u00e9n\u00e9rer une nouvelle dynamique sur le site qui am\u00e9liore progressivement ses conditions environnementales gr\u00e2ce \u00e0 la valorisation de l'eau.<\/p>\n\n\n\n<p class=\"wp-block-paragraph\"><a rel=\"noreferrer noopener\" href=\"https:\/\/www.metalocus.es\/es\/noticias\/proyecto-de-paisajismo-del-ano-sendero-de-hormigon-luminiscente-en-unas-antiguas-minas-de-tiza-por-batlle-i-roig\" target=\"_blank\">Lire l'article original<\/a><\/p>\n\n\n\n<figure class=\"wp-block-image size-large is-style-default\"><img loading=\"lazy\" decoding=\"async\" width=\"683\" height=\"1024\" src=\"https:\/\/abadecom.com\/wp-content\/uploads\/2018\/12\/metalocus_camino_mirador_minas_yeso_16-683x1024.jpg\" alt=\"\" class=\"wp-image-2776\" srcset=\"https:\/\/abadecom.com\/wp-content\/uploads\/2018\/12\/metalocus_camino_mirador_minas_yeso_16-683x1024.jpg 683w, https:\/\/abadecom.com\/wp-content\/uploads\/2018\/12\/metalocus_camino_mirador_minas_yeso_16-200x300.jpg 200w, https:\/\/abadecom.com\/wp-content\/uploads\/2018\/12\/metalocus_camino_mirador_minas_yeso_16.jpg 734w\" sizes=\"auto, (max-width: 683px) 100vw, 683px\" \/><\/figure>","protected":false},"excerpt":{"rendered":"<p>Un camino de hormig\u00f3n luminiscente dise\u00f1ado por Batlle i Roig Arquitectes para recorrer un antiguo territorio minero degradado en el municipio de Igualada, cerca de Barcelona, ha sido galardonado con el t\u00edtulo de Paisaje del a\u00f1o 2018. WAF. La propuesta dise\u00f1ada por&nbsp;Batlle i Roig Arquitectes se enmarca dentro del proyecto global del Anillo Verde de [&#8230;]<\/p>\n<p><a class=\"btn btn-secondary understrap-read-more-link\" href=\"https:\/\/abadecom.com\/fr\/premio-paisajismo-del-ano-2018\/\">Lire la suite\u2026<span class=\"screen-reader-text\"> from Premio Paisajismo del a\u00f1o 2018<\/span><\/a><\/p>\n","protected":false},"author":1,"featured_media":2776,"comment_status":"closed","ping_status":"closed","sticky":false,"template":"","format":"standard","meta":{"content-type":"","_monsterinsights_skip_tracking":false,"pgc_sgb_lightbox_settings":"","footnotes":""},"categories":[88],"tags":[],"class_list":["post-936","post","type-post","status-publish","format-standard","has-post-thumbnail","hentry","category-trabajos"],"yoast_head":"<!-- This site is optimized with the Yoast SEO plugin v28.4 - https:\/\/yoast.com\/product\/yoast-seo-wordpress\/ -->\n<title>Premio Paisajismo del a\u00f1o 2018 - Abadecom<\/title>\n<meta name=\"robots\" content=\"index, follow, max-snippet:-1, max-image-preview:large, max-video-preview:-1\" \/>\n<link rel=\"canonical\" href=\"https:\/\/abadecom.com\/fr\/prix-du-paysage-de-lannee-2018\/\" \/>\n<meta property=\"og:locale\" content=\"fr_FR\" \/>\n<meta property=\"og:type\" content=\"article\" \/>\n<meta property=\"og:title\" content=\"Premio Paisajismo del a\u00f1o 2018 - Abadecom\" \/>\n<meta property=\"og:description\" content=\"Un camino de hormig\u00f3n luminiscente dise\u00f1ado por Batlle i Roig Arquitectes para recorrer un antiguo territorio minero degradado en el municipio de Igualada, cerca de Barcelona, ha sido galardonado con el t\u00edtulo de Paisaje del a\u00f1o 2018. WAF. La propuesta dise\u00f1ada por&nbsp;Batlle i Roig Arquitectes se enmarca dentro del proyecto global del Anillo Verde de [...]Lire la suite\u2026 from Premio Paisajismo del a\u00f1o 2018\" \/>\n<meta property=\"og:url\" content=\"https:\/\/abadecom.com\/fr\/prix-du-paysage-de-lannee-2018\/\" \/>\n<meta property=\"og:site_name\" content=\"Abadecom\" \/>\n<meta property=\"article:published_time\" content=\"2018-12-07T18:11:51+00:00\" \/>\n<meta property=\"article:modified_time\" content=\"2022-03-19T15:15:16+00:00\" \/>\n<meta property=\"og:image\" content=\"https:\/\/abadecom.com\/wp-content\/uploads\/2018\/12\/metalocus_camino_mirador_minas_yeso_16.jpg\" \/>\n\t<meta property=\"og:image:width\" content=\"734\" \/>\n\t<meta property=\"og:image:height\" content=\"1100\" \/>\n\t<meta property=\"og:image:type\" content=\"image\/jpeg\" \/>\n<meta name=\"author\" content=\"AdminAabadeco\" \/>\n<meta name=\"twitter:card\" content=\"summary_large_image\" \/>\n<meta name=\"twitter:label1\" content=\"\u00c9crit par\" \/>\n\t<meta name=\"twitter:data1\" content=\"AdminAabadeco\" \/>\n\t<meta name=\"twitter:label2\" content=\"Dur\u00e9e de lecture estim\u00e9e\" \/>\n\t<meta name=\"twitter:data2\" content=\"1 minute\" \/>\n<script type=\"application\/ld+json\" class=\"yoast-schema-graph\">{\"@context\":\"https:\\\/\\\/schema.org\",\"@graph\":[{\"@type\":\"Article\",\"@id\":\"https:\\\/\\\/abadecom.com\\\/premio-paisajismo-del-ano-2018\\\/#article\",\"isPartOf\":{\"@id\":\"https:\\\/\\\/abadecom.com\\\/premio-paisajismo-del-ano-2018\\\/\"},\"author\":{\"name\":\"AdminAabadeco\",\"@id\":\"https:\\\/\\\/abadecom.com\\\/#\\\/schema\\\/person\\\/477a7cc0ed6c040d67343c7a3fda930b\"},\"headline\":\"Premio Paisajismo del a\u00f1o 2018\",\"datePublished\":\"2018-12-07T18:11:51+00:00\",\"dateModified\":\"2022-03-19T15:15:16+00:00\",\"mainEntityOfPage\":{\"@id\":\"https:\\\/\\\/abadecom.com\\\/premio-paisajismo-del-ano-2018\\\/\"},\"wordCount\":226,\"publisher\":{\"@id\":\"https:\\\/\\\/abadecom.com\\\/#organization\"},\"image\":{\"@id\":\"https:\\\/\\\/abadecom.com\\\/premio-paisajismo-del-ano-2018\\\/#primaryimage\"},\"thumbnailUrl\":\"https:\\\/\\\/abadecom.com\\\/wp-content\\\/uploads\\\/2018\\\/12\\\/metalocus_camino_mirador_minas_yeso_16.jpg\",\"articleSection\":[\"Trabajos\"],\"inLanguage\":\"fr-FR\"},{\"@type\":\"WebPage\",\"@id\":\"https:\\\/\\\/abadecom.com\\\/premio-paisajismo-del-ano-2018\\\/\",\"url\":\"https:\\\/\\\/abadecom.com\\\/premio-paisajismo-del-ano-2018\\\/\",\"name\":\"Premio Paisajismo del a\u00f1o 2018 - Abadecom\",\"isPartOf\":{\"@id\":\"https:\\\/\\\/abadecom.com\\\/#website\"},\"primaryImageOfPage\":{\"@id\":\"https:\\\/\\\/abadecom.com\\\/premio-paisajismo-del-ano-2018\\\/#primaryimage\"},\"image\":{\"@id\":\"https:\\\/\\\/abadecom.com\\\/premio-paisajismo-del-ano-2018\\\/#primaryimage\"},\"thumbnailUrl\":\"https:\\\/\\\/abadecom.com\\\/wp-content\\\/uploads\\\/2018\\\/12\\\/metalocus_camino_mirador_minas_yeso_16.jpg\",\"datePublished\":\"2018-12-07T18:11:51+00:00\",\"dateModified\":\"2022-03-19T15:15:16+00:00\",\"inLanguage\":\"fr-FR\",\"potentialAction\":[{\"@type\":\"ReadAction\",\"target\":[\"https:\\\/\\\/abadecom.com\\\/premio-paisajismo-del-ano-2018\\\/\"]}]},{\"@type\":\"ImageObject\",\"inLanguage\":\"fr-FR\",\"@id\":\"https:\\\/\\\/abadecom.com\\\/premio-paisajismo-del-ano-2018\\\/#primaryimage\",\"url\":\"https:\\\/\\\/abadecom.com\\\/wp-content\\\/uploads\\\/2018\\\/12\\\/metalocus_camino_mirador_minas_yeso_16.jpg\",\"contentUrl\":\"https:\\\/\\\/abadecom.com\\\/wp-content\\\/uploads\\\/2018\\\/12\\\/metalocus_camino_mirador_minas_yeso_16.jpg\",\"width\":734,\"height\":1100},{\"@type\":\"WebSite\",\"@id\":\"https:\\\/\\\/abadecom.com\\\/#website\",\"url\":\"https:\\\/\\\/abadecom.com\\\/\",\"name\":\"Abadecom\",\"description\":\"Productos sostenibles y respetuosos con el medio ambiente\",\"publisher\":{\"@id\":\"https:\\\/\\\/abadecom.com\\\/#organization\"},\"alternateName\":\"Abadecom\",\"potentialAction\":[{\"@type\":\"SearchAction\",\"target\":{\"@type\":\"EntryPoint\",\"urlTemplate\":\"https:\\\/\\\/abadecom.com\\\/?s={search_term_string}\"},\"query-input\":{\"@type\":\"PropertyValueSpecification\",\"valueRequired\":true,\"valueName\":\"search_term_string\"}}],\"inLanguage\":\"fr-FR\"},{\"@type\":\"Organization\",\"@id\":\"https:\\\/\\\/abadecom.com\\\/#organization\",\"name\":\"Abadecom\",\"url\":\"https:\\\/\\\/abadecom.com\\\/\",\"logo\":{\"@type\":\"ImageObject\",\"inLanguage\":\"fr-FR\",\"@id\":\"https:\\\/\\\/abadecom.com\\\/#\\\/schema\\\/logo\\\/image\\\/\",\"url\":\"https:\\\/\\\/abadecom.com\\\/wp-content\\\/uploads\\\/2022\\\/03\\\/Logo-Abadecom-e1647715158799.png\",\"contentUrl\":\"https:\\\/\\\/abadecom.com\\\/wp-content\\\/uploads\\\/2022\\\/03\\\/Logo-Abadecom-e1647715158799.png\",\"width\":200,\"height\":117,\"caption\":\"Abadecom\"},\"image\":{\"@id\":\"https:\\\/\\\/abadecom.com\\\/#\\\/schema\\\/logo\\\/image\\\/\"}},{\"@type\":\"Person\",\"@id\":\"https:\\\/\\\/abadecom.com\\\/#\\\/schema\\\/person\\\/477a7cc0ed6c040d67343c7a3fda930b\",\"name\":\"AdminAabadeco\",\"image\":{\"@type\":\"ImageObject\",\"inLanguage\":\"fr-FR\",\"@id\":\"https:\\\/\\\/secure.gravatar.com\\\/avatar\\\/2630c0cee03e7f483e5ca41ec6649375f24ca272e920f8386983684762e36487?s=96&d=mm&r=g\",\"url\":\"https:\\\/\\\/secure.gravatar.com\\\/avatar\\\/2630c0cee03e7f483e5ca41ec6649375f24ca272e920f8386983684762e36487?s=96&d=mm&r=g\",\"contentUrl\":\"https:\\\/\\\/secure.gravatar.com\\\/avatar\\\/2630c0cee03e7f483e5ca41ec6649375f24ca272e920f8386983684762e36487?s=96&d=mm&r=g\",\"caption\":\"AdminAabadeco\"},\"sameAs\":[\"https:\\\/\\\/abadecom.com\"],\"url\":\"https:\\\/\\\/abadecom.com\\\/fr\\\/author\\\/adminaabadeco\\\/\"}]}<\/script>\n<!-- \/ Yoast SEO plugin. -->","yoast_head_json":{"title":"Prix du paysagisme de l'ann\u00e9e 2018 - Abadecom","robots":{"index":"index","follow":"follow","max-snippet":"max-snippet:-1","max-image-preview":"max-image-preview:large","max-video-preview":"max-video-preview:-1"},"canonical":"https:\/\/abadecom.com\/fr\/prix-du-paysage-de-lannee-2018\/","og_locale":"fr_FR","og_type":"article","og_title":"Premio Paisajismo del a\u00f1o 2018 - Abadecom","og_description":"Un camino de hormig\u00f3n luminiscente dise\u00f1ado por Batlle i Roig Arquitectes para recorrer un antiguo territorio minero degradado en el municipio de Igualada, cerca de Barcelona, ha sido galardonado con el t\u00edtulo de Paisaje del a\u00f1o 2018. WAF. La propuesta dise\u00f1ada por&nbsp;Batlle i Roig Arquitectes se enmarca dentro del proyecto global del Anillo Verde de [...]Lire la suite\u2026 from Premio Paisajismo del a\u00f1o 2018","og_url":"https:\/\/abadecom.com\/fr\/prix-du-paysage-de-lannee-2018\/","og_site_name":"Abadecom","article_published_time":"2018-12-07T18:11:51+00:00","article_modified_time":"2022-03-19T15:15:16+00:00","og_image":[{"width":734,"height":1100,"url":"https:\/\/abadecom.com\/wp-content\/uploads\/2018\/12\/metalocus_camino_mirador_minas_yeso_16.jpg","type":"image\/jpeg"}],"author":"AdminAabadeco","twitter_card":"summary_large_image","twitter_misc":{"\u00c9crit par":"AdminAabadeco","Dur\u00e9e de lecture estim\u00e9e":"1 minute"},"schema":{"@context":"https:\/\/schema.org","@graph":[{"@type":"Article","@id":"https:\/\/abadecom.com\/premio-paisajismo-del-ano-2018\/#article","isPartOf":{"@id":"https:\/\/abadecom.com\/premio-paisajismo-del-ano-2018\/"},"author":{"name":"AdminAabadeco","@id":"https:\/\/abadecom.com\/#\/schema\/person\/477a7cc0ed6c040d67343c7a3fda930b"},"headline":"Premio Paisajismo del a\u00f1o 2018","datePublished":"2018-12-07T18:11:51+00:00","dateModified":"2022-03-19T15:15:16+00:00","mainEntityOfPage":{"@id":"https:\/\/abadecom.com\/premio-paisajismo-del-ano-2018\/"},"wordCount":226,"publisher":{"@id":"https:\/\/abadecom.com\/#organization"},"image":{"@id":"https:\/\/abadecom.com\/premio-paisajismo-del-ano-2018\/#primaryimage"},"thumbnailUrl":"https:\/\/abadecom.com\/wp-content\/uploads\/2018\/12\/metalocus_camino_mirador_minas_yeso_16.jpg","articleSection":["Trabajos"],"inLanguage":"fr-FR"},{"@type":"WebPage","@id":"https:\/\/abadecom.com\/premio-paisajismo-del-ano-2018\/","url":"https:\/\/abadecom.com\/premio-paisajismo-del-ano-2018\/","name":"Prix du paysagisme de l'ann\u00e9e 2018 - Abadecom","isPartOf":{"@id":"https:\/\/abadecom.com\/#website"},"primaryImageOfPage":{"@id":"https:\/\/abadecom.com\/premio-paisajismo-del-ano-2018\/#primaryimage"},"image":{"@id":"https:\/\/abadecom.com\/premio-paisajismo-del-ano-2018\/#primaryimage"},"thumbnailUrl":"https:\/\/abadecom.com\/wp-content\/uploads\/2018\/12\/metalocus_camino_mirador_minas_yeso_16.jpg","datePublished":"2018-12-07T18:11:51+00:00","dateModified":"2022-03-19T15:15:16+00:00","inLanguage":"fr-FR","potentialAction":[{"@type":"ReadAction","target":["https:\/\/abadecom.com\/premio-paisajismo-del-ano-2018\/"]}]},{"@type":"ImageObject","inLanguage":"fr-FR","@id":"https:\/\/abadecom.com\/premio-paisajismo-del-ano-2018\/#primaryimage","url":"https:\/\/abadecom.com\/wp-content\/uploads\/2018\/12\/metalocus_camino_mirador_minas_yeso_16.jpg","contentUrl":"https:\/\/abadecom.com\/wp-content\/uploads\/2018\/12\/metalocus_camino_mirador_minas_yeso_16.jpg","width":734,"height":1100},{"@type":"WebSite","@id":"https:\/\/abadecom.com\/#website","url":"https:\/\/abadecom.com\/","name":"Abadecom","description":"Produits durables et respectueux de l'environnement","publisher":{"@id":"https:\/\/abadecom.com\/#organization"},"alternateName":"Abadecom","potentialAction":[{"@type":"SearchAction","target":{"@type":"EntryPoint","urlTemplate":"https:\/\/abadecom.com\/?s={search_term_string}"},"query-input":{"@type":"PropertyValueSpecification","valueRequired":true,"valueName":"search_term_string"}}],"inLanguage":"fr-FR"},{"@type":"Organization","@id":"https:\/\/abadecom.com\/#organization","name":"Abadecom","url":"https:\/\/abadecom.com\/","logo":{"@type":"ImageObject","inLanguage":"fr-FR","@id":"https:\/\/abadecom.com\/#\/schema\/logo\/image\/","url":"https:\/\/abadecom.com\/wp-content\/uploads\/2022\/03\/Logo-Abadecom-e1647715158799.png","contentUrl":"https:\/\/abadecom.com\/wp-content\/uploads\/2022\/03\/Logo-Abadecom-e1647715158799.png","width":200,"height":117,"caption":"Abadecom"},"image":{"@id":"https:\/\/abadecom.com\/#\/schema\/logo\/image\/"}},{"@type":"Person","@id":"https:\/\/abadecom.com\/#\/schema\/person\/477a7cc0ed6c040d67343c7a3fda930b","name":"AdminAabadeco","image":{"@type":"ImageObject","inLanguage":"fr-FR","@id":"https:\/\/secure.gravatar.com\/avatar\/2630c0cee03e7f483e5ca41ec6649375f24ca272e920f8386983684762e36487?s=96&d=mm&r=g","url":"https:\/\/secure.gravatar.com\/avatar\/2630c0cee03e7f483e5ca41ec6649375f24ca272e920f8386983684762e36487?s=96&d=mm&r=g","contentUrl":"https:\/\/secure.gravatar.com\/avatar\/2630c0cee03e7f483e5ca41ec6649375f24ca272e920f8386983684762e36487?s=96&d=mm&r=g","caption":"AdminAabadeco"},"sameAs":["https:\/\/abadecom.com"],"url":"https:\/\/abadecom.com\/fr\/author\/adminaabadeco\/"}]}},"_links":{"self":[{"href":"https:\/\/abadecom.com\/fr\/wp-json\/wp\/v2\/posts\/936","targetHints":{"allow":["GET"]}}],"collection":[{"href":"https:\/\/abadecom.com\/fr\/wp-json\/wp\/v2\/posts"}],"about":[{"href":"https:\/\/abadecom.com\/fr\/wp-json\/wp\/v2\/types\/post"}],"author":[{"embeddable":true,"href":"https:\/\/abadecom.com\/fr\/wp-json\/wp\/v2\/users\/1"}],"replies":[{"embeddable":true,"href":"https:\/\/abadecom.com\/fr\/wp-json\/wp\/v2\/comments?post=936"}],"version-history":[{"count":1,"href":"https:\/\/abadecom.com\/fr\/wp-json\/wp\/v2\/posts\/936\/revisions"}],"predecessor-version":[{"id":4241,"href":"https:\/\/abadecom.com\/fr\/wp-json\/wp\/v2\/posts\/936\/revisions\/4241"}],"wp:featuredmedia":[{"embeddable":true,"href":"https:\/\/abadecom.com\/fr\/wp-json\/wp\/v2\/media\/2776"}],"wp:attachment":[{"href":"https:\/\/abadecom.com\/fr\/wp-json\/wp\/v2\/media?parent=936"}],"wp:term":[{"taxonomy":"category","embeddable":true,"href":"https:\/\/abadecom.com\/fr\/wp-json\/wp\/v2\/categories?post=936"},{"taxonomy":"post_tag","embeddable":true,"href":"https:\/\/abadecom.com\/fr\/wp-json\/wp\/v2\/tags?post=936"}],"curies":[{"name":"wp","href":"https:\/\/api.w.org\/{rel}","templated":true}]}}