{"id":9324,"date":"2023-11-23T12:22:04","date_gmt":"2023-11-23T12:22:04","guid":{"rendered":"https:\/\/abadecom.com\/?p=9324"},"modified":"2023-11-23T12:22:06","modified_gmt":"2023-11-23T12:22:06","slug":"ampliamos-nuestra-oferta-de-maquinarias","status":"publish","type":"post","link":"https:\/\/abadecom.com\/fr\/ampliamos-nuestra-oferta-de-maquinarias\/","title":{"rendered":"Ampliamos Nuestra Oferta de Maquinarias"},"content":{"rendered":"<p class=\"wp-block-paragraph\">En Abadecom Maquinarias estamos encantados de compartir el crecimiento continuo de nuestra familia de <a href=\"https:\/\/abadecom.com\/fr\/industria-alimentaria\/\">maquinarias<\/a> con la reciente adquisici\u00f3n de 3 nuevas joyas tecnol\u00f3gicas dise\u00f1adas especialmente para la industria alimentaria.<\/p>\n\n\n\n<p class=\"wp-block-paragraph\">1\ufe0f\u20e3 M\u00e1quina de Llenado: Optimizando el proceso de producci\u00f3n, nuestra nueva m\u00e1quina de llenado garantiza precisi\u00f3n y eficiencia en la dosificaci\u00f3n de ingredientes. Desde salsas hasta rellenos, \u00a1nuestro equipo est\u00e1 listo para llevar la consistencia a un nuevo nivel!<\/p>\n\n\n\n<p class=\"wp-block-paragraph\">2\ufe0f\u20e3 M\u00e1quina Armadora de Empanadas: Con nuestra m\u00e1quina armadora, simplificamos y aceleramos el proceso, asegurando empanadas perfectamente formadas en cada ciclo. \u00a1Una soluci\u00f3n ideal para aumentar la capacidad de producci\u00f3n sin comprometer la calidad!<\/p>\n\n\n\n<p class=\"wp-block-paragraph\">3\ufe0f\u20e3 M\u00e1quina Divisora de Masa: La precisi\u00f3n es clave en la industria alimentaria, y nuestra nueva m\u00e1quina divisora de masa lo hace posible. Desde panes hasta boller\u00eda, esta m\u00e1quina asegura porciones uniformes y una distribuci\u00f3n consistente para obtener productos de alta calidad.<\/p>\n\n\n\n<p class=\"wp-block-paragraph\">Estamos comprometidos con brindar soluciones innovadoras que impulsen el \u00e9xito de nuestros clientes. Estas m\u00e1quinas representan no solo tecnolog\u00eda avanzada, sino tambi\u00e9n nuestra dedicaci\u00f3n para mejorar los procesos de producci\u00f3n y la calidad del producto final.<\/p>\n\n\n\n<p class=\"wp-block-paragraph\">Agradecemos a nuestros clientes por confiar en Abadecom Maquinarias. Estamos emocionados por las oportunidades que estas nuevas adiciones ofrecen para elevar los est\u00e1ndares en la industria alimentaria. \u00a1Mant\u00e9nganse atentos para obtener m\u00e1s detalles sobre estas incorporaciones a nuestro cat\u00e1logo de maquinarias!<\/p>","protected":false},"excerpt":{"rendered":"<p>En Abadecom Maquinarias estamos encantados de compartir el crecimiento continuo de nuestra familia de maquinarias con la reciente adquisici\u00f3n de 3 nuevas joyas tecnol\u00f3gicas dise\u00f1adas especialmente para la industria alimentaria. 1\ufe0f\u20e3 M\u00e1quina de Llenado: Optimizando el proceso de producci\u00f3n, nuestra nueva m\u00e1quina de llenado garantiza precisi\u00f3n y eficiencia en la dosificaci\u00f3n de ingredientes. Desde salsas [&#8230;]<\/p>\n<p><a class=\"btn btn-secondary understrap-read-more-link\" href=\"https:\/\/abadecom.com\/fr\/ampliamos-nuestra-oferta-de-maquinarias\/\">Lire la suite\u2026<span class=\"screen-reader-text\"> from Ampliamos Nuestra Oferta de Maquinarias<\/span><\/a><\/p>\n","protected":false},"author":1,"featured_media":9325,"comment_status":"open","ping_status":"open","sticky":false,"template":"","format":"standard","meta":{"content-type":"","_monsterinsights_skip_tracking":false,"pgc_sgb_lightbox_settings":"","footnotes":""},"categories":[1],"tags":[],"class_list":["post-9324","post","type-post","status-publish","format-standard","has-post-thumbnail","hentry","category-sin-categorizar"],"yoast_head":"<!-- This site is optimized with the Yoast SEO plugin v28.4 - https:\/\/yoast.com\/product\/yoast-seo-wordpress\/ -->\n<title>Ampliamos Nuestra Oferta de Maquinarias - Abadecom<\/title>\n<meta name=\"description\" content=\"Estamos encantados de compartir el crecimiento continuo de nuestra familia de maquinarias con la reciente adquisici\u00f3n.\" \/>\n<meta name=\"robots\" content=\"index, follow, max-snippet:-1, max-image-preview:large, max-video-preview:-1\" \/>\n<link rel=\"canonical\" href=\"https:\/\/abadecom.com\/fr\/ampliamos-nuestra-oferta-de-maquinarias\/\" \/>\n<meta property=\"og:locale\" content=\"fr_FR\" \/>\n<meta property=\"og:type\" content=\"article\" \/>\n<meta property=\"og:title\" content=\"Ampliamos Nuestra Oferta de Maquinarias - Abadecom\" \/>\n<meta property=\"og:description\" content=\"Estamos encantados de compartir el crecimiento continuo de nuestra familia de maquinarias con la reciente adquisici\u00f3n.\" \/>\n<meta property=\"og:url\" content=\"https:\/\/abadecom.com\/fr\/ampliamos-nuestra-oferta-de-maquinarias\/\" \/>\n<meta property=\"og:site_name\" content=\"Abadecom\" \/>\n<meta property=\"article:published_time\" content=\"2023-11-23T12:22:04+00:00\" \/>\n<meta property=\"article:modified_time\" content=\"2023-11-23T12:22:06+00:00\" \/>\n<meta property=\"og:image\" content=\"https:\/\/abadecom.com\/wp-content\/uploads\/2023\/11\/post-maquinarias-scaled.jpg\" \/>\n\t<meta property=\"og:image:width\" content=\"2560\" \/>\n\t<meta property=\"og:image:height\" content=\"2560\" \/>\n\t<meta property=\"og:image:type\" content=\"image\/jpeg\" \/>\n<meta name=\"author\" content=\"AdminAabadeco\" \/>\n<meta name=\"twitter:card\" content=\"summary_large_image\" \/>\n<meta name=\"twitter:label1\" content=\"\u00c9crit par\" \/>\n\t<meta name=\"twitter:data1\" content=\"AdminAabadeco\" \/>\n\t<meta name=\"twitter:label2\" content=\"Dur\u00e9e de lecture estim\u00e9e\" \/>\n\t<meta name=\"twitter:data2\" content=\"2 minutes\" \/>\n<script type=\"application\/ld+json\" class=\"yoast-schema-graph\">{\"@context\":\"https:\\\/\\\/schema.org\",\"@graph\":[{\"@type\":\"Article\",\"@id\":\"https:\\\/\\\/abadecom.com\\\/ampliamos-nuestra-oferta-de-maquinarias\\\/#article\",\"isPartOf\":{\"@id\":\"https:\\\/\\\/abadecom.com\\\/ampliamos-nuestra-oferta-de-maquinarias\\\/\"},\"author\":{\"name\":\"AdminAabadeco\",\"@id\":\"https:\\\/\\\/abadecom.com\\\/#\\\/schema\\\/person\\\/477a7cc0ed6c040d67343c7a3fda930b\"},\"headline\":\"Ampliamos Nuestra Oferta de Maquinarias\",\"datePublished\":\"2023-11-23T12:22:04+00:00\",\"dateModified\":\"2023-11-23T12:22:06+00:00\",\"mainEntityOfPage\":{\"@id\":\"https:\\\/\\\/abadecom.com\\\/ampliamos-nuestra-oferta-de-maquinarias\\\/\"},\"wordCount\":250,\"commentCount\":0,\"publisher\":{\"@id\":\"https:\\\/\\\/abadecom.com\\\/#organization\"},\"image\":{\"@id\":\"https:\\\/\\\/abadecom.com\\\/ampliamos-nuestra-oferta-de-maquinarias\\\/#primaryimage\"},\"thumbnailUrl\":\"https:\\\/\\\/abadecom.com\\\/wp-content\\\/uploads\\\/2023\\\/11\\\/post-maquinarias-scaled.jpg\",\"articleSection\":[\"Sin categorizar\"],\"inLanguage\":\"fr-FR\",\"potentialAction\":[{\"@type\":\"CommentAction\",\"name\":\"Comment\",\"target\":[\"https:\\\/\\\/abadecom.com\\\/ampliamos-nuestra-oferta-de-maquinarias\\\/#respond\"]}]},{\"@type\":\"WebPage\",\"@id\":\"https:\\\/\\\/abadecom.com\\\/ampliamos-nuestra-oferta-de-maquinarias\\\/\",\"url\":\"https:\\\/\\\/abadecom.com\\\/ampliamos-nuestra-oferta-de-maquinarias\\\/\",\"name\":\"Ampliamos Nuestra Oferta de Maquinarias - Abadecom\",\"isPartOf\":{\"@id\":\"https:\\\/\\\/abadecom.com\\\/#website\"},\"primaryImageOfPage\":{\"@id\":\"https:\\\/\\\/abadecom.com\\\/ampliamos-nuestra-oferta-de-maquinarias\\\/#primaryimage\"},\"image\":{\"@id\":\"https:\\\/\\\/abadecom.com\\\/ampliamos-nuestra-oferta-de-maquinarias\\\/#primaryimage\"},\"thumbnailUrl\":\"https:\\\/\\\/abadecom.com\\\/wp-content\\\/uploads\\\/2023\\\/11\\\/post-maquinarias-scaled.jpg\",\"datePublished\":\"2023-11-23T12:22:04+00:00\",\"dateModified\":\"2023-11-23T12:22:06+00:00\",\"description\":\"Estamos encantados de compartir el crecimiento continuo de nuestra familia de maquinarias con la reciente adquisici\u00f3n.\",\"inLanguage\":\"fr-FR\",\"potentialAction\":[{\"@type\":\"ReadAction\",\"target\":[\"https:\\\/\\\/abadecom.com\\\/ampliamos-nuestra-oferta-de-maquinarias\\\/\"]}]},{\"@type\":\"ImageObject\",\"inLanguage\":\"fr-FR\",\"@id\":\"https:\\\/\\\/abadecom.com\\\/ampliamos-nuestra-oferta-de-maquinarias\\\/#primaryimage\",\"url\":\"https:\\\/\\\/abadecom.com\\\/wp-content\\\/uploads\\\/2023\\\/11\\\/post-maquinarias-scaled.jpg\",\"contentUrl\":\"https:\\\/\\\/abadecom.com\\\/wp-content\\\/uploads\\\/2023\\\/11\\\/post-maquinarias-scaled.jpg\",\"width\":2560,\"height\":2560},{\"@type\":\"WebSite\",\"@id\":\"https:\\\/\\\/abadecom.com\\\/#website\",\"url\":\"https:\\\/\\\/abadecom.com\\\/\",\"name\":\"Abadecom\",\"description\":\"Productos sostenibles y respetuosos con el medio ambiente\",\"publisher\":{\"@id\":\"https:\\\/\\\/abadecom.com\\\/#organization\"},\"alternateName\":\"Abadecom\",\"potentialAction\":[{\"@type\":\"SearchAction\",\"target\":{\"@type\":\"EntryPoint\",\"urlTemplate\":\"https:\\\/\\\/abadecom.com\\\/?s={search_term_string}\"},\"query-input\":{\"@type\":\"PropertyValueSpecification\",\"valueRequired\":true,\"valueName\":\"search_term_string\"}}],\"inLanguage\":\"fr-FR\"},{\"@type\":\"Organization\",\"@id\":\"https:\\\/\\\/abadecom.com\\\/#organization\",\"name\":\"Abadecom\",\"url\":\"https:\\\/\\\/abadecom.com\\\/\",\"logo\":{\"@type\":\"ImageObject\",\"inLanguage\":\"fr-FR\",\"@id\":\"https:\\\/\\\/abadecom.com\\\/#\\\/schema\\\/logo\\\/image\\\/\",\"url\":\"https:\\\/\\\/abadecom.com\\\/wp-content\\\/uploads\\\/2022\\\/03\\\/Logo-Abadecom-e1647715158799.png\",\"contentUrl\":\"https:\\\/\\\/abadecom.com\\\/wp-content\\\/uploads\\\/2022\\\/03\\\/Logo-Abadecom-e1647715158799.png\",\"width\":200,\"height\":117,\"caption\":\"Abadecom\"},\"image\":{\"@id\":\"https:\\\/\\\/abadecom.com\\\/#\\\/schema\\\/logo\\\/image\\\/\"}},{\"@type\":\"Person\",\"@id\":\"https:\\\/\\\/abadecom.com\\\/#\\\/schema\\\/person\\\/477a7cc0ed6c040d67343c7a3fda930b\",\"name\":\"AdminAabadeco\",\"image\":{\"@type\":\"ImageObject\",\"inLanguage\":\"fr-FR\",\"@id\":\"https:\\\/\\\/secure.gravatar.com\\\/avatar\\\/2630c0cee03e7f483e5ca41ec6649375f24ca272e920f8386983684762e36487?s=96&d=mm&r=g\",\"url\":\"https:\\\/\\\/secure.gravatar.com\\\/avatar\\\/2630c0cee03e7f483e5ca41ec6649375f24ca272e920f8386983684762e36487?s=96&d=mm&r=g\",\"contentUrl\":\"https:\\\/\\\/secure.gravatar.com\\\/avatar\\\/2630c0cee03e7f483e5ca41ec6649375f24ca272e920f8386983684762e36487?s=96&d=mm&r=g\",\"caption\":\"AdminAabadeco\"},\"sameAs\":[\"https:\\\/\\\/abadecom.com\"],\"url\":\"https:\\\/\\\/abadecom.com\\\/fr\\\/author\\\/adminaabadeco\\\/\"}]}<\/script>\n<!-- \/ Yoast SEO plugin. -->","yoast_head_json":{"title":"Ampliamos Nuestra Oferta de Maquinarias - Abadecom","description":"Estamos encantados de compartir el crecimiento continuo de nuestra familia de maquinarias con la reciente adquisici\u00f3n.","robots":{"index":"index","follow":"follow","max-snippet":"max-snippet:-1","max-image-preview":"max-image-preview:large","max-video-preview":"max-video-preview:-1"},"canonical":"https:\/\/abadecom.com\/fr\/ampliamos-nuestra-oferta-de-maquinarias\/","og_locale":"fr_FR","og_type":"article","og_title":"Ampliamos Nuestra Oferta de Maquinarias - Abadecom","og_description":"Estamos encantados de compartir el crecimiento continuo de nuestra familia de maquinarias con la reciente adquisici\u00f3n.","og_url":"https:\/\/abadecom.com\/fr\/ampliamos-nuestra-oferta-de-maquinarias\/","og_site_name":"Abadecom","article_published_time":"2023-11-23T12:22:04+00:00","article_modified_time":"2023-11-23T12:22:06+00:00","og_image":[{"width":2560,"height":2560,"url":"https:\/\/abadecom.com\/wp-content\/uploads\/2023\/11\/post-maquinarias-scaled.jpg","type":"image\/jpeg"}],"author":"AdminAabadeco","twitter_card":"summary_large_image","twitter_misc":{"\u00c9crit par":"AdminAabadeco","Dur\u00e9e de lecture estim\u00e9e":"2 minutes"},"schema":{"@context":"https:\/\/schema.org","@graph":[{"@type":"Article","@id":"https:\/\/abadecom.com\/ampliamos-nuestra-oferta-de-maquinarias\/#article","isPartOf":{"@id":"https:\/\/abadecom.com\/ampliamos-nuestra-oferta-de-maquinarias\/"},"author":{"name":"AdminAabadeco","@id":"https:\/\/abadecom.com\/#\/schema\/person\/477a7cc0ed6c040d67343c7a3fda930b"},"headline":"Ampliamos Nuestra Oferta de Maquinarias","datePublished":"2023-11-23T12:22:04+00:00","dateModified":"2023-11-23T12:22:06+00:00","mainEntityOfPage":{"@id":"https:\/\/abadecom.com\/ampliamos-nuestra-oferta-de-maquinarias\/"},"wordCount":250,"commentCount":0,"publisher":{"@id":"https:\/\/abadecom.com\/#organization"},"image":{"@id":"https:\/\/abadecom.com\/ampliamos-nuestra-oferta-de-maquinarias\/#primaryimage"},"thumbnailUrl":"https:\/\/abadecom.com\/wp-content\/uploads\/2023\/11\/post-maquinarias-scaled.jpg","articleSection":["Sin categorizar"],"inLanguage":"fr-FR","potentialAction":[{"@type":"CommentAction","name":"Comment","target":["https:\/\/abadecom.com\/ampliamos-nuestra-oferta-de-maquinarias\/#respond"]}]},{"@type":"WebPage","@id":"https:\/\/abadecom.com\/ampliamos-nuestra-oferta-de-maquinarias\/","url":"https:\/\/abadecom.com\/ampliamos-nuestra-oferta-de-maquinarias\/","name":"Ampliamos Nuestra Oferta de Maquinarias - Abadecom","isPartOf":{"@id":"https:\/\/abadecom.com\/#website"},"primaryImageOfPage":{"@id":"https:\/\/abadecom.com\/ampliamos-nuestra-oferta-de-maquinarias\/#primaryimage"},"image":{"@id":"https:\/\/abadecom.com\/ampliamos-nuestra-oferta-de-maquinarias\/#primaryimage"},"thumbnailUrl":"https:\/\/abadecom.com\/wp-content\/uploads\/2023\/11\/post-maquinarias-scaled.jpg","datePublished":"2023-11-23T12:22:04+00:00","dateModified":"2023-11-23T12:22:06+00:00","description":"Estamos encantados de compartir el crecimiento continuo de nuestra familia de maquinarias con la reciente adquisici\u00f3n.","inLanguage":"fr-FR","potentialAction":[{"@type":"ReadAction","target":["https:\/\/abadecom.com\/ampliamos-nuestra-oferta-de-maquinarias\/"]}]},{"@type":"ImageObject","inLanguage":"fr-FR","@id":"https:\/\/abadecom.com\/ampliamos-nuestra-oferta-de-maquinarias\/#primaryimage","url":"https:\/\/abadecom.com\/wp-content\/uploads\/2023\/11\/post-maquinarias-scaled.jpg","contentUrl":"https:\/\/abadecom.com\/wp-content\/uploads\/2023\/11\/post-maquinarias-scaled.jpg","width":2560,"height":2560},{"@type":"WebSite","@id":"https:\/\/abadecom.com\/#website","url":"https:\/\/abadecom.com\/","name":"Abadecom","description":"Produits durables et respectueux de l'environnement","publisher":{"@id":"https:\/\/abadecom.com\/#organization"},"alternateName":"Abadecom","potentialAction":[{"@type":"SearchAction","target":{"@type":"EntryPoint","urlTemplate":"https:\/\/abadecom.com\/?s={search_term_string}"},"query-input":{"@type":"PropertyValueSpecification","valueRequired":true,"valueName":"search_term_string"}}],"inLanguage":"fr-FR"},{"@type":"Organization","@id":"https:\/\/abadecom.com\/#organization","name":"Abadecom","url":"https:\/\/abadecom.com\/","logo":{"@type":"ImageObject","inLanguage":"fr-FR","@id":"https:\/\/abadecom.com\/#\/schema\/logo\/image\/","url":"https:\/\/abadecom.com\/wp-content\/uploads\/2022\/03\/Logo-Abadecom-e1647715158799.png","contentUrl":"https:\/\/abadecom.com\/wp-content\/uploads\/2022\/03\/Logo-Abadecom-e1647715158799.png","width":200,"height":117,"caption":"Abadecom"},"image":{"@id":"https:\/\/abadecom.com\/#\/schema\/logo\/image\/"}},{"@type":"Person","@id":"https:\/\/abadecom.com\/#\/schema\/person\/477a7cc0ed6c040d67343c7a3fda930b","name":"AdminAabadeco","image":{"@type":"ImageObject","inLanguage":"fr-FR","@id":"https:\/\/secure.gravatar.com\/avatar\/2630c0cee03e7f483e5ca41ec6649375f24ca272e920f8386983684762e36487?s=96&d=mm&r=g","url":"https:\/\/secure.gravatar.com\/avatar\/2630c0cee03e7f483e5ca41ec6649375f24ca272e920f8386983684762e36487?s=96&d=mm&r=g","contentUrl":"https:\/\/secure.gravatar.com\/avatar\/2630c0cee03e7f483e5ca41ec6649375f24ca272e920f8386983684762e36487?s=96&d=mm&r=g","caption":"AdminAabadeco"},"sameAs":["https:\/\/abadecom.com"],"url":"https:\/\/abadecom.com\/fr\/author\/adminaabadeco\/"}]}},"_links":{"self":[{"href":"https:\/\/abadecom.com\/fr\/wp-json\/wp\/v2\/posts\/9324","targetHints":{"allow":["GET"]}}],"collection":[{"href":"https:\/\/abadecom.com\/fr\/wp-json\/wp\/v2\/posts"}],"about":[{"href":"https:\/\/abadecom.com\/fr\/wp-json\/wp\/v2\/types\/post"}],"author":[{"embeddable":true,"href":"https:\/\/abadecom.com\/fr\/wp-json\/wp\/v2\/users\/1"}],"replies":[{"embeddable":true,"href":"https:\/\/abadecom.com\/fr\/wp-json\/wp\/v2\/comments?post=9324"}],"version-history":[{"count":1,"href":"https:\/\/abadecom.com\/fr\/wp-json\/wp\/v2\/posts\/9324\/revisions"}],"predecessor-version":[{"id":9326,"href":"https:\/\/abadecom.com\/fr\/wp-json\/wp\/v2\/posts\/9324\/revisions\/9326"}],"wp:featuredmedia":[{"embeddable":true,"href":"https:\/\/abadecom.com\/fr\/wp-json\/wp\/v2\/media\/9325"}],"wp:attachment":[{"href":"https:\/\/abadecom.com\/fr\/wp-json\/wp\/v2\/media?parent=9324"}],"wp:term":[{"taxonomy":"category","embeddable":true,"href":"https:\/\/abadecom.com\/fr\/wp-json\/wp\/v2\/categories?post=9324"},{"taxonomy":"post_tag","embeddable":true,"href":"https:\/\/abadecom.com\/fr\/wp-json\/wp\/v2\/tags?post=9324"}],"curies":[{"name":"wp","href":"https:\/\/api.w.org\/{rel}","templated":true}]}}