{"id":9273,"date":"2023-10-11T10:02:00","date_gmt":"2023-10-11T10:02:00","guid":{"rendered":"https:\/\/abadecom.com\/?p=9273"},"modified":"2023-10-11T10:07:51","modified_gmt":"2023-10-11T10:07:51","slug":"decouvrez-letonnant-agregat-photoluminescent-dabadecom-eclairage-nocturne-durable","status":"publish","type":"post","link":"https:\/\/abadecom.com\/fr\/descubre-el-asombroso-arido-fotoluminiscente-de-abadecom-iluminacion-nocturna-sostenible\/","title":{"rendered":"D\u00e9couvrez l'\u00e9tonnant agr\u00e9gat photoluminescent d'Abadecom : un \u00e9clairage nocturne durable"},"content":{"rendered":"<p class=\"wp-block-paragraph\">Aujourd'hui, nous voulons partager avec vous une innovation impressionnante dans le monde du design et de la d\u00e9coration : le <strong><a href=\"https:\/\/abadecom.com\/fr\/gravier-photoluminescent\/\">photoluminescent aride<\/a><\/strong>Ce produit r\u00e9volutionnaire peut \u00eatre incorpor\u00e9 dans des sols continus ou des pi\u00e8ces pr\u00e9fabriqu\u00e9es, et sa capacit\u00e9 \u00e0 capter et \u00e9mettre la lumi\u00e8re du soleil tout au long de la nuit est tout simplement extraordinaire.<\/p>\n\n\n\n<p class=\"wp-block-paragraph\"><strong>Qu'est-ce que l'agr\u00e9gat photoluminescent d'Abadecom ?<\/strong><\/p>\n\n\n\n<p class=\"wp-block-paragraph\">Il est \u00e9labor\u00e9 \u00e0 base d'aluminates de strontium enrichis \u00e0 tr\u00e8s haute puissance lumineuse. Cela signifie qu'il est capable d'absorber la lumi\u00e8re du soleil et de la lib\u00e9rer progressivement pendant la nuit, fournissant un \u00e9clairage doux et durable dans des espaces tels que les jardins, les spas, les zones communes et les d\u00e9cors design.<\/p>\n\n\n\n<p class=\"wp-block-paragraph\"><strong>Applications infinies<\/strong><\/p>\n\n\n\n<p class=\"wp-block-paragraph\">Imaginez un jardin qui brille d'une lumi\u00e8re magique apr\u00e8s le coucher du soleil, ou un spa qui cr\u00e9e une atmosph\u00e8re relaxante et accueillante sans besoin de lumi\u00e8res artificielles. Avec le gravier photoluminescent, les possibilit\u00e9s sont infinies.<\/p>\n\n\n\n<p class=\"wp-block-paragraph\"><strong>Mode d'emploi<\/strong><\/p>\n\n\n\n<p class=\"wp-block-paragraph\">Il peut \u00eatre incorpor\u00e9 \u00e0 la surface d'un rev\u00eatement de sol continu lors de sa pose, en utilisant la technique du saupoudrage sur le b\u00e9ton frais. Il peut \u00e9galement \u00eatre appliqu\u00e9 sur la couche superficielle de pi\u00e8ces pr\u00e9fabriqu\u00e9es. Cela en fait une option polyvalente et facile \u00e0 int\u00e9grer dans une vari\u00e9t\u00e9 de projets.<\/p>\n\n\n\n<p class=\"wp-block-paragraph\"><strong>Avantages durables<\/strong><\/p>\n\n\n\n<p class=\"wp-block-paragraph\">Outre sa capacit\u00e9 surprenante \u00e0 \u00e9clairer sans \u00e9lectricit\u00e9, le gravier photoluminescent est une option durable. En r\u00e9duisant le besoin d'\u00e9clairage artificiel, il contribue \u00e0 la conservation de l'\u00e9nergie et \u00e0 la r\u00e9duction de l'empreinte carbone. Si vous recherchez une mani\u00e8re unique et \u00e9cologique d'\u00e9clairer vos espaces, le gravier photoluminescent est d\u00e9finitivement une option qui vaut la peine d'\u00eatre consid\u00e9r\u00e9e. Souhaitez-vous en savoir plus sur la fa\u00e7on de l'incorporer dans votre projet ? N'h\u00e9sitez pas \u00e0 nous contacter !<\/p>\n\n\n\n<p class=\"wp-block-paragraph\"><a href=\"mailto:info@abadecom.com\">info@abadecom.com<\/a><\/p>","protected":false},"excerpt":{"rendered":"<p>Hoy queremos compartir con ustedes una innovaci\u00f3n impresionante en el mundo del dise\u00f1o y la decoraci\u00f3n:\u00a1el \u00e1rido fotoluminiscente! Este producto revolucionario puede ser incorporado en pavimentos continuos o piezas prefabricadas, y su capacidad para captar y emitir luz solar durante toda la noche es simplemente extraordinaria. \u00bfQu\u00e9 es el \u00c1rido Fotoluminiscente de Abadecom? Est\u00e1 elaborado [&#8230;]<\/p>\n<p><a class=\"btn btn-secondary understrap-read-more-link\" href=\"https:\/\/abadecom.com\/fr\/descubre-el-asombroso-arido-fotoluminiscente-de-abadecom-iluminacion-nocturna-sostenible\/\">Lire la suite\u2026<span class=\"screen-reader-text\"> from Descubre el Asombroso \u00c1rido Fotoluminiscente de Abadecom: Iluminaci\u00f3n Nocturna Sostenible<\/span><\/a><\/p>\n","protected":false},"author":1,"featured_media":9274,"comment_status":"open","ping_status":"open","sticky":false,"template":"","format":"standard","meta":{"content-type":"","_monsterinsights_skip_tracking":false,"pgc_sgb_lightbox_settings":"","footnotes":""},"categories":[1],"tags":[],"class_list":["post-9273","post","type-post","status-publish","format-standard","has-post-thumbnail","hentry","category-sin-categorizar"],"yoast_head":"<!-- This site is optimized with the Yoast SEO plugin v28.4 - https:\/\/yoast.com\/product\/yoast-seo-wordpress\/ -->\n<title>Descubre el Asombroso \u00c1rido Fotoluminiscente de Abadecom:<\/title>\n<meta name=\"description\" content=\"Hoy queremos compartir con ustedes una innovaci\u00f3n impresionante en el mundo del dise\u00f1o y la decoraci\u00f3n: \u00a1el \u00e1rido fotoluminiscente!\" \/>\n<meta name=\"robots\" content=\"index, follow, max-snippet:-1, max-image-preview:large, max-video-preview:-1\" \/>\n<link rel=\"canonical\" href=\"https:\/\/abadecom.com\/fr\/decouvrez-letonnant-agregat-photoluminescent-dabadecom-eclairage-nocturne-durable\/\" \/>\n<meta property=\"og:locale\" content=\"fr_FR\" \/>\n<meta property=\"og:type\" content=\"article\" \/>\n<meta property=\"og:title\" content=\"Descubre el Asombroso \u00c1rido Fotoluminiscente de Abadecom:\" \/>\n<meta property=\"og:description\" content=\"Hoy queremos compartir con ustedes una innovaci\u00f3n impresionante en el mundo del dise\u00f1o y la decoraci\u00f3n: \u00a1el \u00e1rido fotoluminiscente!\" \/>\n<meta property=\"og:url\" content=\"https:\/\/abadecom.com\/fr\/decouvrez-letonnant-agregat-photoluminescent-dabadecom-eclairage-nocturne-durable\/\" \/>\n<meta property=\"og:site_name\" content=\"Abadecom\" \/>\n<meta property=\"article:published_time\" content=\"2023-10-11T10:02:00+00:00\" \/>\n<meta property=\"article:modified_time\" content=\"2023-10-11T10:07:51+00:00\" \/>\n<meta property=\"og:image\" content=\"https:\/\/abadecom.com\/wp-content\/uploads\/2023\/10\/ARIDO-FOTOLUMINISCENTE_ABADECOM-scaled.jpg\" \/>\n\t<meta property=\"og:image:width\" content=\"2560\" \/>\n\t<meta property=\"og:image:height\" content=\"2560\" \/>\n\t<meta property=\"og:image:type\" content=\"image\/jpeg\" \/>\n<meta name=\"author\" content=\"AdminAabadeco\" \/>\n<meta name=\"twitter:card\" content=\"summary_large_image\" \/>\n<meta name=\"twitter:label1\" content=\"\u00c9crit par\" \/>\n\t<meta name=\"twitter:data1\" content=\"AdminAabadeco\" \/>\n\t<meta name=\"twitter:label2\" content=\"Dur\u00e9e de lecture estim\u00e9e\" \/>\n\t<meta name=\"twitter:data2\" content=\"2 minutes\" \/>\n<script type=\"application\/ld+json\" class=\"yoast-schema-graph\">{\"@context\":\"https:\\\/\\\/schema.org\",\"@graph\":[{\"@type\":\"Article\",\"@id\":\"https:\\\/\\\/abadecom.com\\\/descubre-el-asombroso-arido-fotoluminiscente-de-abadecom-iluminacion-nocturna-sostenible\\\/#article\",\"isPartOf\":{\"@id\":\"https:\\\/\\\/abadecom.com\\\/descubre-el-asombroso-arido-fotoluminiscente-de-abadecom-iluminacion-nocturna-sostenible\\\/\"},\"author\":{\"name\":\"AdminAabadeco\",\"@id\":\"https:\\\/\\\/abadecom.com\\\/#\\\/schema\\\/person\\\/477a7cc0ed6c040d67343c7a3fda930b\"},\"headline\":\"Descubre el Asombroso \u00c1rido Fotoluminiscente de Abadecom: Iluminaci\u00f3n Nocturna Sostenible\",\"datePublished\":\"2023-10-11T10:02:00+00:00\",\"dateModified\":\"2023-10-11T10:07:51+00:00\",\"mainEntityOfPage\":{\"@id\":\"https:\\\/\\\/abadecom.com\\\/descubre-el-asombroso-arido-fotoluminiscente-de-abadecom-iluminacion-nocturna-sostenible\\\/\"},\"wordCount\":319,\"commentCount\":0,\"publisher\":{\"@id\":\"https:\\\/\\\/abadecom.com\\\/#organization\"},\"image\":{\"@id\":\"https:\\\/\\\/abadecom.com\\\/descubre-el-asombroso-arido-fotoluminiscente-de-abadecom-iluminacion-nocturna-sostenible\\\/#primaryimage\"},\"thumbnailUrl\":\"https:\\\/\\\/abadecom.com\\\/wp-content\\\/uploads\\\/2023\\\/10\\\/ARIDO-FOTOLUMINISCENTE_ABADECOM-scaled.jpg\",\"articleSection\":[\"Sin categorizar\"],\"inLanguage\":\"fr-FR\",\"potentialAction\":[{\"@type\":\"CommentAction\",\"name\":\"Comment\",\"target\":[\"https:\\\/\\\/abadecom.com\\\/descubre-el-asombroso-arido-fotoluminiscente-de-abadecom-iluminacion-nocturna-sostenible\\\/#respond\"]}]},{\"@type\":\"WebPage\",\"@id\":\"https:\\\/\\\/abadecom.com\\\/descubre-el-asombroso-arido-fotoluminiscente-de-abadecom-iluminacion-nocturna-sostenible\\\/\",\"url\":\"https:\\\/\\\/abadecom.com\\\/descubre-el-asombroso-arido-fotoluminiscente-de-abadecom-iluminacion-nocturna-sostenible\\\/\",\"name\":\"Descubre el Asombroso \u00c1rido Fotoluminiscente de Abadecom:\",\"isPartOf\":{\"@id\":\"https:\\\/\\\/abadecom.com\\\/#website\"},\"primaryImageOfPage\":{\"@id\":\"https:\\\/\\\/abadecom.com\\\/descubre-el-asombroso-arido-fotoluminiscente-de-abadecom-iluminacion-nocturna-sostenible\\\/#primaryimage\"},\"image\":{\"@id\":\"https:\\\/\\\/abadecom.com\\\/descubre-el-asombroso-arido-fotoluminiscente-de-abadecom-iluminacion-nocturna-sostenible\\\/#primaryimage\"},\"thumbnailUrl\":\"https:\\\/\\\/abadecom.com\\\/wp-content\\\/uploads\\\/2023\\\/10\\\/ARIDO-FOTOLUMINISCENTE_ABADECOM-scaled.jpg\",\"datePublished\":\"2023-10-11T10:02:00+00:00\",\"dateModified\":\"2023-10-11T10:07:51+00:00\",\"description\":\"Hoy queremos compartir con ustedes una innovaci\u00f3n impresionante en el mundo del dise\u00f1o y la decoraci\u00f3n: \u00a1el \u00e1rido fotoluminiscente!\",\"inLanguage\":\"fr-FR\",\"potentialAction\":[{\"@type\":\"ReadAction\",\"target\":[\"https:\\\/\\\/abadecom.com\\\/descubre-el-asombroso-arido-fotoluminiscente-de-abadecom-iluminacion-nocturna-sostenible\\\/\"]}]},{\"@type\":\"ImageObject\",\"inLanguage\":\"fr-FR\",\"@id\":\"https:\\\/\\\/abadecom.com\\\/descubre-el-asombroso-arido-fotoluminiscente-de-abadecom-iluminacion-nocturna-sostenible\\\/#primaryimage\",\"url\":\"https:\\\/\\\/abadecom.com\\\/wp-content\\\/uploads\\\/2023\\\/10\\\/ARIDO-FOTOLUMINISCENTE_ABADECOM-scaled.jpg\",\"contentUrl\":\"https:\\\/\\\/abadecom.com\\\/wp-content\\\/uploads\\\/2023\\\/10\\\/ARIDO-FOTOLUMINISCENTE_ABADECOM-scaled.jpg\",\"width\":2560,\"height\":2560,\"caption\":\"arido fotoluminiscente abadecom\"},{\"@type\":\"WebSite\",\"@id\":\"https:\\\/\\\/abadecom.com\\\/#website\",\"url\":\"https:\\\/\\\/abadecom.com\\\/\",\"name\":\"Abadecom\",\"description\":\"Productos sostenibles y respetuosos con el medio ambiente\",\"publisher\":{\"@id\":\"https:\\\/\\\/abadecom.com\\\/#organization\"},\"alternateName\":\"Abadecom\",\"potentialAction\":[{\"@type\":\"SearchAction\",\"target\":{\"@type\":\"EntryPoint\",\"urlTemplate\":\"https:\\\/\\\/abadecom.com\\\/?s={search_term_string}\"},\"query-input\":{\"@type\":\"PropertyValueSpecification\",\"valueRequired\":true,\"valueName\":\"search_term_string\"}}],\"inLanguage\":\"fr-FR\"},{\"@type\":\"Organization\",\"@id\":\"https:\\\/\\\/abadecom.com\\\/#organization\",\"name\":\"Abadecom\",\"url\":\"https:\\\/\\\/abadecom.com\\\/\",\"logo\":{\"@type\":\"ImageObject\",\"inLanguage\":\"fr-FR\",\"@id\":\"https:\\\/\\\/abadecom.com\\\/#\\\/schema\\\/logo\\\/image\\\/\",\"url\":\"https:\\\/\\\/abadecom.com\\\/wp-content\\\/uploads\\\/2022\\\/03\\\/Logo-Abadecom-e1647715158799.png\",\"contentUrl\":\"https:\\\/\\\/abadecom.com\\\/wp-content\\\/uploads\\\/2022\\\/03\\\/Logo-Abadecom-e1647715158799.png\",\"width\":200,\"height\":117,\"caption\":\"Abadecom\"},\"image\":{\"@id\":\"https:\\\/\\\/abadecom.com\\\/#\\\/schema\\\/logo\\\/image\\\/\"}},{\"@type\":\"Person\",\"@id\":\"https:\\\/\\\/abadecom.com\\\/#\\\/schema\\\/person\\\/477a7cc0ed6c040d67343c7a3fda930b\",\"name\":\"AdminAabadeco\",\"image\":{\"@type\":\"ImageObject\",\"inLanguage\":\"fr-FR\",\"@id\":\"https:\\\/\\\/secure.gravatar.com\\\/avatar\\\/2630c0cee03e7f483e5ca41ec6649375f24ca272e920f8386983684762e36487?s=96&d=mm&r=g\",\"url\":\"https:\\\/\\\/secure.gravatar.com\\\/avatar\\\/2630c0cee03e7f483e5ca41ec6649375f24ca272e920f8386983684762e36487?s=96&d=mm&r=g\",\"contentUrl\":\"https:\\\/\\\/secure.gravatar.com\\\/avatar\\\/2630c0cee03e7f483e5ca41ec6649375f24ca272e920f8386983684762e36487?s=96&d=mm&r=g\",\"caption\":\"AdminAabadeco\"},\"sameAs\":[\"https:\\\/\\\/abadecom.com\"],\"url\":\"https:\\\/\\\/abadecom.com\\\/fr\\\/author\\\/adminaabadeco\\\/\"}]}<\/script>\n<!-- \/ Yoast SEO plugin. -->","yoast_head_json":{"title":"D\u00e9couvrez l'Incroyable Granulat Photoluminescent d'Abadecom :","description":"Aujourd'hui, nous voulons partager avec vous une innovation impressionnante dans le monde du design et de la d\u00e9coration : l'agr\u00e9gat photoluminescent !","robots":{"index":"index","follow":"follow","max-snippet":"max-snippet:-1","max-image-preview":"max-image-preview:large","max-video-preview":"max-video-preview:-1"},"canonical":"https:\/\/abadecom.com\/fr\/decouvrez-letonnant-agregat-photoluminescent-dabadecom-eclairage-nocturne-durable\/","og_locale":"fr_FR","og_type":"article","og_title":"Descubre el Asombroso \u00c1rido Fotoluminiscente de Abadecom:","og_description":"Hoy queremos compartir con ustedes una innovaci\u00f3n impresionante en el mundo del dise\u00f1o y la decoraci\u00f3n: \u00a1el \u00e1rido fotoluminiscente!","og_url":"https:\/\/abadecom.com\/fr\/decouvrez-letonnant-agregat-photoluminescent-dabadecom-eclairage-nocturne-durable\/","og_site_name":"Abadecom","article_published_time":"2023-10-11T10:02:00+00:00","article_modified_time":"2023-10-11T10:07:51+00:00","og_image":[{"width":2560,"height":2560,"url":"https:\/\/abadecom.com\/wp-content\/uploads\/2023\/10\/ARIDO-FOTOLUMINISCENTE_ABADECOM-scaled.jpg","type":"image\/jpeg"}],"author":"AdminAabadeco","twitter_card":"summary_large_image","twitter_misc":{"\u00c9crit par":"AdminAabadeco","Dur\u00e9e de lecture estim\u00e9e":"2 minutes"},"schema":{"@context":"https:\/\/schema.org","@graph":[{"@type":"Article","@id":"https:\/\/abadecom.com\/descubre-el-asombroso-arido-fotoluminiscente-de-abadecom-iluminacion-nocturna-sostenible\/#article","isPartOf":{"@id":"https:\/\/abadecom.com\/descubre-el-asombroso-arido-fotoluminiscente-de-abadecom-iluminacion-nocturna-sostenible\/"},"author":{"name":"AdminAabadeco","@id":"https:\/\/abadecom.com\/#\/schema\/person\/477a7cc0ed6c040d67343c7a3fda930b"},"headline":"Descubre el Asombroso \u00c1rido Fotoluminiscente de Abadecom: Iluminaci\u00f3n Nocturna Sostenible","datePublished":"2023-10-11T10:02:00+00:00","dateModified":"2023-10-11T10:07:51+00:00","mainEntityOfPage":{"@id":"https:\/\/abadecom.com\/descubre-el-asombroso-arido-fotoluminiscente-de-abadecom-iluminacion-nocturna-sostenible\/"},"wordCount":319,"commentCount":0,"publisher":{"@id":"https:\/\/abadecom.com\/#organization"},"image":{"@id":"https:\/\/abadecom.com\/descubre-el-asombroso-arido-fotoluminiscente-de-abadecom-iluminacion-nocturna-sostenible\/#primaryimage"},"thumbnailUrl":"https:\/\/abadecom.com\/wp-content\/uploads\/2023\/10\/ARIDO-FOTOLUMINISCENTE_ABADECOM-scaled.jpg","articleSection":["Sin categorizar"],"inLanguage":"fr-FR","potentialAction":[{"@type":"CommentAction","name":"Comment","target":["https:\/\/abadecom.com\/descubre-el-asombroso-arido-fotoluminiscente-de-abadecom-iluminacion-nocturna-sostenible\/#respond"]}]},{"@type":"WebPage","@id":"https:\/\/abadecom.com\/descubre-el-asombroso-arido-fotoluminiscente-de-abadecom-iluminacion-nocturna-sostenible\/","url":"https:\/\/abadecom.com\/descubre-el-asombroso-arido-fotoluminiscente-de-abadecom-iluminacion-nocturna-sostenible\/","name":"D\u00e9couvrez l'Incroyable Granulat Photoluminescent d'Abadecom :","isPartOf":{"@id":"https:\/\/abadecom.com\/#website"},"primaryImageOfPage":{"@id":"https:\/\/abadecom.com\/descubre-el-asombroso-arido-fotoluminiscente-de-abadecom-iluminacion-nocturna-sostenible\/#primaryimage"},"image":{"@id":"https:\/\/abadecom.com\/descubre-el-asombroso-arido-fotoluminiscente-de-abadecom-iluminacion-nocturna-sostenible\/#primaryimage"},"thumbnailUrl":"https:\/\/abadecom.com\/wp-content\/uploads\/2023\/10\/ARIDO-FOTOLUMINISCENTE_ABADECOM-scaled.jpg","datePublished":"2023-10-11T10:02:00+00:00","dateModified":"2023-10-11T10:07:51+00:00","description":"Aujourd'hui, nous voulons partager avec vous une innovation impressionnante dans le monde du design et de la d\u00e9coration : l'agr\u00e9gat photoluminescent !","inLanguage":"fr-FR","potentialAction":[{"@type":"ReadAction","target":["https:\/\/abadecom.com\/descubre-el-asombroso-arido-fotoluminiscente-de-abadecom-iluminacion-nocturna-sostenible\/"]}]},{"@type":"ImageObject","inLanguage":"fr-FR","@id":"https:\/\/abadecom.com\/descubre-el-asombroso-arido-fotoluminiscente-de-abadecom-iluminacion-nocturna-sostenible\/#primaryimage","url":"https:\/\/abadecom.com\/wp-content\/uploads\/2023\/10\/ARIDO-FOTOLUMINISCENTE_ABADECOM-scaled.jpg","contentUrl":"https:\/\/abadecom.com\/wp-content\/uploads\/2023\/10\/ARIDO-FOTOLUMINISCENTE_ABADECOM-scaled.jpg","width":2560,"height":2560,"caption":"arido fotoluminiscente abadecom"},{"@type":"WebSite","@id":"https:\/\/abadecom.com\/#website","url":"https:\/\/abadecom.com\/","name":"Abadecom","description":"Produits durables et respectueux de l'environnement","publisher":{"@id":"https:\/\/abadecom.com\/#organization"},"alternateName":"Abadecom","potentialAction":[{"@type":"SearchAction","target":{"@type":"EntryPoint","urlTemplate":"https:\/\/abadecom.com\/?s={search_term_string}"},"query-input":{"@type":"PropertyValueSpecification","valueRequired":true,"valueName":"search_term_string"}}],"inLanguage":"fr-FR"},{"@type":"Organization","@id":"https:\/\/abadecom.com\/#organization","name":"Abadecom","url":"https:\/\/abadecom.com\/","logo":{"@type":"ImageObject","inLanguage":"fr-FR","@id":"https:\/\/abadecom.com\/#\/schema\/logo\/image\/","url":"https:\/\/abadecom.com\/wp-content\/uploads\/2022\/03\/Logo-Abadecom-e1647715158799.png","contentUrl":"https:\/\/abadecom.com\/wp-content\/uploads\/2022\/03\/Logo-Abadecom-e1647715158799.png","width":200,"height":117,"caption":"Abadecom"},"image":{"@id":"https:\/\/abadecom.com\/#\/schema\/logo\/image\/"}},{"@type":"Person","@id":"https:\/\/abadecom.com\/#\/schema\/person\/477a7cc0ed6c040d67343c7a3fda930b","name":"AdminAabadeco","image":{"@type":"ImageObject","inLanguage":"fr-FR","@id":"https:\/\/secure.gravatar.com\/avatar\/2630c0cee03e7f483e5ca41ec6649375f24ca272e920f8386983684762e36487?s=96&d=mm&r=g","url":"https:\/\/secure.gravatar.com\/avatar\/2630c0cee03e7f483e5ca41ec6649375f24ca272e920f8386983684762e36487?s=96&d=mm&r=g","contentUrl":"https:\/\/secure.gravatar.com\/avatar\/2630c0cee03e7f483e5ca41ec6649375f24ca272e920f8386983684762e36487?s=96&d=mm&r=g","caption":"AdminAabadeco"},"sameAs":["https:\/\/abadecom.com"],"url":"https:\/\/abadecom.com\/fr\/author\/adminaabadeco\/"}]}},"_links":{"self":[{"href":"https:\/\/abadecom.com\/fr\/wp-json\/wp\/v2\/posts\/9273","targetHints":{"allow":["GET"]}}],"collection":[{"href":"https:\/\/abadecom.com\/fr\/wp-json\/wp\/v2\/posts"}],"about":[{"href":"https:\/\/abadecom.com\/fr\/wp-json\/wp\/v2\/types\/post"}],"author":[{"embeddable":true,"href":"https:\/\/abadecom.com\/fr\/wp-json\/wp\/v2\/users\/1"}],"replies":[{"embeddable":true,"href":"https:\/\/abadecom.com\/fr\/wp-json\/wp\/v2\/comments?post=9273"}],"version-history":[{"count":3,"href":"https:\/\/abadecom.com\/fr\/wp-json\/wp\/v2\/posts\/9273\/revisions"}],"predecessor-version":[{"id":9278,"href":"https:\/\/abadecom.com\/fr\/wp-json\/wp\/v2\/posts\/9273\/revisions\/9278"}],"wp:featuredmedia":[{"embeddable":true,"href":"https:\/\/abadecom.com\/fr\/wp-json\/wp\/v2\/media\/9274"}],"wp:attachment":[{"href":"https:\/\/abadecom.com\/fr\/wp-json\/wp\/v2\/media?parent=9273"}],"wp:term":[{"taxonomy":"category","embeddable":true,"href":"https:\/\/abadecom.com\/fr\/wp-json\/wp\/v2\/categories?post=9273"},{"taxonomy":"post_tag","embeddable":true,"href":"https:\/\/abadecom.com\/fr\/wp-json\/wp\/v2\/tags?post=9273"}],"curies":[{"name":"wp","href":"https:\/\/api.w.org\/{rel}","templated":true}]}}