{"id":9229,"date":"2023-09-20T13:09:55","date_gmt":"2023-09-20T13:09:55","guid":{"rendered":"https:\/\/abadecom.com\/?p=9229"},"modified":"2023-09-20T13:09:57","modified_gmt":"2023-09-20T13:09:57","slug":"abadecom-se-abre-paso-en-el-mercado-latinoamericano","status":"publish","type":"post","link":"https:\/\/abadecom.com\/fr\/abadecom-se-abre-paso-en-el-mercado-latinoamericano\/","title":{"rendered":"Abadecom se abre paso en el mercado latinoamericano"},"content":{"rendered":"<p class=\"wp-block-paragraph\">En San Jos\u00e9 de Costa Rica han decidido confiar nuevamente en Abadecom para el desarrollo de un nuevo proyecto urban\u00edstico en la ciudad. <\/p>\n\n\n\n<p class=\"wp-block-paragraph\">Se trata de la cuarta entrega de pilonas r\u00edgidas que servir\u00e1n para delimitar las calles de San Jos\u00e9 y brindar m\u00e1s seguridad a los transe\u00fantes. Con estas pilonas de pl\u00e1stico reciclado, se espera que la ciudad mejore sus planes de movilidad sostenible.<\/p>\n\n\n\n<p class=\"wp-block-paragraph\">Con una est\u00e9tica elegante y una fabricaci\u00f3n amigable con el medio ambiente, estas pilonas r\u00edgidas pueden instalarse en lugares con alto riesgo de impacto, puesto que, la resistencia de \u00e9stas garantiza su durabilidad ante todo tipo de accidentes, adem\u00e1s de no requerir ning\u00fan tipo de mantenimiento. <\/p>\n\n\n\n<p class=\"wp-block-paragraph\">A trav\u00e9s de la p\u00e1gina web de<strong> <a href=\"https:\/\/abadecom.com\/fr\/plastiques\/borne-rigide\/\">Abadecom<\/a> <\/strong>es posible conocer todas las caracter\u00edsticas que ofrecen las pilonas r\u00edgidas de pl\u00e1stico reciclado, as\u00ed como tambi\u00e9n solicitar presupuesto.\u00a0<\/p>","protected":false},"excerpt":{"rendered":"<p>En San Jos\u00e9 de Costa Rica han decidido confiar nuevamente en Abadecom para el desarrollo de un nuevo proyecto urban\u00edstico en la ciudad. Se trata de la cuarta entrega de pilonas r\u00edgidas que servir\u00e1n para delimitar las calles de San Jos\u00e9 y brindar m\u00e1s seguridad a los transe\u00fantes. Con estas pilonas de pl\u00e1stico reciclado, se [&#8230;]<\/p>\n<p><a class=\"btn btn-secondary understrap-read-more-link\" href=\"https:\/\/abadecom.com\/fr\/abadecom-se-abre-paso-en-el-mercado-latinoamericano\/\">Lire la suite\u2026<span class=\"screen-reader-text\"> from Abadecom se abre paso en el mercado latinoamericano<\/span><\/a><\/p>\n","protected":false},"author":1,"featured_media":9230,"comment_status":"open","ping_status":"open","sticky":false,"template":"","format":"standard","meta":{"content-type":"","_monsterinsights_skip_tracking":false,"pgc_sgb_lightbox_settings":"","footnotes":""},"categories":[1],"tags":[],"class_list":["post-9229","post","type-post","status-publish","format-standard","has-post-thumbnail","hentry","category-sin-categorizar"],"yoast_head":"<!-- This site is optimized with the Yoast SEO plugin v28.4 - https:\/\/yoast.com\/product\/yoast-seo-wordpress\/ -->\n<title>Abadecom se abre paso en el mercado latinoamericano - Abadecom<\/title>\n<meta name=\"description\" content=\"En Costa Rica han decidido confiar en Abadecom para el desarrollo de un nuevo proyecto urban\u00edstico con la instalaci\u00f3n de pilonas r\u00edgidas\" \/>\n<meta name=\"robots\" content=\"index, follow, max-snippet:-1, max-image-preview:large, max-video-preview:-1\" \/>\n<link rel=\"canonical\" href=\"https:\/\/abadecom.com\/fr\/abadecom-se-abre-paso-en-el-mercado-latinoamericano\/\" \/>\n<meta property=\"og:locale\" content=\"fr_FR\" \/>\n<meta property=\"og:type\" content=\"article\" \/>\n<meta property=\"og:title\" content=\"Abadecom se abre paso en el mercado latinoamericano - Abadecom\" \/>\n<meta property=\"og:description\" content=\"En Costa Rica han decidido confiar en Abadecom para el desarrollo de un nuevo proyecto urban\u00edstico con la instalaci\u00f3n de pilonas r\u00edgidas\" \/>\n<meta property=\"og:url\" content=\"https:\/\/abadecom.com\/fr\/abadecom-se-abre-paso-en-el-mercado-latinoamericano\/\" \/>\n<meta property=\"og:site_name\" content=\"Abadecom\" \/>\n<meta property=\"article:published_time\" content=\"2023-09-20T13:09:55+00:00\" \/>\n<meta property=\"article:modified_time\" content=\"2023-09-20T13:09:57+00:00\" \/>\n<meta property=\"og:image\" content=\"https:\/\/abadecom.com\/wp-content\/uploads\/2023\/09\/Pilona-de-plastico-reciclado-scaled.jpg\" \/>\n\t<meta property=\"og:image:width\" content=\"2560\" \/>\n\t<meta property=\"og:image:height\" content=\"2146\" \/>\n\t<meta property=\"og:image:type\" content=\"image\/jpeg\" \/>\n<meta name=\"author\" content=\"AdminAabadeco\" \/>\n<meta name=\"twitter:card\" content=\"summary_large_image\" \/>\n<meta name=\"twitter:label1\" content=\"\u00c9crit par\" \/>\n\t<meta name=\"twitter:data1\" content=\"AdminAabadeco\" \/>\n\t<meta name=\"twitter:label2\" content=\"Dur\u00e9e de lecture estim\u00e9e\" \/>\n\t<meta name=\"twitter:data2\" content=\"1 minute\" \/>\n<script type=\"application\/ld+json\" class=\"yoast-schema-graph\">{\"@context\":\"https:\\\/\\\/schema.org\",\"@graph\":[{\"@type\":\"Article\",\"@id\":\"https:\\\/\\\/abadecom.com\\\/abadecom-se-abre-paso-en-el-mercado-latinoamericano\\\/#article\",\"isPartOf\":{\"@id\":\"https:\\\/\\\/abadecom.com\\\/abadecom-se-abre-paso-en-el-mercado-latinoamericano\\\/\"},\"author\":{\"name\":\"AdminAabadeco\",\"@id\":\"https:\\\/\\\/abadecom.com\\\/#\\\/schema\\\/person\\\/477a7cc0ed6c040d67343c7a3fda930b\"},\"headline\":\"Abadecom se abre paso en el mercado latinoamericano\",\"datePublished\":\"2023-09-20T13:09:55+00:00\",\"dateModified\":\"2023-09-20T13:09:57+00:00\",\"mainEntityOfPage\":{\"@id\":\"https:\\\/\\\/abadecom.com\\\/abadecom-se-abre-paso-en-el-mercado-latinoamericano\\\/\"},\"wordCount\":163,\"commentCount\":0,\"publisher\":{\"@id\":\"https:\\\/\\\/abadecom.com\\\/#organization\"},\"image\":{\"@id\":\"https:\\\/\\\/abadecom.com\\\/abadecom-se-abre-paso-en-el-mercado-latinoamericano\\\/#primaryimage\"},\"thumbnailUrl\":\"https:\\\/\\\/abadecom.com\\\/wp-content\\\/uploads\\\/2023\\\/09\\\/Pilona-de-plastico-reciclado-scaled.jpg\",\"articleSection\":[\"Sin categorizar\"],\"inLanguage\":\"fr-FR\",\"potentialAction\":[{\"@type\":\"CommentAction\",\"name\":\"Comment\",\"target\":[\"https:\\\/\\\/abadecom.com\\\/abadecom-se-abre-paso-en-el-mercado-latinoamericano\\\/#respond\"]}]},{\"@type\":\"WebPage\",\"@id\":\"https:\\\/\\\/abadecom.com\\\/abadecom-se-abre-paso-en-el-mercado-latinoamericano\\\/\",\"url\":\"https:\\\/\\\/abadecom.com\\\/abadecom-se-abre-paso-en-el-mercado-latinoamericano\\\/\",\"name\":\"Abadecom se abre paso en el mercado latinoamericano - Abadecom\",\"isPartOf\":{\"@id\":\"https:\\\/\\\/abadecom.com\\\/#website\"},\"primaryImageOfPage\":{\"@id\":\"https:\\\/\\\/abadecom.com\\\/abadecom-se-abre-paso-en-el-mercado-latinoamericano\\\/#primaryimage\"},\"image\":{\"@id\":\"https:\\\/\\\/abadecom.com\\\/abadecom-se-abre-paso-en-el-mercado-latinoamericano\\\/#primaryimage\"},\"thumbnailUrl\":\"https:\\\/\\\/abadecom.com\\\/wp-content\\\/uploads\\\/2023\\\/09\\\/Pilona-de-plastico-reciclado-scaled.jpg\",\"datePublished\":\"2023-09-20T13:09:55+00:00\",\"dateModified\":\"2023-09-20T13:09:57+00:00\",\"description\":\"En Costa Rica han decidido confiar en Abadecom para el desarrollo de un nuevo proyecto urban\u00edstico con la instalaci\u00f3n de pilonas r\u00edgidas\",\"inLanguage\":\"fr-FR\",\"potentialAction\":[{\"@type\":\"ReadAction\",\"target\":[\"https:\\\/\\\/abadecom.com\\\/abadecom-se-abre-paso-en-el-mercado-latinoamericano\\\/\"]}]},{\"@type\":\"ImageObject\",\"inLanguage\":\"fr-FR\",\"@id\":\"https:\\\/\\\/abadecom.com\\\/abadecom-se-abre-paso-en-el-mercado-latinoamericano\\\/#primaryimage\",\"url\":\"https:\\\/\\\/abadecom.com\\\/wp-content\\\/uploads\\\/2023\\\/09\\\/Pilona-de-plastico-reciclado-scaled.jpg\",\"contentUrl\":\"https:\\\/\\\/abadecom.com\\\/wp-content\\\/uploads\\\/2023\\\/09\\\/Pilona-de-plastico-reciclado-scaled.jpg\",\"width\":2560,\"height\":2146},{\"@type\":\"WebSite\",\"@id\":\"https:\\\/\\\/abadecom.com\\\/#website\",\"url\":\"https:\\\/\\\/abadecom.com\\\/\",\"name\":\"Abadecom\",\"description\":\"Productos sostenibles y respetuosos con el medio ambiente\",\"publisher\":{\"@id\":\"https:\\\/\\\/abadecom.com\\\/#organization\"},\"alternateName\":\"Abadecom\",\"potentialAction\":[{\"@type\":\"SearchAction\",\"target\":{\"@type\":\"EntryPoint\",\"urlTemplate\":\"https:\\\/\\\/abadecom.com\\\/?s={search_term_string}\"},\"query-input\":{\"@type\":\"PropertyValueSpecification\",\"valueRequired\":true,\"valueName\":\"search_term_string\"}}],\"inLanguage\":\"fr-FR\"},{\"@type\":\"Organization\",\"@id\":\"https:\\\/\\\/abadecom.com\\\/#organization\",\"name\":\"Abadecom\",\"url\":\"https:\\\/\\\/abadecom.com\\\/\",\"logo\":{\"@type\":\"ImageObject\",\"inLanguage\":\"fr-FR\",\"@id\":\"https:\\\/\\\/abadecom.com\\\/#\\\/schema\\\/logo\\\/image\\\/\",\"url\":\"https:\\\/\\\/abadecom.com\\\/wp-content\\\/uploads\\\/2022\\\/03\\\/Logo-Abadecom-e1647715158799.png\",\"contentUrl\":\"https:\\\/\\\/abadecom.com\\\/wp-content\\\/uploads\\\/2022\\\/03\\\/Logo-Abadecom-e1647715158799.png\",\"width\":200,\"height\":117,\"caption\":\"Abadecom\"},\"image\":{\"@id\":\"https:\\\/\\\/abadecom.com\\\/#\\\/schema\\\/logo\\\/image\\\/\"}},{\"@type\":\"Person\",\"@id\":\"https:\\\/\\\/abadecom.com\\\/#\\\/schema\\\/person\\\/477a7cc0ed6c040d67343c7a3fda930b\",\"name\":\"AdminAabadeco\",\"image\":{\"@type\":\"ImageObject\",\"inLanguage\":\"fr-FR\",\"@id\":\"https:\\\/\\\/secure.gravatar.com\\\/avatar\\\/2630c0cee03e7f483e5ca41ec6649375f24ca272e920f8386983684762e36487?s=96&d=mm&r=g\",\"url\":\"https:\\\/\\\/secure.gravatar.com\\\/avatar\\\/2630c0cee03e7f483e5ca41ec6649375f24ca272e920f8386983684762e36487?s=96&d=mm&r=g\",\"contentUrl\":\"https:\\\/\\\/secure.gravatar.com\\\/avatar\\\/2630c0cee03e7f483e5ca41ec6649375f24ca272e920f8386983684762e36487?s=96&d=mm&r=g\",\"caption\":\"AdminAabadeco\"},\"sameAs\":[\"https:\\\/\\\/abadecom.com\"],\"url\":\"https:\\\/\\\/abadecom.com\\\/fr\\\/author\\\/adminaabadeco\\\/\"}]}<\/script>\n<!-- \/ Yoast SEO plugin. -->","yoast_head_json":{"title":"Abadecom se abre paso en el mercado latinoamericano - Abadecom","description":"En Costa Rica han decidido confiar en Abadecom para el desarrollo de un nuevo proyecto urban\u00edstico con la instalaci\u00f3n de pilonas r\u00edgidas","robots":{"index":"index","follow":"follow","max-snippet":"max-snippet:-1","max-image-preview":"max-image-preview:large","max-video-preview":"max-video-preview:-1"},"canonical":"https:\/\/abadecom.com\/fr\/abadecom-se-abre-paso-en-el-mercado-latinoamericano\/","og_locale":"fr_FR","og_type":"article","og_title":"Abadecom se abre paso en el mercado latinoamericano - Abadecom","og_description":"En Costa Rica han decidido confiar en Abadecom para el desarrollo de un nuevo proyecto urban\u00edstico con la instalaci\u00f3n de pilonas r\u00edgidas","og_url":"https:\/\/abadecom.com\/fr\/abadecom-se-abre-paso-en-el-mercado-latinoamericano\/","og_site_name":"Abadecom","article_published_time":"2023-09-20T13:09:55+00:00","article_modified_time":"2023-09-20T13:09:57+00:00","og_image":[{"width":2560,"height":2146,"url":"https:\/\/abadecom.com\/wp-content\/uploads\/2023\/09\/Pilona-de-plastico-reciclado-scaled.jpg","type":"image\/jpeg"}],"author":"AdminAabadeco","twitter_card":"summary_large_image","twitter_misc":{"\u00c9crit par":"AdminAabadeco","Dur\u00e9e de lecture estim\u00e9e":"1 minute"},"schema":{"@context":"https:\/\/schema.org","@graph":[{"@type":"Article","@id":"https:\/\/abadecom.com\/abadecom-se-abre-paso-en-el-mercado-latinoamericano\/#article","isPartOf":{"@id":"https:\/\/abadecom.com\/abadecom-se-abre-paso-en-el-mercado-latinoamericano\/"},"author":{"name":"AdminAabadeco","@id":"https:\/\/abadecom.com\/#\/schema\/person\/477a7cc0ed6c040d67343c7a3fda930b"},"headline":"Abadecom se abre paso en el mercado latinoamericano","datePublished":"2023-09-20T13:09:55+00:00","dateModified":"2023-09-20T13:09:57+00:00","mainEntityOfPage":{"@id":"https:\/\/abadecom.com\/abadecom-se-abre-paso-en-el-mercado-latinoamericano\/"},"wordCount":163,"commentCount":0,"publisher":{"@id":"https:\/\/abadecom.com\/#organization"},"image":{"@id":"https:\/\/abadecom.com\/abadecom-se-abre-paso-en-el-mercado-latinoamericano\/#primaryimage"},"thumbnailUrl":"https:\/\/abadecom.com\/wp-content\/uploads\/2023\/09\/Pilona-de-plastico-reciclado-scaled.jpg","articleSection":["Sin categorizar"],"inLanguage":"fr-FR","potentialAction":[{"@type":"CommentAction","name":"Comment","target":["https:\/\/abadecom.com\/abadecom-se-abre-paso-en-el-mercado-latinoamericano\/#respond"]}]},{"@type":"WebPage","@id":"https:\/\/abadecom.com\/abadecom-se-abre-paso-en-el-mercado-latinoamericano\/","url":"https:\/\/abadecom.com\/abadecom-se-abre-paso-en-el-mercado-latinoamericano\/","name":"Abadecom se abre paso en el mercado latinoamericano - Abadecom","isPartOf":{"@id":"https:\/\/abadecom.com\/#website"},"primaryImageOfPage":{"@id":"https:\/\/abadecom.com\/abadecom-se-abre-paso-en-el-mercado-latinoamericano\/#primaryimage"},"image":{"@id":"https:\/\/abadecom.com\/abadecom-se-abre-paso-en-el-mercado-latinoamericano\/#primaryimage"},"thumbnailUrl":"https:\/\/abadecom.com\/wp-content\/uploads\/2023\/09\/Pilona-de-plastico-reciclado-scaled.jpg","datePublished":"2023-09-20T13:09:55+00:00","dateModified":"2023-09-20T13:09:57+00:00","description":"En Costa Rica han decidido confiar en Abadecom para el desarrollo de un nuevo proyecto urban\u00edstico con la instalaci\u00f3n de pilonas r\u00edgidas","inLanguage":"fr-FR","potentialAction":[{"@type":"ReadAction","target":["https:\/\/abadecom.com\/abadecom-se-abre-paso-en-el-mercado-latinoamericano\/"]}]},{"@type":"ImageObject","inLanguage":"fr-FR","@id":"https:\/\/abadecom.com\/abadecom-se-abre-paso-en-el-mercado-latinoamericano\/#primaryimage","url":"https:\/\/abadecom.com\/wp-content\/uploads\/2023\/09\/Pilona-de-plastico-reciclado-scaled.jpg","contentUrl":"https:\/\/abadecom.com\/wp-content\/uploads\/2023\/09\/Pilona-de-plastico-reciclado-scaled.jpg","width":2560,"height":2146},{"@type":"WebSite","@id":"https:\/\/abadecom.com\/#website","url":"https:\/\/abadecom.com\/","name":"Abadecom","description":"Produits durables et respectueux de l'environnement","publisher":{"@id":"https:\/\/abadecom.com\/#organization"},"alternateName":"Abadecom","potentialAction":[{"@type":"SearchAction","target":{"@type":"EntryPoint","urlTemplate":"https:\/\/abadecom.com\/?s={search_term_string}"},"query-input":{"@type":"PropertyValueSpecification","valueRequired":true,"valueName":"search_term_string"}}],"inLanguage":"fr-FR"},{"@type":"Organization","@id":"https:\/\/abadecom.com\/#organization","name":"Abadecom","url":"https:\/\/abadecom.com\/","logo":{"@type":"ImageObject","inLanguage":"fr-FR","@id":"https:\/\/abadecom.com\/#\/schema\/logo\/image\/","url":"https:\/\/abadecom.com\/wp-content\/uploads\/2022\/03\/Logo-Abadecom-e1647715158799.png","contentUrl":"https:\/\/abadecom.com\/wp-content\/uploads\/2022\/03\/Logo-Abadecom-e1647715158799.png","width":200,"height":117,"caption":"Abadecom"},"image":{"@id":"https:\/\/abadecom.com\/#\/schema\/logo\/image\/"}},{"@type":"Person","@id":"https:\/\/abadecom.com\/#\/schema\/person\/477a7cc0ed6c040d67343c7a3fda930b","name":"AdminAabadeco","image":{"@type":"ImageObject","inLanguage":"fr-FR","@id":"https:\/\/secure.gravatar.com\/avatar\/2630c0cee03e7f483e5ca41ec6649375f24ca272e920f8386983684762e36487?s=96&d=mm&r=g","url":"https:\/\/secure.gravatar.com\/avatar\/2630c0cee03e7f483e5ca41ec6649375f24ca272e920f8386983684762e36487?s=96&d=mm&r=g","contentUrl":"https:\/\/secure.gravatar.com\/avatar\/2630c0cee03e7f483e5ca41ec6649375f24ca272e920f8386983684762e36487?s=96&d=mm&r=g","caption":"AdminAabadeco"},"sameAs":["https:\/\/abadecom.com"],"url":"https:\/\/abadecom.com\/fr\/author\/adminaabadeco\/"}]}},"_links":{"self":[{"href":"https:\/\/abadecom.com\/fr\/wp-json\/wp\/v2\/posts\/9229","targetHints":{"allow":["GET"]}}],"collection":[{"href":"https:\/\/abadecom.com\/fr\/wp-json\/wp\/v2\/posts"}],"about":[{"href":"https:\/\/abadecom.com\/fr\/wp-json\/wp\/v2\/types\/post"}],"author":[{"embeddable":true,"href":"https:\/\/abadecom.com\/fr\/wp-json\/wp\/v2\/users\/1"}],"replies":[{"embeddable":true,"href":"https:\/\/abadecom.com\/fr\/wp-json\/wp\/v2\/comments?post=9229"}],"version-history":[{"count":3,"href":"https:\/\/abadecom.com\/fr\/wp-json\/wp\/v2\/posts\/9229\/revisions"}],"predecessor-version":[{"id":9233,"href":"https:\/\/abadecom.com\/fr\/wp-json\/wp\/v2\/posts\/9229\/revisions\/9233"}],"wp:featuredmedia":[{"embeddable":true,"href":"https:\/\/abadecom.com\/fr\/wp-json\/wp\/v2\/media\/9230"}],"wp:attachment":[{"href":"https:\/\/abadecom.com\/fr\/wp-json\/wp\/v2\/media?parent=9229"}],"wp:term":[{"taxonomy":"category","embeddable":true,"href":"https:\/\/abadecom.com\/fr\/wp-json\/wp\/v2\/categories?post=9229"},{"taxonomy":"post_tag","embeddable":true,"href":"https:\/\/abadecom.com\/fr\/wp-json\/wp\/v2\/tags?post=9229"}],"curies":[{"name":"wp","href":"https:\/\/api.w.org\/{rel}","templated":true}]}}