{"id":9193,"date":"2023-09-04T10:42:29","date_gmt":"2023-09-04T10:42:29","guid":{"rendered":"https:\/\/abadecom.com\/?p=9193"},"modified":"2023-09-04T10:42:31","modified_gmt":"2023-09-04T10:42:31","slug":"abadecom-ofrece-maquinarias-para-empresas-de-la-industria-alimentaria","status":"publish","type":"post","link":"https:\/\/abadecom.com\/fr\/abadecom-ofrece-maquinarias-para-empresas-de-la-industria-alimentaria\/","title":{"rendered":"Abadecom ofrece maquinarias para empresas de la industria alimentaria"},"content":{"rendered":"<p class=\"wp-block-paragraph\">En Abadecom Maquinarias contamos con diferentes m\u00e1quinas para la hosteler\u00eda, reposter\u00eda, panader\u00edas, entre otros.<\/p>\n\n\n\n<p class=\"wp-block-paragraph\">En esta ocasi\u00f3n presentamos la m\u00e1quina de corte para tartas congeladas, con cuchillas de alta precisi\u00f3n, dise\u00f1ada para facilitar y agilizar el proceso de preparaci\u00f3n de los productos.<\/p>\n\n\n\n<p class=\"wp-block-paragraph\">Esta m\u00e1quina permite cortar tartas de forma r\u00e1pida, precisa y uniforme. Fabricada con materiales de calidad, brinda protecci\u00f3n al trabajador proporcion\u00e1ndole una manipulaci\u00f3n segura de los alimentos.<\/p>\n\n\n\n<p class=\"wp-block-paragraph\">Conoce m\u00e1s en nuestra web: <a href=\"https:\/\/abadecom.com\/fr\/maquina-de-corte-para-tartas-congeladas\/\">www.abadecom.com<\/a><\/p>\n\n\n\n<p class=\"wp-block-paragraph\"><\/p>","protected":false},"excerpt":{"rendered":"<p>En Abadecom Maquinarias contamos con diferentes m\u00e1quinas para la hosteler\u00eda, reposter\u00eda, panader\u00edas, entre otros. En esta ocasi\u00f3n presentamos la m\u00e1quina de corte para tartas congeladas, con cuchillas de alta precisi\u00f3n, dise\u00f1ada para facilitar y agilizar el proceso de preparaci\u00f3n de los productos. Esta m\u00e1quina permite cortar tartas de forma r\u00e1pida, precisa y uniforme. Fabricada con [&#8230;]<\/p>\n<p><a class=\"btn btn-secondary understrap-read-more-link\" href=\"https:\/\/abadecom.com\/fr\/abadecom-ofrece-maquinarias-para-empresas-de-la-industria-alimentaria\/\">Lire la suite\u2026<span class=\"screen-reader-text\"> from Abadecom ofrece maquinarias para empresas de la industria alimentaria<\/span><\/a><\/p>\n","protected":false},"author":1,"featured_media":9194,"comment_status":"open","ping_status":"open","sticky":false,"template":"","format":"standard","meta":{"content-type":"","_monsterinsights_skip_tracking":false,"pgc_sgb_lightbox_settings":"","footnotes":""},"categories":[1],"tags":[],"class_list":["post-9193","post","type-post","status-publish","format-standard","has-post-thumbnail","hentry","category-sin-categorizar"],"yoast_head":"<!-- This site is optimized with the Yoast SEO plugin v28.4 - https:\/\/yoast.com\/product\/yoast-seo-wordpress\/ -->\n<title>Abadecom ofrece maquinarias para empresas de la industria alimentaria - Abadecom<\/title>\n<meta name=\"description\" content=\"En Abadecom Maquinarias contamos con diferentes m\u00e1quinas para la hosteler\u00eda, reposter\u00eda, panader\u00edas, entre otros.\" \/>\n<meta name=\"robots\" content=\"index, follow, max-snippet:-1, max-image-preview:large, max-video-preview:-1\" \/>\n<link rel=\"canonical\" href=\"https:\/\/abadecom.com\/fr\/abadecom-ofrece-maquinarias-para-empresas-de-la-industria-alimentaria\/\" \/>\n<meta property=\"og:locale\" content=\"fr_FR\" \/>\n<meta property=\"og:type\" content=\"article\" \/>\n<meta property=\"og:title\" content=\"Abadecom ofrece maquinarias para empresas de la industria alimentaria - Abadecom\" \/>\n<meta property=\"og:description\" content=\"En Abadecom Maquinarias contamos con diferentes m\u00e1quinas para la hosteler\u00eda, reposter\u00eda, panader\u00edas, entre otros.\" \/>\n<meta property=\"og:url\" content=\"https:\/\/abadecom.com\/fr\/abadecom-ofrece-maquinarias-para-empresas-de-la-industria-alimentaria\/\" \/>\n<meta property=\"og:site_name\" content=\"Abadecom\" \/>\n<meta property=\"article:published_time\" content=\"2023-09-04T10:42:29+00:00\" \/>\n<meta property=\"article:modified_time\" content=\"2023-09-04T10:42:31+00:00\" \/>\n<meta property=\"og:image\" content=\"https:\/\/abadecom.com\/wp-content\/uploads\/2023\/09\/maquina-corte-congelados.jpg\" \/>\n\t<meta property=\"og:image:width\" content=\"1200\" \/>\n\t<meta property=\"og:image:height\" content=\"1200\" \/>\n\t<meta property=\"og:image:type\" content=\"image\/jpeg\" \/>\n<meta name=\"author\" content=\"AdminAabadeco\" \/>\n<meta name=\"twitter:card\" content=\"summary_large_image\" \/>\n<meta name=\"twitter:label1\" content=\"\u00c9crit par\" \/>\n\t<meta name=\"twitter:data1\" content=\"AdminAabadeco\" \/>\n\t<meta name=\"twitter:label2\" content=\"Dur\u00e9e de lecture estim\u00e9e\" \/>\n\t<meta name=\"twitter:data2\" content=\"1 minute\" \/>\n<script type=\"application\/ld+json\" class=\"yoast-schema-graph\">{\"@context\":\"https:\\\/\\\/schema.org\",\"@graph\":[{\"@type\":\"Article\",\"@id\":\"https:\\\/\\\/abadecom.com\\\/abadecom-ofrece-maquinarias-para-empresas-de-la-industria-alimentaria\\\/#article\",\"isPartOf\":{\"@id\":\"https:\\\/\\\/abadecom.com\\\/abadecom-ofrece-maquinarias-para-empresas-de-la-industria-alimentaria\\\/\"},\"author\":{\"name\":\"AdminAabadeco\",\"@id\":\"https:\\\/\\\/abadecom.com\\\/#\\\/schema\\\/person\\\/477a7cc0ed6c040d67343c7a3fda930b\"},\"headline\":\"Abadecom ofrece maquinarias para empresas de la industria alimentaria\",\"datePublished\":\"2023-09-04T10:42:29+00:00\",\"dateModified\":\"2023-09-04T10:42:31+00:00\",\"mainEntityOfPage\":{\"@id\":\"https:\\\/\\\/abadecom.com\\\/abadecom-ofrece-maquinarias-para-empresas-de-la-industria-alimentaria\\\/\"},\"wordCount\":101,\"commentCount\":0,\"publisher\":{\"@id\":\"https:\\\/\\\/abadecom.com\\\/#organization\"},\"image\":{\"@id\":\"https:\\\/\\\/abadecom.com\\\/abadecom-ofrece-maquinarias-para-empresas-de-la-industria-alimentaria\\\/#primaryimage\"},\"thumbnailUrl\":\"https:\\\/\\\/abadecom.com\\\/wp-content\\\/uploads\\\/2023\\\/09\\\/maquina-corte-congelados.jpg\",\"articleSection\":[\"Sin categorizar\"],\"inLanguage\":\"fr-FR\",\"potentialAction\":[{\"@type\":\"CommentAction\",\"name\":\"Comment\",\"target\":[\"https:\\\/\\\/abadecom.com\\\/abadecom-ofrece-maquinarias-para-empresas-de-la-industria-alimentaria\\\/#respond\"]}]},{\"@type\":\"WebPage\",\"@id\":\"https:\\\/\\\/abadecom.com\\\/abadecom-ofrece-maquinarias-para-empresas-de-la-industria-alimentaria\\\/\",\"url\":\"https:\\\/\\\/abadecom.com\\\/abadecom-ofrece-maquinarias-para-empresas-de-la-industria-alimentaria\\\/\",\"name\":\"Abadecom ofrece maquinarias para empresas de la industria alimentaria - Abadecom\",\"isPartOf\":{\"@id\":\"https:\\\/\\\/abadecom.com\\\/#website\"},\"primaryImageOfPage\":{\"@id\":\"https:\\\/\\\/abadecom.com\\\/abadecom-ofrece-maquinarias-para-empresas-de-la-industria-alimentaria\\\/#primaryimage\"},\"image\":{\"@id\":\"https:\\\/\\\/abadecom.com\\\/abadecom-ofrece-maquinarias-para-empresas-de-la-industria-alimentaria\\\/#primaryimage\"},\"thumbnailUrl\":\"https:\\\/\\\/abadecom.com\\\/wp-content\\\/uploads\\\/2023\\\/09\\\/maquina-corte-congelados.jpg\",\"datePublished\":\"2023-09-04T10:42:29+00:00\",\"dateModified\":\"2023-09-04T10:42:31+00:00\",\"description\":\"En Abadecom Maquinarias contamos con diferentes m\u00e1quinas para la hosteler\u00eda, reposter\u00eda, panader\u00edas, entre otros.\",\"inLanguage\":\"fr-FR\",\"potentialAction\":[{\"@type\":\"ReadAction\",\"target\":[\"https:\\\/\\\/abadecom.com\\\/abadecom-ofrece-maquinarias-para-empresas-de-la-industria-alimentaria\\\/\"]}]},{\"@type\":\"ImageObject\",\"inLanguage\":\"fr-FR\",\"@id\":\"https:\\\/\\\/abadecom.com\\\/abadecom-ofrece-maquinarias-para-empresas-de-la-industria-alimentaria\\\/#primaryimage\",\"url\":\"https:\\\/\\\/abadecom.com\\\/wp-content\\\/uploads\\\/2023\\\/09\\\/maquina-corte-congelados.jpg\",\"contentUrl\":\"https:\\\/\\\/abadecom.com\\\/wp-content\\\/uploads\\\/2023\\\/09\\\/maquina-corte-congelados.jpg\",\"width\":1200,\"height\":1200},{\"@type\":\"WebSite\",\"@id\":\"https:\\\/\\\/abadecom.com\\\/#website\",\"url\":\"https:\\\/\\\/abadecom.com\\\/\",\"name\":\"Abadecom\",\"description\":\"Productos sostenibles y respetuosos con el medio ambiente\",\"publisher\":{\"@id\":\"https:\\\/\\\/abadecom.com\\\/#organization\"},\"alternateName\":\"Abadecom\",\"potentialAction\":[{\"@type\":\"SearchAction\",\"target\":{\"@type\":\"EntryPoint\",\"urlTemplate\":\"https:\\\/\\\/abadecom.com\\\/?s={search_term_string}\"},\"query-input\":{\"@type\":\"PropertyValueSpecification\",\"valueRequired\":true,\"valueName\":\"search_term_string\"}}],\"inLanguage\":\"fr-FR\"},{\"@type\":\"Organization\",\"@id\":\"https:\\\/\\\/abadecom.com\\\/#organization\",\"name\":\"Abadecom\",\"url\":\"https:\\\/\\\/abadecom.com\\\/\",\"logo\":{\"@type\":\"ImageObject\",\"inLanguage\":\"fr-FR\",\"@id\":\"https:\\\/\\\/abadecom.com\\\/#\\\/schema\\\/logo\\\/image\\\/\",\"url\":\"https:\\\/\\\/abadecom.com\\\/wp-content\\\/uploads\\\/2022\\\/03\\\/Logo-Abadecom-e1647715158799.png\",\"contentUrl\":\"https:\\\/\\\/abadecom.com\\\/wp-content\\\/uploads\\\/2022\\\/03\\\/Logo-Abadecom-e1647715158799.png\",\"width\":200,\"height\":117,\"caption\":\"Abadecom\"},\"image\":{\"@id\":\"https:\\\/\\\/abadecom.com\\\/#\\\/schema\\\/logo\\\/image\\\/\"}},{\"@type\":\"Person\",\"@id\":\"https:\\\/\\\/abadecom.com\\\/#\\\/schema\\\/person\\\/477a7cc0ed6c040d67343c7a3fda930b\",\"name\":\"AdminAabadeco\",\"image\":{\"@type\":\"ImageObject\",\"inLanguage\":\"fr-FR\",\"@id\":\"https:\\\/\\\/secure.gravatar.com\\\/avatar\\\/2630c0cee03e7f483e5ca41ec6649375f24ca272e920f8386983684762e36487?s=96&d=mm&r=g\",\"url\":\"https:\\\/\\\/secure.gravatar.com\\\/avatar\\\/2630c0cee03e7f483e5ca41ec6649375f24ca272e920f8386983684762e36487?s=96&d=mm&r=g\",\"contentUrl\":\"https:\\\/\\\/secure.gravatar.com\\\/avatar\\\/2630c0cee03e7f483e5ca41ec6649375f24ca272e920f8386983684762e36487?s=96&d=mm&r=g\",\"caption\":\"AdminAabadeco\"},\"sameAs\":[\"https:\\\/\\\/abadecom.com\"],\"url\":\"https:\\\/\\\/abadecom.com\\\/fr\\\/author\\\/adminaabadeco\\\/\"}]}<\/script>\n<!-- \/ Yoast SEO plugin. -->","yoast_head_json":{"title":"Abadecom ofrece maquinarias para empresas de la industria alimentaria - Abadecom","description":"En Abadecom Maquinarias contamos con diferentes m\u00e1quinas para la hosteler\u00eda, reposter\u00eda, panader\u00edas, entre otros.","robots":{"index":"index","follow":"follow","max-snippet":"max-snippet:-1","max-image-preview":"max-image-preview:large","max-video-preview":"max-video-preview:-1"},"canonical":"https:\/\/abadecom.com\/fr\/abadecom-ofrece-maquinarias-para-empresas-de-la-industria-alimentaria\/","og_locale":"fr_FR","og_type":"article","og_title":"Abadecom ofrece maquinarias para empresas de la industria alimentaria - Abadecom","og_description":"En Abadecom Maquinarias contamos con diferentes m\u00e1quinas para la hosteler\u00eda, reposter\u00eda, panader\u00edas, entre otros.","og_url":"https:\/\/abadecom.com\/fr\/abadecom-ofrece-maquinarias-para-empresas-de-la-industria-alimentaria\/","og_site_name":"Abadecom","article_published_time":"2023-09-04T10:42:29+00:00","article_modified_time":"2023-09-04T10:42:31+00:00","og_image":[{"width":1200,"height":1200,"url":"https:\/\/abadecom.com\/wp-content\/uploads\/2023\/09\/maquina-corte-congelados.jpg","type":"image\/jpeg"}],"author":"AdminAabadeco","twitter_card":"summary_large_image","twitter_misc":{"\u00c9crit par":"AdminAabadeco","Dur\u00e9e de lecture estim\u00e9e":"1 minute"},"schema":{"@context":"https:\/\/schema.org","@graph":[{"@type":"Article","@id":"https:\/\/abadecom.com\/abadecom-ofrece-maquinarias-para-empresas-de-la-industria-alimentaria\/#article","isPartOf":{"@id":"https:\/\/abadecom.com\/abadecom-ofrece-maquinarias-para-empresas-de-la-industria-alimentaria\/"},"author":{"name":"AdminAabadeco","@id":"https:\/\/abadecom.com\/#\/schema\/person\/477a7cc0ed6c040d67343c7a3fda930b"},"headline":"Abadecom ofrece maquinarias para empresas de la industria alimentaria","datePublished":"2023-09-04T10:42:29+00:00","dateModified":"2023-09-04T10:42:31+00:00","mainEntityOfPage":{"@id":"https:\/\/abadecom.com\/abadecom-ofrece-maquinarias-para-empresas-de-la-industria-alimentaria\/"},"wordCount":101,"commentCount":0,"publisher":{"@id":"https:\/\/abadecom.com\/#organization"},"image":{"@id":"https:\/\/abadecom.com\/abadecom-ofrece-maquinarias-para-empresas-de-la-industria-alimentaria\/#primaryimage"},"thumbnailUrl":"https:\/\/abadecom.com\/wp-content\/uploads\/2023\/09\/maquina-corte-congelados.jpg","articleSection":["Sin categorizar"],"inLanguage":"fr-FR","potentialAction":[{"@type":"CommentAction","name":"Comment","target":["https:\/\/abadecom.com\/abadecom-ofrece-maquinarias-para-empresas-de-la-industria-alimentaria\/#respond"]}]},{"@type":"WebPage","@id":"https:\/\/abadecom.com\/abadecom-ofrece-maquinarias-para-empresas-de-la-industria-alimentaria\/","url":"https:\/\/abadecom.com\/abadecom-ofrece-maquinarias-para-empresas-de-la-industria-alimentaria\/","name":"Abadecom ofrece maquinarias para empresas de la industria alimentaria - Abadecom","isPartOf":{"@id":"https:\/\/abadecom.com\/#website"},"primaryImageOfPage":{"@id":"https:\/\/abadecom.com\/abadecom-ofrece-maquinarias-para-empresas-de-la-industria-alimentaria\/#primaryimage"},"image":{"@id":"https:\/\/abadecom.com\/abadecom-ofrece-maquinarias-para-empresas-de-la-industria-alimentaria\/#primaryimage"},"thumbnailUrl":"https:\/\/abadecom.com\/wp-content\/uploads\/2023\/09\/maquina-corte-congelados.jpg","datePublished":"2023-09-04T10:42:29+00:00","dateModified":"2023-09-04T10:42:31+00:00","description":"En Abadecom Maquinarias contamos con diferentes m\u00e1quinas para la hosteler\u00eda, reposter\u00eda, panader\u00edas, entre otros.","inLanguage":"fr-FR","potentialAction":[{"@type":"ReadAction","target":["https:\/\/abadecom.com\/abadecom-ofrece-maquinarias-para-empresas-de-la-industria-alimentaria\/"]}]},{"@type":"ImageObject","inLanguage":"fr-FR","@id":"https:\/\/abadecom.com\/abadecom-ofrece-maquinarias-para-empresas-de-la-industria-alimentaria\/#primaryimage","url":"https:\/\/abadecom.com\/wp-content\/uploads\/2023\/09\/maquina-corte-congelados.jpg","contentUrl":"https:\/\/abadecom.com\/wp-content\/uploads\/2023\/09\/maquina-corte-congelados.jpg","width":1200,"height":1200},{"@type":"WebSite","@id":"https:\/\/abadecom.com\/#website","url":"https:\/\/abadecom.com\/","name":"Abadecom","description":"Produits durables et respectueux de l'environnement","publisher":{"@id":"https:\/\/abadecom.com\/#organization"},"alternateName":"Abadecom","potentialAction":[{"@type":"SearchAction","target":{"@type":"EntryPoint","urlTemplate":"https:\/\/abadecom.com\/?s={search_term_string}"},"query-input":{"@type":"PropertyValueSpecification","valueRequired":true,"valueName":"search_term_string"}}],"inLanguage":"fr-FR"},{"@type":"Organization","@id":"https:\/\/abadecom.com\/#organization","name":"Abadecom","url":"https:\/\/abadecom.com\/","logo":{"@type":"ImageObject","inLanguage":"fr-FR","@id":"https:\/\/abadecom.com\/#\/schema\/logo\/image\/","url":"https:\/\/abadecom.com\/wp-content\/uploads\/2022\/03\/Logo-Abadecom-e1647715158799.png","contentUrl":"https:\/\/abadecom.com\/wp-content\/uploads\/2022\/03\/Logo-Abadecom-e1647715158799.png","width":200,"height":117,"caption":"Abadecom"},"image":{"@id":"https:\/\/abadecom.com\/#\/schema\/logo\/image\/"}},{"@type":"Person","@id":"https:\/\/abadecom.com\/#\/schema\/person\/477a7cc0ed6c040d67343c7a3fda930b","name":"AdminAabadeco","image":{"@type":"ImageObject","inLanguage":"fr-FR","@id":"https:\/\/secure.gravatar.com\/avatar\/2630c0cee03e7f483e5ca41ec6649375f24ca272e920f8386983684762e36487?s=96&d=mm&r=g","url":"https:\/\/secure.gravatar.com\/avatar\/2630c0cee03e7f483e5ca41ec6649375f24ca272e920f8386983684762e36487?s=96&d=mm&r=g","contentUrl":"https:\/\/secure.gravatar.com\/avatar\/2630c0cee03e7f483e5ca41ec6649375f24ca272e920f8386983684762e36487?s=96&d=mm&r=g","caption":"AdminAabadeco"},"sameAs":["https:\/\/abadecom.com"],"url":"https:\/\/abadecom.com\/fr\/author\/adminaabadeco\/"}]}},"_links":{"self":[{"href":"https:\/\/abadecom.com\/fr\/wp-json\/wp\/v2\/posts\/9193","targetHints":{"allow":["GET"]}}],"collection":[{"href":"https:\/\/abadecom.com\/fr\/wp-json\/wp\/v2\/posts"}],"about":[{"href":"https:\/\/abadecom.com\/fr\/wp-json\/wp\/v2\/types\/post"}],"author":[{"embeddable":true,"href":"https:\/\/abadecom.com\/fr\/wp-json\/wp\/v2\/users\/1"}],"replies":[{"embeddable":true,"href":"https:\/\/abadecom.com\/fr\/wp-json\/wp\/v2\/comments?post=9193"}],"version-history":[{"count":1,"href":"https:\/\/abadecom.com\/fr\/wp-json\/wp\/v2\/posts\/9193\/revisions"}],"predecessor-version":[{"id":9195,"href":"https:\/\/abadecom.com\/fr\/wp-json\/wp\/v2\/posts\/9193\/revisions\/9195"}],"wp:featuredmedia":[{"embeddable":true,"href":"https:\/\/abadecom.com\/fr\/wp-json\/wp\/v2\/media\/9194"}],"wp:attachment":[{"href":"https:\/\/abadecom.com\/fr\/wp-json\/wp\/v2\/media?parent=9193"}],"wp:term":[{"taxonomy":"category","embeddable":true,"href":"https:\/\/abadecom.com\/fr\/wp-json\/wp\/v2\/categories?post=9193"},{"taxonomy":"post_tag","embeddable":true,"href":"https:\/\/abadecom.com\/fr\/wp-json\/wp\/v2\/tags?post=9193"}],"curies":[{"name":"wp","href":"https:\/\/api.w.org\/{rel}","templated":true}]}}