{"id":9180,"date":"2023-08-03T17:42:47","date_gmt":"2023-08-03T17:42:47","guid":{"rendered":"https:\/\/abadecom.com\/?p=9180"},"modified":"2023-08-03T17:42:49","modified_gmt":"2023-08-03T17:42:49","slug":"en-abadecom-estamos-comprometidos-con-la-movilidad-sostenible","status":"publish","type":"post","link":"https:\/\/abadecom.com\/fr\/en-abadecom-estamos-comprometidos-con-la-movilidad-sostenible\/","title":{"rendered":"En Abadecom estamos comprometidos con la movilidad sostenible"},"content":{"rendered":"<p class=\"wp-block-paragraph\">Nuestro separador de carril bici Fotoluminiscente y reflectante es un producto innovador que cada vez se est\u00e1 implementando en m\u00e1s ciudades, una de ellas Cartagena. <\/p>\n\n\n\n<p class=\"wp-block-paragraph\">Estos separadores balizan y se\u00f1alizan, adem\u00e1s de aportar un extra de seguridad tanto a los usuarios del carril bici como a los conductores de veh\u00edculos. <\/p>\n\n\n\n<p class=\"wp-block-paragraph\">Est\u00e1n fabricados con material 100%  reciclado y 100% reciclable, lo que permite reducir el impacto medioambiental. <\/p>\n\n\n\n<p class=\"wp-block-paragraph\">Este separador de carril bici fotoluminiscente combina resistencia, durabilidad y versatilidad. Es f\u00e1cil de manipular y montar, lo que reduce los costes de mantenimiento y para mayor seguridad. cuenta con un dispositivos fotoluminiscente que se activa con luz solar o artificial, lo que permite dar visibilidad en condiciones de oscuridad.<\/p>","protected":false},"excerpt":{"rendered":"<p>Nuestro separador de carril bici Fotoluminiscente y reflectante es un producto innovador que cada vez se est\u00e1 implementando en m\u00e1s ciudades, una de ellas Cartagena. Estos separadores balizan y se\u00f1alizan, adem\u00e1s de aportar un extra de seguridad tanto a los usuarios del carril bici como a los conductores de veh\u00edculos. Est\u00e1n fabricados con material 100% [&#8230;]<\/p>\n<p><a class=\"btn btn-secondary understrap-read-more-link\" href=\"https:\/\/abadecom.com\/fr\/en-abadecom-estamos-comprometidos-con-la-movilidad-sostenible\/\">Lire la suite\u2026<span class=\"screen-reader-text\"> from En Abadecom estamos comprometidos con la movilidad sostenible<\/span><\/a><\/p>\n","protected":false},"author":1,"featured_media":9181,"comment_status":"open","ping_status":"open","sticky":false,"template":"","format":"standard","meta":{"content-type":"","_monsterinsights_skip_tracking":false,"pgc_sgb_lightbox_settings":"","footnotes":""},"categories":[1],"tags":[],"class_list":["post-9180","post","type-post","status-publish","format-standard","has-post-thumbnail","hentry","category-sin-categorizar"],"yoast_head":"<!-- This site is optimized with the Yoast SEO plugin v28.4 - https:\/\/yoast.com\/product\/yoast-seo-wordpress\/ -->\n<title>En Abadecom estamos comprometidos con la movilidad sostenible - Abadecom<\/title>\n<meta name=\"description\" content=\"Nuestro separador de carril bici Fotoluminiscente es un producto innovador que cada vez est\u00e1 en m\u00e1s ciudades, una de ellas Cartagena.\" \/>\n<meta name=\"robots\" content=\"index, follow, max-snippet:-1, max-image-preview:large, max-video-preview:-1\" \/>\n<link rel=\"canonical\" href=\"https:\/\/abadecom.com\/fr\/en-abadecom-estamos-comprometidos-con-la-movilidad-sostenible\/\" \/>\n<meta property=\"og:locale\" content=\"fr_FR\" \/>\n<meta property=\"og:type\" content=\"article\" \/>\n<meta property=\"og:title\" content=\"En Abadecom estamos comprometidos con la movilidad sostenible - Abadecom\" \/>\n<meta property=\"og:description\" content=\"Nuestro separador de carril bici Fotoluminiscente es un producto innovador que cada vez est\u00e1 en m\u00e1s ciudades, una de ellas Cartagena.\" \/>\n<meta property=\"og:url\" content=\"https:\/\/abadecom.com\/fr\/en-abadecom-estamos-comprometidos-con-la-movilidad-sostenible\/\" \/>\n<meta property=\"og:site_name\" content=\"Abadecom\" \/>\n<meta property=\"article:published_time\" content=\"2023-08-03T17:42:47+00:00\" \/>\n<meta property=\"article:modified_time\" content=\"2023-08-03T17:42:49+00:00\" \/>\n<meta property=\"og:image\" content=\"https:\/\/abadecom.com\/wp-content\/uploads\/2023\/08\/Separador-carril-bici-fotoluminiscente-Cartagena_Abadecom-scaled.jpg\" \/>\n\t<meta property=\"og:image:width\" content=\"2560\" \/>\n\t<meta property=\"og:image:height\" content=\"2146\" \/>\n\t<meta property=\"og:image:type\" content=\"image\/jpeg\" \/>\n<meta name=\"author\" content=\"AdminAabadeco\" \/>\n<meta name=\"twitter:card\" content=\"summary_large_image\" \/>\n<meta name=\"twitter:label1\" content=\"\u00c9crit par\" \/>\n\t<meta name=\"twitter:data1\" content=\"AdminAabadeco\" \/>\n\t<meta name=\"twitter:label2\" content=\"Dur\u00e9e de lecture estim\u00e9e\" \/>\n\t<meta name=\"twitter:data2\" content=\"1 minute\" \/>\n<script type=\"application\/ld+json\" class=\"yoast-schema-graph\">{\"@context\":\"https:\\\/\\\/schema.org\",\"@graph\":[{\"@type\":\"Article\",\"@id\":\"https:\\\/\\\/abadecom.com\\\/en-abadecom-estamos-comprometidos-con-la-movilidad-sostenible\\\/#article\",\"isPartOf\":{\"@id\":\"https:\\\/\\\/abadecom.com\\\/en-abadecom-estamos-comprometidos-con-la-movilidad-sostenible\\\/\"},\"author\":{\"name\":\"AdminAabadeco\",\"@id\":\"https:\\\/\\\/abadecom.com\\\/#\\\/schema\\\/person\\\/477a7cc0ed6c040d67343c7a3fda930b\"},\"headline\":\"En Abadecom estamos comprometidos con la movilidad sostenible\",\"datePublished\":\"2023-08-03T17:42:47+00:00\",\"dateModified\":\"2023-08-03T17:42:49+00:00\",\"mainEntityOfPage\":{\"@id\":\"https:\\\/\\\/abadecom.com\\\/en-abadecom-estamos-comprometidos-con-la-movilidad-sostenible\\\/\"},\"wordCount\":128,\"commentCount\":6,\"publisher\":{\"@id\":\"https:\\\/\\\/abadecom.com\\\/#organization\"},\"image\":{\"@id\":\"https:\\\/\\\/abadecom.com\\\/en-abadecom-estamos-comprometidos-con-la-movilidad-sostenible\\\/#primaryimage\"},\"thumbnailUrl\":\"https:\\\/\\\/abadecom.com\\\/wp-content\\\/uploads\\\/2023\\\/08\\\/Separador-carril-bici-fotoluminiscente-Cartagena_Abadecom-scaled.jpg\",\"articleSection\":[\"Sin categorizar\"],\"inLanguage\":\"fr-FR\",\"potentialAction\":[{\"@type\":\"CommentAction\",\"name\":\"Comment\",\"target\":[\"https:\\\/\\\/abadecom.com\\\/en-abadecom-estamos-comprometidos-con-la-movilidad-sostenible\\\/#respond\"]}]},{\"@type\":\"WebPage\",\"@id\":\"https:\\\/\\\/abadecom.com\\\/en-abadecom-estamos-comprometidos-con-la-movilidad-sostenible\\\/\",\"url\":\"https:\\\/\\\/abadecom.com\\\/en-abadecom-estamos-comprometidos-con-la-movilidad-sostenible\\\/\",\"name\":\"En Abadecom estamos comprometidos con la movilidad sostenible - Abadecom\",\"isPartOf\":{\"@id\":\"https:\\\/\\\/abadecom.com\\\/#website\"},\"primaryImageOfPage\":{\"@id\":\"https:\\\/\\\/abadecom.com\\\/en-abadecom-estamos-comprometidos-con-la-movilidad-sostenible\\\/#primaryimage\"},\"image\":{\"@id\":\"https:\\\/\\\/abadecom.com\\\/en-abadecom-estamos-comprometidos-con-la-movilidad-sostenible\\\/#primaryimage\"},\"thumbnailUrl\":\"https:\\\/\\\/abadecom.com\\\/wp-content\\\/uploads\\\/2023\\\/08\\\/Separador-carril-bici-fotoluminiscente-Cartagena_Abadecom-scaled.jpg\",\"datePublished\":\"2023-08-03T17:42:47+00:00\",\"dateModified\":\"2023-08-03T17:42:49+00:00\",\"description\":\"Nuestro separador de carril bici Fotoluminiscente es un producto innovador que cada vez est\u00e1 en m\u00e1s ciudades, una de ellas Cartagena.\",\"inLanguage\":\"fr-FR\",\"potentialAction\":[{\"@type\":\"ReadAction\",\"target\":[\"https:\\\/\\\/abadecom.com\\\/en-abadecom-estamos-comprometidos-con-la-movilidad-sostenible\\\/\"]}]},{\"@type\":\"ImageObject\",\"inLanguage\":\"fr-FR\",\"@id\":\"https:\\\/\\\/abadecom.com\\\/en-abadecom-estamos-comprometidos-con-la-movilidad-sostenible\\\/#primaryimage\",\"url\":\"https:\\\/\\\/abadecom.com\\\/wp-content\\\/uploads\\\/2023\\\/08\\\/Separador-carril-bici-fotoluminiscente-Cartagena_Abadecom-scaled.jpg\",\"contentUrl\":\"https:\\\/\\\/abadecom.com\\\/wp-content\\\/uploads\\\/2023\\\/08\\\/Separador-carril-bici-fotoluminiscente-Cartagena_Abadecom-scaled.jpg\",\"width\":2560,\"height\":2146},{\"@type\":\"WebSite\",\"@id\":\"https:\\\/\\\/abadecom.com\\\/#website\",\"url\":\"https:\\\/\\\/abadecom.com\\\/\",\"name\":\"Abadecom\",\"description\":\"Productos sostenibles y respetuosos con el medio ambiente\",\"publisher\":{\"@id\":\"https:\\\/\\\/abadecom.com\\\/#organization\"},\"alternateName\":\"Abadecom\",\"potentialAction\":[{\"@type\":\"SearchAction\",\"target\":{\"@type\":\"EntryPoint\",\"urlTemplate\":\"https:\\\/\\\/abadecom.com\\\/?s={search_term_string}\"},\"query-input\":{\"@type\":\"PropertyValueSpecification\",\"valueRequired\":true,\"valueName\":\"search_term_string\"}}],\"inLanguage\":\"fr-FR\"},{\"@type\":\"Organization\",\"@id\":\"https:\\\/\\\/abadecom.com\\\/#organization\",\"name\":\"Abadecom\",\"url\":\"https:\\\/\\\/abadecom.com\\\/\",\"logo\":{\"@type\":\"ImageObject\",\"inLanguage\":\"fr-FR\",\"@id\":\"https:\\\/\\\/abadecom.com\\\/#\\\/schema\\\/logo\\\/image\\\/\",\"url\":\"https:\\\/\\\/abadecom.com\\\/wp-content\\\/uploads\\\/2022\\\/03\\\/Logo-Abadecom-e1647715158799.png\",\"contentUrl\":\"https:\\\/\\\/abadecom.com\\\/wp-content\\\/uploads\\\/2022\\\/03\\\/Logo-Abadecom-e1647715158799.png\",\"width\":200,\"height\":117,\"caption\":\"Abadecom\"},\"image\":{\"@id\":\"https:\\\/\\\/abadecom.com\\\/#\\\/schema\\\/logo\\\/image\\\/\"}},{\"@type\":\"Person\",\"@id\":\"https:\\\/\\\/abadecom.com\\\/#\\\/schema\\\/person\\\/477a7cc0ed6c040d67343c7a3fda930b\",\"name\":\"AdminAabadeco\",\"image\":{\"@type\":\"ImageObject\",\"inLanguage\":\"fr-FR\",\"@id\":\"https:\\\/\\\/secure.gravatar.com\\\/avatar\\\/2630c0cee03e7f483e5ca41ec6649375f24ca272e920f8386983684762e36487?s=96&d=mm&r=g\",\"url\":\"https:\\\/\\\/secure.gravatar.com\\\/avatar\\\/2630c0cee03e7f483e5ca41ec6649375f24ca272e920f8386983684762e36487?s=96&d=mm&r=g\",\"contentUrl\":\"https:\\\/\\\/secure.gravatar.com\\\/avatar\\\/2630c0cee03e7f483e5ca41ec6649375f24ca272e920f8386983684762e36487?s=96&d=mm&r=g\",\"caption\":\"AdminAabadeco\"},\"sameAs\":[\"https:\\\/\\\/abadecom.com\"],\"url\":\"https:\\\/\\\/abadecom.com\\\/fr\\\/author\\\/adminaabadeco\\\/\"}]}<\/script>\n<!-- \/ Yoast SEO plugin. -->","yoast_head_json":{"title":"En Abadecom estamos comprometidos con la movilidad sostenible - Abadecom","description":"Nuestro separador de carril bici Fotoluminiscente es un producto innovador que cada vez est\u00e1 en m\u00e1s ciudades, una de ellas Cartagena.","robots":{"index":"index","follow":"follow","max-snippet":"max-snippet:-1","max-image-preview":"max-image-preview:large","max-video-preview":"max-video-preview:-1"},"canonical":"https:\/\/abadecom.com\/fr\/en-abadecom-estamos-comprometidos-con-la-movilidad-sostenible\/","og_locale":"fr_FR","og_type":"article","og_title":"En Abadecom estamos comprometidos con la movilidad sostenible - Abadecom","og_description":"Nuestro separador de carril bici Fotoluminiscente es un producto innovador que cada vez est\u00e1 en m\u00e1s ciudades, una de ellas Cartagena.","og_url":"https:\/\/abadecom.com\/fr\/en-abadecom-estamos-comprometidos-con-la-movilidad-sostenible\/","og_site_name":"Abadecom","article_published_time":"2023-08-03T17:42:47+00:00","article_modified_time":"2023-08-03T17:42:49+00:00","og_image":[{"width":2560,"height":2146,"url":"https:\/\/abadecom.com\/wp-content\/uploads\/2023\/08\/Separador-carril-bici-fotoluminiscente-Cartagena_Abadecom-scaled.jpg","type":"image\/jpeg"}],"author":"AdminAabadeco","twitter_card":"summary_large_image","twitter_misc":{"\u00c9crit par":"AdminAabadeco","Dur\u00e9e de lecture estim\u00e9e":"1 minute"},"schema":{"@context":"https:\/\/schema.org","@graph":[{"@type":"Article","@id":"https:\/\/abadecom.com\/en-abadecom-estamos-comprometidos-con-la-movilidad-sostenible\/#article","isPartOf":{"@id":"https:\/\/abadecom.com\/en-abadecom-estamos-comprometidos-con-la-movilidad-sostenible\/"},"author":{"name":"AdminAabadeco","@id":"https:\/\/abadecom.com\/#\/schema\/person\/477a7cc0ed6c040d67343c7a3fda930b"},"headline":"En Abadecom estamos comprometidos con la movilidad sostenible","datePublished":"2023-08-03T17:42:47+00:00","dateModified":"2023-08-03T17:42:49+00:00","mainEntityOfPage":{"@id":"https:\/\/abadecom.com\/en-abadecom-estamos-comprometidos-con-la-movilidad-sostenible\/"},"wordCount":128,"commentCount":6,"publisher":{"@id":"https:\/\/abadecom.com\/#organization"},"image":{"@id":"https:\/\/abadecom.com\/en-abadecom-estamos-comprometidos-con-la-movilidad-sostenible\/#primaryimage"},"thumbnailUrl":"https:\/\/abadecom.com\/wp-content\/uploads\/2023\/08\/Separador-carril-bici-fotoluminiscente-Cartagena_Abadecom-scaled.jpg","articleSection":["Sin categorizar"],"inLanguage":"fr-FR","potentialAction":[{"@type":"CommentAction","name":"Comment","target":["https:\/\/abadecom.com\/en-abadecom-estamos-comprometidos-con-la-movilidad-sostenible\/#respond"]}]},{"@type":"WebPage","@id":"https:\/\/abadecom.com\/en-abadecom-estamos-comprometidos-con-la-movilidad-sostenible\/","url":"https:\/\/abadecom.com\/en-abadecom-estamos-comprometidos-con-la-movilidad-sostenible\/","name":"En Abadecom estamos comprometidos con la movilidad sostenible - Abadecom","isPartOf":{"@id":"https:\/\/abadecom.com\/#website"},"primaryImageOfPage":{"@id":"https:\/\/abadecom.com\/en-abadecom-estamos-comprometidos-con-la-movilidad-sostenible\/#primaryimage"},"image":{"@id":"https:\/\/abadecom.com\/en-abadecom-estamos-comprometidos-con-la-movilidad-sostenible\/#primaryimage"},"thumbnailUrl":"https:\/\/abadecom.com\/wp-content\/uploads\/2023\/08\/Separador-carril-bici-fotoluminiscente-Cartagena_Abadecom-scaled.jpg","datePublished":"2023-08-03T17:42:47+00:00","dateModified":"2023-08-03T17:42:49+00:00","description":"Nuestro separador de carril bici Fotoluminiscente es un producto innovador que cada vez est\u00e1 en m\u00e1s ciudades, una de ellas Cartagena.","inLanguage":"fr-FR","potentialAction":[{"@type":"ReadAction","target":["https:\/\/abadecom.com\/en-abadecom-estamos-comprometidos-con-la-movilidad-sostenible\/"]}]},{"@type":"ImageObject","inLanguage":"fr-FR","@id":"https:\/\/abadecom.com\/en-abadecom-estamos-comprometidos-con-la-movilidad-sostenible\/#primaryimage","url":"https:\/\/abadecom.com\/wp-content\/uploads\/2023\/08\/Separador-carril-bici-fotoluminiscente-Cartagena_Abadecom-scaled.jpg","contentUrl":"https:\/\/abadecom.com\/wp-content\/uploads\/2023\/08\/Separador-carril-bici-fotoluminiscente-Cartagena_Abadecom-scaled.jpg","width":2560,"height":2146},{"@type":"WebSite","@id":"https:\/\/abadecom.com\/#website","url":"https:\/\/abadecom.com\/","name":"Abadecom","description":"Produits durables et respectueux de l'environnement","publisher":{"@id":"https:\/\/abadecom.com\/#organization"},"alternateName":"Abadecom","potentialAction":[{"@type":"SearchAction","target":{"@type":"EntryPoint","urlTemplate":"https:\/\/abadecom.com\/?s={search_term_string}"},"query-input":{"@type":"PropertyValueSpecification","valueRequired":true,"valueName":"search_term_string"}}],"inLanguage":"fr-FR"},{"@type":"Organization","@id":"https:\/\/abadecom.com\/#organization","name":"Abadecom","url":"https:\/\/abadecom.com\/","logo":{"@type":"ImageObject","inLanguage":"fr-FR","@id":"https:\/\/abadecom.com\/#\/schema\/logo\/image\/","url":"https:\/\/abadecom.com\/wp-content\/uploads\/2022\/03\/Logo-Abadecom-e1647715158799.png","contentUrl":"https:\/\/abadecom.com\/wp-content\/uploads\/2022\/03\/Logo-Abadecom-e1647715158799.png","width":200,"height":117,"caption":"Abadecom"},"image":{"@id":"https:\/\/abadecom.com\/#\/schema\/logo\/image\/"}},{"@type":"Person","@id":"https:\/\/abadecom.com\/#\/schema\/person\/477a7cc0ed6c040d67343c7a3fda930b","name":"AdminAabadeco","image":{"@type":"ImageObject","inLanguage":"fr-FR","@id":"https:\/\/secure.gravatar.com\/avatar\/2630c0cee03e7f483e5ca41ec6649375f24ca272e920f8386983684762e36487?s=96&d=mm&r=g","url":"https:\/\/secure.gravatar.com\/avatar\/2630c0cee03e7f483e5ca41ec6649375f24ca272e920f8386983684762e36487?s=96&d=mm&r=g","contentUrl":"https:\/\/secure.gravatar.com\/avatar\/2630c0cee03e7f483e5ca41ec6649375f24ca272e920f8386983684762e36487?s=96&d=mm&r=g","caption":"AdminAabadeco"},"sameAs":["https:\/\/abadecom.com"],"url":"https:\/\/abadecom.com\/fr\/author\/adminaabadeco\/"}]}},"_links":{"self":[{"href":"https:\/\/abadecom.com\/fr\/wp-json\/wp\/v2\/posts\/9180","targetHints":{"allow":["GET"]}}],"collection":[{"href":"https:\/\/abadecom.com\/fr\/wp-json\/wp\/v2\/posts"}],"about":[{"href":"https:\/\/abadecom.com\/fr\/wp-json\/wp\/v2\/types\/post"}],"author":[{"embeddable":true,"href":"https:\/\/abadecom.com\/fr\/wp-json\/wp\/v2\/users\/1"}],"replies":[{"embeddable":true,"href":"https:\/\/abadecom.com\/fr\/wp-json\/wp\/v2\/comments?post=9180"}],"version-history":[{"count":2,"href":"https:\/\/abadecom.com\/fr\/wp-json\/wp\/v2\/posts\/9180\/revisions"}],"predecessor-version":[{"id":9183,"href":"https:\/\/abadecom.com\/fr\/wp-json\/wp\/v2\/posts\/9180\/revisions\/9183"}],"wp:featuredmedia":[{"embeddable":true,"href":"https:\/\/abadecom.com\/fr\/wp-json\/wp\/v2\/media\/9181"}],"wp:attachment":[{"href":"https:\/\/abadecom.com\/fr\/wp-json\/wp\/v2\/media?parent=9180"}],"wp:term":[{"taxonomy":"category","embeddable":true,"href":"https:\/\/abadecom.com\/fr\/wp-json\/wp\/v2\/categories?post=9180"},{"taxonomy":"post_tag","embeddable":true,"href":"https:\/\/abadecom.com\/fr\/wp-json\/wp\/v2\/tags?post=9180"}],"curies":[{"name":"wp","href":"https:\/\/api.w.org\/{rel}","templated":true}]}}