{"id":9170,"date":"2023-07-17T09:29:52","date_gmt":"2023-07-17T09:29:52","guid":{"rendered":"https:\/\/abadecom.com\/?p=9170"},"modified":"2023-07-20T16:44:54","modified_gmt":"2023-07-20T16:44:54","slug":"abadecom-apuesta-por-la-internacionalizacion-de-las-pymes","status":"publish","type":"post","link":"https:\/\/abadecom.com\/fr\/abadecom-apuesta-por-la-internacionalizacion-de-las-pymes\/","title":{"rendered":"Abadecom apuesta por la internacionalizaci\u00f3n de las pymes"},"content":{"rendered":"<p class=\"wp-block-paragraph\">Para una peque\u00f1a o mediana empresa, acceder a la importaci\u00f3n y la exportaci\u00f3n puede ser todo un desaf\u00edo. <\/p>\n\n\n\n<p class=\"wp-block-paragraph\">No obstante,<strong> <\/strong><a href=\"https:\/\/abadecom.com\/fr\/\" target=\"_blank\" rel=\"noreferrer noopener\"><strong>Abadecom<\/strong><\/a>&nbsp;ha decidido ofrecer ayuda a pymes<strong>, <\/strong>no solo para que les sea m\u00e1s f\u00e1cil el proceso de importar y exportar, sino tambi\u00e9n para aprovechar todas las ventajas de la internacionalizaci\u00f3n.<\/p>\n\n\n\n<p class=\"wp-block-paragraph\">Para ello, contamos con un equipo de expertos que se encargan de supervisar todo el proceso y garantizar su \u00e9xito.<\/p>\n\n\n\n<p class=\"wp-block-paragraph\">Contamos con una red de agentes de aduanas, transportistas y transitarios en diferentes puntos a nivel global, garantizando la seguridad y efectividad de cada operaci\u00f3n.<\/p>","protected":false},"excerpt":{"rendered":"<p>Para una peque\u00f1a o mediana empresa, acceder a la importaci\u00f3n y la exportaci\u00f3n puede ser todo un desaf\u00edo. No obstante, Abadecom&nbsp;ha decidido ofrecer ayuda a pymes, no solo para que les sea m\u00e1s f\u00e1cil el proceso de importar y exportar, sino tambi\u00e9n para aprovechar todas las ventajas de la internacionalizaci\u00f3n. Para ello, contamos con un [&#8230;]<\/p>\n<p><a class=\"btn btn-secondary understrap-read-more-link\" href=\"https:\/\/abadecom.com\/fr\/abadecom-apuesta-por-la-internacionalizacion-de-las-pymes\/\">Lire la suite\u2026<span class=\"screen-reader-text\"> from Abadecom apuesta por la internacionalizaci\u00f3n de las pymes<\/span><\/a><\/p>\n","protected":false},"author":1,"featured_media":9173,"comment_status":"open","ping_status":"open","sticky":false,"template":"","format":"standard","meta":{"content-type":"","_monsterinsights_skip_tracking":false,"pgc_sgb_lightbox_settings":"","footnotes":""},"categories":[1],"tags":[],"class_list":["post-9170","post","type-post","status-publish","format-standard","has-post-thumbnail","hentry","category-sin-categorizar"],"yoast_head":"<!-- This site is optimized with the Yoast SEO plugin v28.4 - https:\/\/yoast.com\/product\/yoast-seo-wordpress\/ -->\n<title>Abadecom apuesta por la internacionalizaci\u00f3n de las pymes - Abadecom<\/title>\n<meta name=\"robots\" content=\"index, follow, max-snippet:-1, max-image-preview:large, max-video-preview:-1\" \/>\n<link rel=\"canonical\" href=\"https:\/\/abadecom.com\/fr\/abadecom-apuesta-por-la-internacionalizacion-de-las-pymes\/\" \/>\n<meta property=\"og:locale\" content=\"fr_FR\" \/>\n<meta property=\"og:type\" content=\"article\" \/>\n<meta property=\"og:title\" content=\"Abadecom apuesta por la internacionalizaci\u00f3n de las pymes - Abadecom\" \/>\n<meta property=\"og:description\" content=\"Para una peque\u00f1a o mediana empresa, acceder a la importaci\u00f3n y la exportaci\u00f3n puede ser todo un desaf\u00edo. No obstante, Abadecom&nbsp;ha decidido ofrecer ayuda a pymes, no solo para que les sea m\u00e1s f\u00e1cil el proceso de importar y exportar, sino tambi\u00e9n para aprovechar todas las ventajas de la internacionalizaci\u00f3n. Para ello, contamos con un [...]Lire la suite\u2026 from Abadecom apuesta por la internacionalizaci\u00f3n de las pymes\" \/>\n<meta property=\"og:url\" content=\"https:\/\/abadecom.com\/fr\/abadecom-apuesta-por-la-internacionalizacion-de-las-pymes\/\" \/>\n<meta property=\"og:site_name\" content=\"Abadecom\" \/>\n<meta property=\"article:published_time\" content=\"2023-07-17T09:29:52+00:00\" \/>\n<meta property=\"article:modified_time\" content=\"2023-07-20T16:44:54+00:00\" \/>\n<meta property=\"og:image\" content=\"https:\/\/abadecom.com\/wp-content\/uploads\/2023\/07\/logistica-internacional.jpg\" \/>\n\t<meta property=\"og:image:width\" content=\"1645\" \/>\n\t<meta property=\"og:image:height\" content=\"1379\" \/>\n\t<meta property=\"og:image:type\" content=\"image\/jpeg\" \/>\n<meta name=\"author\" content=\"AdminAabadeco\" \/>\n<meta name=\"twitter:card\" content=\"summary_large_image\" \/>\n<meta name=\"twitter:label1\" content=\"\u00c9crit par\" \/>\n\t<meta name=\"twitter:data1\" content=\"AdminAabadeco\" \/>\n\t<meta name=\"twitter:label2\" content=\"Dur\u00e9e de lecture estim\u00e9e\" \/>\n\t<meta name=\"twitter:data2\" content=\"1 minute\" \/>\n<script type=\"application\/ld+json\" class=\"yoast-schema-graph\">{\"@context\":\"https:\\\/\\\/schema.org\",\"@graph\":[{\"@type\":\"Article\",\"@id\":\"https:\\\/\\\/abadecom.com\\\/abadecom-apuesta-por-la-internacionalizacion-de-las-pymes\\\/#article\",\"isPartOf\":{\"@id\":\"https:\\\/\\\/abadecom.com\\\/abadecom-apuesta-por-la-internacionalizacion-de-las-pymes\\\/\"},\"author\":{\"name\":\"AdminAabadeco\",\"@id\":\"https:\\\/\\\/abadecom.com\\\/#\\\/schema\\\/person\\\/477a7cc0ed6c040d67343c7a3fda930b\"},\"headline\":\"Abadecom apuesta por la internacionalizaci\u00f3n de las pymes\",\"datePublished\":\"2023-07-17T09:29:52+00:00\",\"dateModified\":\"2023-07-20T16:44:54+00:00\",\"mainEntityOfPage\":{\"@id\":\"https:\\\/\\\/abadecom.com\\\/abadecom-apuesta-por-la-internacionalizacion-de-las-pymes\\\/\"},\"wordCount\":115,\"commentCount\":0,\"publisher\":{\"@id\":\"https:\\\/\\\/abadecom.com\\\/#organization\"},\"image\":{\"@id\":\"https:\\\/\\\/abadecom.com\\\/abadecom-apuesta-por-la-internacionalizacion-de-las-pymes\\\/#primaryimage\"},\"thumbnailUrl\":\"https:\\\/\\\/abadecom.com\\\/wp-content\\\/uploads\\\/2023\\\/07\\\/logistica-internacional.jpg\",\"articleSection\":[\"Sin categorizar\"],\"inLanguage\":\"fr-FR\",\"potentialAction\":[{\"@type\":\"CommentAction\",\"name\":\"Comment\",\"target\":[\"https:\\\/\\\/abadecom.com\\\/abadecom-apuesta-por-la-internacionalizacion-de-las-pymes\\\/#respond\"]}]},{\"@type\":\"WebPage\",\"@id\":\"https:\\\/\\\/abadecom.com\\\/abadecom-apuesta-por-la-internacionalizacion-de-las-pymes\\\/\",\"url\":\"https:\\\/\\\/abadecom.com\\\/abadecom-apuesta-por-la-internacionalizacion-de-las-pymes\\\/\",\"name\":\"Abadecom apuesta por la internacionalizaci\u00f3n de las pymes - Abadecom\",\"isPartOf\":{\"@id\":\"https:\\\/\\\/abadecom.com\\\/#website\"},\"primaryImageOfPage\":{\"@id\":\"https:\\\/\\\/abadecom.com\\\/abadecom-apuesta-por-la-internacionalizacion-de-las-pymes\\\/#primaryimage\"},\"image\":{\"@id\":\"https:\\\/\\\/abadecom.com\\\/abadecom-apuesta-por-la-internacionalizacion-de-las-pymes\\\/#primaryimage\"},\"thumbnailUrl\":\"https:\\\/\\\/abadecom.com\\\/wp-content\\\/uploads\\\/2023\\\/07\\\/logistica-internacional.jpg\",\"datePublished\":\"2023-07-17T09:29:52+00:00\",\"dateModified\":\"2023-07-20T16:44:54+00:00\",\"inLanguage\":\"fr-FR\",\"potentialAction\":[{\"@type\":\"ReadAction\",\"target\":[\"https:\\\/\\\/abadecom.com\\\/abadecom-apuesta-por-la-internacionalizacion-de-las-pymes\\\/\"]}]},{\"@type\":\"ImageObject\",\"inLanguage\":\"fr-FR\",\"@id\":\"https:\\\/\\\/abadecom.com\\\/abadecom-apuesta-por-la-internacionalizacion-de-las-pymes\\\/#primaryimage\",\"url\":\"https:\\\/\\\/abadecom.com\\\/wp-content\\\/uploads\\\/2023\\\/07\\\/logistica-internacional.jpg\",\"contentUrl\":\"https:\\\/\\\/abadecom.com\\\/wp-content\\\/uploads\\\/2023\\\/07\\\/logistica-internacional.jpg\",\"width\":1645,\"height\":1379},{\"@type\":\"WebSite\",\"@id\":\"https:\\\/\\\/abadecom.com\\\/#website\",\"url\":\"https:\\\/\\\/abadecom.com\\\/\",\"name\":\"Abadecom\",\"description\":\"Productos sostenibles y respetuosos con el medio ambiente\",\"publisher\":{\"@id\":\"https:\\\/\\\/abadecom.com\\\/#organization\"},\"alternateName\":\"Abadecom\",\"potentialAction\":[{\"@type\":\"SearchAction\",\"target\":{\"@type\":\"EntryPoint\",\"urlTemplate\":\"https:\\\/\\\/abadecom.com\\\/?s={search_term_string}\"},\"query-input\":{\"@type\":\"PropertyValueSpecification\",\"valueRequired\":true,\"valueName\":\"search_term_string\"}}],\"inLanguage\":\"fr-FR\"},{\"@type\":\"Organization\",\"@id\":\"https:\\\/\\\/abadecom.com\\\/#organization\",\"name\":\"Abadecom\",\"url\":\"https:\\\/\\\/abadecom.com\\\/\",\"logo\":{\"@type\":\"ImageObject\",\"inLanguage\":\"fr-FR\",\"@id\":\"https:\\\/\\\/abadecom.com\\\/#\\\/schema\\\/logo\\\/image\\\/\",\"url\":\"https:\\\/\\\/abadecom.com\\\/wp-content\\\/uploads\\\/2022\\\/03\\\/Logo-Abadecom-e1647715158799.png\",\"contentUrl\":\"https:\\\/\\\/abadecom.com\\\/wp-content\\\/uploads\\\/2022\\\/03\\\/Logo-Abadecom-e1647715158799.png\",\"width\":200,\"height\":117,\"caption\":\"Abadecom\"},\"image\":{\"@id\":\"https:\\\/\\\/abadecom.com\\\/#\\\/schema\\\/logo\\\/image\\\/\"}},{\"@type\":\"Person\",\"@id\":\"https:\\\/\\\/abadecom.com\\\/#\\\/schema\\\/person\\\/477a7cc0ed6c040d67343c7a3fda930b\",\"name\":\"AdminAabadeco\",\"image\":{\"@type\":\"ImageObject\",\"inLanguage\":\"fr-FR\",\"@id\":\"https:\\\/\\\/secure.gravatar.com\\\/avatar\\\/2630c0cee03e7f483e5ca41ec6649375f24ca272e920f8386983684762e36487?s=96&d=mm&r=g\",\"url\":\"https:\\\/\\\/secure.gravatar.com\\\/avatar\\\/2630c0cee03e7f483e5ca41ec6649375f24ca272e920f8386983684762e36487?s=96&d=mm&r=g\",\"contentUrl\":\"https:\\\/\\\/secure.gravatar.com\\\/avatar\\\/2630c0cee03e7f483e5ca41ec6649375f24ca272e920f8386983684762e36487?s=96&d=mm&r=g\",\"caption\":\"AdminAabadeco\"},\"sameAs\":[\"https:\\\/\\\/abadecom.com\"],\"url\":\"https:\\\/\\\/abadecom.com\\\/fr\\\/author\\\/adminaabadeco\\\/\"}]}<\/script>\n<!-- \/ Yoast SEO plugin. -->","yoast_head_json":{"title":"Abadecom apuesta por la internacionalizaci\u00f3n de las pymes - Abadecom","robots":{"index":"index","follow":"follow","max-snippet":"max-snippet:-1","max-image-preview":"max-image-preview:large","max-video-preview":"max-video-preview:-1"},"canonical":"https:\/\/abadecom.com\/fr\/abadecom-apuesta-por-la-internacionalizacion-de-las-pymes\/","og_locale":"fr_FR","og_type":"article","og_title":"Abadecom apuesta por la internacionalizaci\u00f3n de las pymes - Abadecom","og_description":"Para una peque\u00f1a o mediana empresa, acceder a la importaci\u00f3n y la exportaci\u00f3n puede ser todo un desaf\u00edo. No obstante, Abadecom&nbsp;ha decidido ofrecer ayuda a pymes, no solo para que les sea m\u00e1s f\u00e1cil el proceso de importar y exportar, sino tambi\u00e9n para aprovechar todas las ventajas de la internacionalizaci\u00f3n. Para ello, contamos con un [...]Lire la suite\u2026 from Abadecom apuesta por la internacionalizaci\u00f3n de las pymes","og_url":"https:\/\/abadecom.com\/fr\/abadecom-apuesta-por-la-internacionalizacion-de-las-pymes\/","og_site_name":"Abadecom","article_published_time":"2023-07-17T09:29:52+00:00","article_modified_time":"2023-07-20T16:44:54+00:00","og_image":[{"width":1645,"height":1379,"url":"https:\/\/abadecom.com\/wp-content\/uploads\/2023\/07\/logistica-internacional.jpg","type":"image\/jpeg"}],"author":"AdminAabadeco","twitter_card":"summary_large_image","twitter_misc":{"\u00c9crit par":"AdminAabadeco","Dur\u00e9e de lecture estim\u00e9e":"1 minute"},"schema":{"@context":"https:\/\/schema.org","@graph":[{"@type":"Article","@id":"https:\/\/abadecom.com\/abadecom-apuesta-por-la-internacionalizacion-de-las-pymes\/#article","isPartOf":{"@id":"https:\/\/abadecom.com\/abadecom-apuesta-por-la-internacionalizacion-de-las-pymes\/"},"author":{"name":"AdminAabadeco","@id":"https:\/\/abadecom.com\/#\/schema\/person\/477a7cc0ed6c040d67343c7a3fda930b"},"headline":"Abadecom apuesta por la internacionalizaci\u00f3n de las pymes","datePublished":"2023-07-17T09:29:52+00:00","dateModified":"2023-07-20T16:44:54+00:00","mainEntityOfPage":{"@id":"https:\/\/abadecom.com\/abadecom-apuesta-por-la-internacionalizacion-de-las-pymes\/"},"wordCount":115,"commentCount":0,"publisher":{"@id":"https:\/\/abadecom.com\/#organization"},"image":{"@id":"https:\/\/abadecom.com\/abadecom-apuesta-por-la-internacionalizacion-de-las-pymes\/#primaryimage"},"thumbnailUrl":"https:\/\/abadecom.com\/wp-content\/uploads\/2023\/07\/logistica-internacional.jpg","articleSection":["Sin categorizar"],"inLanguage":"fr-FR","potentialAction":[{"@type":"CommentAction","name":"Comment","target":["https:\/\/abadecom.com\/abadecom-apuesta-por-la-internacionalizacion-de-las-pymes\/#respond"]}]},{"@type":"WebPage","@id":"https:\/\/abadecom.com\/abadecom-apuesta-por-la-internacionalizacion-de-las-pymes\/","url":"https:\/\/abadecom.com\/abadecom-apuesta-por-la-internacionalizacion-de-las-pymes\/","name":"Abadecom apuesta por la internacionalizaci\u00f3n de las pymes - Abadecom","isPartOf":{"@id":"https:\/\/abadecom.com\/#website"},"primaryImageOfPage":{"@id":"https:\/\/abadecom.com\/abadecom-apuesta-por-la-internacionalizacion-de-las-pymes\/#primaryimage"},"image":{"@id":"https:\/\/abadecom.com\/abadecom-apuesta-por-la-internacionalizacion-de-las-pymes\/#primaryimage"},"thumbnailUrl":"https:\/\/abadecom.com\/wp-content\/uploads\/2023\/07\/logistica-internacional.jpg","datePublished":"2023-07-17T09:29:52+00:00","dateModified":"2023-07-20T16:44:54+00:00","inLanguage":"fr-FR","potentialAction":[{"@type":"ReadAction","target":["https:\/\/abadecom.com\/abadecom-apuesta-por-la-internacionalizacion-de-las-pymes\/"]}]},{"@type":"ImageObject","inLanguage":"fr-FR","@id":"https:\/\/abadecom.com\/abadecom-apuesta-por-la-internacionalizacion-de-las-pymes\/#primaryimage","url":"https:\/\/abadecom.com\/wp-content\/uploads\/2023\/07\/logistica-internacional.jpg","contentUrl":"https:\/\/abadecom.com\/wp-content\/uploads\/2023\/07\/logistica-internacional.jpg","width":1645,"height":1379},{"@type":"WebSite","@id":"https:\/\/abadecom.com\/#website","url":"https:\/\/abadecom.com\/","name":"Abadecom","description":"Produits durables et respectueux de l'environnement","publisher":{"@id":"https:\/\/abadecom.com\/#organization"},"alternateName":"Abadecom","potentialAction":[{"@type":"SearchAction","target":{"@type":"EntryPoint","urlTemplate":"https:\/\/abadecom.com\/?s={search_term_string}"},"query-input":{"@type":"PropertyValueSpecification","valueRequired":true,"valueName":"search_term_string"}}],"inLanguage":"fr-FR"},{"@type":"Organization","@id":"https:\/\/abadecom.com\/#organization","name":"Abadecom","url":"https:\/\/abadecom.com\/","logo":{"@type":"ImageObject","inLanguage":"fr-FR","@id":"https:\/\/abadecom.com\/#\/schema\/logo\/image\/","url":"https:\/\/abadecom.com\/wp-content\/uploads\/2022\/03\/Logo-Abadecom-e1647715158799.png","contentUrl":"https:\/\/abadecom.com\/wp-content\/uploads\/2022\/03\/Logo-Abadecom-e1647715158799.png","width":200,"height":117,"caption":"Abadecom"},"image":{"@id":"https:\/\/abadecom.com\/#\/schema\/logo\/image\/"}},{"@type":"Person","@id":"https:\/\/abadecom.com\/#\/schema\/person\/477a7cc0ed6c040d67343c7a3fda930b","name":"AdminAabadeco","image":{"@type":"ImageObject","inLanguage":"fr-FR","@id":"https:\/\/secure.gravatar.com\/avatar\/2630c0cee03e7f483e5ca41ec6649375f24ca272e920f8386983684762e36487?s=96&d=mm&r=g","url":"https:\/\/secure.gravatar.com\/avatar\/2630c0cee03e7f483e5ca41ec6649375f24ca272e920f8386983684762e36487?s=96&d=mm&r=g","contentUrl":"https:\/\/secure.gravatar.com\/avatar\/2630c0cee03e7f483e5ca41ec6649375f24ca272e920f8386983684762e36487?s=96&d=mm&r=g","caption":"AdminAabadeco"},"sameAs":["https:\/\/abadecom.com"],"url":"https:\/\/abadecom.com\/fr\/author\/adminaabadeco\/"}]}},"_links":{"self":[{"href":"https:\/\/abadecom.com\/fr\/wp-json\/wp\/v2\/posts\/9170","targetHints":{"allow":["GET"]}}],"collection":[{"href":"https:\/\/abadecom.com\/fr\/wp-json\/wp\/v2\/posts"}],"about":[{"href":"https:\/\/abadecom.com\/fr\/wp-json\/wp\/v2\/types\/post"}],"author":[{"embeddable":true,"href":"https:\/\/abadecom.com\/fr\/wp-json\/wp\/v2\/users\/1"}],"replies":[{"embeddable":true,"href":"https:\/\/abadecom.com\/fr\/wp-json\/wp\/v2\/comments?post=9170"}],"version-history":[{"count":2,"href":"https:\/\/abadecom.com\/fr\/wp-json\/wp\/v2\/posts\/9170\/revisions"}],"predecessor-version":[{"id":9175,"href":"https:\/\/abadecom.com\/fr\/wp-json\/wp\/v2\/posts\/9170\/revisions\/9175"}],"wp:featuredmedia":[{"embeddable":true,"href":"https:\/\/abadecom.com\/fr\/wp-json\/wp\/v2\/media\/9173"}],"wp:attachment":[{"href":"https:\/\/abadecom.com\/fr\/wp-json\/wp\/v2\/media?parent=9170"}],"wp:term":[{"taxonomy":"category","embeddable":true,"href":"https:\/\/abadecom.com\/fr\/wp-json\/wp\/v2\/categories?post=9170"},{"taxonomy":"post_tag","embeddable":true,"href":"https:\/\/abadecom.com\/fr\/wp-json\/wp\/v2\/tags?post=9170"}],"curies":[{"name":"wp","href":"https:\/\/api.w.org\/{rel}","templated":true}]}}