{"id":9166,"date":"2023-07-12T11:22:28","date_gmt":"2023-07-12T11:22:28","guid":{"rendered":"https:\/\/abadecom.com\/?p=9166"},"modified":"2023-07-12T11:22:30","modified_gmt":"2023-07-12T11:22:30","slug":"nouvel-approvisionnement-en-passerelle-en-plastique-recycle","status":"publish","type":"post","link":"https:\/\/abadecom.com\/fr\/nuevo-suministro-de-pasarela-de-plastico-reciclado\/","title":{"rendered":"Nouvel approvisionnement de passerelle en plastique recycl\u00e9"},"content":{"rendered":"<p class=\"wp-block-paragraph\">Nous sommes ravis qu'un autre de nos clients renouvelle sa confiance en nos produits.<\/p>\n\n\n\n<p class=\"wp-block-paragraph\">\u00c0 cette occasion, nous avons r\u00e9ussi \u00e0 vous fournir un caillebotis en plastique recycl\u00e9 pour une douche ext\u00e9rieure.<\/p>\n\n\n\n<p class=\"wp-block-paragraph\">En tant qu'entreprise engag\u00e9e pour la durabilit\u00e9, nous sommes fiers de proposer des solutions innovantes qui prennent soin de notre plan\u00e8te. Gr\u00e2ce \u00e0 cette passerelle, 79 kg de plastique recycl\u00e9 de haute qualit\u00e9 ont \u00e9t\u00e9 r\u00e9utilis\u00e9s ; elle offre non seulement une plateforme s\u00fbre et durable, mais contribue \u00e9galement \u00e0 r\u00e9duire notre empreinte environnementale.<\/p>\n\n\n\n<p class=\"wp-block-paragraph\">Merci encore de nous faire confiance !<\/p>","protected":false},"excerpt":{"rendered":"<p>Estamos satisfechos de que otro de nuestros clientes vuelva a confiar en nuestros productos. En esta ocasi\u00f3n, hemos logrado proporcionarle una pasarela de pl\u00e1stico reciclado para una ducha al aire libre. Como empresa comprometida con la sostenibilidad, nos enorgullece ofrecer soluciones innovadoras que cuidan de nuestro planeta. Con esta pasarela, se han reutilizado 79 kg [&#8230;]<\/p>\n<p><a class=\"btn btn-secondary understrap-read-more-link\" href=\"https:\/\/abadecom.com\/fr\/nuevo-suministro-de-pasarela-de-plastico-reciclado\/\">Lire la suite\u2026<span class=\"screen-reader-text\"> from Nuevo suministro de pasarela de pl\u00e1stico reciclado<\/span><\/a><\/p>\n","protected":false},"author":1,"featured_media":9167,"comment_status":"open","ping_status":"open","sticky":false,"template":"","format":"standard","meta":{"content-type":"","_monsterinsights_skip_tracking":false,"pgc_sgb_lightbox_settings":"","footnotes":""},"categories":[1],"tags":[],"class_list":["post-9166","post","type-post","status-publish","format-standard","has-post-thumbnail","hentry","category-sin-categorizar"],"yoast_head":"<!-- This site is optimized with the Yoast SEO plugin v28.4 - https:\/\/yoast.com\/product\/yoast-seo-wordpress\/ -->\n<title>Nuevo suministro de pasarela de pl\u00e1stico reciclado - Abadecom<\/title>\n<meta name=\"robots\" content=\"index, follow, max-snippet:-1, max-image-preview:large, max-video-preview:-1\" \/>\n<link rel=\"canonical\" href=\"https:\/\/abadecom.com\/fr\/nouvel-approvisionnement-en-passerelle-en-plastique-recycle\/\" \/>\n<meta property=\"og:locale\" content=\"fr_FR\" \/>\n<meta property=\"og:type\" content=\"article\" \/>\n<meta property=\"og:title\" content=\"Nuevo suministro de pasarela de pl\u00e1stico reciclado - Abadecom\" \/>\n<meta property=\"og:description\" content=\"Estamos satisfechos de que otro de nuestros clientes vuelva a confiar en nuestros productos. En esta ocasi\u00f3n, hemos logrado proporcionarle una pasarela de pl\u00e1stico reciclado para una ducha al aire libre. Como empresa comprometida con la sostenibilidad, nos enorgullece ofrecer soluciones innovadoras que cuidan de nuestro planeta. Con esta pasarela, se han reutilizado 79 kg [...]Lire la suite\u2026 from Nuevo suministro de pasarela de pl\u00e1stico reciclado\" \/>\n<meta property=\"og:url\" content=\"https:\/\/abadecom.com\/fr\/nouvel-approvisionnement-en-passerelle-en-plastique-recycle\/\" \/>\n<meta property=\"og:site_name\" content=\"Abadecom\" \/>\n<meta property=\"article:published_time\" content=\"2023-07-12T11:22:28+00:00\" \/>\n<meta property=\"article:modified_time\" content=\"2023-07-12T11:22:30+00:00\" \/>\n<meta property=\"og:image\" content=\"https:\/\/abadecom.com\/wp-content\/uploads\/2023\/07\/pasarela-laya.jpg\" \/>\n\t<meta property=\"og:image:width\" content=\"800\" \/>\n\t<meta property=\"og:image:height\" content=\"800\" \/>\n\t<meta property=\"og:image:type\" content=\"image\/jpeg\" \/>\n<meta name=\"author\" content=\"AdminAabadeco\" \/>\n<meta name=\"twitter:card\" content=\"summary_large_image\" \/>\n<meta name=\"twitter:label1\" content=\"\u00c9crit par\" \/>\n\t<meta name=\"twitter:data1\" content=\"AdminAabadeco\" \/>\n\t<meta name=\"twitter:label2\" content=\"Dur\u00e9e de lecture estim\u00e9e\" \/>\n\t<meta name=\"twitter:data2\" content=\"1 minute\" \/>\n<script type=\"application\/ld+json\" class=\"yoast-schema-graph\">{\"@context\":\"https:\\\/\\\/schema.org\",\"@graph\":[{\"@type\":\"Article\",\"@id\":\"https:\\\/\\\/abadecom.com\\\/nuevo-suministro-de-pasarela-de-plastico-reciclado\\\/#article\",\"isPartOf\":{\"@id\":\"https:\\\/\\\/abadecom.com\\\/nuevo-suministro-de-pasarela-de-plastico-reciclado\\\/\"},\"author\":{\"name\":\"AdminAabadeco\",\"@id\":\"https:\\\/\\\/abadecom.com\\\/#\\\/schema\\\/person\\\/477a7cc0ed6c040d67343c7a3fda930b\"},\"headline\":\"Nuevo suministro de pasarela de pl\u00e1stico reciclado\",\"datePublished\":\"2023-07-12T11:22:28+00:00\",\"dateModified\":\"2023-07-12T11:22:30+00:00\",\"mainEntityOfPage\":{\"@id\":\"https:\\\/\\\/abadecom.com\\\/nuevo-suministro-de-pasarela-de-plastico-reciclado\\\/\"},\"wordCount\":96,\"commentCount\":0,\"publisher\":{\"@id\":\"https:\\\/\\\/abadecom.com\\\/#organization\"},\"image\":{\"@id\":\"https:\\\/\\\/abadecom.com\\\/nuevo-suministro-de-pasarela-de-plastico-reciclado\\\/#primaryimage\"},\"thumbnailUrl\":\"https:\\\/\\\/abadecom.com\\\/wp-content\\\/uploads\\\/2023\\\/07\\\/pasarela-laya.jpg\",\"articleSection\":[\"Sin categorizar\"],\"inLanguage\":\"fr-FR\",\"potentialAction\":[{\"@type\":\"CommentAction\",\"name\":\"Comment\",\"target\":[\"https:\\\/\\\/abadecom.com\\\/nuevo-suministro-de-pasarela-de-plastico-reciclado\\\/#respond\"]}]},{\"@type\":\"WebPage\",\"@id\":\"https:\\\/\\\/abadecom.com\\\/nuevo-suministro-de-pasarela-de-plastico-reciclado\\\/\",\"url\":\"https:\\\/\\\/abadecom.com\\\/nuevo-suministro-de-pasarela-de-plastico-reciclado\\\/\",\"name\":\"Nuevo suministro de pasarela de pl\u00e1stico reciclado - Abadecom\",\"isPartOf\":{\"@id\":\"https:\\\/\\\/abadecom.com\\\/#website\"},\"primaryImageOfPage\":{\"@id\":\"https:\\\/\\\/abadecom.com\\\/nuevo-suministro-de-pasarela-de-plastico-reciclado\\\/#primaryimage\"},\"image\":{\"@id\":\"https:\\\/\\\/abadecom.com\\\/nuevo-suministro-de-pasarela-de-plastico-reciclado\\\/#primaryimage\"},\"thumbnailUrl\":\"https:\\\/\\\/abadecom.com\\\/wp-content\\\/uploads\\\/2023\\\/07\\\/pasarela-laya.jpg\",\"datePublished\":\"2023-07-12T11:22:28+00:00\",\"dateModified\":\"2023-07-12T11:22:30+00:00\",\"inLanguage\":\"fr-FR\",\"potentialAction\":[{\"@type\":\"ReadAction\",\"target\":[\"https:\\\/\\\/abadecom.com\\\/nuevo-suministro-de-pasarela-de-plastico-reciclado\\\/\"]}]},{\"@type\":\"ImageObject\",\"inLanguage\":\"fr-FR\",\"@id\":\"https:\\\/\\\/abadecom.com\\\/nuevo-suministro-de-pasarela-de-plastico-reciclado\\\/#primaryimage\",\"url\":\"https:\\\/\\\/abadecom.com\\\/wp-content\\\/uploads\\\/2023\\\/07\\\/pasarela-laya.jpg\",\"contentUrl\":\"https:\\\/\\\/abadecom.com\\\/wp-content\\\/uploads\\\/2023\\\/07\\\/pasarela-laya.jpg\",\"width\":800,\"height\":800},{\"@type\":\"WebSite\",\"@id\":\"https:\\\/\\\/abadecom.com\\\/#website\",\"url\":\"https:\\\/\\\/abadecom.com\\\/\",\"name\":\"Abadecom\",\"description\":\"Productos sostenibles y respetuosos con el medio ambiente\",\"publisher\":{\"@id\":\"https:\\\/\\\/abadecom.com\\\/#organization\"},\"alternateName\":\"Abadecom\",\"potentialAction\":[{\"@type\":\"SearchAction\",\"target\":{\"@type\":\"EntryPoint\",\"urlTemplate\":\"https:\\\/\\\/abadecom.com\\\/?s={search_term_string}\"},\"query-input\":{\"@type\":\"PropertyValueSpecification\",\"valueRequired\":true,\"valueName\":\"search_term_string\"}}],\"inLanguage\":\"fr-FR\"},{\"@type\":\"Organization\",\"@id\":\"https:\\\/\\\/abadecom.com\\\/#organization\",\"name\":\"Abadecom\",\"url\":\"https:\\\/\\\/abadecom.com\\\/\",\"logo\":{\"@type\":\"ImageObject\",\"inLanguage\":\"fr-FR\",\"@id\":\"https:\\\/\\\/abadecom.com\\\/#\\\/schema\\\/logo\\\/image\\\/\",\"url\":\"https:\\\/\\\/abadecom.com\\\/wp-content\\\/uploads\\\/2022\\\/03\\\/Logo-Abadecom-e1647715158799.png\",\"contentUrl\":\"https:\\\/\\\/abadecom.com\\\/wp-content\\\/uploads\\\/2022\\\/03\\\/Logo-Abadecom-e1647715158799.png\",\"width\":200,\"height\":117,\"caption\":\"Abadecom\"},\"image\":{\"@id\":\"https:\\\/\\\/abadecom.com\\\/#\\\/schema\\\/logo\\\/image\\\/\"}},{\"@type\":\"Person\",\"@id\":\"https:\\\/\\\/abadecom.com\\\/#\\\/schema\\\/person\\\/477a7cc0ed6c040d67343c7a3fda930b\",\"name\":\"AdminAabadeco\",\"image\":{\"@type\":\"ImageObject\",\"inLanguage\":\"fr-FR\",\"@id\":\"https:\\\/\\\/secure.gravatar.com\\\/avatar\\\/2630c0cee03e7f483e5ca41ec6649375f24ca272e920f8386983684762e36487?s=96&d=mm&r=g\",\"url\":\"https:\\\/\\\/secure.gravatar.com\\\/avatar\\\/2630c0cee03e7f483e5ca41ec6649375f24ca272e920f8386983684762e36487?s=96&d=mm&r=g\",\"contentUrl\":\"https:\\\/\\\/secure.gravatar.com\\\/avatar\\\/2630c0cee03e7f483e5ca41ec6649375f24ca272e920f8386983684762e36487?s=96&d=mm&r=g\",\"caption\":\"AdminAabadeco\"},\"sameAs\":[\"https:\\\/\\\/abadecom.com\"],\"url\":\"https:\\\/\\\/abadecom.com\\\/fr\\\/author\\\/adminaabadeco\\\/\"}]}<\/script>\n<!-- \/ Yoast SEO plugin. -->","yoast_head_json":{"title":"Nouvel approvisionnement en passerelle en plastique recycl\u00e9 - Abadecom","robots":{"index":"index","follow":"follow","max-snippet":"max-snippet:-1","max-image-preview":"max-image-preview:large","max-video-preview":"max-video-preview:-1"},"canonical":"https:\/\/abadecom.com\/fr\/nouvel-approvisionnement-en-passerelle-en-plastique-recycle\/","og_locale":"fr_FR","og_type":"article","og_title":"Nuevo suministro de pasarela de pl\u00e1stico reciclado - Abadecom","og_description":"Estamos satisfechos de que otro de nuestros clientes vuelva a confiar en nuestros productos. En esta ocasi\u00f3n, hemos logrado proporcionarle una pasarela de pl\u00e1stico reciclado para una ducha al aire libre. Como empresa comprometida con la sostenibilidad, nos enorgullece ofrecer soluciones innovadoras que cuidan de nuestro planeta. Con esta pasarela, se han reutilizado 79 kg [...]Lire la suite\u2026 from Nuevo suministro de pasarela de pl\u00e1stico reciclado","og_url":"https:\/\/abadecom.com\/fr\/nouvel-approvisionnement-en-passerelle-en-plastique-recycle\/","og_site_name":"Abadecom","article_published_time":"2023-07-12T11:22:28+00:00","article_modified_time":"2023-07-12T11:22:30+00:00","og_image":[{"width":800,"height":800,"url":"https:\/\/abadecom.com\/wp-content\/uploads\/2023\/07\/pasarela-laya.jpg","type":"image\/jpeg"}],"author":"AdminAabadeco","twitter_card":"summary_large_image","twitter_misc":{"\u00c9crit par":"AdminAabadeco","Dur\u00e9e de lecture estim\u00e9e":"1 minute"},"schema":{"@context":"https:\/\/schema.org","@graph":[{"@type":"Article","@id":"https:\/\/abadecom.com\/nuevo-suministro-de-pasarela-de-plastico-reciclado\/#article","isPartOf":{"@id":"https:\/\/abadecom.com\/nuevo-suministro-de-pasarela-de-plastico-reciclado\/"},"author":{"name":"AdminAabadeco","@id":"https:\/\/abadecom.com\/#\/schema\/person\/477a7cc0ed6c040d67343c7a3fda930b"},"headline":"Nuevo suministro de pasarela de pl\u00e1stico reciclado","datePublished":"2023-07-12T11:22:28+00:00","dateModified":"2023-07-12T11:22:30+00:00","mainEntityOfPage":{"@id":"https:\/\/abadecom.com\/nuevo-suministro-de-pasarela-de-plastico-reciclado\/"},"wordCount":96,"commentCount":0,"publisher":{"@id":"https:\/\/abadecom.com\/#organization"},"image":{"@id":"https:\/\/abadecom.com\/nuevo-suministro-de-pasarela-de-plastico-reciclado\/#primaryimage"},"thumbnailUrl":"https:\/\/abadecom.com\/wp-content\/uploads\/2023\/07\/pasarela-laya.jpg","articleSection":["Sin categorizar"],"inLanguage":"fr-FR","potentialAction":[{"@type":"CommentAction","name":"Comment","target":["https:\/\/abadecom.com\/nuevo-suministro-de-pasarela-de-plastico-reciclado\/#respond"]}]},{"@type":"WebPage","@id":"https:\/\/abadecom.com\/nuevo-suministro-de-pasarela-de-plastico-reciclado\/","url":"https:\/\/abadecom.com\/nuevo-suministro-de-pasarela-de-plastico-reciclado\/","name":"Nouvel approvisionnement en passerelle en plastique recycl\u00e9 - Abadecom","isPartOf":{"@id":"https:\/\/abadecom.com\/#website"},"primaryImageOfPage":{"@id":"https:\/\/abadecom.com\/nuevo-suministro-de-pasarela-de-plastico-reciclado\/#primaryimage"},"image":{"@id":"https:\/\/abadecom.com\/nuevo-suministro-de-pasarela-de-plastico-reciclado\/#primaryimage"},"thumbnailUrl":"https:\/\/abadecom.com\/wp-content\/uploads\/2023\/07\/pasarela-laya.jpg","datePublished":"2023-07-12T11:22:28+00:00","dateModified":"2023-07-12T11:22:30+00:00","inLanguage":"fr-FR","potentialAction":[{"@type":"ReadAction","target":["https:\/\/abadecom.com\/nuevo-suministro-de-pasarela-de-plastico-reciclado\/"]}]},{"@type":"ImageObject","inLanguage":"fr-FR","@id":"https:\/\/abadecom.com\/nuevo-suministro-de-pasarela-de-plastico-reciclado\/#primaryimage","url":"https:\/\/abadecom.com\/wp-content\/uploads\/2023\/07\/pasarela-laya.jpg","contentUrl":"https:\/\/abadecom.com\/wp-content\/uploads\/2023\/07\/pasarela-laya.jpg","width":800,"height":800},{"@type":"WebSite","@id":"https:\/\/abadecom.com\/#website","url":"https:\/\/abadecom.com\/","name":"Abadecom","description":"Produits durables et respectueux de l'environnement","publisher":{"@id":"https:\/\/abadecom.com\/#organization"},"alternateName":"Abadecom","potentialAction":[{"@type":"SearchAction","target":{"@type":"EntryPoint","urlTemplate":"https:\/\/abadecom.com\/?s={search_term_string}"},"query-input":{"@type":"PropertyValueSpecification","valueRequired":true,"valueName":"search_term_string"}}],"inLanguage":"fr-FR"},{"@type":"Organization","@id":"https:\/\/abadecom.com\/#organization","name":"Abadecom","url":"https:\/\/abadecom.com\/","logo":{"@type":"ImageObject","inLanguage":"fr-FR","@id":"https:\/\/abadecom.com\/#\/schema\/logo\/image\/","url":"https:\/\/abadecom.com\/wp-content\/uploads\/2022\/03\/Logo-Abadecom-e1647715158799.png","contentUrl":"https:\/\/abadecom.com\/wp-content\/uploads\/2022\/03\/Logo-Abadecom-e1647715158799.png","width":200,"height":117,"caption":"Abadecom"},"image":{"@id":"https:\/\/abadecom.com\/#\/schema\/logo\/image\/"}},{"@type":"Person","@id":"https:\/\/abadecom.com\/#\/schema\/person\/477a7cc0ed6c040d67343c7a3fda930b","name":"AdminAabadeco","image":{"@type":"ImageObject","inLanguage":"fr-FR","@id":"https:\/\/secure.gravatar.com\/avatar\/2630c0cee03e7f483e5ca41ec6649375f24ca272e920f8386983684762e36487?s=96&d=mm&r=g","url":"https:\/\/secure.gravatar.com\/avatar\/2630c0cee03e7f483e5ca41ec6649375f24ca272e920f8386983684762e36487?s=96&d=mm&r=g","contentUrl":"https:\/\/secure.gravatar.com\/avatar\/2630c0cee03e7f483e5ca41ec6649375f24ca272e920f8386983684762e36487?s=96&d=mm&r=g","caption":"AdminAabadeco"},"sameAs":["https:\/\/abadecom.com"],"url":"https:\/\/abadecom.com\/fr\/author\/adminaabadeco\/"}]}},"_links":{"self":[{"href":"https:\/\/abadecom.com\/fr\/wp-json\/wp\/v2\/posts\/9166","targetHints":{"allow":["GET"]}}],"collection":[{"href":"https:\/\/abadecom.com\/fr\/wp-json\/wp\/v2\/posts"}],"about":[{"href":"https:\/\/abadecom.com\/fr\/wp-json\/wp\/v2\/types\/post"}],"author":[{"embeddable":true,"href":"https:\/\/abadecom.com\/fr\/wp-json\/wp\/v2\/users\/1"}],"replies":[{"embeddable":true,"href":"https:\/\/abadecom.com\/fr\/wp-json\/wp\/v2\/comments?post=9166"}],"version-history":[{"count":1,"href":"https:\/\/abadecom.com\/fr\/wp-json\/wp\/v2\/posts\/9166\/revisions"}],"predecessor-version":[{"id":9168,"href":"https:\/\/abadecom.com\/fr\/wp-json\/wp\/v2\/posts\/9166\/revisions\/9168"}],"wp:featuredmedia":[{"embeddable":true,"href":"https:\/\/abadecom.com\/fr\/wp-json\/wp\/v2\/media\/9167"}],"wp:attachment":[{"href":"https:\/\/abadecom.com\/fr\/wp-json\/wp\/v2\/media?parent=9166"}],"wp:term":[{"taxonomy":"category","embeddable":true,"href":"https:\/\/abadecom.com\/fr\/wp-json\/wp\/v2\/categories?post=9166"},{"taxonomy":"post_tag","embeddable":true,"href":"https:\/\/abadecom.com\/fr\/wp-json\/wp\/v2\/tags?post=9166"}],"curies":[{"name":"wp","href":"https:\/\/api.w.org\/{rel}","templated":true}]}}