{"id":9162,"date":"2023-07-07T09:57:07","date_gmt":"2023-07-07T09:57:07","guid":{"rendered":"https:\/\/abadecom.com\/?p=9162"},"modified":"2023-07-07T09:57:09","modified_gmt":"2023-07-07T09:57:09","slug":"abadecom-y-su-nueva-eco-baliza-fotoluminiscente","status":"publish","type":"post","link":"https:\/\/abadecom.com\/fr\/abadecom-y-su-nueva-eco-baliza-fotoluminiscente\/","title":{"rendered":"Abadecom y su nueva Eco Baliza fotoluminiscente"},"content":{"rendered":"<p class=\"wp-block-paragraph\">Nuestras nuevas Eco-balizas Fotoluminiscentes son fabricadas con pl\u00e1stico 100% reciclado\/reciclable y gracias a su robustez tiene una gran durabilidad. <\/p>\n\n\n\n<p class=\"wp-block-paragraph\">La pieza fotoluminiscente puede ser vista desde una gran distancia y una vez cargada con luz solar\u00a0o\u00a0artificial, la luminancia tiene una duraci\u00f3n de m\u00e1s de 12 horas en condiciones de oscuridad. Para que se pueda apreciar el efecto de la luminiscencia, no tiene que incidir ninguna luz directamente sobre la pieza.<\/p>\n\n\n\n<p class=\"wp-block-paragraph\">La funci\u00f3n de estas eco-balizas fotoluminiscentes una vez cargada la pieza, es de se\u00f1alizar y balizar zonas sin iluminaci\u00f3n como, por ejemplo: rutas tur\u00edsticas, arqueol\u00f3gicas y de turismo astron\u00f3mico; senderos y v\u00edas verdes.<\/p>\n\n\n\n<p class=\"wp-block-paragraph\">Para m\u00e1s informaci\u00f3n: info@abadecom.com<\/p>","protected":false},"excerpt":{"rendered":"<p>Nuestras nuevas Eco-balizas Fotoluminiscentes son fabricadas con pl\u00e1stico 100% reciclado\/reciclable y gracias a su robustez tiene una gran durabilidad. La pieza fotoluminiscente puede ser vista desde una gran distancia y una vez cargada con luz solar\u00a0o\u00a0artificial, la luminancia tiene una duraci\u00f3n de m\u00e1s de 12 horas en condiciones de oscuridad. Para que se pueda apreciar [&#8230;]<\/p>\n<p><a class=\"btn btn-secondary understrap-read-more-link\" href=\"https:\/\/abadecom.com\/fr\/abadecom-y-su-nueva-eco-baliza-fotoluminiscente\/\">Lire la suite\u2026<span class=\"screen-reader-text\"> from Abadecom y su nueva Eco Baliza fotoluminiscente<\/span><\/a><\/p>\n","protected":false},"author":1,"featured_media":9163,"comment_status":"open","ping_status":"open","sticky":false,"template":"","format":"standard","meta":{"content-type":"","_monsterinsights_skip_tracking":false,"pgc_sgb_lightbox_settings":"","footnotes":""},"categories":[1],"tags":[],"class_list":["post-9162","post","type-post","status-publish","format-standard","has-post-thumbnail","hentry","category-sin-categorizar"],"yoast_head":"<!-- This site is optimized with the Yoast SEO plugin v28.4 - https:\/\/yoast.com\/product\/yoast-seo-wordpress\/ -->\n<title>Abadecom y su nueva Eco Baliza fotoluminiscente - Abadecom<\/title>\n<meta name=\"description\" content=\"Nuestras nuevas Eco-balizas Fotoluminiscentes son fabricadas con pl\u00e1stico 100% reciclado\/reciclable,gracias a su robustez tiene gran durabili\" \/>\n<meta name=\"robots\" content=\"index, follow, max-snippet:-1, max-image-preview:large, max-video-preview:-1\" \/>\n<link rel=\"canonical\" href=\"https:\/\/abadecom.com\/fr\/abadecom-y-su-nueva-eco-baliza-fotoluminiscente\/\" \/>\n<meta property=\"og:locale\" content=\"fr_FR\" \/>\n<meta property=\"og:type\" content=\"article\" \/>\n<meta property=\"og:title\" content=\"Abadecom y su nueva Eco Baliza fotoluminiscente - Abadecom\" \/>\n<meta property=\"og:description\" content=\"Nuestras nuevas Eco-balizas Fotoluminiscentes son fabricadas con pl\u00e1stico 100% reciclado\/reciclable,gracias a su robustez tiene gran durabili\" \/>\n<meta property=\"og:url\" content=\"https:\/\/abadecom.com\/fr\/abadecom-y-su-nueva-eco-baliza-fotoluminiscente\/\" \/>\n<meta property=\"og:site_name\" content=\"Abadecom\" \/>\n<meta property=\"article:published_time\" content=\"2023-07-07T09:57:07+00:00\" \/>\n<meta property=\"article:modified_time\" content=\"2023-07-07T09:57:09+00:00\" \/>\n<meta property=\"og:image\" content=\"https:\/\/abadecom.com\/wp-content\/uploads\/2023\/07\/ECO-BALIZA.jpg\" \/>\n\t<meta property=\"og:image:width\" content=\"1200\" \/>\n\t<meta property=\"og:image:height\" content=\"1200\" \/>\n\t<meta property=\"og:image:type\" content=\"image\/jpeg\" \/>\n<meta name=\"author\" content=\"AdminAabadeco\" \/>\n<meta name=\"twitter:card\" content=\"summary_large_image\" \/>\n<meta name=\"twitter:label1\" content=\"\u00c9crit par\" \/>\n\t<meta name=\"twitter:data1\" content=\"AdminAabadeco\" \/>\n\t<meta name=\"twitter:label2\" content=\"Dur\u00e9e de lecture estim\u00e9e\" \/>\n\t<meta name=\"twitter:data2\" content=\"1 minute\" \/>\n<script type=\"application\/ld+json\" class=\"yoast-schema-graph\">{\"@context\":\"https:\\\/\\\/schema.org\",\"@graph\":[{\"@type\":\"Article\",\"@id\":\"https:\\\/\\\/abadecom.com\\\/abadecom-y-su-nueva-eco-baliza-fotoluminiscente\\\/#article\",\"isPartOf\":{\"@id\":\"https:\\\/\\\/abadecom.com\\\/abadecom-y-su-nueva-eco-baliza-fotoluminiscente\\\/\"},\"author\":{\"name\":\"AdminAabadeco\",\"@id\":\"https:\\\/\\\/abadecom.com\\\/#\\\/schema\\\/person\\\/477a7cc0ed6c040d67343c7a3fda930b\"},\"headline\":\"Abadecom y su nueva Eco Baliza fotoluminiscente\",\"datePublished\":\"2023-07-07T09:57:07+00:00\",\"dateModified\":\"2023-07-07T09:57:09+00:00\",\"mainEntityOfPage\":{\"@id\":\"https:\\\/\\\/abadecom.com\\\/abadecom-y-su-nueva-eco-baliza-fotoluminiscente\\\/\"},\"wordCount\":129,\"commentCount\":0,\"publisher\":{\"@id\":\"https:\\\/\\\/abadecom.com\\\/#organization\"},\"image\":{\"@id\":\"https:\\\/\\\/abadecom.com\\\/abadecom-y-su-nueva-eco-baliza-fotoluminiscente\\\/#primaryimage\"},\"thumbnailUrl\":\"https:\\\/\\\/abadecom.com\\\/wp-content\\\/uploads\\\/2023\\\/07\\\/ECO-BALIZA.jpg\",\"articleSection\":[\"Sin categorizar\"],\"inLanguage\":\"fr-FR\",\"potentialAction\":[{\"@type\":\"CommentAction\",\"name\":\"Comment\",\"target\":[\"https:\\\/\\\/abadecom.com\\\/abadecom-y-su-nueva-eco-baliza-fotoluminiscente\\\/#respond\"]}]},{\"@type\":\"WebPage\",\"@id\":\"https:\\\/\\\/abadecom.com\\\/abadecom-y-su-nueva-eco-baliza-fotoluminiscente\\\/\",\"url\":\"https:\\\/\\\/abadecom.com\\\/abadecom-y-su-nueva-eco-baliza-fotoluminiscente\\\/\",\"name\":\"Abadecom y su nueva Eco Baliza fotoluminiscente - Abadecom\",\"isPartOf\":{\"@id\":\"https:\\\/\\\/abadecom.com\\\/#website\"},\"primaryImageOfPage\":{\"@id\":\"https:\\\/\\\/abadecom.com\\\/abadecom-y-su-nueva-eco-baliza-fotoluminiscente\\\/#primaryimage\"},\"image\":{\"@id\":\"https:\\\/\\\/abadecom.com\\\/abadecom-y-su-nueva-eco-baliza-fotoluminiscente\\\/#primaryimage\"},\"thumbnailUrl\":\"https:\\\/\\\/abadecom.com\\\/wp-content\\\/uploads\\\/2023\\\/07\\\/ECO-BALIZA.jpg\",\"datePublished\":\"2023-07-07T09:57:07+00:00\",\"dateModified\":\"2023-07-07T09:57:09+00:00\",\"description\":\"Nuestras nuevas Eco-balizas Fotoluminiscentes son fabricadas con pl\u00e1stico 100% reciclado\\\/reciclable,gracias a su robustez tiene gran durabili\",\"inLanguage\":\"fr-FR\",\"potentialAction\":[{\"@type\":\"ReadAction\",\"target\":[\"https:\\\/\\\/abadecom.com\\\/abadecom-y-su-nueva-eco-baliza-fotoluminiscente\\\/\"]}]},{\"@type\":\"ImageObject\",\"inLanguage\":\"fr-FR\",\"@id\":\"https:\\\/\\\/abadecom.com\\\/abadecom-y-su-nueva-eco-baliza-fotoluminiscente\\\/#primaryimage\",\"url\":\"https:\\\/\\\/abadecom.com\\\/wp-content\\\/uploads\\\/2023\\\/07\\\/ECO-BALIZA.jpg\",\"contentUrl\":\"https:\\\/\\\/abadecom.com\\\/wp-content\\\/uploads\\\/2023\\\/07\\\/ECO-BALIZA.jpg\",\"width\":1200,\"height\":1200},{\"@type\":\"WebSite\",\"@id\":\"https:\\\/\\\/abadecom.com\\\/#website\",\"url\":\"https:\\\/\\\/abadecom.com\\\/\",\"name\":\"Abadecom\",\"description\":\"Productos sostenibles y respetuosos con el medio ambiente\",\"publisher\":{\"@id\":\"https:\\\/\\\/abadecom.com\\\/#organization\"},\"alternateName\":\"Abadecom\",\"potentialAction\":[{\"@type\":\"SearchAction\",\"target\":{\"@type\":\"EntryPoint\",\"urlTemplate\":\"https:\\\/\\\/abadecom.com\\\/?s={search_term_string}\"},\"query-input\":{\"@type\":\"PropertyValueSpecification\",\"valueRequired\":true,\"valueName\":\"search_term_string\"}}],\"inLanguage\":\"fr-FR\"},{\"@type\":\"Organization\",\"@id\":\"https:\\\/\\\/abadecom.com\\\/#organization\",\"name\":\"Abadecom\",\"url\":\"https:\\\/\\\/abadecom.com\\\/\",\"logo\":{\"@type\":\"ImageObject\",\"inLanguage\":\"fr-FR\",\"@id\":\"https:\\\/\\\/abadecom.com\\\/#\\\/schema\\\/logo\\\/image\\\/\",\"url\":\"https:\\\/\\\/abadecom.com\\\/wp-content\\\/uploads\\\/2022\\\/03\\\/Logo-Abadecom-e1647715158799.png\",\"contentUrl\":\"https:\\\/\\\/abadecom.com\\\/wp-content\\\/uploads\\\/2022\\\/03\\\/Logo-Abadecom-e1647715158799.png\",\"width\":200,\"height\":117,\"caption\":\"Abadecom\"},\"image\":{\"@id\":\"https:\\\/\\\/abadecom.com\\\/#\\\/schema\\\/logo\\\/image\\\/\"}},{\"@type\":\"Person\",\"@id\":\"https:\\\/\\\/abadecom.com\\\/#\\\/schema\\\/person\\\/477a7cc0ed6c040d67343c7a3fda930b\",\"name\":\"AdminAabadeco\",\"image\":{\"@type\":\"ImageObject\",\"inLanguage\":\"fr-FR\",\"@id\":\"https:\\\/\\\/secure.gravatar.com\\\/avatar\\\/2630c0cee03e7f483e5ca41ec6649375f24ca272e920f8386983684762e36487?s=96&d=mm&r=g\",\"url\":\"https:\\\/\\\/secure.gravatar.com\\\/avatar\\\/2630c0cee03e7f483e5ca41ec6649375f24ca272e920f8386983684762e36487?s=96&d=mm&r=g\",\"contentUrl\":\"https:\\\/\\\/secure.gravatar.com\\\/avatar\\\/2630c0cee03e7f483e5ca41ec6649375f24ca272e920f8386983684762e36487?s=96&d=mm&r=g\",\"caption\":\"AdminAabadeco\"},\"sameAs\":[\"https:\\\/\\\/abadecom.com\"],\"url\":\"https:\\\/\\\/abadecom.com\\\/fr\\\/author\\\/adminaabadeco\\\/\"}]}<\/script>\n<!-- \/ Yoast SEO plugin. -->","yoast_head_json":{"title":"Abadecom y su nueva Eco Baliza fotoluminiscente - Abadecom","description":"Nuestras nuevas Eco-balizas Fotoluminiscentes son fabricadas con pl\u00e1stico 100% reciclado\/reciclable,gracias a su robustez tiene gran durabili","robots":{"index":"index","follow":"follow","max-snippet":"max-snippet:-1","max-image-preview":"max-image-preview:large","max-video-preview":"max-video-preview:-1"},"canonical":"https:\/\/abadecom.com\/fr\/abadecom-y-su-nueva-eco-baliza-fotoluminiscente\/","og_locale":"fr_FR","og_type":"article","og_title":"Abadecom y su nueva Eco Baliza fotoluminiscente - Abadecom","og_description":"Nuestras nuevas Eco-balizas Fotoluminiscentes son fabricadas con pl\u00e1stico 100% reciclado\/reciclable,gracias a su robustez tiene gran durabili","og_url":"https:\/\/abadecom.com\/fr\/abadecom-y-su-nueva-eco-baliza-fotoluminiscente\/","og_site_name":"Abadecom","article_published_time":"2023-07-07T09:57:07+00:00","article_modified_time":"2023-07-07T09:57:09+00:00","og_image":[{"width":1200,"height":1200,"url":"https:\/\/abadecom.com\/wp-content\/uploads\/2023\/07\/ECO-BALIZA.jpg","type":"image\/jpeg"}],"author":"AdminAabadeco","twitter_card":"summary_large_image","twitter_misc":{"\u00c9crit par":"AdminAabadeco","Dur\u00e9e de lecture estim\u00e9e":"1 minute"},"schema":{"@context":"https:\/\/schema.org","@graph":[{"@type":"Article","@id":"https:\/\/abadecom.com\/abadecom-y-su-nueva-eco-baliza-fotoluminiscente\/#article","isPartOf":{"@id":"https:\/\/abadecom.com\/abadecom-y-su-nueva-eco-baliza-fotoluminiscente\/"},"author":{"name":"AdminAabadeco","@id":"https:\/\/abadecom.com\/#\/schema\/person\/477a7cc0ed6c040d67343c7a3fda930b"},"headline":"Abadecom y su nueva Eco Baliza fotoluminiscente","datePublished":"2023-07-07T09:57:07+00:00","dateModified":"2023-07-07T09:57:09+00:00","mainEntityOfPage":{"@id":"https:\/\/abadecom.com\/abadecom-y-su-nueva-eco-baliza-fotoluminiscente\/"},"wordCount":129,"commentCount":0,"publisher":{"@id":"https:\/\/abadecom.com\/#organization"},"image":{"@id":"https:\/\/abadecom.com\/abadecom-y-su-nueva-eco-baliza-fotoluminiscente\/#primaryimage"},"thumbnailUrl":"https:\/\/abadecom.com\/wp-content\/uploads\/2023\/07\/ECO-BALIZA.jpg","articleSection":["Sin categorizar"],"inLanguage":"fr-FR","potentialAction":[{"@type":"CommentAction","name":"Comment","target":["https:\/\/abadecom.com\/abadecom-y-su-nueva-eco-baliza-fotoluminiscente\/#respond"]}]},{"@type":"WebPage","@id":"https:\/\/abadecom.com\/abadecom-y-su-nueva-eco-baliza-fotoluminiscente\/","url":"https:\/\/abadecom.com\/abadecom-y-su-nueva-eco-baliza-fotoluminiscente\/","name":"Abadecom y su nueva Eco Baliza fotoluminiscente - Abadecom","isPartOf":{"@id":"https:\/\/abadecom.com\/#website"},"primaryImageOfPage":{"@id":"https:\/\/abadecom.com\/abadecom-y-su-nueva-eco-baliza-fotoluminiscente\/#primaryimage"},"image":{"@id":"https:\/\/abadecom.com\/abadecom-y-su-nueva-eco-baliza-fotoluminiscente\/#primaryimage"},"thumbnailUrl":"https:\/\/abadecom.com\/wp-content\/uploads\/2023\/07\/ECO-BALIZA.jpg","datePublished":"2023-07-07T09:57:07+00:00","dateModified":"2023-07-07T09:57:09+00:00","description":"Nuestras nuevas Eco-balizas Fotoluminiscentes son fabricadas con pl\u00e1stico 100% reciclado\/reciclable,gracias a su robustez tiene gran durabili","inLanguage":"fr-FR","potentialAction":[{"@type":"ReadAction","target":["https:\/\/abadecom.com\/abadecom-y-su-nueva-eco-baliza-fotoluminiscente\/"]}]},{"@type":"ImageObject","inLanguage":"fr-FR","@id":"https:\/\/abadecom.com\/abadecom-y-su-nueva-eco-baliza-fotoluminiscente\/#primaryimage","url":"https:\/\/abadecom.com\/wp-content\/uploads\/2023\/07\/ECO-BALIZA.jpg","contentUrl":"https:\/\/abadecom.com\/wp-content\/uploads\/2023\/07\/ECO-BALIZA.jpg","width":1200,"height":1200},{"@type":"WebSite","@id":"https:\/\/abadecom.com\/#website","url":"https:\/\/abadecom.com\/","name":"Abadecom","description":"Produits durables et respectueux de l'environnement","publisher":{"@id":"https:\/\/abadecom.com\/#organization"},"alternateName":"Abadecom","potentialAction":[{"@type":"SearchAction","target":{"@type":"EntryPoint","urlTemplate":"https:\/\/abadecom.com\/?s={search_term_string}"},"query-input":{"@type":"PropertyValueSpecification","valueRequired":true,"valueName":"search_term_string"}}],"inLanguage":"fr-FR"},{"@type":"Organization","@id":"https:\/\/abadecom.com\/#organization","name":"Abadecom","url":"https:\/\/abadecom.com\/","logo":{"@type":"ImageObject","inLanguage":"fr-FR","@id":"https:\/\/abadecom.com\/#\/schema\/logo\/image\/","url":"https:\/\/abadecom.com\/wp-content\/uploads\/2022\/03\/Logo-Abadecom-e1647715158799.png","contentUrl":"https:\/\/abadecom.com\/wp-content\/uploads\/2022\/03\/Logo-Abadecom-e1647715158799.png","width":200,"height":117,"caption":"Abadecom"},"image":{"@id":"https:\/\/abadecom.com\/#\/schema\/logo\/image\/"}},{"@type":"Person","@id":"https:\/\/abadecom.com\/#\/schema\/person\/477a7cc0ed6c040d67343c7a3fda930b","name":"AdminAabadeco","image":{"@type":"ImageObject","inLanguage":"fr-FR","@id":"https:\/\/secure.gravatar.com\/avatar\/2630c0cee03e7f483e5ca41ec6649375f24ca272e920f8386983684762e36487?s=96&d=mm&r=g","url":"https:\/\/secure.gravatar.com\/avatar\/2630c0cee03e7f483e5ca41ec6649375f24ca272e920f8386983684762e36487?s=96&d=mm&r=g","contentUrl":"https:\/\/secure.gravatar.com\/avatar\/2630c0cee03e7f483e5ca41ec6649375f24ca272e920f8386983684762e36487?s=96&d=mm&r=g","caption":"AdminAabadeco"},"sameAs":["https:\/\/abadecom.com"],"url":"https:\/\/abadecom.com\/fr\/author\/adminaabadeco\/"}]}},"_links":{"self":[{"href":"https:\/\/abadecom.com\/fr\/wp-json\/wp\/v2\/posts\/9162","targetHints":{"allow":["GET"]}}],"collection":[{"href":"https:\/\/abadecom.com\/fr\/wp-json\/wp\/v2\/posts"}],"about":[{"href":"https:\/\/abadecom.com\/fr\/wp-json\/wp\/v2\/types\/post"}],"author":[{"embeddable":true,"href":"https:\/\/abadecom.com\/fr\/wp-json\/wp\/v2\/users\/1"}],"replies":[{"embeddable":true,"href":"https:\/\/abadecom.com\/fr\/wp-json\/wp\/v2\/comments?post=9162"}],"version-history":[{"count":2,"href":"https:\/\/abadecom.com\/fr\/wp-json\/wp\/v2\/posts\/9162\/revisions"}],"predecessor-version":[{"id":9165,"href":"https:\/\/abadecom.com\/fr\/wp-json\/wp\/v2\/posts\/9162\/revisions\/9165"}],"wp:featuredmedia":[{"embeddable":true,"href":"https:\/\/abadecom.com\/fr\/wp-json\/wp\/v2\/media\/9163"}],"wp:attachment":[{"href":"https:\/\/abadecom.com\/fr\/wp-json\/wp\/v2\/media?parent=9162"}],"wp:term":[{"taxonomy":"category","embeddable":true,"href":"https:\/\/abadecom.com\/fr\/wp-json\/wp\/v2\/categories?post=9162"},{"taxonomy":"post_tag","embeddable":true,"href":"https:\/\/abadecom.com\/fr\/wp-json\/wp\/v2\/tags?post=9162"}],"curies":[{"name":"wp","href":"https:\/\/api.w.org\/{rel}","templated":true}]}}