{"id":9144,"date":"2023-07-03T08:57:07","date_gmt":"2023-07-03T08:57:07","guid":{"rendered":"https:\/\/abadecom.com\/?p=9144"},"modified":"2023-07-03T08:57:08","modified_gmt":"2023-07-03T08:57:08","slug":"nueva-vida-al-plastico-con-nuestros-perfiles-de-plastico-reciclado","status":"publish","type":"post","link":"https:\/\/abadecom.com\/fr\/nueva-vida-al-plastico-con-nuestros-perfiles-de-plastico-reciclado\/","title":{"rendered":"Nueva vida al pl\u00e1stico con nuestros perfiles de pl\u00e1stico reciclado"},"content":{"rendered":"<p class=\"wp-block-paragraph\">En Abadecom nos enfocamos en la econom\u00eda circular y el medio ambiente. <\/p>\n\n\n\n<p class=\"wp-block-paragraph\">Dentro de nuestra secci\u00f3n de mobiliario urbano est\u00e1n los perfiles de pl\u00e1stico reciclado.<br>Fabricados con pl\u00e1sticos 100% reciclados y reciclables procedentes de residuos de pl\u00e1sticos urbanos o industriales.<\/p>\n\n\n\n<p class=\"wp-block-paragraph\">Cuentan con una muy alta resistencia a los impactos y baja abrasi\u00f3n de agentes qu\u00edmicos y atmosf\u00e9ricos, muy f\u00e1cil y pr\u00e1cticos de trabajar y de mecanizar; contando en su larga vida \u00fatil con muy bajas emisiones de CO2 y sin apenas mantenimiento.<\/p>\n\n\n\n<p class=\"wp-block-paragraph\">Nuestros perfiles pueden usarse para senderos, jardines, trazados de carretera&#8230;<\/p>","protected":false},"excerpt":{"rendered":"<p>En Abadecom nos enfocamos en la econom\u00eda circular y el medio ambiente. Dentro de nuestra secci\u00f3n de mobiliario urbano est\u00e1n los perfiles de pl\u00e1stico reciclado.Fabricados con pl\u00e1sticos 100% reciclados y reciclables procedentes de residuos de pl\u00e1sticos urbanos o industriales. Cuentan con una muy alta resistencia a los impactos y baja abrasi\u00f3n de agentes qu\u00edmicos y [&#8230;]<\/p>\n<p><a class=\"btn btn-secondary understrap-read-more-link\" href=\"https:\/\/abadecom.com\/fr\/nueva-vida-al-plastico-con-nuestros-perfiles-de-plastico-reciclado\/\">Lire la suite\u2026<span class=\"screen-reader-text\"> from Nueva vida al pl\u00e1stico con nuestros perfiles de pl\u00e1stico reciclado<\/span><\/a><\/p>\n","protected":false},"author":1,"featured_media":9145,"comment_status":"open","ping_status":"open","sticky":false,"template":"","format":"standard","meta":{"content-type":"","_monsterinsights_skip_tracking":false,"pgc_sgb_lightbox_settings":"","footnotes":""},"categories":[1],"tags":[],"class_list":["post-9144","post","type-post","status-publish","format-standard","has-post-thumbnail","hentry","category-sin-categorizar"],"yoast_head":"<!-- This site is optimized with the Yoast SEO plugin v28.4 - https:\/\/yoast.com\/product\/yoast-seo-wordpress\/ -->\n<title>Nueva vida al pl\u00e1stico con nuestros perfiles de pl\u00e1stico reciclado - Abadecom<\/title>\n<meta name=\"robots\" content=\"index, follow, max-snippet:-1, max-image-preview:large, max-video-preview:-1\" \/>\n<link rel=\"canonical\" href=\"https:\/\/abadecom.com\/fr\/nueva-vida-al-plastico-con-nuestros-perfiles-de-plastico-reciclado\/\" \/>\n<meta property=\"og:locale\" content=\"fr_FR\" \/>\n<meta property=\"og:type\" content=\"article\" \/>\n<meta property=\"og:title\" content=\"Nueva vida al pl\u00e1stico con nuestros perfiles de pl\u00e1stico reciclado - Abadecom\" \/>\n<meta property=\"og:description\" content=\"En Abadecom nos enfocamos en la econom\u00eda circular y el medio ambiente. Dentro de nuestra secci\u00f3n de mobiliario urbano est\u00e1n los perfiles de pl\u00e1stico reciclado.Fabricados con pl\u00e1sticos 100% reciclados y reciclables procedentes de residuos de pl\u00e1sticos urbanos o industriales. Cuentan con una muy alta resistencia a los impactos y baja abrasi\u00f3n de agentes qu\u00edmicos y [...]Lire la suite\u2026 from Nueva vida al pl\u00e1stico con nuestros perfiles de pl\u00e1stico reciclado\" \/>\n<meta property=\"og:url\" content=\"https:\/\/abadecom.com\/fr\/nueva-vida-al-plastico-con-nuestros-perfiles-de-plastico-reciclado\/\" \/>\n<meta property=\"og:site_name\" content=\"Abadecom\" \/>\n<meta property=\"article:published_time\" content=\"2023-07-03T08:57:07+00:00\" \/>\n<meta property=\"article:modified_time\" content=\"2023-07-03T08:57:08+00:00\" \/>\n<meta property=\"og:image\" content=\"https:\/\/abadecom.com\/wp-content\/uploads\/2023\/07\/perfiles-de-plastico.png\" \/>\n\t<meta property=\"og:image:width\" content=\"1200\" \/>\n\t<meta property=\"og:image:height\" content=\"1200\" \/>\n\t<meta property=\"og:image:type\" content=\"image\/png\" \/>\n<meta name=\"author\" content=\"AdminAabadeco\" \/>\n<meta name=\"twitter:card\" content=\"summary_large_image\" \/>\n<meta name=\"twitter:label1\" content=\"\u00c9crit par\" \/>\n\t<meta name=\"twitter:data1\" content=\"AdminAabadeco\" \/>\n\t<meta name=\"twitter:label2\" content=\"Dur\u00e9e de lecture estim\u00e9e\" \/>\n\t<meta name=\"twitter:data2\" content=\"1 minute\" \/>\n<script type=\"application\/ld+json\" class=\"yoast-schema-graph\">{\"@context\":\"https:\\\/\\\/schema.org\",\"@graph\":[{\"@type\":\"Article\",\"@id\":\"https:\\\/\\\/abadecom.com\\\/nueva-vida-al-plastico-con-nuestros-perfiles-de-plastico-reciclado\\\/#article\",\"isPartOf\":{\"@id\":\"https:\\\/\\\/abadecom.com\\\/nueva-vida-al-plastico-con-nuestros-perfiles-de-plastico-reciclado\\\/\"},\"author\":{\"name\":\"AdminAabadeco\",\"@id\":\"https:\\\/\\\/abadecom.com\\\/#\\\/schema\\\/person\\\/477a7cc0ed6c040d67343c7a3fda930b\"},\"headline\":\"Nueva vida al pl\u00e1stico con nuestros perfiles de pl\u00e1stico reciclado\",\"datePublished\":\"2023-07-03T08:57:07+00:00\",\"dateModified\":\"2023-07-03T08:57:08+00:00\",\"mainEntityOfPage\":{\"@id\":\"https:\\\/\\\/abadecom.com\\\/nueva-vida-al-plastico-con-nuestros-perfiles-de-plastico-reciclado\\\/\"},\"wordCount\":114,\"commentCount\":0,\"publisher\":{\"@id\":\"https:\\\/\\\/abadecom.com\\\/#organization\"},\"image\":{\"@id\":\"https:\\\/\\\/abadecom.com\\\/nueva-vida-al-plastico-con-nuestros-perfiles-de-plastico-reciclado\\\/#primaryimage\"},\"thumbnailUrl\":\"https:\\\/\\\/abadecom.com\\\/wp-content\\\/uploads\\\/2023\\\/07\\\/perfiles-de-plastico.png\",\"articleSection\":[\"Sin categorizar\"],\"inLanguage\":\"fr-FR\",\"potentialAction\":[{\"@type\":\"CommentAction\",\"name\":\"Comment\",\"target\":[\"https:\\\/\\\/abadecom.com\\\/nueva-vida-al-plastico-con-nuestros-perfiles-de-plastico-reciclado\\\/#respond\"]}]},{\"@type\":\"WebPage\",\"@id\":\"https:\\\/\\\/abadecom.com\\\/nueva-vida-al-plastico-con-nuestros-perfiles-de-plastico-reciclado\\\/\",\"url\":\"https:\\\/\\\/abadecom.com\\\/nueva-vida-al-plastico-con-nuestros-perfiles-de-plastico-reciclado\\\/\",\"name\":\"Nueva vida al pl\u00e1stico con nuestros perfiles de pl\u00e1stico reciclado - Abadecom\",\"isPartOf\":{\"@id\":\"https:\\\/\\\/abadecom.com\\\/#website\"},\"primaryImageOfPage\":{\"@id\":\"https:\\\/\\\/abadecom.com\\\/nueva-vida-al-plastico-con-nuestros-perfiles-de-plastico-reciclado\\\/#primaryimage\"},\"image\":{\"@id\":\"https:\\\/\\\/abadecom.com\\\/nueva-vida-al-plastico-con-nuestros-perfiles-de-plastico-reciclado\\\/#primaryimage\"},\"thumbnailUrl\":\"https:\\\/\\\/abadecom.com\\\/wp-content\\\/uploads\\\/2023\\\/07\\\/perfiles-de-plastico.png\",\"datePublished\":\"2023-07-03T08:57:07+00:00\",\"dateModified\":\"2023-07-03T08:57:08+00:00\",\"inLanguage\":\"fr-FR\",\"potentialAction\":[{\"@type\":\"ReadAction\",\"target\":[\"https:\\\/\\\/abadecom.com\\\/nueva-vida-al-plastico-con-nuestros-perfiles-de-plastico-reciclado\\\/\"]}]},{\"@type\":\"ImageObject\",\"inLanguage\":\"fr-FR\",\"@id\":\"https:\\\/\\\/abadecom.com\\\/nueva-vida-al-plastico-con-nuestros-perfiles-de-plastico-reciclado\\\/#primaryimage\",\"url\":\"https:\\\/\\\/abadecom.com\\\/wp-content\\\/uploads\\\/2023\\\/07\\\/perfiles-de-plastico.png\",\"contentUrl\":\"https:\\\/\\\/abadecom.com\\\/wp-content\\\/uploads\\\/2023\\\/07\\\/perfiles-de-plastico.png\",\"width\":1200,\"height\":1200},{\"@type\":\"WebSite\",\"@id\":\"https:\\\/\\\/abadecom.com\\\/#website\",\"url\":\"https:\\\/\\\/abadecom.com\\\/\",\"name\":\"Abadecom\",\"description\":\"Productos sostenibles y respetuosos con el medio ambiente\",\"publisher\":{\"@id\":\"https:\\\/\\\/abadecom.com\\\/#organization\"},\"alternateName\":\"Abadecom\",\"potentialAction\":[{\"@type\":\"SearchAction\",\"target\":{\"@type\":\"EntryPoint\",\"urlTemplate\":\"https:\\\/\\\/abadecom.com\\\/?s={search_term_string}\"},\"query-input\":{\"@type\":\"PropertyValueSpecification\",\"valueRequired\":true,\"valueName\":\"search_term_string\"}}],\"inLanguage\":\"fr-FR\"},{\"@type\":\"Organization\",\"@id\":\"https:\\\/\\\/abadecom.com\\\/#organization\",\"name\":\"Abadecom\",\"url\":\"https:\\\/\\\/abadecom.com\\\/\",\"logo\":{\"@type\":\"ImageObject\",\"inLanguage\":\"fr-FR\",\"@id\":\"https:\\\/\\\/abadecom.com\\\/#\\\/schema\\\/logo\\\/image\\\/\",\"url\":\"https:\\\/\\\/abadecom.com\\\/wp-content\\\/uploads\\\/2022\\\/03\\\/Logo-Abadecom-e1647715158799.png\",\"contentUrl\":\"https:\\\/\\\/abadecom.com\\\/wp-content\\\/uploads\\\/2022\\\/03\\\/Logo-Abadecom-e1647715158799.png\",\"width\":200,\"height\":117,\"caption\":\"Abadecom\"},\"image\":{\"@id\":\"https:\\\/\\\/abadecom.com\\\/#\\\/schema\\\/logo\\\/image\\\/\"}},{\"@type\":\"Person\",\"@id\":\"https:\\\/\\\/abadecom.com\\\/#\\\/schema\\\/person\\\/477a7cc0ed6c040d67343c7a3fda930b\",\"name\":\"AdminAabadeco\",\"image\":{\"@type\":\"ImageObject\",\"inLanguage\":\"fr-FR\",\"@id\":\"https:\\\/\\\/secure.gravatar.com\\\/avatar\\\/2630c0cee03e7f483e5ca41ec6649375f24ca272e920f8386983684762e36487?s=96&d=mm&r=g\",\"url\":\"https:\\\/\\\/secure.gravatar.com\\\/avatar\\\/2630c0cee03e7f483e5ca41ec6649375f24ca272e920f8386983684762e36487?s=96&d=mm&r=g\",\"contentUrl\":\"https:\\\/\\\/secure.gravatar.com\\\/avatar\\\/2630c0cee03e7f483e5ca41ec6649375f24ca272e920f8386983684762e36487?s=96&d=mm&r=g\",\"caption\":\"AdminAabadeco\"},\"sameAs\":[\"https:\\\/\\\/abadecom.com\"],\"url\":\"https:\\\/\\\/abadecom.com\\\/fr\\\/author\\\/adminaabadeco\\\/\"}]}<\/script>\n<!-- \/ Yoast SEO plugin. -->","yoast_head_json":{"title":"Nueva vida al pl\u00e1stico con nuestros perfiles de pl\u00e1stico reciclado - Abadecom","robots":{"index":"index","follow":"follow","max-snippet":"max-snippet:-1","max-image-preview":"max-image-preview:large","max-video-preview":"max-video-preview:-1"},"canonical":"https:\/\/abadecom.com\/fr\/nueva-vida-al-plastico-con-nuestros-perfiles-de-plastico-reciclado\/","og_locale":"fr_FR","og_type":"article","og_title":"Nueva vida al pl\u00e1stico con nuestros perfiles de pl\u00e1stico reciclado - Abadecom","og_description":"En Abadecom nos enfocamos en la econom\u00eda circular y el medio ambiente. Dentro de nuestra secci\u00f3n de mobiliario urbano est\u00e1n los perfiles de pl\u00e1stico reciclado.Fabricados con pl\u00e1sticos 100% reciclados y reciclables procedentes de residuos de pl\u00e1sticos urbanos o industriales. Cuentan con una muy alta resistencia a los impactos y baja abrasi\u00f3n de agentes qu\u00edmicos y [...]Lire la suite\u2026 from Nueva vida al pl\u00e1stico con nuestros perfiles de pl\u00e1stico reciclado","og_url":"https:\/\/abadecom.com\/fr\/nueva-vida-al-plastico-con-nuestros-perfiles-de-plastico-reciclado\/","og_site_name":"Abadecom","article_published_time":"2023-07-03T08:57:07+00:00","article_modified_time":"2023-07-03T08:57:08+00:00","og_image":[{"width":1200,"height":1200,"url":"https:\/\/abadecom.com\/wp-content\/uploads\/2023\/07\/perfiles-de-plastico.png","type":"image\/png"}],"author":"AdminAabadeco","twitter_card":"summary_large_image","twitter_misc":{"\u00c9crit par":"AdminAabadeco","Dur\u00e9e de lecture estim\u00e9e":"1 minute"},"schema":{"@context":"https:\/\/schema.org","@graph":[{"@type":"Article","@id":"https:\/\/abadecom.com\/nueva-vida-al-plastico-con-nuestros-perfiles-de-plastico-reciclado\/#article","isPartOf":{"@id":"https:\/\/abadecom.com\/nueva-vida-al-plastico-con-nuestros-perfiles-de-plastico-reciclado\/"},"author":{"name":"AdminAabadeco","@id":"https:\/\/abadecom.com\/#\/schema\/person\/477a7cc0ed6c040d67343c7a3fda930b"},"headline":"Nueva vida al pl\u00e1stico con nuestros perfiles de pl\u00e1stico reciclado","datePublished":"2023-07-03T08:57:07+00:00","dateModified":"2023-07-03T08:57:08+00:00","mainEntityOfPage":{"@id":"https:\/\/abadecom.com\/nueva-vida-al-plastico-con-nuestros-perfiles-de-plastico-reciclado\/"},"wordCount":114,"commentCount":0,"publisher":{"@id":"https:\/\/abadecom.com\/#organization"},"image":{"@id":"https:\/\/abadecom.com\/nueva-vida-al-plastico-con-nuestros-perfiles-de-plastico-reciclado\/#primaryimage"},"thumbnailUrl":"https:\/\/abadecom.com\/wp-content\/uploads\/2023\/07\/perfiles-de-plastico.png","articleSection":["Sin categorizar"],"inLanguage":"fr-FR","potentialAction":[{"@type":"CommentAction","name":"Comment","target":["https:\/\/abadecom.com\/nueva-vida-al-plastico-con-nuestros-perfiles-de-plastico-reciclado\/#respond"]}]},{"@type":"WebPage","@id":"https:\/\/abadecom.com\/nueva-vida-al-plastico-con-nuestros-perfiles-de-plastico-reciclado\/","url":"https:\/\/abadecom.com\/nueva-vida-al-plastico-con-nuestros-perfiles-de-plastico-reciclado\/","name":"Nueva vida al pl\u00e1stico con nuestros perfiles de pl\u00e1stico reciclado - Abadecom","isPartOf":{"@id":"https:\/\/abadecom.com\/#website"},"primaryImageOfPage":{"@id":"https:\/\/abadecom.com\/nueva-vida-al-plastico-con-nuestros-perfiles-de-plastico-reciclado\/#primaryimage"},"image":{"@id":"https:\/\/abadecom.com\/nueva-vida-al-plastico-con-nuestros-perfiles-de-plastico-reciclado\/#primaryimage"},"thumbnailUrl":"https:\/\/abadecom.com\/wp-content\/uploads\/2023\/07\/perfiles-de-plastico.png","datePublished":"2023-07-03T08:57:07+00:00","dateModified":"2023-07-03T08:57:08+00:00","inLanguage":"fr-FR","potentialAction":[{"@type":"ReadAction","target":["https:\/\/abadecom.com\/nueva-vida-al-plastico-con-nuestros-perfiles-de-plastico-reciclado\/"]}]},{"@type":"ImageObject","inLanguage":"fr-FR","@id":"https:\/\/abadecom.com\/nueva-vida-al-plastico-con-nuestros-perfiles-de-plastico-reciclado\/#primaryimage","url":"https:\/\/abadecom.com\/wp-content\/uploads\/2023\/07\/perfiles-de-plastico.png","contentUrl":"https:\/\/abadecom.com\/wp-content\/uploads\/2023\/07\/perfiles-de-plastico.png","width":1200,"height":1200},{"@type":"WebSite","@id":"https:\/\/abadecom.com\/#website","url":"https:\/\/abadecom.com\/","name":"Abadecom","description":"Produits durables et respectueux de l'environnement","publisher":{"@id":"https:\/\/abadecom.com\/#organization"},"alternateName":"Abadecom","potentialAction":[{"@type":"SearchAction","target":{"@type":"EntryPoint","urlTemplate":"https:\/\/abadecom.com\/?s={search_term_string}"},"query-input":{"@type":"PropertyValueSpecification","valueRequired":true,"valueName":"search_term_string"}}],"inLanguage":"fr-FR"},{"@type":"Organization","@id":"https:\/\/abadecom.com\/#organization","name":"Abadecom","url":"https:\/\/abadecom.com\/","logo":{"@type":"ImageObject","inLanguage":"fr-FR","@id":"https:\/\/abadecom.com\/#\/schema\/logo\/image\/","url":"https:\/\/abadecom.com\/wp-content\/uploads\/2022\/03\/Logo-Abadecom-e1647715158799.png","contentUrl":"https:\/\/abadecom.com\/wp-content\/uploads\/2022\/03\/Logo-Abadecom-e1647715158799.png","width":200,"height":117,"caption":"Abadecom"},"image":{"@id":"https:\/\/abadecom.com\/#\/schema\/logo\/image\/"}},{"@type":"Person","@id":"https:\/\/abadecom.com\/#\/schema\/person\/477a7cc0ed6c040d67343c7a3fda930b","name":"AdminAabadeco","image":{"@type":"ImageObject","inLanguage":"fr-FR","@id":"https:\/\/secure.gravatar.com\/avatar\/2630c0cee03e7f483e5ca41ec6649375f24ca272e920f8386983684762e36487?s=96&d=mm&r=g","url":"https:\/\/secure.gravatar.com\/avatar\/2630c0cee03e7f483e5ca41ec6649375f24ca272e920f8386983684762e36487?s=96&d=mm&r=g","contentUrl":"https:\/\/secure.gravatar.com\/avatar\/2630c0cee03e7f483e5ca41ec6649375f24ca272e920f8386983684762e36487?s=96&d=mm&r=g","caption":"AdminAabadeco"},"sameAs":["https:\/\/abadecom.com"],"url":"https:\/\/abadecom.com\/fr\/author\/adminaabadeco\/"}]}},"_links":{"self":[{"href":"https:\/\/abadecom.com\/fr\/wp-json\/wp\/v2\/posts\/9144","targetHints":{"allow":["GET"]}}],"collection":[{"href":"https:\/\/abadecom.com\/fr\/wp-json\/wp\/v2\/posts"}],"about":[{"href":"https:\/\/abadecom.com\/fr\/wp-json\/wp\/v2\/types\/post"}],"author":[{"embeddable":true,"href":"https:\/\/abadecom.com\/fr\/wp-json\/wp\/v2\/users\/1"}],"replies":[{"embeddable":true,"href":"https:\/\/abadecom.com\/fr\/wp-json\/wp\/v2\/comments?post=9144"}],"version-history":[{"count":1,"href":"https:\/\/abadecom.com\/fr\/wp-json\/wp\/v2\/posts\/9144\/revisions"}],"predecessor-version":[{"id":9146,"href":"https:\/\/abadecom.com\/fr\/wp-json\/wp\/v2\/posts\/9144\/revisions\/9146"}],"wp:featuredmedia":[{"embeddable":true,"href":"https:\/\/abadecom.com\/fr\/wp-json\/wp\/v2\/media\/9145"}],"wp:attachment":[{"href":"https:\/\/abadecom.com\/fr\/wp-json\/wp\/v2\/media?parent=9144"}],"wp:term":[{"taxonomy":"category","embeddable":true,"href":"https:\/\/abadecom.com\/fr\/wp-json\/wp\/v2\/categories?post=9144"},{"taxonomy":"post_tag","embeddable":true,"href":"https:\/\/abadecom.com\/fr\/wp-json\/wp\/v2\/tags?post=9144"}],"curies":[{"name":"wp","href":"https:\/\/api.w.org\/{rel}","templated":true}]}}