{"id":8466,"date":"2023-04-12T08:41:38","date_gmt":"2023-04-12T08:41:38","guid":{"rendered":"https:\/\/abadecom.com\/?p=8466"},"modified":"2023-04-12T08:41:40","modified_gmt":"2023-04-12T08:41:40","slug":"nuevo-suministro-de-separador-de-carril-bici-para-murcia","status":"publish","type":"post","link":"https:\/\/abadecom.com\/fr\/nuevo-suministro-de-separador-de-carril-bici-para-murcia\/","title":{"rendered":"Nuevo suministro de separador de carril bici para Murcia"},"content":{"rendered":"<p class=\"wp-block-paragraph\">Otro cliente que conf\u00eda en los separadores de carril bici fotoluminiscentes de Abadecom. <\/p>\n\n\n\n<p class=\"wp-block-paragraph\">Estos separadores de carril bici son 100% sostenibles, elaborados a partir de material 100% reciclado que permite cerrar el ciclo de la econom\u00eda circular y reducir considerablemente el impacto de la huella de carbono de las ciudades.<\/p>\n\n\n\n<p class=\"wp-block-paragraph\">Con esta entrega se han reutilizado 1.3 Toneladas de desechos pl\u00e1sticos.<\/p>\n\n\n\n<p class=\"wp-block-paragraph\">Para m\u00e1s informaci\u00f3n info@abadecom.com<\/p>","protected":false},"excerpt":{"rendered":"<p>Otro cliente que conf\u00eda en los separadores de carril bici fotoluminiscentes de Abadecom. Estos separadores de carril bici son 100% sostenibles, elaborados a partir de material 100% reciclado que permite cerrar el ciclo de la econom\u00eda circular y reducir considerablemente el impacto de la huella de carbono de las ciudades. Con esta entrega se han [&#8230;]<\/p>\n<p><a class=\"btn btn-secondary understrap-read-more-link\" href=\"https:\/\/abadecom.com\/fr\/nuevo-suministro-de-separador-de-carril-bici-para-murcia\/\">Lire la suite\u2026<span class=\"screen-reader-text\"> from Nuevo suministro de separador de carril bici para Murcia<\/span><\/a><\/p>\n","protected":false},"author":1,"featured_media":8467,"comment_status":"open","ping_status":"open","sticky":false,"template":"","format":"standard","meta":{"content-type":"","_monsterinsights_skip_tracking":false,"pgc_sgb_lightbox_settings":"","footnotes":""},"categories":[1],"tags":[],"class_list":["post-8466","post","type-post","status-publish","format-standard","has-post-thumbnail","hentry","category-sin-categorizar"],"yoast_head":"<!-- This site is optimized with the Yoast SEO plugin v28.4 - https:\/\/yoast.com\/product\/yoast-seo-wordpress\/ -->\n<title>Nuevo suministro de separador de carril bici para Murcia - Abadecom<\/title>\n<meta name=\"robots\" content=\"index, follow, max-snippet:-1, max-image-preview:large, max-video-preview:-1\" \/>\n<link rel=\"canonical\" href=\"https:\/\/abadecom.com\/fr\/nuevo-suministro-de-separador-de-carril-bici-para-murcia\/\" \/>\n<meta property=\"og:locale\" content=\"fr_FR\" \/>\n<meta property=\"og:type\" content=\"article\" \/>\n<meta property=\"og:title\" content=\"Nuevo suministro de separador de carril bici para Murcia - Abadecom\" \/>\n<meta property=\"og:description\" content=\"Otro cliente que conf\u00eda en los separadores de carril bici fotoluminiscentes de Abadecom. Estos separadores de carril bici son 100% sostenibles, elaborados a partir de material 100% reciclado que permite cerrar el ciclo de la econom\u00eda circular y reducir considerablemente el impacto de la huella de carbono de las ciudades. Con esta entrega se han [...]Lire la suite\u2026 from Nuevo suministro de separador de carril bici para Murcia\" \/>\n<meta property=\"og:url\" content=\"https:\/\/abadecom.com\/fr\/nuevo-suministro-de-separador-de-carril-bici-para-murcia\/\" \/>\n<meta property=\"og:site_name\" content=\"Abadecom\" \/>\n<meta property=\"article:published_time\" content=\"2023-04-12T08:41:38+00:00\" \/>\n<meta property=\"article:modified_time\" content=\"2023-04-12T08:41:40+00:00\" \/>\n<meta property=\"og:image\" content=\"https:\/\/abadecom.com\/wp-content\/uploads\/2023\/04\/Separador-carril-bici-Sonibru.jpg\" \/>\n\t<meta property=\"og:image:width\" content=\"940\" \/>\n\t<meta property=\"og:image:height\" content=\"788\" \/>\n\t<meta property=\"og:image:type\" content=\"image\/jpeg\" \/>\n<meta name=\"author\" content=\"AdminAabadeco\" \/>\n<meta name=\"twitter:card\" content=\"summary_large_image\" \/>\n<meta name=\"twitter:label1\" content=\"\u00c9crit par\" \/>\n\t<meta name=\"twitter:data1\" content=\"AdminAabadeco\" \/>\n\t<meta name=\"twitter:label2\" content=\"Dur\u00e9e de lecture estim\u00e9e\" \/>\n\t<meta name=\"twitter:data2\" content=\"1 minute\" \/>\n<script type=\"application\/ld+json\" class=\"yoast-schema-graph\">{\"@context\":\"https:\\\/\\\/schema.org\",\"@graph\":[{\"@type\":\"Article\",\"@id\":\"https:\\\/\\\/abadecom.com\\\/nuevo-suministro-de-separador-de-carril-bici-para-murcia\\\/#article\",\"isPartOf\":{\"@id\":\"https:\\\/\\\/abadecom.com\\\/nuevo-suministro-de-separador-de-carril-bici-para-murcia\\\/\"},\"author\":{\"name\":\"AdminAabadeco\",\"@id\":\"https:\\\/\\\/abadecom.com\\\/#\\\/schema\\\/person\\\/477a7cc0ed6c040d67343c7a3fda930b\"},\"headline\":\"Nuevo suministro de separador de carril bici para Murcia\",\"datePublished\":\"2023-04-12T08:41:38+00:00\",\"dateModified\":\"2023-04-12T08:41:40+00:00\",\"mainEntityOfPage\":{\"@id\":\"https:\\\/\\\/abadecom.com\\\/nuevo-suministro-de-separador-de-carril-bici-para-murcia\\\/\"},\"wordCount\":78,\"commentCount\":0,\"publisher\":{\"@id\":\"https:\\\/\\\/abadecom.com\\\/#organization\"},\"image\":{\"@id\":\"https:\\\/\\\/abadecom.com\\\/nuevo-suministro-de-separador-de-carril-bici-para-murcia\\\/#primaryimage\"},\"thumbnailUrl\":\"https:\\\/\\\/abadecom.com\\\/wp-content\\\/uploads\\\/2023\\\/04\\\/Separador-carril-bici-Sonibru.jpg\",\"articleSection\":[\"Sin categorizar\"],\"inLanguage\":\"fr-FR\",\"potentialAction\":[{\"@type\":\"CommentAction\",\"name\":\"Comment\",\"target\":[\"https:\\\/\\\/abadecom.com\\\/nuevo-suministro-de-separador-de-carril-bici-para-murcia\\\/#respond\"]}]},{\"@type\":\"WebPage\",\"@id\":\"https:\\\/\\\/abadecom.com\\\/nuevo-suministro-de-separador-de-carril-bici-para-murcia\\\/\",\"url\":\"https:\\\/\\\/abadecom.com\\\/nuevo-suministro-de-separador-de-carril-bici-para-murcia\\\/\",\"name\":\"Nuevo suministro de separador de carril bici para Murcia - Abadecom\",\"isPartOf\":{\"@id\":\"https:\\\/\\\/abadecom.com\\\/#website\"},\"primaryImageOfPage\":{\"@id\":\"https:\\\/\\\/abadecom.com\\\/nuevo-suministro-de-separador-de-carril-bici-para-murcia\\\/#primaryimage\"},\"image\":{\"@id\":\"https:\\\/\\\/abadecom.com\\\/nuevo-suministro-de-separador-de-carril-bici-para-murcia\\\/#primaryimage\"},\"thumbnailUrl\":\"https:\\\/\\\/abadecom.com\\\/wp-content\\\/uploads\\\/2023\\\/04\\\/Separador-carril-bici-Sonibru.jpg\",\"datePublished\":\"2023-04-12T08:41:38+00:00\",\"dateModified\":\"2023-04-12T08:41:40+00:00\",\"inLanguage\":\"fr-FR\",\"potentialAction\":[{\"@type\":\"ReadAction\",\"target\":[\"https:\\\/\\\/abadecom.com\\\/nuevo-suministro-de-separador-de-carril-bici-para-murcia\\\/\"]}]},{\"@type\":\"ImageObject\",\"inLanguage\":\"fr-FR\",\"@id\":\"https:\\\/\\\/abadecom.com\\\/nuevo-suministro-de-separador-de-carril-bici-para-murcia\\\/#primaryimage\",\"url\":\"https:\\\/\\\/abadecom.com\\\/wp-content\\\/uploads\\\/2023\\\/04\\\/Separador-carril-bici-Sonibru.jpg\",\"contentUrl\":\"https:\\\/\\\/abadecom.com\\\/wp-content\\\/uploads\\\/2023\\\/04\\\/Separador-carril-bici-Sonibru.jpg\",\"width\":940,\"height\":788},{\"@type\":\"WebSite\",\"@id\":\"https:\\\/\\\/abadecom.com\\\/#website\",\"url\":\"https:\\\/\\\/abadecom.com\\\/\",\"name\":\"Abadecom\",\"description\":\"Productos sostenibles y respetuosos con el medio ambiente\",\"publisher\":{\"@id\":\"https:\\\/\\\/abadecom.com\\\/#organization\"},\"alternateName\":\"Abadecom\",\"potentialAction\":[{\"@type\":\"SearchAction\",\"target\":{\"@type\":\"EntryPoint\",\"urlTemplate\":\"https:\\\/\\\/abadecom.com\\\/?s={search_term_string}\"},\"query-input\":{\"@type\":\"PropertyValueSpecification\",\"valueRequired\":true,\"valueName\":\"search_term_string\"}}],\"inLanguage\":\"fr-FR\"},{\"@type\":\"Organization\",\"@id\":\"https:\\\/\\\/abadecom.com\\\/#organization\",\"name\":\"Abadecom\",\"url\":\"https:\\\/\\\/abadecom.com\\\/\",\"logo\":{\"@type\":\"ImageObject\",\"inLanguage\":\"fr-FR\",\"@id\":\"https:\\\/\\\/abadecom.com\\\/#\\\/schema\\\/logo\\\/image\\\/\",\"url\":\"https:\\\/\\\/abadecom.com\\\/wp-content\\\/uploads\\\/2022\\\/03\\\/Logo-Abadecom-e1647715158799.png\",\"contentUrl\":\"https:\\\/\\\/abadecom.com\\\/wp-content\\\/uploads\\\/2022\\\/03\\\/Logo-Abadecom-e1647715158799.png\",\"width\":200,\"height\":117,\"caption\":\"Abadecom\"},\"image\":{\"@id\":\"https:\\\/\\\/abadecom.com\\\/#\\\/schema\\\/logo\\\/image\\\/\"}},{\"@type\":\"Person\",\"@id\":\"https:\\\/\\\/abadecom.com\\\/#\\\/schema\\\/person\\\/477a7cc0ed6c040d67343c7a3fda930b\",\"name\":\"AdminAabadeco\",\"image\":{\"@type\":\"ImageObject\",\"inLanguage\":\"fr-FR\",\"@id\":\"https:\\\/\\\/secure.gravatar.com\\\/avatar\\\/2630c0cee03e7f483e5ca41ec6649375f24ca272e920f8386983684762e36487?s=96&d=mm&r=g\",\"url\":\"https:\\\/\\\/secure.gravatar.com\\\/avatar\\\/2630c0cee03e7f483e5ca41ec6649375f24ca272e920f8386983684762e36487?s=96&d=mm&r=g\",\"contentUrl\":\"https:\\\/\\\/secure.gravatar.com\\\/avatar\\\/2630c0cee03e7f483e5ca41ec6649375f24ca272e920f8386983684762e36487?s=96&d=mm&r=g\",\"caption\":\"AdminAabadeco\"},\"sameAs\":[\"https:\\\/\\\/abadecom.com\"],\"url\":\"https:\\\/\\\/abadecom.com\\\/fr\\\/author\\\/adminaabadeco\\\/\"}]}<\/script>\n<!-- \/ Yoast SEO plugin. -->","yoast_head_json":{"title":"Nuevo suministro de separador de carril bici para Murcia - Abadecom","robots":{"index":"index","follow":"follow","max-snippet":"max-snippet:-1","max-image-preview":"max-image-preview:large","max-video-preview":"max-video-preview:-1"},"canonical":"https:\/\/abadecom.com\/fr\/nuevo-suministro-de-separador-de-carril-bici-para-murcia\/","og_locale":"fr_FR","og_type":"article","og_title":"Nuevo suministro de separador de carril bici para Murcia - Abadecom","og_description":"Otro cliente que conf\u00eda en los separadores de carril bici fotoluminiscentes de Abadecom. Estos separadores de carril bici son 100% sostenibles, elaborados a partir de material 100% reciclado que permite cerrar el ciclo de la econom\u00eda circular y reducir considerablemente el impacto de la huella de carbono de las ciudades. Con esta entrega se han [...]Lire la suite\u2026 from Nuevo suministro de separador de carril bici para Murcia","og_url":"https:\/\/abadecom.com\/fr\/nuevo-suministro-de-separador-de-carril-bici-para-murcia\/","og_site_name":"Abadecom","article_published_time":"2023-04-12T08:41:38+00:00","article_modified_time":"2023-04-12T08:41:40+00:00","og_image":[{"width":940,"height":788,"url":"https:\/\/abadecom.com\/wp-content\/uploads\/2023\/04\/Separador-carril-bici-Sonibru.jpg","type":"image\/jpeg"}],"author":"AdminAabadeco","twitter_card":"summary_large_image","twitter_misc":{"\u00c9crit par":"AdminAabadeco","Dur\u00e9e de lecture estim\u00e9e":"1 minute"},"schema":{"@context":"https:\/\/schema.org","@graph":[{"@type":"Article","@id":"https:\/\/abadecom.com\/nuevo-suministro-de-separador-de-carril-bici-para-murcia\/#article","isPartOf":{"@id":"https:\/\/abadecom.com\/nuevo-suministro-de-separador-de-carril-bici-para-murcia\/"},"author":{"name":"AdminAabadeco","@id":"https:\/\/abadecom.com\/#\/schema\/person\/477a7cc0ed6c040d67343c7a3fda930b"},"headline":"Nuevo suministro de separador de carril bici para Murcia","datePublished":"2023-04-12T08:41:38+00:00","dateModified":"2023-04-12T08:41:40+00:00","mainEntityOfPage":{"@id":"https:\/\/abadecom.com\/nuevo-suministro-de-separador-de-carril-bici-para-murcia\/"},"wordCount":78,"commentCount":0,"publisher":{"@id":"https:\/\/abadecom.com\/#organization"},"image":{"@id":"https:\/\/abadecom.com\/nuevo-suministro-de-separador-de-carril-bici-para-murcia\/#primaryimage"},"thumbnailUrl":"https:\/\/abadecom.com\/wp-content\/uploads\/2023\/04\/Separador-carril-bici-Sonibru.jpg","articleSection":["Sin categorizar"],"inLanguage":"fr-FR","potentialAction":[{"@type":"CommentAction","name":"Comment","target":["https:\/\/abadecom.com\/nuevo-suministro-de-separador-de-carril-bici-para-murcia\/#respond"]}]},{"@type":"WebPage","@id":"https:\/\/abadecom.com\/nuevo-suministro-de-separador-de-carril-bici-para-murcia\/","url":"https:\/\/abadecom.com\/nuevo-suministro-de-separador-de-carril-bici-para-murcia\/","name":"Nuevo suministro de separador de carril bici para Murcia - Abadecom","isPartOf":{"@id":"https:\/\/abadecom.com\/#website"},"primaryImageOfPage":{"@id":"https:\/\/abadecom.com\/nuevo-suministro-de-separador-de-carril-bici-para-murcia\/#primaryimage"},"image":{"@id":"https:\/\/abadecom.com\/nuevo-suministro-de-separador-de-carril-bici-para-murcia\/#primaryimage"},"thumbnailUrl":"https:\/\/abadecom.com\/wp-content\/uploads\/2023\/04\/Separador-carril-bici-Sonibru.jpg","datePublished":"2023-04-12T08:41:38+00:00","dateModified":"2023-04-12T08:41:40+00:00","inLanguage":"fr-FR","potentialAction":[{"@type":"ReadAction","target":["https:\/\/abadecom.com\/nuevo-suministro-de-separador-de-carril-bici-para-murcia\/"]}]},{"@type":"ImageObject","inLanguage":"fr-FR","@id":"https:\/\/abadecom.com\/nuevo-suministro-de-separador-de-carril-bici-para-murcia\/#primaryimage","url":"https:\/\/abadecom.com\/wp-content\/uploads\/2023\/04\/Separador-carril-bici-Sonibru.jpg","contentUrl":"https:\/\/abadecom.com\/wp-content\/uploads\/2023\/04\/Separador-carril-bici-Sonibru.jpg","width":940,"height":788},{"@type":"WebSite","@id":"https:\/\/abadecom.com\/#website","url":"https:\/\/abadecom.com\/","name":"Abadecom","description":"Produits durables et respectueux de l'environnement","publisher":{"@id":"https:\/\/abadecom.com\/#organization"},"alternateName":"Abadecom","potentialAction":[{"@type":"SearchAction","target":{"@type":"EntryPoint","urlTemplate":"https:\/\/abadecom.com\/?s={search_term_string}"},"query-input":{"@type":"PropertyValueSpecification","valueRequired":true,"valueName":"search_term_string"}}],"inLanguage":"fr-FR"},{"@type":"Organization","@id":"https:\/\/abadecom.com\/#organization","name":"Abadecom","url":"https:\/\/abadecom.com\/","logo":{"@type":"ImageObject","inLanguage":"fr-FR","@id":"https:\/\/abadecom.com\/#\/schema\/logo\/image\/","url":"https:\/\/abadecom.com\/wp-content\/uploads\/2022\/03\/Logo-Abadecom-e1647715158799.png","contentUrl":"https:\/\/abadecom.com\/wp-content\/uploads\/2022\/03\/Logo-Abadecom-e1647715158799.png","width":200,"height":117,"caption":"Abadecom"},"image":{"@id":"https:\/\/abadecom.com\/#\/schema\/logo\/image\/"}},{"@type":"Person","@id":"https:\/\/abadecom.com\/#\/schema\/person\/477a7cc0ed6c040d67343c7a3fda930b","name":"AdminAabadeco","image":{"@type":"ImageObject","inLanguage":"fr-FR","@id":"https:\/\/secure.gravatar.com\/avatar\/2630c0cee03e7f483e5ca41ec6649375f24ca272e920f8386983684762e36487?s=96&d=mm&r=g","url":"https:\/\/secure.gravatar.com\/avatar\/2630c0cee03e7f483e5ca41ec6649375f24ca272e920f8386983684762e36487?s=96&d=mm&r=g","contentUrl":"https:\/\/secure.gravatar.com\/avatar\/2630c0cee03e7f483e5ca41ec6649375f24ca272e920f8386983684762e36487?s=96&d=mm&r=g","caption":"AdminAabadeco"},"sameAs":["https:\/\/abadecom.com"],"url":"https:\/\/abadecom.com\/fr\/author\/adminaabadeco\/"}]}},"_links":{"self":[{"href":"https:\/\/abadecom.com\/fr\/wp-json\/wp\/v2\/posts\/8466","targetHints":{"allow":["GET"]}}],"collection":[{"href":"https:\/\/abadecom.com\/fr\/wp-json\/wp\/v2\/posts"}],"about":[{"href":"https:\/\/abadecom.com\/fr\/wp-json\/wp\/v2\/types\/post"}],"author":[{"embeddable":true,"href":"https:\/\/abadecom.com\/fr\/wp-json\/wp\/v2\/users\/1"}],"replies":[{"embeddable":true,"href":"https:\/\/abadecom.com\/fr\/wp-json\/wp\/v2\/comments?post=8466"}],"version-history":[{"count":3,"href":"https:\/\/abadecom.com\/fr\/wp-json\/wp\/v2\/posts\/8466\/revisions"}],"predecessor-version":[{"id":8470,"href":"https:\/\/abadecom.com\/fr\/wp-json\/wp\/v2\/posts\/8466\/revisions\/8470"}],"wp:featuredmedia":[{"embeddable":true,"href":"https:\/\/abadecom.com\/fr\/wp-json\/wp\/v2\/media\/8467"}],"wp:attachment":[{"href":"https:\/\/abadecom.com\/fr\/wp-json\/wp\/v2\/media?parent=8466"}],"wp:term":[{"taxonomy":"category","embeddable":true,"href":"https:\/\/abadecom.com\/fr\/wp-json\/wp\/v2\/categories?post=8466"},{"taxonomy":"post_tag","embeddable":true,"href":"https:\/\/abadecom.com\/fr\/wp-json\/wp\/v2\/tags?post=8466"}],"curies":[{"name":"wp","href":"https:\/\/api.w.org\/{rel}","templated":true}]}}