{"id":8439,"date":"2023-03-29T08:50:13","date_gmt":"2023-03-29T08:50:13","guid":{"rendered":"https:\/\/abadecom.com\/?p=8439"},"modified":"2023-03-29T08:50:15","modified_gmt":"2023-03-29T08:50:15","slug":"abadecom-en-la-prensa-digital","status":"publish","type":"post","link":"https:\/\/abadecom.com\/fr\/abadecom-en-la-prensa-digital\/","title":{"rendered":"Abadecom en la prensa digital"},"content":{"rendered":"<p class=\"wp-block-paragraph\">Con gran satisfacci\u00f3n queremos compartir que estos \u00faltimos meses Abadecom se ha mencionado en publicaciones de varias revistas y diarios online.<br>Echen un vistazo!<\/p>\n\n\n\n<p class=\"wp-block-paragraph\">Diario Digital MONCLOA<br>Art\u00edculo sobre las Balizas truncadas fotoluminiscentes.<\/p>\n\n\n\n<figure class=\"wp-block-embed is-type-wp-embed is-provider-moncloa wp-block-embed-moncloa\"><div class=\"wp-block-embed__wrapper\">\nhttps:\/\/www.moncloa.com\/2022\/12\/03\/abadecom-balizas-truncadas-fotoluminiscentes-1740656\/\n<\/div><\/figure>\n\n\n\n<p class=\"wp-block-paragraph\">Diario Digital QUE!<br>Art\u00edculo sobre instalaci\u00f3n de pilonas r\u00edgidas de pl\u00e1stico reciclado en Costa Rica.<\/p>\n\n\n\n<figure class=\"wp-block-embed is-type-wp-embed is-provider-que wp-block-embed-que\"><div class=\"wp-block-embed__wrapper\">\n<blockquote hcb-fetch-image-from=\"https:\/\/www.que.es\/2022\/11\/01\/abadecom-finaliza-otra-instalacion-de-pilonas-rigidas-de-plastico-reciclado-en-costa-rica\/\" class=\"wp-embedded-content\" data-secret=\"T4wg06yba9\"><a href=\"https:\/\/www.que.es\/2022\/11\/01\/abadecom-finaliza-otra-instalacion-de-pilonas-rigidas-de-plastico-reciclado-en-costa-rica\/\">Abadecom finaliza otra instalaci\u00f3n de pilonas r\u00edgidas de pl\u00e1stico reciclado en Costa Rica<\/a><\/blockquote><iframe loading=\"lazy\" class=\"wp-embedded-content\" sandbox=\"allow-scripts\" security=\"restricted\" style=\"position: absolute; clip: rect(1px, 1px, 1px, 1px);\" title=\"\u00abAbadecom finaliza otra instalaci\u00f3n de pilonas r\u00edgidas de pl\u00e1stico reciclado en Costa Rica\u00bb \u2014 Qu\u00e9!\" src=\"https:\/\/www.que.es\/2022\/11\/01\/abadecom-finaliza-otra-instalacion-de-pilonas-rigidas-de-plastico-reciclado-en-costa-rica\/embed\/#?secret=LA4NKz2Inp#?secret=T4wg06yba9\" data-secret=\"T4wg06yba9\" width=\"600\" height=\"338\" frameborder=\"0\" marginwidth=\"0\" marginheight=\"0\" scrolling=\"no\"><\/iframe>\n<\/div><\/figure>\n\n\n\n<p class=\"wp-block-paragraph\">Otro art\u00edculo en el mismo diario que habla sobre vallados de pl\u00e1sticos reciclados en Manises.<\/p>\n\n\n\n<figure class=\"wp-block-embed is-type-wp-embed is-provider-que wp-block-embed-que\"><div class=\"wp-block-embed__wrapper\">\n<blockquote hcb-fetch-image-from=\"https:\/\/www.que.es\/2022\/10\/03\/vallados-de-plastico-reciclados-en-manises-con-abadecom\/\" class=\"wp-embedded-content\" data-secret=\"SYiIB5hRm4\"><a href=\"https:\/\/www.que.es\/2022\/10\/03\/vallados-de-plastico-reciclados-en-manises-con-abadecom\/\">Vallados de pl\u00e1stico reciclados en Manises, con Abadecom<\/a><\/blockquote><iframe loading=\"lazy\" class=\"wp-embedded-content\" sandbox=\"allow-scripts\" security=\"restricted\" style=\"position: absolute; clip: rect(1px, 1px, 1px, 1px);\" title=\"\u00abVallados de pl\u00e1stico reciclados en Manises, con Abadecom\u00bb \u2014 Qu\u00e9!\" src=\"https:\/\/www.que.es\/2022\/10\/03\/vallados-de-plastico-reciclados-en-manises-con-abadecom\/embed\/#?secret=jgy10rEuKM#?secret=SYiIB5hRm4\" data-secret=\"SYiIB5hRm4\" width=\"600\" height=\"338\" frameborder=\"0\" marginwidth=\"0\" marginheight=\"0\" scrolling=\"no\"><\/iframe>\n<\/div><\/figure>\n\n\n\n<p class=\"wp-block-paragraph\">Diario Digital Sevilla<br>Publico un art\u00edculo muy interesante sobre la pilona r\u00edgida de pl\u00e1stico reciclado.<\/p>\n\n\n\n<figure class=\"wp-block-embed is-type-wp-embed is-provider-digital-sevilla-diario-andaluz-independiente wp-block-embed-digital-sevilla-diario-andaluz-independiente\"><div class=\"wp-block-embed__wrapper\">\n<blockquote hcb-fetch-image-from=\"https:\/\/digitalsevilla.com\/2023\/02\/06\/abadecom-y-la-pilona-rigida-de-plastico-reciclado\/\" class=\"wp-embedded-content\" data-secret=\"N07puoSAWI\"><a href=\"https:\/\/digitalsevilla.com\/2023\/02\/06\/abadecom-y-la-pilona-rigida-de-plastico-reciclado\/\">Abadecom y la pilona r\u00edgida de pl\u00e1stico reciclado<\/a><\/blockquote><iframe loading=\"lazy\" class=\"wp-embedded-content\" sandbox=\"allow-scripts\" security=\"restricted\" style=\"position: absolute; clip: rect(1px, 1px, 1px, 1px);\" title=\"\u00abAbadecom y la pilona r\u00edgida de pl\u00e1stico reciclado\u00bb \u2014 Digital Sevilla - Diario Andaluz Independiente\" src=\"https:\/\/digitalsevilla.com\/2023\/02\/06\/abadecom-y-la-pilona-rigida-de-plastico-reciclado\/embed\/#?secret=YT9yDyzYbu#?secret=N07puoSAWI\" data-secret=\"N07puoSAWI\" width=\"600\" height=\"338\" frameborder=\"0\" marginwidth=\"0\" marginheight=\"0\" scrolling=\"no\"><\/iframe>\n<\/div><\/figure>\n\n\n\n<p class=\"wp-block-paragraph\">Gracias por apoyarnos! Espero los disfruten.<\/p>","protected":false},"excerpt":{"rendered":"<p>Con gran satisfacci\u00f3n queremos compartir que estos \u00faltimos meses Abadecom se ha mencionado en publicaciones de varias revistas y diarios online.Echen un vistazo! Diario Digital MONCLOAArt\u00edculo sobre las Balizas truncadas fotoluminiscentes. Diario Digital QUE!Art\u00edculo sobre instalaci\u00f3n de pilonas r\u00edgidas de pl\u00e1stico reciclado en Costa Rica. Otro art\u00edculo en el mismo diario que habla sobre vallados [&#8230;]<\/p>\n<p><a class=\"btn btn-secondary understrap-read-more-link\" href=\"https:\/\/abadecom.com\/fr\/abadecom-en-la-prensa-digital\/\">Lire la suite\u2026<span class=\"screen-reader-text\"> from Abadecom en la prensa digital<\/span><\/a><\/p>\n","protected":false},"author":1,"featured_media":8440,"comment_status":"open","ping_status":"open","sticky":false,"template":"","format":"standard","meta":{"content-type":"","_monsterinsights_skip_tracking":false,"pgc_sgb_lightbox_settings":"","footnotes":""},"categories":[1],"tags":[],"class_list":["post-8439","post","type-post","status-publish","format-standard","has-post-thumbnail","hentry","category-sin-categorizar"],"yoast_head":"<!-- This site is optimized with the Yoast SEO plugin v28.4 - https:\/\/yoast.com\/product\/yoast-seo-wordpress\/ -->\n<title>Abadecom en la prensa digital - Abadecom<\/title>\n<meta name=\"description\" content=\"Estos \u00faltimos meses Abadecom se ha mencionado en publicaciones de varias revistas y diarios online. Gracias por apoyarnos.\" \/>\n<meta name=\"robots\" content=\"index, follow, max-snippet:-1, max-image-preview:large, max-video-preview:-1\" \/>\n<link rel=\"canonical\" href=\"https:\/\/abadecom.com\/fr\/abadecom-en-la-prensa-digital\/\" \/>\n<meta property=\"og:locale\" content=\"fr_FR\" \/>\n<meta property=\"og:type\" content=\"article\" \/>\n<meta property=\"og:title\" content=\"Abadecom en la prensa digital - Abadecom\" \/>\n<meta property=\"og:description\" content=\"Estos \u00faltimos meses Abadecom se ha mencionado en publicaciones de varias revistas y diarios online. Gracias por apoyarnos.\" \/>\n<meta property=\"og:url\" content=\"https:\/\/abadecom.com\/fr\/abadecom-en-la-prensa-digital\/\" \/>\n<meta property=\"og:site_name\" content=\"Abadecom\" \/>\n<meta property=\"article:published_time\" content=\"2023-03-29T08:50:13+00:00\" \/>\n<meta property=\"article:modified_time\" content=\"2023-03-29T08:50:15+00:00\" \/>\n<meta property=\"og:image\" content=\"https:\/\/abadecom.com\/wp-content\/uploads\/2023\/03\/Abadecom-prensa.png\" \/>\n\t<meta property=\"og:image:width\" content=\"1200\" \/>\n\t<meta property=\"og:image:height\" content=\"1200\" \/>\n\t<meta property=\"og:image:type\" content=\"image\/png\" \/>\n<meta name=\"author\" content=\"AdminAabadeco\" \/>\n<meta name=\"twitter:card\" content=\"summary_large_image\" \/>\n<meta name=\"twitter:label1\" content=\"\u00c9crit par\" \/>\n\t<meta name=\"twitter:data1\" content=\"AdminAabadeco\" \/>\n\t<meta name=\"twitter:label2\" content=\"Dur\u00e9e de lecture estim\u00e9e\" \/>\n\t<meta name=\"twitter:data2\" content=\"1 minute\" \/>\n<script type=\"application\/ld+json\" class=\"yoast-schema-graph\">{\"@context\":\"https:\\\/\\\/schema.org\",\"@graph\":[{\"@type\":\"Article\",\"@id\":\"https:\\\/\\\/abadecom.com\\\/abadecom-en-la-prensa-digital\\\/#article\",\"isPartOf\":{\"@id\":\"https:\\\/\\\/abadecom.com\\\/abadecom-en-la-prensa-digital\\\/\"},\"author\":{\"name\":\"AdminAabadeco\",\"@id\":\"https:\\\/\\\/abadecom.com\\\/#\\\/schema\\\/person\\\/477a7cc0ed6c040d67343c7a3fda930b\"},\"headline\":\"Abadecom en la prensa digital\",\"datePublished\":\"2023-03-29T08:50:13+00:00\",\"dateModified\":\"2023-03-29T08:50:15+00:00\",\"mainEntityOfPage\":{\"@id\":\"https:\\\/\\\/abadecom.com\\\/abadecom-en-la-prensa-digital\\\/\"},\"wordCount\":117,\"commentCount\":0,\"publisher\":{\"@id\":\"https:\\\/\\\/abadecom.com\\\/#organization\"},\"image\":{\"@id\":\"https:\\\/\\\/abadecom.com\\\/abadecom-en-la-prensa-digital\\\/#primaryimage\"},\"thumbnailUrl\":\"https:\\\/\\\/abadecom.com\\\/wp-content\\\/uploads\\\/2023\\\/03\\\/Abadecom-prensa.png\",\"articleSection\":[\"Sin categorizar\"],\"inLanguage\":\"fr-FR\",\"potentialAction\":[{\"@type\":\"CommentAction\",\"name\":\"Comment\",\"target\":[\"https:\\\/\\\/abadecom.com\\\/abadecom-en-la-prensa-digital\\\/#respond\"]}]},{\"@type\":\"WebPage\",\"@id\":\"https:\\\/\\\/abadecom.com\\\/abadecom-en-la-prensa-digital\\\/\",\"url\":\"https:\\\/\\\/abadecom.com\\\/abadecom-en-la-prensa-digital\\\/\",\"name\":\"Abadecom en la prensa digital - Abadecom\",\"isPartOf\":{\"@id\":\"https:\\\/\\\/abadecom.com\\\/#website\"},\"primaryImageOfPage\":{\"@id\":\"https:\\\/\\\/abadecom.com\\\/abadecom-en-la-prensa-digital\\\/#primaryimage\"},\"image\":{\"@id\":\"https:\\\/\\\/abadecom.com\\\/abadecom-en-la-prensa-digital\\\/#primaryimage\"},\"thumbnailUrl\":\"https:\\\/\\\/abadecom.com\\\/wp-content\\\/uploads\\\/2023\\\/03\\\/Abadecom-prensa.png\",\"datePublished\":\"2023-03-29T08:50:13+00:00\",\"dateModified\":\"2023-03-29T08:50:15+00:00\",\"description\":\"Estos \u00faltimos meses Abadecom se ha mencionado en publicaciones de varias revistas y diarios online. Gracias por apoyarnos.\",\"inLanguage\":\"fr-FR\",\"potentialAction\":[{\"@type\":\"ReadAction\",\"target\":[\"https:\\\/\\\/abadecom.com\\\/abadecom-en-la-prensa-digital\\\/\"]}]},{\"@type\":\"ImageObject\",\"inLanguage\":\"fr-FR\",\"@id\":\"https:\\\/\\\/abadecom.com\\\/abadecom-en-la-prensa-digital\\\/#primaryimage\",\"url\":\"https:\\\/\\\/abadecom.com\\\/wp-content\\\/uploads\\\/2023\\\/03\\\/Abadecom-prensa.png\",\"contentUrl\":\"https:\\\/\\\/abadecom.com\\\/wp-content\\\/uploads\\\/2023\\\/03\\\/Abadecom-prensa.png\",\"width\":1200,\"height\":1200},{\"@type\":\"WebSite\",\"@id\":\"https:\\\/\\\/abadecom.com\\\/#website\",\"url\":\"https:\\\/\\\/abadecom.com\\\/\",\"name\":\"Abadecom\",\"description\":\"Productos sostenibles y respetuosos con el medio ambiente\",\"publisher\":{\"@id\":\"https:\\\/\\\/abadecom.com\\\/#organization\"},\"alternateName\":\"Abadecom\",\"potentialAction\":[{\"@type\":\"SearchAction\",\"target\":{\"@type\":\"EntryPoint\",\"urlTemplate\":\"https:\\\/\\\/abadecom.com\\\/?s={search_term_string}\"},\"query-input\":{\"@type\":\"PropertyValueSpecification\",\"valueRequired\":true,\"valueName\":\"search_term_string\"}}],\"inLanguage\":\"fr-FR\"},{\"@type\":\"Organization\",\"@id\":\"https:\\\/\\\/abadecom.com\\\/#organization\",\"name\":\"Abadecom\",\"url\":\"https:\\\/\\\/abadecom.com\\\/\",\"logo\":{\"@type\":\"ImageObject\",\"inLanguage\":\"fr-FR\",\"@id\":\"https:\\\/\\\/abadecom.com\\\/#\\\/schema\\\/logo\\\/image\\\/\",\"url\":\"https:\\\/\\\/abadecom.com\\\/wp-content\\\/uploads\\\/2022\\\/03\\\/Logo-Abadecom-e1647715158799.png\",\"contentUrl\":\"https:\\\/\\\/abadecom.com\\\/wp-content\\\/uploads\\\/2022\\\/03\\\/Logo-Abadecom-e1647715158799.png\",\"width\":200,\"height\":117,\"caption\":\"Abadecom\"},\"image\":{\"@id\":\"https:\\\/\\\/abadecom.com\\\/#\\\/schema\\\/logo\\\/image\\\/\"}},{\"@type\":\"Person\",\"@id\":\"https:\\\/\\\/abadecom.com\\\/#\\\/schema\\\/person\\\/477a7cc0ed6c040d67343c7a3fda930b\",\"name\":\"AdminAabadeco\",\"image\":{\"@type\":\"ImageObject\",\"inLanguage\":\"fr-FR\",\"@id\":\"https:\\\/\\\/secure.gravatar.com\\\/avatar\\\/2630c0cee03e7f483e5ca41ec6649375f24ca272e920f8386983684762e36487?s=96&d=mm&r=g\",\"url\":\"https:\\\/\\\/secure.gravatar.com\\\/avatar\\\/2630c0cee03e7f483e5ca41ec6649375f24ca272e920f8386983684762e36487?s=96&d=mm&r=g\",\"contentUrl\":\"https:\\\/\\\/secure.gravatar.com\\\/avatar\\\/2630c0cee03e7f483e5ca41ec6649375f24ca272e920f8386983684762e36487?s=96&d=mm&r=g\",\"caption\":\"AdminAabadeco\"},\"sameAs\":[\"https:\\\/\\\/abadecom.com\"],\"url\":\"https:\\\/\\\/abadecom.com\\\/fr\\\/author\\\/adminaabadeco\\\/\"}]}<\/script>\n<!-- \/ Yoast SEO plugin. -->","yoast_head_json":{"title":"Abadecom en la prensa digital - Abadecom","description":"Estos \u00faltimos meses Abadecom se ha mencionado en publicaciones de varias revistas y diarios online. Gracias por apoyarnos.","robots":{"index":"index","follow":"follow","max-snippet":"max-snippet:-1","max-image-preview":"max-image-preview:large","max-video-preview":"max-video-preview:-1"},"canonical":"https:\/\/abadecom.com\/fr\/abadecom-en-la-prensa-digital\/","og_locale":"fr_FR","og_type":"article","og_title":"Abadecom en la prensa digital - Abadecom","og_description":"Estos \u00faltimos meses Abadecom se ha mencionado en publicaciones de varias revistas y diarios online. Gracias por apoyarnos.","og_url":"https:\/\/abadecom.com\/fr\/abadecom-en-la-prensa-digital\/","og_site_name":"Abadecom","article_published_time":"2023-03-29T08:50:13+00:00","article_modified_time":"2023-03-29T08:50:15+00:00","og_image":[{"width":1200,"height":1200,"url":"https:\/\/abadecom.com\/wp-content\/uploads\/2023\/03\/Abadecom-prensa.png","type":"image\/png"}],"author":"AdminAabadeco","twitter_card":"summary_large_image","twitter_misc":{"\u00c9crit par":"AdminAabadeco","Dur\u00e9e de lecture estim\u00e9e":"1 minute"},"schema":{"@context":"https:\/\/schema.org","@graph":[{"@type":"Article","@id":"https:\/\/abadecom.com\/abadecom-en-la-prensa-digital\/#article","isPartOf":{"@id":"https:\/\/abadecom.com\/abadecom-en-la-prensa-digital\/"},"author":{"name":"AdminAabadeco","@id":"https:\/\/abadecom.com\/#\/schema\/person\/477a7cc0ed6c040d67343c7a3fda930b"},"headline":"Abadecom en la prensa digital","datePublished":"2023-03-29T08:50:13+00:00","dateModified":"2023-03-29T08:50:15+00:00","mainEntityOfPage":{"@id":"https:\/\/abadecom.com\/abadecom-en-la-prensa-digital\/"},"wordCount":117,"commentCount":0,"publisher":{"@id":"https:\/\/abadecom.com\/#organization"},"image":{"@id":"https:\/\/abadecom.com\/abadecom-en-la-prensa-digital\/#primaryimage"},"thumbnailUrl":"https:\/\/abadecom.com\/wp-content\/uploads\/2023\/03\/Abadecom-prensa.png","articleSection":["Sin categorizar"],"inLanguage":"fr-FR","potentialAction":[{"@type":"CommentAction","name":"Comment","target":["https:\/\/abadecom.com\/abadecom-en-la-prensa-digital\/#respond"]}]},{"@type":"WebPage","@id":"https:\/\/abadecom.com\/abadecom-en-la-prensa-digital\/","url":"https:\/\/abadecom.com\/abadecom-en-la-prensa-digital\/","name":"Abadecom en la prensa digital - Abadecom","isPartOf":{"@id":"https:\/\/abadecom.com\/#website"},"primaryImageOfPage":{"@id":"https:\/\/abadecom.com\/abadecom-en-la-prensa-digital\/#primaryimage"},"image":{"@id":"https:\/\/abadecom.com\/abadecom-en-la-prensa-digital\/#primaryimage"},"thumbnailUrl":"https:\/\/abadecom.com\/wp-content\/uploads\/2023\/03\/Abadecom-prensa.png","datePublished":"2023-03-29T08:50:13+00:00","dateModified":"2023-03-29T08:50:15+00:00","description":"Estos \u00faltimos meses Abadecom se ha mencionado en publicaciones de varias revistas y diarios online. Gracias por apoyarnos.","inLanguage":"fr-FR","potentialAction":[{"@type":"ReadAction","target":["https:\/\/abadecom.com\/abadecom-en-la-prensa-digital\/"]}]},{"@type":"ImageObject","inLanguage":"fr-FR","@id":"https:\/\/abadecom.com\/abadecom-en-la-prensa-digital\/#primaryimage","url":"https:\/\/abadecom.com\/wp-content\/uploads\/2023\/03\/Abadecom-prensa.png","contentUrl":"https:\/\/abadecom.com\/wp-content\/uploads\/2023\/03\/Abadecom-prensa.png","width":1200,"height":1200},{"@type":"WebSite","@id":"https:\/\/abadecom.com\/#website","url":"https:\/\/abadecom.com\/","name":"Abadecom","description":"Produits durables et respectueux de l'environnement","publisher":{"@id":"https:\/\/abadecom.com\/#organization"},"alternateName":"Abadecom","potentialAction":[{"@type":"SearchAction","target":{"@type":"EntryPoint","urlTemplate":"https:\/\/abadecom.com\/?s={search_term_string}"},"query-input":{"@type":"PropertyValueSpecification","valueRequired":true,"valueName":"search_term_string"}}],"inLanguage":"fr-FR"},{"@type":"Organization","@id":"https:\/\/abadecom.com\/#organization","name":"Abadecom","url":"https:\/\/abadecom.com\/","logo":{"@type":"ImageObject","inLanguage":"fr-FR","@id":"https:\/\/abadecom.com\/#\/schema\/logo\/image\/","url":"https:\/\/abadecom.com\/wp-content\/uploads\/2022\/03\/Logo-Abadecom-e1647715158799.png","contentUrl":"https:\/\/abadecom.com\/wp-content\/uploads\/2022\/03\/Logo-Abadecom-e1647715158799.png","width":200,"height":117,"caption":"Abadecom"},"image":{"@id":"https:\/\/abadecom.com\/#\/schema\/logo\/image\/"}},{"@type":"Person","@id":"https:\/\/abadecom.com\/#\/schema\/person\/477a7cc0ed6c040d67343c7a3fda930b","name":"AdminAabadeco","image":{"@type":"ImageObject","inLanguage":"fr-FR","@id":"https:\/\/secure.gravatar.com\/avatar\/2630c0cee03e7f483e5ca41ec6649375f24ca272e920f8386983684762e36487?s=96&d=mm&r=g","url":"https:\/\/secure.gravatar.com\/avatar\/2630c0cee03e7f483e5ca41ec6649375f24ca272e920f8386983684762e36487?s=96&d=mm&r=g","contentUrl":"https:\/\/secure.gravatar.com\/avatar\/2630c0cee03e7f483e5ca41ec6649375f24ca272e920f8386983684762e36487?s=96&d=mm&r=g","caption":"AdminAabadeco"},"sameAs":["https:\/\/abadecom.com"],"url":"https:\/\/abadecom.com\/fr\/author\/adminaabadeco\/"}]}},"_links":{"self":[{"href":"https:\/\/abadecom.com\/fr\/wp-json\/wp\/v2\/posts\/8439","targetHints":{"allow":["GET"]}}],"collection":[{"href":"https:\/\/abadecom.com\/fr\/wp-json\/wp\/v2\/posts"}],"about":[{"href":"https:\/\/abadecom.com\/fr\/wp-json\/wp\/v2\/types\/post"}],"author":[{"embeddable":true,"href":"https:\/\/abadecom.com\/fr\/wp-json\/wp\/v2\/users\/1"}],"replies":[{"embeddable":true,"href":"https:\/\/abadecom.com\/fr\/wp-json\/wp\/v2\/comments?post=8439"}],"version-history":[{"count":1,"href":"https:\/\/abadecom.com\/fr\/wp-json\/wp\/v2\/posts\/8439\/revisions"}],"predecessor-version":[{"id":8441,"href":"https:\/\/abadecom.com\/fr\/wp-json\/wp\/v2\/posts\/8439\/revisions\/8441"}],"wp:featuredmedia":[{"embeddable":true,"href":"https:\/\/abadecom.com\/fr\/wp-json\/wp\/v2\/media\/8440"}],"wp:attachment":[{"href":"https:\/\/abadecom.com\/fr\/wp-json\/wp\/v2\/media?parent=8439"}],"wp:term":[{"taxonomy":"category","embeddable":true,"href":"https:\/\/abadecom.com\/fr\/wp-json\/wp\/v2\/categories?post=8439"},{"taxonomy":"post_tag","embeddable":true,"href":"https:\/\/abadecom.com\/fr\/wp-json\/wp\/v2\/tags?post=8439"}],"curies":[{"name":"wp","href":"https:\/\/api.w.org\/{rel}","templated":true}]}}