{"id":8115,"date":"2023-01-16T11:10:20","date_gmt":"2023-01-16T11:10:20","guid":{"rendered":"https:\/\/abadecom.com\/?p=8115"},"modified":"2023-01-16T13:17:27","modified_gmt":"2023-01-16T13:17:27","slug":"nouvel-arrivage-de-nos-passerelles-de-plage","status":"publish","type":"post","link":"https:\/\/abadecom.com\/fr\/nuevo-suministro-de-nuestras-pasarelas-de-playa\/","title":{"rendered":"Fourniture et installation de passerelles de plage \u00e0 Xeraco (Valence)"},"content":{"rendered":"<p class=\"wp-block-paragraph\">Nombreuses sont les villes qui, au cours de ces derni\u00e8res ann\u00e9es, ont pris la d\u00e9cision d'investir dans l'installation de passerelles de plage en Espagne, comme c'est le cas de Xeraco, une municipalit\u00e9 de la c\u00f4te de la Communaut\u00e9 valencienne. <\/p>\n\n\n\n<p class=\"wp-block-paragraph\">Nos passerelles de plage, fabriqu\u00e9es \u00e0 partir de plastique 100% recycl\u00e9 et recyclable, constituent une alternative aux passerelles de plage traditionnelles en bois. Le plastique recycl\u00e9 est une mati\u00e8re premi\u00e8re int\u00e9ressante : il offre une durabilit\u00e9 et une r\u00e9sistance sup\u00e9rieures \u00e0 celles d\u2019autres mat\u00e9riaux et ne n\u00e9cessite en outre aucun entretien.<\/p>\n\n\n\n<p class=\"wp-block-paragraph\">Voici le superbe r\u00e9sultat obtenu avec nos passerelles en plastique recycl\u00e9 100% \u00e0 Xeraco.<\/p>\n\n\n\n<figure class=\"wp-block-gallery has-nested-images columns-default is-cropped wp-block-gallery-2 is-layout-flex wp-block-gallery-is-layout-flex\">\n<figure class=\"wp-block-image size-large\"><img loading=\"lazy\" decoding=\"async\" width=\"576\" height=\"1024\" data-id=\"8117\" src=\"https:\/\/abadecom.com\/wp-content\/uploads\/2023\/01\/Pasarelas-de-playa-576x1024.jpg\" alt=\"\" class=\"wp-image-8117\" srcset=\"https:\/\/abadecom.com\/wp-content\/uploads\/2023\/01\/Pasarelas-de-playa-576x1024.jpg 576w, https:\/\/abadecom.com\/wp-content\/uploads\/2023\/01\/Pasarelas-de-playa-169x300.jpg 169w, https:\/\/abadecom.com\/wp-content\/uploads\/2023\/01\/Pasarelas-de-playa-768x1365.jpg 768w, https:\/\/abadecom.com\/wp-content\/uploads\/2023\/01\/Pasarelas-de-playa-864x1536.jpg 864w, https:\/\/abadecom.com\/wp-content\/uploads\/2023\/01\/Pasarelas-de-playa-1152x2048.jpg 1152w, https:\/\/abadecom.com\/wp-content\/uploads\/2023\/01\/Pasarelas-de-playa-1600x2844.jpg 1600w, https:\/\/abadecom.com\/wp-content\/uploads\/2023\/01\/Pasarelas-de-playa-scaled.jpg 1440w\" sizes=\"auto, (max-width: 576px) 100vw, 576px\" \/><\/figure>\n\n\n\n<figure class=\"wp-block-image size-large\"><img loading=\"lazy\" decoding=\"async\" width=\"576\" height=\"1024\" data-id=\"8116\" src=\"https:\/\/abadecom.com\/wp-content\/uploads\/2023\/01\/Pasarelas-de-playas_Abadecom-576x1024.jpg\" alt=\"\" class=\"wp-image-8116\" srcset=\"https:\/\/abadecom.com\/wp-content\/uploads\/2023\/01\/Pasarelas-de-playas_Abadecom-576x1024.jpg 576w, https:\/\/abadecom.com\/wp-content\/uploads\/2023\/01\/Pasarelas-de-playas_Abadecom-169x300.jpg 169w, https:\/\/abadecom.com\/wp-content\/uploads\/2023\/01\/Pasarelas-de-playas_Abadecom-768x1365.jpg 768w, https:\/\/abadecom.com\/wp-content\/uploads\/2023\/01\/Pasarelas-de-playas_Abadecom-864x1536.jpg 864w, https:\/\/abadecom.com\/wp-content\/uploads\/2023\/01\/Pasarelas-de-playas_Abadecom-1152x2048.jpg 1152w, https:\/\/abadecom.com\/wp-content\/uploads\/2023\/01\/Pasarelas-de-playas_Abadecom-1600x2844.jpg 1600w, https:\/\/abadecom.com\/wp-content\/uploads\/2023\/01\/Pasarelas-de-playas_Abadecom-scaled.jpg 1440w\" sizes=\"auto, (max-width: 576px) 100vw, 576px\" \/><\/figure>\n<\/figure>\n\n\n\n<p class=\"wp-block-paragraph\">Pour plus d'informations info@abadecom.com<\/p>","protected":false},"excerpt":{"rendered":"<p>Son muchas las ciudades que, durante los \u00faltimos a\u00f1os, han tomado la decisi\u00f3n de invertir en la instalaci\u00f3n de pasarelas de playa en Espa\u00f1a como es el caso de Xeraco, municipio de la costa de la Comunidad Valenciana. Nuestras pasarelas de playa hechas con pl\u00e1stico 100% reciclado y 100% reciclable son una alternativa a las [&#8230;]<\/p>\n<p><a class=\"btn btn-secondary understrap-read-more-link\" href=\"https:\/\/abadecom.com\/fr\/nuevo-suministro-de-nuestras-pasarelas-de-playa\/\">Lire la suite\u2026<span class=\"screen-reader-text\"> from Suministro e instalaci\u00f3n de pasarelas de playa en Xeraco(Valencia)<\/span><\/a><\/p>\n","protected":false},"author":1,"featured_media":8118,"comment_status":"open","ping_status":"open","sticky":false,"template":"","format":"standard","meta":{"content-type":"","_monsterinsights_skip_tracking":false,"pgc_sgb_lightbox_settings":"","footnotes":""},"categories":[1],"tags":[],"class_list":["post-8115","post","type-post","status-publish","format-standard","has-post-thumbnail","hentry","category-sin-categorizar"],"yoast_head":"<!-- This site is optimized with the Yoast SEO plugin v28.4 - https:\/\/yoast.com\/product\/yoast-seo-wordpress\/ -->\n<title>Suministro e instalaci\u00f3n de pasarelas de playa en Xeraco(Valencia) - Abadecom<\/title>\n<meta name=\"robots\" content=\"index, follow, max-snippet:-1, max-image-preview:large, max-video-preview:-1\" \/>\n<link rel=\"canonical\" href=\"https:\/\/abadecom.com\/fr\/nouvel-arrivage-de-nos-passerelles-de-plage\/\" \/>\n<meta property=\"og:locale\" content=\"fr_FR\" \/>\n<meta property=\"og:type\" content=\"article\" \/>\n<meta property=\"og:title\" content=\"Suministro e instalaci\u00f3n de pasarelas de playa en Xeraco(Valencia) - Abadecom\" \/>\n<meta property=\"og:description\" content=\"Son muchas las ciudades que, durante los \u00faltimos a\u00f1os, han tomado la decisi\u00f3n de invertir en la instalaci\u00f3n de pasarelas de playa en Espa\u00f1a como es el caso de Xeraco, municipio de la costa de la Comunidad Valenciana. Nuestras pasarelas de playa hechas con pl\u00e1stico 100% reciclado y 100% reciclable son una alternativa a las [...]Lire la suite\u2026 from Suministro e instalaci\u00f3n de pasarelas de playa en Xeraco(Valencia)\" \/>\n<meta property=\"og:url\" content=\"https:\/\/abadecom.com\/fr\/nouvel-arrivage-de-nos-passerelles-de-plage\/\" \/>\n<meta property=\"og:site_name\" content=\"Abadecom\" \/>\n<meta property=\"article:published_time\" content=\"2023-01-16T11:10:20+00:00\" \/>\n<meta property=\"article:modified_time\" content=\"2023-01-16T13:17:27+00:00\" \/>\n<meta property=\"og:image\" content=\"https:\/\/abadecom.com\/wp-content\/uploads\/2023\/01\/Pasarelas-de-playa-plastico-reciclado-100_Abadecom-scaled.jpg\" \/>\n\t<meta property=\"og:image:width\" content=\"2560\" \/>\n\t<meta property=\"og:image:height\" content=\"1440\" \/>\n\t<meta property=\"og:image:type\" content=\"image\/jpeg\" \/>\n<meta name=\"author\" content=\"AdminAabadeco\" \/>\n<meta name=\"twitter:card\" content=\"summary_large_image\" \/>\n<meta name=\"twitter:label1\" content=\"\u00c9crit par\" \/>\n\t<meta name=\"twitter:data1\" content=\"AdminAabadeco\" \/>\n\t<meta name=\"twitter:label2\" content=\"Dur\u00e9e de lecture estim\u00e9e\" \/>\n\t<meta name=\"twitter:data2\" content=\"1 minute\" \/>\n<script type=\"application\/ld+json\" class=\"yoast-schema-graph\">{\"@context\":\"https:\\\/\\\/schema.org\",\"@graph\":[{\"@type\":\"Article\",\"@id\":\"https:\\\/\\\/abadecom.com\\\/nuevo-suministro-de-nuestras-pasarelas-de-playa\\\/#article\",\"isPartOf\":{\"@id\":\"https:\\\/\\\/abadecom.com\\\/nuevo-suministro-de-nuestras-pasarelas-de-playa\\\/\"},\"author\":{\"name\":\"AdminAabadeco\",\"@id\":\"https:\\\/\\\/abadecom.com\\\/#\\\/schema\\\/person\\\/477a7cc0ed6c040d67343c7a3fda930b\"},\"headline\":\"Suministro e instalaci\u00f3n de pasarelas de playa en Xeraco(Valencia)\",\"datePublished\":\"2023-01-16T11:10:20+00:00\",\"dateModified\":\"2023-01-16T13:17:27+00:00\",\"mainEntityOfPage\":{\"@id\":\"https:\\\/\\\/abadecom.com\\\/nuevo-suministro-de-nuestras-pasarelas-de-playa\\\/\"},\"wordCount\":119,\"commentCount\":0,\"publisher\":{\"@id\":\"https:\\\/\\\/abadecom.com\\\/#organization\"},\"image\":{\"@id\":\"https:\\\/\\\/abadecom.com\\\/nuevo-suministro-de-nuestras-pasarelas-de-playa\\\/#primaryimage\"},\"thumbnailUrl\":\"https:\\\/\\\/abadecom.com\\\/wp-content\\\/uploads\\\/2023\\\/01\\\/Pasarelas-de-playa-plastico-reciclado-100_Abadecom-scaled.jpg\",\"articleSection\":[\"Sin categorizar\"],\"inLanguage\":\"fr-FR\",\"potentialAction\":[{\"@type\":\"CommentAction\",\"name\":\"Comment\",\"target\":[\"https:\\\/\\\/abadecom.com\\\/nuevo-suministro-de-nuestras-pasarelas-de-playa\\\/#respond\"]}]},{\"@type\":\"WebPage\",\"@id\":\"https:\\\/\\\/abadecom.com\\\/nuevo-suministro-de-nuestras-pasarelas-de-playa\\\/\",\"url\":\"https:\\\/\\\/abadecom.com\\\/nuevo-suministro-de-nuestras-pasarelas-de-playa\\\/\",\"name\":\"Suministro e instalaci\u00f3n de pasarelas de playa en Xeraco(Valencia) - Abadecom\",\"isPartOf\":{\"@id\":\"https:\\\/\\\/abadecom.com\\\/#website\"},\"primaryImageOfPage\":{\"@id\":\"https:\\\/\\\/abadecom.com\\\/nuevo-suministro-de-nuestras-pasarelas-de-playa\\\/#primaryimage\"},\"image\":{\"@id\":\"https:\\\/\\\/abadecom.com\\\/nuevo-suministro-de-nuestras-pasarelas-de-playa\\\/#primaryimage\"},\"thumbnailUrl\":\"https:\\\/\\\/abadecom.com\\\/wp-content\\\/uploads\\\/2023\\\/01\\\/Pasarelas-de-playa-plastico-reciclado-100_Abadecom-scaled.jpg\",\"datePublished\":\"2023-01-16T11:10:20+00:00\",\"dateModified\":\"2023-01-16T13:17:27+00:00\",\"inLanguage\":\"fr-FR\",\"potentialAction\":[{\"@type\":\"ReadAction\",\"target\":[\"https:\\\/\\\/abadecom.com\\\/nuevo-suministro-de-nuestras-pasarelas-de-playa\\\/\"]}]},{\"@type\":\"ImageObject\",\"inLanguage\":\"fr-FR\",\"@id\":\"https:\\\/\\\/abadecom.com\\\/nuevo-suministro-de-nuestras-pasarelas-de-playa\\\/#primaryimage\",\"url\":\"https:\\\/\\\/abadecom.com\\\/wp-content\\\/uploads\\\/2023\\\/01\\\/Pasarelas-de-playa-plastico-reciclado-100_Abadecom-scaled.jpg\",\"contentUrl\":\"https:\\\/\\\/abadecom.com\\\/wp-content\\\/uploads\\\/2023\\\/01\\\/Pasarelas-de-playa-plastico-reciclado-100_Abadecom-scaled.jpg\",\"width\":2560,\"height\":1440},{\"@type\":\"WebSite\",\"@id\":\"https:\\\/\\\/abadecom.com\\\/#website\",\"url\":\"https:\\\/\\\/abadecom.com\\\/\",\"name\":\"Abadecom\",\"description\":\"Productos sostenibles y respetuosos con el medio ambiente\",\"publisher\":{\"@id\":\"https:\\\/\\\/abadecom.com\\\/#organization\"},\"alternateName\":\"Abadecom\",\"potentialAction\":[{\"@type\":\"SearchAction\",\"target\":{\"@type\":\"EntryPoint\",\"urlTemplate\":\"https:\\\/\\\/abadecom.com\\\/?s={search_term_string}\"},\"query-input\":{\"@type\":\"PropertyValueSpecification\",\"valueRequired\":true,\"valueName\":\"search_term_string\"}}],\"inLanguage\":\"fr-FR\"},{\"@type\":\"Organization\",\"@id\":\"https:\\\/\\\/abadecom.com\\\/#organization\",\"name\":\"Abadecom\",\"url\":\"https:\\\/\\\/abadecom.com\\\/\",\"logo\":{\"@type\":\"ImageObject\",\"inLanguage\":\"fr-FR\",\"@id\":\"https:\\\/\\\/abadecom.com\\\/#\\\/schema\\\/logo\\\/image\\\/\",\"url\":\"https:\\\/\\\/abadecom.com\\\/wp-content\\\/uploads\\\/2022\\\/03\\\/Logo-Abadecom-e1647715158799.png\",\"contentUrl\":\"https:\\\/\\\/abadecom.com\\\/wp-content\\\/uploads\\\/2022\\\/03\\\/Logo-Abadecom-e1647715158799.png\",\"width\":200,\"height\":117,\"caption\":\"Abadecom\"},\"image\":{\"@id\":\"https:\\\/\\\/abadecom.com\\\/#\\\/schema\\\/logo\\\/image\\\/\"}},{\"@type\":\"Person\",\"@id\":\"https:\\\/\\\/abadecom.com\\\/#\\\/schema\\\/person\\\/477a7cc0ed6c040d67343c7a3fda930b\",\"name\":\"AdminAabadeco\",\"image\":{\"@type\":\"ImageObject\",\"inLanguage\":\"fr-FR\",\"@id\":\"https:\\\/\\\/secure.gravatar.com\\\/avatar\\\/2630c0cee03e7f483e5ca41ec6649375f24ca272e920f8386983684762e36487?s=96&d=mm&r=g\",\"url\":\"https:\\\/\\\/secure.gravatar.com\\\/avatar\\\/2630c0cee03e7f483e5ca41ec6649375f24ca272e920f8386983684762e36487?s=96&d=mm&r=g\",\"contentUrl\":\"https:\\\/\\\/secure.gravatar.com\\\/avatar\\\/2630c0cee03e7f483e5ca41ec6649375f24ca272e920f8386983684762e36487?s=96&d=mm&r=g\",\"caption\":\"AdminAabadeco\"},\"sameAs\":[\"https:\\\/\\\/abadecom.com\"],\"url\":\"https:\\\/\\\/abadecom.com\\\/fr\\\/author\\\/adminaabadeco\\\/\"}]}<\/script>\n<!-- \/ Yoast SEO plugin. -->","yoast_head_json":{"title":"Fourniture et installation de passerelles de plage \u00e0 Xeraco (Valence) - Abadecom","robots":{"index":"index","follow":"follow","max-snippet":"max-snippet:-1","max-image-preview":"max-image-preview:large","max-video-preview":"max-video-preview:-1"},"canonical":"https:\/\/abadecom.com\/fr\/nouvel-arrivage-de-nos-passerelles-de-plage\/","og_locale":"fr_FR","og_type":"article","og_title":"Suministro e instalaci\u00f3n de pasarelas de playa en Xeraco(Valencia) - Abadecom","og_description":"Son muchas las ciudades que, durante los \u00faltimos a\u00f1os, han tomado la decisi\u00f3n de invertir en la instalaci\u00f3n de pasarelas de playa en Espa\u00f1a como es el caso de Xeraco, municipio de la costa de la Comunidad Valenciana. Nuestras pasarelas de playa hechas con pl\u00e1stico 100% reciclado y 100% reciclable son una alternativa a las [...]Lire la suite\u2026 from Suministro e instalaci\u00f3n de pasarelas de playa en Xeraco(Valencia)","og_url":"https:\/\/abadecom.com\/fr\/nouvel-arrivage-de-nos-passerelles-de-plage\/","og_site_name":"Abadecom","article_published_time":"2023-01-16T11:10:20+00:00","article_modified_time":"2023-01-16T13:17:27+00:00","og_image":[{"width":2560,"height":1440,"url":"https:\/\/abadecom.com\/wp-content\/uploads\/2023\/01\/Pasarelas-de-playa-plastico-reciclado-100_Abadecom-scaled.jpg","type":"image\/jpeg"}],"author":"AdminAabadeco","twitter_card":"summary_large_image","twitter_misc":{"\u00c9crit par":"AdminAabadeco","Dur\u00e9e de lecture estim\u00e9e":"1 minute"},"schema":{"@context":"https:\/\/schema.org","@graph":[{"@type":"Article","@id":"https:\/\/abadecom.com\/nuevo-suministro-de-nuestras-pasarelas-de-playa\/#article","isPartOf":{"@id":"https:\/\/abadecom.com\/nuevo-suministro-de-nuestras-pasarelas-de-playa\/"},"author":{"name":"AdminAabadeco","@id":"https:\/\/abadecom.com\/#\/schema\/person\/477a7cc0ed6c040d67343c7a3fda930b"},"headline":"Suministro e instalaci\u00f3n de pasarelas de playa en Xeraco(Valencia)","datePublished":"2023-01-16T11:10:20+00:00","dateModified":"2023-01-16T13:17:27+00:00","mainEntityOfPage":{"@id":"https:\/\/abadecom.com\/nuevo-suministro-de-nuestras-pasarelas-de-playa\/"},"wordCount":119,"commentCount":0,"publisher":{"@id":"https:\/\/abadecom.com\/#organization"},"image":{"@id":"https:\/\/abadecom.com\/nuevo-suministro-de-nuestras-pasarelas-de-playa\/#primaryimage"},"thumbnailUrl":"https:\/\/abadecom.com\/wp-content\/uploads\/2023\/01\/Pasarelas-de-playa-plastico-reciclado-100_Abadecom-scaled.jpg","articleSection":["Sin categorizar"],"inLanguage":"fr-FR","potentialAction":[{"@type":"CommentAction","name":"Comment","target":["https:\/\/abadecom.com\/nuevo-suministro-de-nuestras-pasarelas-de-playa\/#respond"]}]},{"@type":"WebPage","@id":"https:\/\/abadecom.com\/nuevo-suministro-de-nuestras-pasarelas-de-playa\/","url":"https:\/\/abadecom.com\/nuevo-suministro-de-nuestras-pasarelas-de-playa\/","name":"Fourniture et installation de passerelles de plage \u00e0 Xeraco (Valence) - Abadecom","isPartOf":{"@id":"https:\/\/abadecom.com\/#website"},"primaryImageOfPage":{"@id":"https:\/\/abadecom.com\/nuevo-suministro-de-nuestras-pasarelas-de-playa\/#primaryimage"},"image":{"@id":"https:\/\/abadecom.com\/nuevo-suministro-de-nuestras-pasarelas-de-playa\/#primaryimage"},"thumbnailUrl":"https:\/\/abadecom.com\/wp-content\/uploads\/2023\/01\/Pasarelas-de-playa-plastico-reciclado-100_Abadecom-scaled.jpg","datePublished":"2023-01-16T11:10:20+00:00","dateModified":"2023-01-16T13:17:27+00:00","inLanguage":"fr-FR","potentialAction":[{"@type":"ReadAction","target":["https:\/\/abadecom.com\/nuevo-suministro-de-nuestras-pasarelas-de-playa\/"]}]},{"@type":"ImageObject","inLanguage":"fr-FR","@id":"https:\/\/abadecom.com\/nuevo-suministro-de-nuestras-pasarelas-de-playa\/#primaryimage","url":"https:\/\/abadecom.com\/wp-content\/uploads\/2023\/01\/Pasarelas-de-playa-plastico-reciclado-100_Abadecom-scaled.jpg","contentUrl":"https:\/\/abadecom.com\/wp-content\/uploads\/2023\/01\/Pasarelas-de-playa-plastico-reciclado-100_Abadecom-scaled.jpg","width":2560,"height":1440},{"@type":"WebSite","@id":"https:\/\/abadecom.com\/#website","url":"https:\/\/abadecom.com\/","name":"Abadecom","description":"Produits durables et respectueux de l'environnement","publisher":{"@id":"https:\/\/abadecom.com\/#organization"},"alternateName":"Abadecom","potentialAction":[{"@type":"SearchAction","target":{"@type":"EntryPoint","urlTemplate":"https:\/\/abadecom.com\/?s={search_term_string}"},"query-input":{"@type":"PropertyValueSpecification","valueRequired":true,"valueName":"search_term_string"}}],"inLanguage":"fr-FR"},{"@type":"Organization","@id":"https:\/\/abadecom.com\/#organization","name":"Abadecom","url":"https:\/\/abadecom.com\/","logo":{"@type":"ImageObject","inLanguage":"fr-FR","@id":"https:\/\/abadecom.com\/#\/schema\/logo\/image\/","url":"https:\/\/abadecom.com\/wp-content\/uploads\/2022\/03\/Logo-Abadecom-e1647715158799.png","contentUrl":"https:\/\/abadecom.com\/wp-content\/uploads\/2022\/03\/Logo-Abadecom-e1647715158799.png","width":200,"height":117,"caption":"Abadecom"},"image":{"@id":"https:\/\/abadecom.com\/#\/schema\/logo\/image\/"}},{"@type":"Person","@id":"https:\/\/abadecom.com\/#\/schema\/person\/477a7cc0ed6c040d67343c7a3fda930b","name":"AdminAabadeco","image":{"@type":"ImageObject","inLanguage":"fr-FR","@id":"https:\/\/secure.gravatar.com\/avatar\/2630c0cee03e7f483e5ca41ec6649375f24ca272e920f8386983684762e36487?s=96&d=mm&r=g","url":"https:\/\/secure.gravatar.com\/avatar\/2630c0cee03e7f483e5ca41ec6649375f24ca272e920f8386983684762e36487?s=96&d=mm&r=g","contentUrl":"https:\/\/secure.gravatar.com\/avatar\/2630c0cee03e7f483e5ca41ec6649375f24ca272e920f8386983684762e36487?s=96&d=mm&r=g","caption":"AdminAabadeco"},"sameAs":["https:\/\/abadecom.com"],"url":"https:\/\/abadecom.com\/fr\/author\/adminaabadeco\/"}]}},"_links":{"self":[{"href":"https:\/\/abadecom.com\/fr\/wp-json\/wp\/v2\/posts\/8115","targetHints":{"allow":["GET"]}}],"collection":[{"href":"https:\/\/abadecom.com\/fr\/wp-json\/wp\/v2\/posts"}],"about":[{"href":"https:\/\/abadecom.com\/fr\/wp-json\/wp\/v2\/types\/post"}],"author":[{"embeddable":true,"href":"https:\/\/abadecom.com\/fr\/wp-json\/wp\/v2\/users\/1"}],"replies":[{"embeddable":true,"href":"https:\/\/abadecom.com\/fr\/wp-json\/wp\/v2\/comments?post=8115"}],"version-history":[{"count":5,"href":"https:\/\/abadecom.com\/fr\/wp-json\/wp\/v2\/posts\/8115\/revisions"}],"predecessor-version":[{"id":8124,"href":"https:\/\/abadecom.com\/fr\/wp-json\/wp\/v2\/posts\/8115\/revisions\/8124"}],"wp:featuredmedia":[{"embeddable":true,"href":"https:\/\/abadecom.com\/fr\/wp-json\/wp\/v2\/media\/8118"}],"wp:attachment":[{"href":"https:\/\/abadecom.com\/fr\/wp-json\/wp\/v2\/media?parent=8115"}],"wp:term":[{"taxonomy":"category","embeddable":true,"href":"https:\/\/abadecom.com\/fr\/wp-json\/wp\/v2\/categories?post=8115"},{"taxonomy":"post_tag","embeddable":true,"href":"https:\/\/abadecom.com\/fr\/wp-json\/wp\/v2\/tags?post=8115"}],"curies":[{"name":"wp","href":"https:\/\/api.w.org\/{rel}","templated":true}]}}