{"id":7159,"date":"2022-11-29T09:57:00","date_gmt":"2022-11-29T09:57:00","guid":{"rendered":"https:\/\/abadecom.com\/?p=7159"},"modified":"2022-12-12T10:05:17","modified_gmt":"2022-12-12T10:05:17","slug":"nuevo-suministro-de-nuestros-separadores-de-carriles-bici-fotoluminiscentes","status":"publish","type":"post","link":"https:\/\/abadecom.com\/fr\/nuevo-suministro-de-nuestros-separadores-de-carriles-bici-fotoluminiscentes\/","title":{"rendered":"Nuevo suministro de nuestros separadores de carriles bici fotoluminiscentes"},"content":{"rendered":"<p class=\"wp-block-paragraph\"><\/p>\n\n\n\n<p class=\"wp-block-paragraph\">Estos separadores fotoluminiscentes se instalaran en un nuevo carril bici de aproximadamente 1 km en la bella ciudad de M\u00e1laga, ubicada en la Costa del Sol.<\/p>\n\n\n\n<p class=\"wp-block-paragraph\">Con la instalaci\u00f3n de estos separadores fotoluminiscentes se han reutilizando m\u00e1s de 2 toneladas de pl\u00e1stico reciclado, ofreciendo una segunda vida \u00fatil a estos residuos en la fabricaci\u00f3n de nuevos productos, contribuyendo as\u00ed a la reducci\u00f3n de la huella de carbono de nuestras ciudades.<\/p>\n\n\n\n<p class=\"wp-block-paragraph\">Son una gran alternativa a los productos urbanos tradicionales ya que el separador de carril bici de pl\u00e1stico reciclado:<br>\u2022 Son f\u00e1ciles de instalar<br>\u2022 Tienen una gran durabilidad y resistencia al desgaste<br>\u2022 Su mantenimiento es casi nulo<\/p>\n\n\n\n<figure class=\"wp-block-gallery has-nested-images columns-default is-cropped wp-block-gallery-2 is-layout-flex wp-block-gallery-is-layout-flex\">\n<figure class=\"wp-block-image size-full\"><img loading=\"lazy\" decoding=\"async\" width=\"315\" height=\"607\" data-id=\"7163\" src=\"https:\/\/abadecom.com\/wp-content\/uploads\/2022\/11\/Separador-de-carril-bici_Abadecom_Envio-2.jpg\" alt=\"\" class=\"wp-image-7163\" srcset=\"https:\/\/abadecom.com\/wp-content\/uploads\/2022\/11\/Separador-de-carril-bici_Abadecom_Envio-2.jpg 315w, https:\/\/abadecom.com\/wp-content\/uploads\/2022\/11\/Separador-de-carril-bici_Abadecom_Envio-2-156x300.jpg 156w\" sizes=\"auto, (max-width: 315px) 100vw, 315px\" \/><\/figure>\n<\/figure>","protected":false},"excerpt":{"rendered":"<p>Estos separadores fotoluminiscentes se instalaran en un nuevo carril bici de aproximadamente 1 km en la bella ciudad de M\u00e1laga, ubicada en la Costa del Sol. Con la instalaci\u00f3n de estos separadores fotoluminiscentes se han reutilizando m\u00e1s de 2 toneladas de pl\u00e1stico reciclado, ofreciendo una segunda vida \u00fatil a estos residuos en la fabricaci\u00f3n de [&#8230;]<\/p>\n<p><a class=\"btn btn-secondary understrap-read-more-link\" href=\"https:\/\/abadecom.com\/fr\/nuevo-suministro-de-nuestros-separadores-de-carriles-bici-fotoluminiscentes\/\">Lire la suite\u2026<span class=\"screen-reader-text\"> from Nuevo suministro de nuestros separadores de carriles bici fotoluminiscentes<\/span><\/a><\/p>\n","protected":false},"author":1,"featured_media":7160,"comment_status":"open","ping_status":"open","sticky":false,"template":"","format":"standard","meta":{"content-type":"","_monsterinsights_skip_tracking":false,"pgc_sgb_lightbox_settings":"","footnotes":""},"categories":[1],"tags":[],"class_list":["post-7159","post","type-post","status-publish","format-standard","has-post-thumbnail","hentry","category-sin-categorizar"],"yoast_head":"<!-- This site is optimized with the Yoast SEO plugin v28.4 - https:\/\/yoast.com\/product\/yoast-seo-wordpress\/ -->\n<title>Nuevo suministro de nuestros separadores de carriles bici fotoluminiscentes - Abadecom<\/title>\n<meta name=\"robots\" content=\"index, follow, max-snippet:-1, max-image-preview:large, max-video-preview:-1\" \/>\n<link rel=\"canonical\" href=\"https:\/\/abadecom.com\/fr\/nuevo-suministro-de-nuestros-separadores-de-carriles-bici-fotoluminiscentes\/\" \/>\n<meta property=\"og:locale\" content=\"fr_FR\" \/>\n<meta property=\"og:type\" content=\"article\" \/>\n<meta property=\"og:title\" content=\"Nuevo suministro de nuestros separadores de carriles bici fotoluminiscentes - Abadecom\" \/>\n<meta property=\"og:description\" content=\"Estos separadores fotoluminiscentes se instalaran en un nuevo carril bici de aproximadamente 1 km en la bella ciudad de M\u00e1laga, ubicada en la Costa del Sol. Con la instalaci\u00f3n de estos separadores fotoluminiscentes se han reutilizando m\u00e1s de 2 toneladas de pl\u00e1stico reciclado, ofreciendo una segunda vida \u00fatil a estos residuos en la fabricaci\u00f3n de [...]Lire la suite\u2026 from Nuevo suministro de nuestros separadores de carriles bici fotoluminiscentes\" \/>\n<meta property=\"og:url\" content=\"https:\/\/abadecom.com\/fr\/nuevo-suministro-de-nuestros-separadores-de-carriles-bici-fotoluminiscentes\/\" \/>\n<meta property=\"og:site_name\" content=\"Abadecom\" \/>\n<meta property=\"article:published_time\" content=\"2022-11-29T09:57:00+00:00\" \/>\n<meta property=\"article:modified_time\" content=\"2022-12-12T10:05:17+00:00\" \/>\n<meta property=\"og:image\" content=\"https:\/\/abadecom.com\/wp-content\/uploads\/2022\/11\/Separador-de-carril-bici_Abadecom_Envio-a-Malaga.jpg\" \/>\n\t<meta property=\"og:image:width\" content=\"938\" \/>\n\t<meta property=\"og:image:height\" content=\"715\" \/>\n\t<meta property=\"og:image:type\" content=\"image\/jpeg\" \/>\n<meta name=\"author\" content=\"AdminAabadeco\" \/>\n<meta name=\"twitter:card\" content=\"summary_large_image\" \/>\n<meta name=\"twitter:label1\" content=\"\u00c9crit par\" \/>\n\t<meta name=\"twitter:data1\" content=\"AdminAabadeco\" \/>\n\t<meta name=\"twitter:label2\" content=\"Dur\u00e9e de lecture estim\u00e9e\" \/>\n\t<meta name=\"twitter:data2\" content=\"1 minute\" \/>\n<script type=\"application\/ld+json\" class=\"yoast-schema-graph\">{\"@context\":\"https:\\\/\\\/schema.org\",\"@graph\":[{\"@type\":\"Article\",\"@id\":\"https:\\\/\\\/abadecom.com\\\/nuevo-suministro-de-nuestros-separadores-de-carriles-bici-fotoluminiscentes\\\/#article\",\"isPartOf\":{\"@id\":\"https:\\\/\\\/abadecom.com\\\/nuevo-suministro-de-nuestros-separadores-de-carriles-bici-fotoluminiscentes\\\/\"},\"author\":{\"name\":\"AdminAabadeco\",\"@id\":\"https:\\\/\\\/abadecom.com\\\/#\\\/schema\\\/person\\\/477a7cc0ed6c040d67343c7a3fda930b\"},\"headline\":\"Nuevo suministro de nuestros separadores de carriles bici fotoluminiscentes\",\"datePublished\":\"2022-11-29T09:57:00+00:00\",\"dateModified\":\"2022-12-12T10:05:17+00:00\",\"mainEntityOfPage\":{\"@id\":\"https:\\\/\\\/abadecom.com\\\/nuevo-suministro-de-nuestros-separadores-de-carriles-bici-fotoluminiscentes\\\/\"},\"wordCount\":121,\"commentCount\":0,\"publisher\":{\"@id\":\"https:\\\/\\\/abadecom.com\\\/#organization\"},\"image\":{\"@id\":\"https:\\\/\\\/abadecom.com\\\/nuevo-suministro-de-nuestros-separadores-de-carriles-bici-fotoluminiscentes\\\/#primaryimage\"},\"thumbnailUrl\":\"https:\\\/\\\/abadecom.com\\\/wp-content\\\/uploads\\\/2022\\\/11\\\/Separador-de-carril-bici_Abadecom_Envio-a-Malaga.jpg\",\"articleSection\":[\"Sin categorizar\"],\"inLanguage\":\"fr-FR\",\"potentialAction\":[{\"@type\":\"CommentAction\",\"name\":\"Comment\",\"target\":[\"https:\\\/\\\/abadecom.com\\\/nuevo-suministro-de-nuestros-separadores-de-carriles-bici-fotoluminiscentes\\\/#respond\"]}]},{\"@type\":\"WebPage\",\"@id\":\"https:\\\/\\\/abadecom.com\\\/nuevo-suministro-de-nuestros-separadores-de-carriles-bici-fotoluminiscentes\\\/\",\"url\":\"https:\\\/\\\/abadecom.com\\\/nuevo-suministro-de-nuestros-separadores-de-carriles-bici-fotoluminiscentes\\\/\",\"name\":\"Nuevo suministro de nuestros separadores de carriles bici fotoluminiscentes - Abadecom\",\"isPartOf\":{\"@id\":\"https:\\\/\\\/abadecom.com\\\/#website\"},\"primaryImageOfPage\":{\"@id\":\"https:\\\/\\\/abadecom.com\\\/nuevo-suministro-de-nuestros-separadores-de-carriles-bici-fotoluminiscentes\\\/#primaryimage\"},\"image\":{\"@id\":\"https:\\\/\\\/abadecom.com\\\/nuevo-suministro-de-nuestros-separadores-de-carriles-bici-fotoluminiscentes\\\/#primaryimage\"},\"thumbnailUrl\":\"https:\\\/\\\/abadecom.com\\\/wp-content\\\/uploads\\\/2022\\\/11\\\/Separador-de-carril-bici_Abadecom_Envio-a-Malaga.jpg\",\"datePublished\":\"2022-11-29T09:57:00+00:00\",\"dateModified\":\"2022-12-12T10:05:17+00:00\",\"inLanguage\":\"fr-FR\",\"potentialAction\":[{\"@type\":\"ReadAction\",\"target\":[\"https:\\\/\\\/abadecom.com\\\/nuevo-suministro-de-nuestros-separadores-de-carriles-bici-fotoluminiscentes\\\/\"]}]},{\"@type\":\"ImageObject\",\"inLanguage\":\"fr-FR\",\"@id\":\"https:\\\/\\\/abadecom.com\\\/nuevo-suministro-de-nuestros-separadores-de-carriles-bici-fotoluminiscentes\\\/#primaryimage\",\"url\":\"https:\\\/\\\/abadecom.com\\\/wp-content\\\/uploads\\\/2022\\\/11\\\/Separador-de-carril-bici_Abadecom_Envio-a-Malaga.jpg\",\"contentUrl\":\"https:\\\/\\\/abadecom.com\\\/wp-content\\\/uploads\\\/2022\\\/11\\\/Separador-de-carril-bici_Abadecom_Envio-a-Malaga.jpg\",\"width\":938,\"height\":715},{\"@type\":\"WebSite\",\"@id\":\"https:\\\/\\\/abadecom.com\\\/#website\",\"url\":\"https:\\\/\\\/abadecom.com\\\/\",\"name\":\"Abadecom\",\"description\":\"Productos sostenibles y respetuosos con el medio ambiente\",\"publisher\":{\"@id\":\"https:\\\/\\\/abadecom.com\\\/#organization\"},\"alternateName\":\"Abadecom\",\"potentialAction\":[{\"@type\":\"SearchAction\",\"target\":{\"@type\":\"EntryPoint\",\"urlTemplate\":\"https:\\\/\\\/abadecom.com\\\/?s={search_term_string}\"},\"query-input\":{\"@type\":\"PropertyValueSpecification\",\"valueRequired\":true,\"valueName\":\"search_term_string\"}}],\"inLanguage\":\"fr-FR\"},{\"@type\":\"Organization\",\"@id\":\"https:\\\/\\\/abadecom.com\\\/#organization\",\"name\":\"Abadecom\",\"url\":\"https:\\\/\\\/abadecom.com\\\/\",\"logo\":{\"@type\":\"ImageObject\",\"inLanguage\":\"fr-FR\",\"@id\":\"https:\\\/\\\/abadecom.com\\\/#\\\/schema\\\/logo\\\/image\\\/\",\"url\":\"https:\\\/\\\/abadecom.com\\\/wp-content\\\/uploads\\\/2022\\\/03\\\/Logo-Abadecom-e1647715158799.png\",\"contentUrl\":\"https:\\\/\\\/abadecom.com\\\/wp-content\\\/uploads\\\/2022\\\/03\\\/Logo-Abadecom-e1647715158799.png\",\"width\":200,\"height\":117,\"caption\":\"Abadecom\"},\"image\":{\"@id\":\"https:\\\/\\\/abadecom.com\\\/#\\\/schema\\\/logo\\\/image\\\/\"}},{\"@type\":\"Person\",\"@id\":\"https:\\\/\\\/abadecom.com\\\/#\\\/schema\\\/person\\\/477a7cc0ed6c040d67343c7a3fda930b\",\"name\":\"AdminAabadeco\",\"image\":{\"@type\":\"ImageObject\",\"inLanguage\":\"fr-FR\",\"@id\":\"https:\\\/\\\/secure.gravatar.com\\\/avatar\\\/2630c0cee03e7f483e5ca41ec6649375f24ca272e920f8386983684762e36487?s=96&d=mm&r=g\",\"url\":\"https:\\\/\\\/secure.gravatar.com\\\/avatar\\\/2630c0cee03e7f483e5ca41ec6649375f24ca272e920f8386983684762e36487?s=96&d=mm&r=g\",\"contentUrl\":\"https:\\\/\\\/secure.gravatar.com\\\/avatar\\\/2630c0cee03e7f483e5ca41ec6649375f24ca272e920f8386983684762e36487?s=96&d=mm&r=g\",\"caption\":\"AdminAabadeco\"},\"sameAs\":[\"https:\\\/\\\/abadecom.com\"],\"url\":\"https:\\\/\\\/abadecom.com\\\/fr\\\/author\\\/adminaabadeco\\\/\"}]}<\/script>\n<!-- \/ Yoast SEO plugin. -->","yoast_head_json":{"title":"Nuevo suministro de nuestros separadores de carriles bici fotoluminiscentes - Abadecom","robots":{"index":"index","follow":"follow","max-snippet":"max-snippet:-1","max-image-preview":"max-image-preview:large","max-video-preview":"max-video-preview:-1"},"canonical":"https:\/\/abadecom.com\/fr\/nuevo-suministro-de-nuestros-separadores-de-carriles-bici-fotoluminiscentes\/","og_locale":"fr_FR","og_type":"article","og_title":"Nuevo suministro de nuestros separadores de carriles bici fotoluminiscentes - Abadecom","og_description":"Estos separadores fotoluminiscentes se instalaran en un nuevo carril bici de aproximadamente 1 km en la bella ciudad de M\u00e1laga, ubicada en la Costa del Sol. Con la instalaci\u00f3n de estos separadores fotoluminiscentes se han reutilizando m\u00e1s de 2 toneladas de pl\u00e1stico reciclado, ofreciendo una segunda vida \u00fatil a estos residuos en la fabricaci\u00f3n de [...]Lire la suite\u2026 from Nuevo suministro de nuestros separadores de carriles bici fotoluminiscentes","og_url":"https:\/\/abadecom.com\/fr\/nuevo-suministro-de-nuestros-separadores-de-carriles-bici-fotoluminiscentes\/","og_site_name":"Abadecom","article_published_time":"2022-11-29T09:57:00+00:00","article_modified_time":"2022-12-12T10:05:17+00:00","og_image":[{"width":938,"height":715,"url":"https:\/\/abadecom.com\/wp-content\/uploads\/2022\/11\/Separador-de-carril-bici_Abadecom_Envio-a-Malaga.jpg","type":"image\/jpeg"}],"author":"AdminAabadeco","twitter_card":"summary_large_image","twitter_misc":{"\u00c9crit par":"AdminAabadeco","Dur\u00e9e de lecture estim\u00e9e":"1 minute"},"schema":{"@context":"https:\/\/schema.org","@graph":[{"@type":"Article","@id":"https:\/\/abadecom.com\/nuevo-suministro-de-nuestros-separadores-de-carriles-bici-fotoluminiscentes\/#article","isPartOf":{"@id":"https:\/\/abadecom.com\/nuevo-suministro-de-nuestros-separadores-de-carriles-bici-fotoluminiscentes\/"},"author":{"name":"AdminAabadeco","@id":"https:\/\/abadecom.com\/#\/schema\/person\/477a7cc0ed6c040d67343c7a3fda930b"},"headline":"Nuevo suministro de nuestros separadores de carriles bici fotoluminiscentes","datePublished":"2022-11-29T09:57:00+00:00","dateModified":"2022-12-12T10:05:17+00:00","mainEntityOfPage":{"@id":"https:\/\/abadecom.com\/nuevo-suministro-de-nuestros-separadores-de-carriles-bici-fotoluminiscentes\/"},"wordCount":121,"commentCount":0,"publisher":{"@id":"https:\/\/abadecom.com\/#organization"},"image":{"@id":"https:\/\/abadecom.com\/nuevo-suministro-de-nuestros-separadores-de-carriles-bici-fotoluminiscentes\/#primaryimage"},"thumbnailUrl":"https:\/\/abadecom.com\/wp-content\/uploads\/2022\/11\/Separador-de-carril-bici_Abadecom_Envio-a-Malaga.jpg","articleSection":["Sin categorizar"],"inLanguage":"fr-FR","potentialAction":[{"@type":"CommentAction","name":"Comment","target":["https:\/\/abadecom.com\/nuevo-suministro-de-nuestros-separadores-de-carriles-bici-fotoluminiscentes\/#respond"]}]},{"@type":"WebPage","@id":"https:\/\/abadecom.com\/nuevo-suministro-de-nuestros-separadores-de-carriles-bici-fotoluminiscentes\/","url":"https:\/\/abadecom.com\/nuevo-suministro-de-nuestros-separadores-de-carriles-bici-fotoluminiscentes\/","name":"Nuevo suministro de nuestros separadores de carriles bici fotoluminiscentes - Abadecom","isPartOf":{"@id":"https:\/\/abadecom.com\/#website"},"primaryImageOfPage":{"@id":"https:\/\/abadecom.com\/nuevo-suministro-de-nuestros-separadores-de-carriles-bici-fotoluminiscentes\/#primaryimage"},"image":{"@id":"https:\/\/abadecom.com\/nuevo-suministro-de-nuestros-separadores-de-carriles-bici-fotoluminiscentes\/#primaryimage"},"thumbnailUrl":"https:\/\/abadecom.com\/wp-content\/uploads\/2022\/11\/Separador-de-carril-bici_Abadecom_Envio-a-Malaga.jpg","datePublished":"2022-11-29T09:57:00+00:00","dateModified":"2022-12-12T10:05:17+00:00","inLanguage":"fr-FR","potentialAction":[{"@type":"ReadAction","target":["https:\/\/abadecom.com\/nuevo-suministro-de-nuestros-separadores-de-carriles-bici-fotoluminiscentes\/"]}]},{"@type":"ImageObject","inLanguage":"fr-FR","@id":"https:\/\/abadecom.com\/nuevo-suministro-de-nuestros-separadores-de-carriles-bici-fotoluminiscentes\/#primaryimage","url":"https:\/\/abadecom.com\/wp-content\/uploads\/2022\/11\/Separador-de-carril-bici_Abadecom_Envio-a-Malaga.jpg","contentUrl":"https:\/\/abadecom.com\/wp-content\/uploads\/2022\/11\/Separador-de-carril-bici_Abadecom_Envio-a-Malaga.jpg","width":938,"height":715},{"@type":"WebSite","@id":"https:\/\/abadecom.com\/#website","url":"https:\/\/abadecom.com\/","name":"Abadecom","description":"Produits durables et respectueux de l'environnement","publisher":{"@id":"https:\/\/abadecom.com\/#organization"},"alternateName":"Abadecom","potentialAction":[{"@type":"SearchAction","target":{"@type":"EntryPoint","urlTemplate":"https:\/\/abadecom.com\/?s={search_term_string}"},"query-input":{"@type":"PropertyValueSpecification","valueRequired":true,"valueName":"search_term_string"}}],"inLanguage":"fr-FR"},{"@type":"Organization","@id":"https:\/\/abadecom.com\/#organization","name":"Abadecom","url":"https:\/\/abadecom.com\/","logo":{"@type":"ImageObject","inLanguage":"fr-FR","@id":"https:\/\/abadecom.com\/#\/schema\/logo\/image\/","url":"https:\/\/abadecom.com\/wp-content\/uploads\/2022\/03\/Logo-Abadecom-e1647715158799.png","contentUrl":"https:\/\/abadecom.com\/wp-content\/uploads\/2022\/03\/Logo-Abadecom-e1647715158799.png","width":200,"height":117,"caption":"Abadecom"},"image":{"@id":"https:\/\/abadecom.com\/#\/schema\/logo\/image\/"}},{"@type":"Person","@id":"https:\/\/abadecom.com\/#\/schema\/person\/477a7cc0ed6c040d67343c7a3fda930b","name":"AdminAabadeco","image":{"@type":"ImageObject","inLanguage":"fr-FR","@id":"https:\/\/secure.gravatar.com\/avatar\/2630c0cee03e7f483e5ca41ec6649375f24ca272e920f8386983684762e36487?s=96&d=mm&r=g","url":"https:\/\/secure.gravatar.com\/avatar\/2630c0cee03e7f483e5ca41ec6649375f24ca272e920f8386983684762e36487?s=96&d=mm&r=g","contentUrl":"https:\/\/secure.gravatar.com\/avatar\/2630c0cee03e7f483e5ca41ec6649375f24ca272e920f8386983684762e36487?s=96&d=mm&r=g","caption":"AdminAabadeco"},"sameAs":["https:\/\/abadecom.com"],"url":"https:\/\/abadecom.com\/fr\/author\/adminaabadeco\/"}]}},"_links":{"self":[{"href":"https:\/\/abadecom.com\/fr\/wp-json\/wp\/v2\/posts\/7159","targetHints":{"allow":["GET"]}}],"collection":[{"href":"https:\/\/abadecom.com\/fr\/wp-json\/wp\/v2\/posts"}],"about":[{"href":"https:\/\/abadecom.com\/fr\/wp-json\/wp\/v2\/types\/post"}],"author":[{"embeddable":true,"href":"https:\/\/abadecom.com\/fr\/wp-json\/wp\/v2\/users\/1"}],"replies":[{"embeddable":true,"href":"https:\/\/abadecom.com\/fr\/wp-json\/wp\/v2\/comments?post=7159"}],"version-history":[{"count":4,"href":"https:\/\/abadecom.com\/fr\/wp-json\/wp\/v2\/posts\/7159\/revisions"}],"predecessor-version":[{"id":8003,"href":"https:\/\/abadecom.com\/fr\/wp-json\/wp\/v2\/posts\/7159\/revisions\/8003"}],"wp:featuredmedia":[{"embeddable":true,"href":"https:\/\/abadecom.com\/fr\/wp-json\/wp\/v2\/media\/7160"}],"wp:attachment":[{"href":"https:\/\/abadecom.com\/fr\/wp-json\/wp\/v2\/media?parent=7159"}],"wp:term":[{"taxonomy":"category","embeddable":true,"href":"https:\/\/abadecom.com\/fr\/wp-json\/wp\/v2\/categories?post=7159"},{"taxonomy":"post_tag","embeddable":true,"href":"https:\/\/abadecom.com\/fr\/wp-json\/wp\/v2\/tags?post=7159"}],"curies":[{"name":"wp","href":"https:\/\/api.w.org\/{rel}","templated":true}]}}