{"id":6286,"date":"2022-09-13T09:12:13","date_gmt":"2022-09-13T09:12:13","guid":{"rendered":"https:\/\/abadecom.com\/?p=6286"},"modified":"2022-09-13T09:27:57","modified_gmt":"2022-09-13T09:27:57","slug":"economia-circular-y-comercio-exterior-ejes-del-crecimiento-de-abadecom","status":"publish","type":"post","link":"https:\/\/abadecom.com\/fr\/economia-circular-y-comercio-exterior-ejes-del-crecimiento-de-abadecom\/","title":{"rendered":"Econom\u00eda circular y comercio exterior, ejes del crecimiento de Abadecom."},"content":{"rendered":"<p class=\"wp-block-paragraph\">VAL\u00c8NCIA (VP).\u00a0<a href=\"https:\/\/abadecom.com\/fr\/\" target=\"_blank\" rel=\"noreferrer noopener\">Abadecom<\/a>\u00a0ha hecho de la econom\u00eda circular su punto fuerte. Sus pasarelas de playa y mobiliario urbano realizado con pl\u00e1stico reciclado ya se pueden utilizar en muchas ciudades espa\u00f1olas como San Pedro de Pinatar (Murcia), Lugo (Galicia), Altea (Alicante) o en Tavernes de la Valldigna (Valencia). Y sus pilonas\/bolardos fijos de pl\u00e1stico reciclado con anillo reflectante han llegado hasta Costa Rica o Colombia (y en breve a otros pa\u00edses de Latinoam\u00e9rica, como Panam\u00e1, Rep\u00fablica Dominicana y Puerto Rico). \u00abSon productos 100% respetuosos con el medio ambiente, que promueven la optimizaci\u00f3n de recursos, la reducci\u00f3n del consumo de materias primas y el aprovechamiento de los residuos, d\u00e1ndoles una segunda vida \u00fatil y reduciendo de esta forma el impacto de la huella de carbono\u00bb, se\u00f1ala\u00a0<strong>Jos\u00e9 Ernesto Gamboa<\/strong>, uno de los socios de Abadecom, que pone como ejemplo las pasarelas de playa de San Pedro de Pinatar, donde han recuperado, y dado una segunda vida \u00fatil, a 94 toneladas de pl\u00e1stico en su instalaci\u00f3n. Y su cat\u00e1logo de productos realizados con pl\u00e1stico reciclado no para de crecer: viales y se\u00f1al\u00e9tica, vallado, fotoluminiscentes\u2026<\/p>\n\n\n\n<p class=\"wp-block-paragraph\">Y ahora van a dar un paso m\u00e1s en su implicaci\u00f3n con los Objetivos de Desarrollo Sostenible (ODS) con dos proyectos de I+D+i \u00abcon los que aportar nuestro granito de arena con soluciones sostenibles y ecol\u00f3gicas a los retos de los ODS\u00bb, apunta Gamboa. Por un lado, Aquanostra, una cosechadora de agua potable, capaz de absorber la humedad del ambiente y generar agua potable, con energ\u00eda 100% ecol\u00f3gica y renovable. Para ello utilizan la nanotecnol\u00f3gica que permite optimizar el espacio, aprovechar la energ\u00eda y crear agua de calidad, lista para beber. \u00abVamos a comenzar muy pronto con el prototipo, para hacer las pruebas y obtener los certificados necesarios para ponerlo en marcha, porque hay muchas zonas de nuestro planeta que necesitan de sistemas como Aquanostra\u00bb.<\/p>\n\n\n\n<p class=\"wp-block-paragraph\">El segundo proyecto de I+D+i es EcoModular, un sistema habitacional modular y sostenible, con una flexibilidad para adaptarse a cualquier clima, utilizando principalmente materiales reciclados y reciclables, preparados para las inclemencias del tiempo, donde se utilizan energ\u00edas renovables y capaz de permanecer aislado de redes el\u00e9ctricas, hidr\u00e1ulicas o sanitarias. \u00abEste sistema modular est\u00e1 dise\u00f1ado para que pueda brindar un gran n\u00famero de soluciones a diferentes tipolog\u00edas arquitect\u00f3nicas, adem\u00e1s de ser f\u00e1cil y r\u00e1pido de montar\u00bb.<\/p>\n\n\n\n<h4 class=\"wp-block-heading\"><strong>Soluciones que aporten valor<\/strong><\/h4>\n\n\n\n<p class=\"wp-block-paragraph\">La b\u00fasqueda de soluciones que aporten valor est\u00e1 en el ADN de Abadecom. \u00abAbadecom significa \u2018abastecedor del comercio\u2019, bien sea productos, maquinaria, log\u00edstica, materias primas\u2026 la necesidad que tenga un cliente en estos aspectos, nosotros nos encargamos de darle soluci\u00f3n, con el fin de obtener la plena satisfacci\u00f3n de nuestros clientes\u00bb.<\/p>\n\n\n\n<p class=\"wp-block-paragraph\">As\u00ed, lo que empez\u00f3 siendo una empresa centrada en el comercio exterior, gestionando el proceso de importaci\u00f3n y exportaci\u00f3n de productos de las pymes valencianas, dise\u00f1ando una estrategia de internacionalizaci\u00f3n y supervisando su ejecuci\u00f3n,<\/p>\n\n\n\n<p class=\"wp-block-paragraph\">es ahora una compa\u00f1\u00eda que ofrece diversas l\u00edneas de negocio. \u00abDesde un principio ten\u00edamos claro que quer\u00edamos aportar algo a nuestros clientes y para ello es necesario sentarse, escuchar sus necesidades y ver c\u00f3mo podemos colaborar, porque una pyme sola lo tiene todo m\u00e1s dif\u00edcil. Ya sea a nivel de comercio exterior, de log\u00edstica o de econom\u00eda circular. Nosotros mismos somos proveedores, pero a la vez somos clientes, porque en ocasiones no fabricamos nosotros, nosotros realizamos la investigaci\u00f3n y el dise\u00f1o de un prototipo y buscamos qui\u00e9n nos lo puede fabricar, cumpliendo con los m\u00e1s altos est\u00e1ndares de calidad\u00bb.<\/p>\n\n\n\n<p class=\"wp-block-paragraph\">Jos\u00e9 Ernesto Gamboa pone el ejemplo de sus productos de econom\u00eda circular. Las empresas con las que trabajan a veces no cuentan con la maquinaria necesaria para fabricar sus productos. Abadecom pone a su disposici\u00f3n su conocimiento del mercado internacional, hacen un estudio de mercado para ver qu\u00e9 es lo que m\u00e1s encaja en las necesidades de sus clientes, les presentan las propuestas y una vez aprobadas, se encargan de todos los tr\u00e1mites para importarlas y la posterior entrega en el almac\u00e9n del cliente.<\/p>\n\n\n\n<p class=\"wp-block-paragraph\">Abadecom, adem\u00e1s de la econom\u00eda circular, el comercio exterior y los proyectos de I+D+i, ofrece servicios de gesti\u00f3n log\u00edstica (principalmente relacionados con el comercio exterior) y tambi\u00e9n ofrece la instalaci\u00f3n y el montaje en la Comunidad Valenciana de los productos que comercializan. Adem\u00e1s, tienen previsto contar en los pr\u00f3ximos a\u00f1os con una flota de camiones para dar servicio de log\u00edstica y distribuci\u00f3n a nivel nacional.<\/p>\n\n\n\n<p class=\"wp-block-paragraph\">Esta intensa actividad no es fruto de la casualidad, sino que le viene de familia a Jos\u00e9 Ernesto Gamboa, quien hered\u00f3 de sus abuelos el car\u00e1cter emprendedor y su inquietud por poner en marcha proyectos que aportar\u00e1n valor. Con ese bagaje, este nieto de emigrantes espa\u00f1oles a Cuba, lleg\u00f3 a Espa\u00f1a y encontr\u00f3 en Pascual Baviera, su \u00e1lter ego para poner en marcha su proyecto de empresa, primero como GB Solutions, fundada en octubre del 2016 y donde volcaron su amplia experiencia en el comercio internacional, y hoy en d\u00eda como Abadecom.<\/p>\n\n\n\n<p class=\"wp-block-paragraph\">Ver publicaci\u00f3n en Valenciaplaza:<br><a href=\"https:\/\/valenciaplaza.com\/economia-circular-comercio-exterior-ejes-crecimiento-abadecom\">https:\/\/valenciaplaza.com\/economia-circular-comercio-exterior-ejes-crecimiento-abadecom<\/a><\/p>","protected":false},"excerpt":{"rendered":"<p>VAL\u00c8NCIA (VP).\u00a0Abadecom\u00a0ha hecho de la econom\u00eda circular su punto fuerte. Sus pasarelas de playa y mobiliario urbano realizado con pl\u00e1stico reciclado ya se pueden utilizar en muchas ciudades espa\u00f1olas como San Pedro de Pinatar (Murcia), Lugo (Galicia), Altea (Alicante) o en Tavernes de la Valldigna (Valencia). Y sus pilonas\/bolardos fijos de pl\u00e1stico reciclado con anillo [&#8230;]<\/p>\n<p><a class=\"btn btn-secondary understrap-read-more-link\" href=\"https:\/\/abadecom.com\/fr\/economia-circular-y-comercio-exterior-ejes-del-crecimiento-de-abadecom\/\">Lire la suite\u2026<span class=\"screen-reader-text\"> from Econom\u00eda circular y comercio exterior, ejes del crecimiento de Abadecom.<\/span><\/a><\/p>\n","protected":false},"author":1,"featured_media":6288,"comment_status":"open","ping_status":"open","sticky":false,"template":"","format":"standard","meta":{"content-type":"","_monsterinsights_skip_tracking":false,"pgc_sgb_lightbox_settings":"","footnotes":""},"categories":[88],"tags":[],"class_list":["post-6286","post","type-post","status-publish","format-standard","has-post-thumbnail","hentry","category-trabajos"],"yoast_head":"<!-- This site is optimized with the Yoast SEO plugin v28.4 - https:\/\/yoast.com\/product\/yoast-seo-wordpress\/ -->\n<title>Econom\u00eda circular y comercio exterior, ejes del crecimiento de Abadecom. - Abadecom<\/title>\n<meta name=\"robots\" content=\"index, follow, max-snippet:-1, max-image-preview:large, max-video-preview:-1\" \/>\n<link rel=\"canonical\" href=\"https:\/\/abadecom.com\/fr\/economia-circular-y-comercio-exterior-ejes-del-crecimiento-de-abadecom\/\" \/>\n<meta property=\"og:locale\" content=\"fr_FR\" \/>\n<meta property=\"og:type\" content=\"article\" \/>\n<meta property=\"og:title\" content=\"Econom\u00eda circular y comercio exterior, ejes del crecimiento de Abadecom. - Abadecom\" \/>\n<meta property=\"og:description\" content=\"VAL\u00c8NCIA (VP).\u00a0Abadecom\u00a0ha hecho de la econom\u00eda circular su punto fuerte. Sus pasarelas de playa y mobiliario urbano realizado con pl\u00e1stico reciclado ya se pueden utilizar en muchas ciudades espa\u00f1olas como San Pedro de Pinatar (Murcia), Lugo (Galicia), Altea (Alicante) o en Tavernes de la Valldigna (Valencia). Y sus pilonas\/bolardos fijos de pl\u00e1stico reciclado con anillo [...]Lire la suite\u2026 from Econom\u00eda circular y comercio exterior, ejes del crecimiento de Abadecom.\" \/>\n<meta property=\"og:url\" content=\"https:\/\/abadecom.com\/fr\/economia-circular-y-comercio-exterior-ejes-del-crecimiento-de-abadecom\/\" \/>\n<meta property=\"og:site_name\" content=\"Abadecom\" \/>\n<meta property=\"article:published_time\" content=\"2022-09-13T09:12:13+00:00\" \/>\n<meta property=\"article:modified_time\" content=\"2022-09-13T09:27:57+00:00\" \/>\n<meta property=\"og:image\" content=\"https:\/\/abadecom.com\/wp-content\/uploads\/2022\/09\/Josegamboa_Abaecom.jpg\" \/>\n\t<meta property=\"og:image:width\" content=\"768\" \/>\n\t<meta property=\"og:image:height\" content=\"458\" \/>\n\t<meta property=\"og:image:type\" content=\"image\/jpeg\" \/>\n<meta name=\"author\" content=\"AdminAabadeco\" \/>\n<meta name=\"twitter:card\" content=\"summary_large_image\" \/>\n<meta name=\"twitter:label1\" content=\"\u00c9crit par\" \/>\n\t<meta name=\"twitter:data1\" content=\"AdminAabadeco\" \/>\n\t<meta name=\"twitter:label2\" content=\"Dur\u00e9e de lecture estim\u00e9e\" \/>\n\t<meta name=\"twitter:data2\" content=\"4 minutes\" \/>\n<script type=\"application\/ld+json\" class=\"yoast-schema-graph\">{\"@context\":\"https:\\\/\\\/schema.org\",\"@graph\":[{\"@type\":\"Article\",\"@id\":\"https:\\\/\\\/abadecom.com\\\/economia-circular-y-comercio-exterior-ejes-del-crecimiento-de-abadecom\\\/#article\",\"isPartOf\":{\"@id\":\"https:\\\/\\\/abadecom.com\\\/economia-circular-y-comercio-exterior-ejes-del-crecimiento-de-abadecom\\\/\"},\"author\":{\"name\":\"AdminAabadeco\",\"@id\":\"https:\\\/\\\/abadecom.com\\\/#\\\/schema\\\/person\\\/477a7cc0ed6c040d67343c7a3fda930b\"},\"headline\":\"Econom\u00eda circular y comercio exterior, ejes del crecimiento de Abadecom.\",\"datePublished\":\"2022-09-13T09:12:13+00:00\",\"dateModified\":\"2022-09-13T09:27:57+00:00\",\"mainEntityOfPage\":{\"@id\":\"https:\\\/\\\/abadecom.com\\\/economia-circular-y-comercio-exterior-ejes-del-crecimiento-de-abadecom\\\/\"},\"wordCount\":913,\"commentCount\":0,\"publisher\":{\"@id\":\"https:\\\/\\\/abadecom.com\\\/#organization\"},\"image\":{\"@id\":\"https:\\\/\\\/abadecom.com\\\/economia-circular-y-comercio-exterior-ejes-del-crecimiento-de-abadecom\\\/#primaryimage\"},\"thumbnailUrl\":\"https:\\\/\\\/abadecom.com\\\/wp-content\\\/uploads\\\/2022\\\/09\\\/Josegamboa_Abaecom.jpg\",\"articleSection\":[\"Trabajos\"],\"inLanguage\":\"fr-FR\",\"potentialAction\":[{\"@type\":\"CommentAction\",\"name\":\"Comment\",\"target\":[\"https:\\\/\\\/abadecom.com\\\/economia-circular-y-comercio-exterior-ejes-del-crecimiento-de-abadecom\\\/#respond\"]}]},{\"@type\":\"WebPage\",\"@id\":\"https:\\\/\\\/abadecom.com\\\/economia-circular-y-comercio-exterior-ejes-del-crecimiento-de-abadecom\\\/\",\"url\":\"https:\\\/\\\/abadecom.com\\\/economia-circular-y-comercio-exterior-ejes-del-crecimiento-de-abadecom\\\/\",\"name\":\"Econom\u00eda circular y comercio exterior, ejes del crecimiento de Abadecom. - Abadecom\",\"isPartOf\":{\"@id\":\"https:\\\/\\\/abadecom.com\\\/#website\"},\"primaryImageOfPage\":{\"@id\":\"https:\\\/\\\/abadecom.com\\\/economia-circular-y-comercio-exterior-ejes-del-crecimiento-de-abadecom\\\/#primaryimage\"},\"image\":{\"@id\":\"https:\\\/\\\/abadecom.com\\\/economia-circular-y-comercio-exterior-ejes-del-crecimiento-de-abadecom\\\/#primaryimage\"},\"thumbnailUrl\":\"https:\\\/\\\/abadecom.com\\\/wp-content\\\/uploads\\\/2022\\\/09\\\/Josegamboa_Abaecom.jpg\",\"datePublished\":\"2022-09-13T09:12:13+00:00\",\"dateModified\":\"2022-09-13T09:27:57+00:00\",\"inLanguage\":\"fr-FR\",\"potentialAction\":[{\"@type\":\"ReadAction\",\"target\":[\"https:\\\/\\\/abadecom.com\\\/economia-circular-y-comercio-exterior-ejes-del-crecimiento-de-abadecom\\\/\"]}]},{\"@type\":\"ImageObject\",\"inLanguage\":\"fr-FR\",\"@id\":\"https:\\\/\\\/abadecom.com\\\/economia-circular-y-comercio-exterior-ejes-del-crecimiento-de-abadecom\\\/#primaryimage\",\"url\":\"https:\\\/\\\/abadecom.com\\\/wp-content\\\/uploads\\\/2022\\\/09\\\/Josegamboa_Abaecom.jpg\",\"contentUrl\":\"https:\\\/\\\/abadecom.com\\\/wp-content\\\/uploads\\\/2022\\\/09\\\/Josegamboa_Abaecom.jpg\",\"width\":768,\"height\":458},{\"@type\":\"WebSite\",\"@id\":\"https:\\\/\\\/abadecom.com\\\/#website\",\"url\":\"https:\\\/\\\/abadecom.com\\\/\",\"name\":\"Abadecom\",\"description\":\"Productos sostenibles y respetuosos con el medio ambiente\",\"publisher\":{\"@id\":\"https:\\\/\\\/abadecom.com\\\/#organization\"},\"alternateName\":\"Abadecom\",\"potentialAction\":[{\"@type\":\"SearchAction\",\"target\":{\"@type\":\"EntryPoint\",\"urlTemplate\":\"https:\\\/\\\/abadecom.com\\\/?s={search_term_string}\"},\"query-input\":{\"@type\":\"PropertyValueSpecification\",\"valueRequired\":true,\"valueName\":\"search_term_string\"}}],\"inLanguage\":\"fr-FR\"},{\"@type\":\"Organization\",\"@id\":\"https:\\\/\\\/abadecom.com\\\/#organization\",\"name\":\"Abadecom\",\"url\":\"https:\\\/\\\/abadecom.com\\\/\",\"logo\":{\"@type\":\"ImageObject\",\"inLanguage\":\"fr-FR\",\"@id\":\"https:\\\/\\\/abadecom.com\\\/#\\\/schema\\\/logo\\\/image\\\/\",\"url\":\"https:\\\/\\\/abadecom.com\\\/wp-content\\\/uploads\\\/2022\\\/03\\\/Logo-Abadecom-e1647715158799.png\",\"contentUrl\":\"https:\\\/\\\/abadecom.com\\\/wp-content\\\/uploads\\\/2022\\\/03\\\/Logo-Abadecom-e1647715158799.png\",\"width\":200,\"height\":117,\"caption\":\"Abadecom\"},\"image\":{\"@id\":\"https:\\\/\\\/abadecom.com\\\/#\\\/schema\\\/logo\\\/image\\\/\"}},{\"@type\":\"Person\",\"@id\":\"https:\\\/\\\/abadecom.com\\\/#\\\/schema\\\/person\\\/477a7cc0ed6c040d67343c7a3fda930b\",\"name\":\"AdminAabadeco\",\"image\":{\"@type\":\"ImageObject\",\"inLanguage\":\"fr-FR\",\"@id\":\"https:\\\/\\\/secure.gravatar.com\\\/avatar\\\/2630c0cee03e7f483e5ca41ec6649375f24ca272e920f8386983684762e36487?s=96&d=mm&r=g\",\"url\":\"https:\\\/\\\/secure.gravatar.com\\\/avatar\\\/2630c0cee03e7f483e5ca41ec6649375f24ca272e920f8386983684762e36487?s=96&d=mm&r=g\",\"contentUrl\":\"https:\\\/\\\/secure.gravatar.com\\\/avatar\\\/2630c0cee03e7f483e5ca41ec6649375f24ca272e920f8386983684762e36487?s=96&d=mm&r=g\",\"caption\":\"AdminAabadeco\"},\"sameAs\":[\"https:\\\/\\\/abadecom.com\"],\"url\":\"https:\\\/\\\/abadecom.com\\\/fr\\\/author\\\/adminaabadeco\\\/\"}]}<\/script>\n<!-- \/ Yoast SEO plugin. -->","yoast_head_json":{"title":"Econom\u00eda circular y comercio exterior, ejes del crecimiento de Abadecom. - Abadecom","robots":{"index":"index","follow":"follow","max-snippet":"max-snippet:-1","max-image-preview":"max-image-preview:large","max-video-preview":"max-video-preview:-1"},"canonical":"https:\/\/abadecom.com\/fr\/economia-circular-y-comercio-exterior-ejes-del-crecimiento-de-abadecom\/","og_locale":"fr_FR","og_type":"article","og_title":"Econom\u00eda circular y comercio exterior, ejes del crecimiento de Abadecom. - Abadecom","og_description":"VAL\u00c8NCIA (VP).\u00a0Abadecom\u00a0ha hecho de la econom\u00eda circular su punto fuerte. Sus pasarelas de playa y mobiliario urbano realizado con pl\u00e1stico reciclado ya se pueden utilizar en muchas ciudades espa\u00f1olas como San Pedro de Pinatar (Murcia), Lugo (Galicia), Altea (Alicante) o en Tavernes de la Valldigna (Valencia). Y sus pilonas\/bolardos fijos de pl\u00e1stico reciclado con anillo [...]Lire la suite\u2026 from Econom\u00eda circular y comercio exterior, ejes del crecimiento de Abadecom.","og_url":"https:\/\/abadecom.com\/fr\/economia-circular-y-comercio-exterior-ejes-del-crecimiento-de-abadecom\/","og_site_name":"Abadecom","article_published_time":"2022-09-13T09:12:13+00:00","article_modified_time":"2022-09-13T09:27:57+00:00","og_image":[{"width":768,"height":458,"url":"https:\/\/abadecom.com\/wp-content\/uploads\/2022\/09\/Josegamboa_Abaecom.jpg","type":"image\/jpeg"}],"author":"AdminAabadeco","twitter_card":"summary_large_image","twitter_misc":{"\u00c9crit par":"AdminAabadeco","Dur\u00e9e de lecture estim\u00e9e":"4 minutes"},"schema":{"@context":"https:\/\/schema.org","@graph":[{"@type":"Article","@id":"https:\/\/abadecom.com\/economia-circular-y-comercio-exterior-ejes-del-crecimiento-de-abadecom\/#article","isPartOf":{"@id":"https:\/\/abadecom.com\/economia-circular-y-comercio-exterior-ejes-del-crecimiento-de-abadecom\/"},"author":{"name":"AdminAabadeco","@id":"https:\/\/abadecom.com\/#\/schema\/person\/477a7cc0ed6c040d67343c7a3fda930b"},"headline":"Econom\u00eda circular y comercio exterior, ejes del crecimiento de Abadecom.","datePublished":"2022-09-13T09:12:13+00:00","dateModified":"2022-09-13T09:27:57+00:00","mainEntityOfPage":{"@id":"https:\/\/abadecom.com\/economia-circular-y-comercio-exterior-ejes-del-crecimiento-de-abadecom\/"},"wordCount":913,"commentCount":0,"publisher":{"@id":"https:\/\/abadecom.com\/#organization"},"image":{"@id":"https:\/\/abadecom.com\/economia-circular-y-comercio-exterior-ejes-del-crecimiento-de-abadecom\/#primaryimage"},"thumbnailUrl":"https:\/\/abadecom.com\/wp-content\/uploads\/2022\/09\/Josegamboa_Abaecom.jpg","articleSection":["Trabajos"],"inLanguage":"fr-FR","potentialAction":[{"@type":"CommentAction","name":"Comment","target":["https:\/\/abadecom.com\/economia-circular-y-comercio-exterior-ejes-del-crecimiento-de-abadecom\/#respond"]}]},{"@type":"WebPage","@id":"https:\/\/abadecom.com\/economia-circular-y-comercio-exterior-ejes-del-crecimiento-de-abadecom\/","url":"https:\/\/abadecom.com\/economia-circular-y-comercio-exterior-ejes-del-crecimiento-de-abadecom\/","name":"Econom\u00eda circular y comercio exterior, ejes del crecimiento de Abadecom. - Abadecom","isPartOf":{"@id":"https:\/\/abadecom.com\/#website"},"primaryImageOfPage":{"@id":"https:\/\/abadecom.com\/economia-circular-y-comercio-exterior-ejes-del-crecimiento-de-abadecom\/#primaryimage"},"image":{"@id":"https:\/\/abadecom.com\/economia-circular-y-comercio-exterior-ejes-del-crecimiento-de-abadecom\/#primaryimage"},"thumbnailUrl":"https:\/\/abadecom.com\/wp-content\/uploads\/2022\/09\/Josegamboa_Abaecom.jpg","datePublished":"2022-09-13T09:12:13+00:00","dateModified":"2022-09-13T09:27:57+00:00","inLanguage":"fr-FR","potentialAction":[{"@type":"ReadAction","target":["https:\/\/abadecom.com\/economia-circular-y-comercio-exterior-ejes-del-crecimiento-de-abadecom\/"]}]},{"@type":"ImageObject","inLanguage":"fr-FR","@id":"https:\/\/abadecom.com\/economia-circular-y-comercio-exterior-ejes-del-crecimiento-de-abadecom\/#primaryimage","url":"https:\/\/abadecom.com\/wp-content\/uploads\/2022\/09\/Josegamboa_Abaecom.jpg","contentUrl":"https:\/\/abadecom.com\/wp-content\/uploads\/2022\/09\/Josegamboa_Abaecom.jpg","width":768,"height":458},{"@type":"WebSite","@id":"https:\/\/abadecom.com\/#website","url":"https:\/\/abadecom.com\/","name":"Abadecom","description":"Produits durables et respectueux de l'environnement","publisher":{"@id":"https:\/\/abadecom.com\/#organization"},"alternateName":"Abadecom","potentialAction":[{"@type":"SearchAction","target":{"@type":"EntryPoint","urlTemplate":"https:\/\/abadecom.com\/?s={search_term_string}"},"query-input":{"@type":"PropertyValueSpecification","valueRequired":true,"valueName":"search_term_string"}}],"inLanguage":"fr-FR"},{"@type":"Organization","@id":"https:\/\/abadecom.com\/#organization","name":"Abadecom","url":"https:\/\/abadecom.com\/","logo":{"@type":"ImageObject","inLanguage":"fr-FR","@id":"https:\/\/abadecom.com\/#\/schema\/logo\/image\/","url":"https:\/\/abadecom.com\/wp-content\/uploads\/2022\/03\/Logo-Abadecom-e1647715158799.png","contentUrl":"https:\/\/abadecom.com\/wp-content\/uploads\/2022\/03\/Logo-Abadecom-e1647715158799.png","width":200,"height":117,"caption":"Abadecom"},"image":{"@id":"https:\/\/abadecom.com\/#\/schema\/logo\/image\/"}},{"@type":"Person","@id":"https:\/\/abadecom.com\/#\/schema\/person\/477a7cc0ed6c040d67343c7a3fda930b","name":"AdminAabadeco","image":{"@type":"ImageObject","inLanguage":"fr-FR","@id":"https:\/\/secure.gravatar.com\/avatar\/2630c0cee03e7f483e5ca41ec6649375f24ca272e920f8386983684762e36487?s=96&d=mm&r=g","url":"https:\/\/secure.gravatar.com\/avatar\/2630c0cee03e7f483e5ca41ec6649375f24ca272e920f8386983684762e36487?s=96&d=mm&r=g","contentUrl":"https:\/\/secure.gravatar.com\/avatar\/2630c0cee03e7f483e5ca41ec6649375f24ca272e920f8386983684762e36487?s=96&d=mm&r=g","caption":"AdminAabadeco"},"sameAs":["https:\/\/abadecom.com"],"url":"https:\/\/abadecom.com\/fr\/author\/adminaabadeco\/"}]}},"_links":{"self":[{"href":"https:\/\/abadecom.com\/fr\/wp-json\/wp\/v2\/posts\/6286","targetHints":{"allow":["GET"]}}],"collection":[{"href":"https:\/\/abadecom.com\/fr\/wp-json\/wp\/v2\/posts"}],"about":[{"href":"https:\/\/abadecom.com\/fr\/wp-json\/wp\/v2\/types\/post"}],"author":[{"embeddable":true,"href":"https:\/\/abadecom.com\/fr\/wp-json\/wp\/v2\/users\/1"}],"replies":[{"embeddable":true,"href":"https:\/\/abadecom.com\/fr\/wp-json\/wp\/v2\/comments?post=6286"}],"version-history":[{"count":5,"href":"https:\/\/abadecom.com\/fr\/wp-json\/wp\/v2\/posts\/6286\/revisions"}],"predecessor-version":[{"id":6298,"href":"https:\/\/abadecom.com\/fr\/wp-json\/wp\/v2\/posts\/6286\/revisions\/6298"}],"wp:featuredmedia":[{"embeddable":true,"href":"https:\/\/abadecom.com\/fr\/wp-json\/wp\/v2\/media\/6288"}],"wp:attachment":[{"href":"https:\/\/abadecom.com\/fr\/wp-json\/wp\/v2\/media?parent=6286"}],"wp:term":[{"taxonomy":"category","embeddable":true,"href":"https:\/\/abadecom.com\/fr\/wp-json\/wp\/v2\/categories?post=6286"},{"taxonomy":"post_tag","embeddable":true,"href":"https:\/\/abadecom.com\/fr\/wp-json\/wp\/v2\/tags?post=6286"}],"curies":[{"name":"wp","href":"https:\/\/api.w.org\/{rel}","templated":true}]}}