{"id":1927,"date":"2021-11-03T10:50:55","date_gmt":"2021-11-03T10:50:55","guid":{"rendered":"https:\/\/gbsolutions.es\/?p=1927"},"modified":"2025-06-24T14:02:37","modified_gmt":"2025-06-24T14:02:37","slug":"cloture-rustique","status":"publish","type":"post","link":"https:\/\/abadecom.com\/fr\/vallado-rustico\/","title":{"rendered":"Seconde vie pour le plastique : une nouvelle cl\u00f4ture rustique durable install\u00e9e"},"content":{"rendered":"<p class=\"wp-block-paragraph\">Chez <a href=\"https:\/\/abadecom.com\/fr\/\">Abadecom<\/a> Nous continuons \u00e0 miser sur des solutions durables qui am\u00e9liorent nos villes. R\u00e9cemment, nous avons install\u00e9 66 m\u00e8tres de cl\u00f4ture rustique fabriqu\u00e9e \u00e0 partir de plastique 100% recycl\u00e9 et 100% recyclable, r\u00e9affirmant ainsi notre engagement en faveur de l&#x27;\u00e9conomie circulaire.<\/p>\n\n\n\n<p class=\"wp-block-paragraph\">Ce type de cl\u00f4ture offre non seulement une seconde vie \u00e0 des mati\u00e8res plastiques d\u00e9j\u00e0 utilis\u00e9es, mais il apporte \u00e9galement de multiples avantages fonctionnels et esth\u00e9tiques :<\/p>\n\n\n\n<ul class=\"wp-block-list\">\n<li><strong>Haute r\u00e9sistance et durabilit\u00e9<\/strong>, m\u00eame dans des conditions climatiques exigeantes.<\/li>\n\n\n\n<li><strong>Entretien minimal<\/strong>, ce qui r\u00e9duit les co\u00fbts \u00e0 long terme.<\/li>\n\n\n\n<li><strong>Facile \u00e0 manipuler et \u00e0 installer<\/strong>, id\u00e9al pour les projets urbains ou ruraux.<\/li>\n\n\n\n<li><strong>Esth\u00e9tique rustique et naturelle<\/strong>, qui s'int\u00e8gre parfaitement dans les environnements publics et priv\u00e9s.<\/li>\n<\/ul>\n\n\n\n<p class=\"wp-block-paragraph\">Gr\u00e2ce \u00e0 des actions comme celle-ci, chez Abadecom, nous contribuons \u00e0 construire des infrastructures plus respectueuses de l'environnement, sans renoncer ni \u00e0 la qualit\u00e9 ni \u00e0 la s\u00e9curit\u00e9.<\/p>\n\n\n\n<p class=\"wp-block-paragraph\"><\/p>\n\n\n<div class=\"wp-block-image is-style-default\">\n<figure class=\"aligncenter size-large\"><img decoding=\"async\" src=\"https:\/\/abadecom.com\/wp-content\/uploads\/2021\/11\/vallado-rustico-2-766x1024.jpg\" alt=\"\"\/><\/figure>\n<\/div>\n\n<div class=\"wp-block-image is-style-default\">\n<figure class=\"alignright size-large\"><img decoding=\"async\" src=\"https:\/\/abadecom.com\/wp-content\/uploads\/2021\/11\/vallado-rustico-3-1024x766.jpg\" alt=\"\"\/><\/figure>\n<\/div>\n\n\n<p class=\"wp-block-paragraph\"><\/p>\n\n\n\n<figure class=\"wp-block-image size-large is-style-default\"><img decoding=\"async\" src=\"https:\/\/abadecom.com\/wp-content\/uploads\/2021\/11\/Vallado-rustico-1024x766.jpg\" alt=\"\"\/><\/figure>\n\n\n\n<p class=\"wp-block-paragraph\">Suivez-nous sur <a href=\"https:\/\/www.linkedin.com\/company\/13019454\/admin\/dashboard\/\">LinkedIn<\/a><\/p>\n\n\n\n<p class=\"wp-block-paragraph\"><\/p>","protected":false},"excerpt":{"rendered":"<p>En Abadecom seguimos apostando por soluciones sostenibles que mejoran nuestras ciudades. Recientemente, hemos instalado 66 metros de vallado r\u00fastico fabricado con pl\u00e1stico 100% reciclado y 100% reciclable, reafirmando nuestro compromiso con la econom\u00eda circular. Este tipo de vallado no solo da una segunda vida \u00fatil a materiales pl\u00e1sticos ya utilizados, sino que tambi\u00e9n aporta m\u00faltiples [&#8230;]<\/p>\n<p><a class=\"btn btn-secondary understrap-read-more-link\" href=\"https:\/\/abadecom.com\/fr\/vallado-rustico\/\">Lire la suite\u2026<span class=\"screen-reader-text\"> from Segunda vida para el pl\u00e1stico: nuevo vallado r\u00fastico sostenible instalado<\/span><\/a><\/p>\n","protected":false},"author":1,"featured_media":3056,"comment_status":"closed","ping_status":"closed","sticky":false,"template":"","format":"standard","meta":{"content-type":"","_monsterinsights_skip_tracking":false,"pgc_sgb_lightbox_settings":"","footnotes":""},"categories":[88],"tags":[],"class_list":["post-1927","post","type-post","status-publish","format-standard","has-post-thumbnail","hentry","category-trabajos"],"yoast_head":"<!-- This site is optimized with the Yoast SEO plugin v28.4 - https:\/\/yoast.com\/product\/yoast-seo-wordpress\/ -->\n<title>Segunda vida para el pl\u00e1stico: nuevo vallado r\u00fastico sostenible instalado - Abadecom<\/title>\n<meta name=\"description\" content=\"En Abadecom seguimos apostando por soluciones sostenibles que mejoran nuestras ciudades. 66 metros de vallado\" \/>\n<meta name=\"robots\" content=\"index, follow, max-snippet:-1, max-image-preview:large, max-video-preview:-1\" \/>\n<link rel=\"canonical\" href=\"https:\/\/abadecom.com\/fr\/cloture-rustique\/\" \/>\n<meta property=\"og:locale\" content=\"fr_FR\" \/>\n<meta property=\"og:type\" content=\"article\" \/>\n<meta property=\"og:title\" content=\"Segunda vida para el pl\u00e1stico: nuevo vallado r\u00fastico sostenible instalado - Abadecom\" \/>\n<meta property=\"og:description\" content=\"En Abadecom seguimos apostando por soluciones sostenibles que mejoran nuestras ciudades. 66 metros de vallado\" \/>\n<meta property=\"og:url\" content=\"https:\/\/abadecom.com\/fr\/cloture-rustique\/\" \/>\n<meta property=\"og:site_name\" content=\"Abadecom\" \/>\n<meta property=\"article:published_time\" content=\"2021-11-03T10:50:55+00:00\" \/>\n<meta property=\"article:modified_time\" content=\"2025-06-24T14:02:37+00:00\" \/>\n<meta property=\"og:image\" content=\"https:\/\/abadecom.com\/wp-content\/uploads\/2021\/11\/Vallado-rustico.jpg\" \/>\n\t<meta property=\"og:image:width\" content=\"1711\" \/>\n\t<meta property=\"og:image:height\" content=\"1280\" \/>\n\t<meta property=\"og:image:type\" content=\"image\/jpeg\" \/>\n<meta name=\"author\" content=\"AdminAabadeco\" \/>\n<meta name=\"twitter:card\" content=\"summary_large_image\" \/>\n<meta name=\"twitter:label1\" content=\"\u00c9crit par\" \/>\n\t<meta name=\"twitter:data1\" content=\"AdminAabadeco\" \/>\n\t<meta name=\"twitter:label2\" content=\"Dur\u00e9e de lecture estim\u00e9e\" \/>\n\t<meta name=\"twitter:data2\" content=\"2 minutes\" \/>\n<script type=\"application\/ld+json\" class=\"yoast-schema-graph\">{\"@context\":\"https:\\\/\\\/schema.org\",\"@graph\":[{\"@type\":\"Article\",\"@id\":\"https:\\\/\\\/abadecom.com\\\/vallado-rustico\\\/#article\",\"isPartOf\":{\"@id\":\"https:\\\/\\\/abadecom.com\\\/vallado-rustico\\\/\"},\"author\":{\"name\":\"AdminAabadeco\",\"@id\":\"https:\\\/\\\/abadecom.com\\\/#\\\/schema\\\/person\\\/477a7cc0ed6c040d67343c7a3fda930b\"},\"headline\":\"Segunda vida para el pl\u00e1stico: nuevo vallado r\u00fastico sostenible instalado\",\"datePublished\":\"2021-11-03T10:50:55+00:00\",\"dateModified\":\"2025-06-24T14:02:37+00:00\",\"mainEntityOfPage\":{\"@id\":\"https:\\\/\\\/abadecom.com\\\/vallado-rustico\\\/\"},\"wordCount\":154,\"publisher\":{\"@id\":\"https:\\\/\\\/abadecom.com\\\/#organization\"},\"image\":{\"@id\":\"https:\\\/\\\/abadecom.com\\\/vallado-rustico\\\/#primaryimage\"},\"thumbnailUrl\":\"https:\\\/\\\/abadecom.com\\\/wp-content\\\/uploads\\\/2021\\\/11\\\/Vallado-rustico.jpg\",\"articleSection\":[\"Trabajos\"],\"inLanguage\":\"fr-FR\"},{\"@type\":\"WebPage\",\"@id\":\"https:\\\/\\\/abadecom.com\\\/vallado-rustico\\\/\",\"url\":\"https:\\\/\\\/abadecom.com\\\/vallado-rustico\\\/\",\"name\":\"Segunda vida para el pl\u00e1stico: nuevo vallado r\u00fastico sostenible instalado - Abadecom\",\"isPartOf\":{\"@id\":\"https:\\\/\\\/abadecom.com\\\/#website\"},\"primaryImageOfPage\":{\"@id\":\"https:\\\/\\\/abadecom.com\\\/vallado-rustico\\\/#primaryimage\"},\"image\":{\"@id\":\"https:\\\/\\\/abadecom.com\\\/vallado-rustico\\\/#primaryimage\"},\"thumbnailUrl\":\"https:\\\/\\\/abadecom.com\\\/wp-content\\\/uploads\\\/2021\\\/11\\\/Vallado-rustico.jpg\",\"datePublished\":\"2021-11-03T10:50:55+00:00\",\"dateModified\":\"2025-06-24T14:02:37+00:00\",\"description\":\"En Abadecom seguimos apostando por soluciones sostenibles que mejoran nuestras ciudades. 66 metros de vallado\",\"inLanguage\":\"fr-FR\",\"potentialAction\":[{\"@type\":\"ReadAction\",\"target\":[\"https:\\\/\\\/abadecom.com\\\/vallado-rustico\\\/\"]}]},{\"@type\":\"ImageObject\",\"inLanguage\":\"fr-FR\",\"@id\":\"https:\\\/\\\/abadecom.com\\\/vallado-rustico\\\/#primaryimage\",\"url\":\"https:\\\/\\\/abadecom.com\\\/wp-content\\\/uploads\\\/2021\\\/11\\\/Vallado-rustico.jpg\",\"contentUrl\":\"https:\\\/\\\/abadecom.com\\\/wp-content\\\/uploads\\\/2021\\\/11\\\/Vallado-rustico.jpg\",\"width\":1711,\"height\":1280},{\"@type\":\"WebSite\",\"@id\":\"https:\\\/\\\/abadecom.com\\\/#website\",\"url\":\"https:\\\/\\\/abadecom.com\\\/\",\"name\":\"Abadecom\",\"description\":\"Productos sostenibles y respetuosos con el medio ambiente\",\"publisher\":{\"@id\":\"https:\\\/\\\/abadecom.com\\\/#organization\"},\"alternateName\":\"Abadecom\",\"potentialAction\":[{\"@type\":\"SearchAction\",\"target\":{\"@type\":\"EntryPoint\",\"urlTemplate\":\"https:\\\/\\\/abadecom.com\\\/?s={search_term_string}\"},\"query-input\":{\"@type\":\"PropertyValueSpecification\",\"valueRequired\":true,\"valueName\":\"search_term_string\"}}],\"inLanguage\":\"fr-FR\"},{\"@type\":\"Organization\",\"@id\":\"https:\\\/\\\/abadecom.com\\\/#organization\",\"name\":\"Abadecom\",\"url\":\"https:\\\/\\\/abadecom.com\\\/\",\"logo\":{\"@type\":\"ImageObject\",\"inLanguage\":\"fr-FR\",\"@id\":\"https:\\\/\\\/abadecom.com\\\/#\\\/schema\\\/logo\\\/image\\\/\",\"url\":\"https:\\\/\\\/abadecom.com\\\/wp-content\\\/uploads\\\/2022\\\/03\\\/Logo-Abadecom-e1647715158799.png\",\"contentUrl\":\"https:\\\/\\\/abadecom.com\\\/wp-content\\\/uploads\\\/2022\\\/03\\\/Logo-Abadecom-e1647715158799.png\",\"width\":200,\"height\":117,\"caption\":\"Abadecom\"},\"image\":{\"@id\":\"https:\\\/\\\/abadecom.com\\\/#\\\/schema\\\/logo\\\/image\\\/\"}},{\"@type\":\"Person\",\"@id\":\"https:\\\/\\\/abadecom.com\\\/#\\\/schema\\\/person\\\/477a7cc0ed6c040d67343c7a3fda930b\",\"name\":\"AdminAabadeco\",\"image\":{\"@type\":\"ImageObject\",\"inLanguage\":\"fr-FR\",\"@id\":\"https:\\\/\\\/secure.gravatar.com\\\/avatar\\\/2630c0cee03e7f483e5ca41ec6649375f24ca272e920f8386983684762e36487?s=96&d=mm&r=g\",\"url\":\"https:\\\/\\\/secure.gravatar.com\\\/avatar\\\/2630c0cee03e7f483e5ca41ec6649375f24ca272e920f8386983684762e36487?s=96&d=mm&r=g\",\"contentUrl\":\"https:\\\/\\\/secure.gravatar.com\\\/avatar\\\/2630c0cee03e7f483e5ca41ec6649375f24ca272e920f8386983684762e36487?s=96&d=mm&r=g\",\"caption\":\"AdminAabadeco\"},\"sameAs\":[\"https:\\\/\\\/abadecom.com\"],\"url\":\"https:\\\/\\\/abadecom.com\\\/fr\\\/author\\\/adminaabadeco\\\/\"}]}<\/script>\n<!-- \/ Yoast SEO plugin. -->","yoast_head_json":{"title":"Seconde vie pour le plastique : une nouvelle cl\u00f4ture rustique durable install\u00e9e - Abadecom","description":"Chez Abadecom, nous continuons \u00e0 miser sur des solutions durables qui am\u00e9liorent nos villes. 66 m\u00e8tres de cl\u00f4ture","robots":{"index":"index","follow":"follow","max-snippet":"max-snippet:-1","max-image-preview":"max-image-preview:large","max-video-preview":"max-video-preview:-1"},"canonical":"https:\/\/abadecom.com\/fr\/cloture-rustique\/","og_locale":"fr_FR","og_type":"article","og_title":"Segunda vida para el pl\u00e1stico: nuevo vallado r\u00fastico sostenible instalado - Abadecom","og_description":"En Abadecom seguimos apostando por soluciones sostenibles que mejoran nuestras ciudades. 66 metros de vallado","og_url":"https:\/\/abadecom.com\/fr\/cloture-rustique\/","og_site_name":"Abadecom","article_published_time":"2021-11-03T10:50:55+00:00","article_modified_time":"2025-06-24T14:02:37+00:00","og_image":[{"width":1711,"height":1280,"url":"https:\/\/abadecom.com\/wp-content\/uploads\/2021\/11\/Vallado-rustico.jpg","type":"image\/jpeg"}],"author":"AdminAabadeco","twitter_card":"summary_large_image","twitter_misc":{"\u00c9crit par":"AdminAabadeco","Dur\u00e9e de lecture estim\u00e9e":"2 minutes"},"schema":{"@context":"https:\/\/schema.org","@graph":[{"@type":"Article","@id":"https:\/\/abadecom.com\/vallado-rustico\/#article","isPartOf":{"@id":"https:\/\/abadecom.com\/vallado-rustico\/"},"author":{"name":"AdminAabadeco","@id":"https:\/\/abadecom.com\/#\/schema\/person\/477a7cc0ed6c040d67343c7a3fda930b"},"headline":"Segunda vida para el pl\u00e1stico: nuevo vallado r\u00fastico sostenible instalado","datePublished":"2021-11-03T10:50:55+00:00","dateModified":"2025-06-24T14:02:37+00:00","mainEntityOfPage":{"@id":"https:\/\/abadecom.com\/vallado-rustico\/"},"wordCount":154,"publisher":{"@id":"https:\/\/abadecom.com\/#organization"},"image":{"@id":"https:\/\/abadecom.com\/vallado-rustico\/#primaryimage"},"thumbnailUrl":"https:\/\/abadecom.com\/wp-content\/uploads\/2021\/11\/Vallado-rustico.jpg","articleSection":["Trabajos"],"inLanguage":"fr-FR"},{"@type":"WebPage","@id":"https:\/\/abadecom.com\/vallado-rustico\/","url":"https:\/\/abadecom.com\/vallado-rustico\/","name":"Seconde vie pour le plastique : une nouvelle cl\u00f4ture rustique durable install\u00e9e - Abadecom","isPartOf":{"@id":"https:\/\/abadecom.com\/#website"},"primaryImageOfPage":{"@id":"https:\/\/abadecom.com\/vallado-rustico\/#primaryimage"},"image":{"@id":"https:\/\/abadecom.com\/vallado-rustico\/#primaryimage"},"thumbnailUrl":"https:\/\/abadecom.com\/wp-content\/uploads\/2021\/11\/Vallado-rustico.jpg","datePublished":"2021-11-03T10:50:55+00:00","dateModified":"2025-06-24T14:02:37+00:00","description":"Chez Abadecom, nous continuons \u00e0 miser sur des solutions durables qui am\u00e9liorent nos villes. 66 m\u00e8tres de cl\u00f4ture","inLanguage":"fr-FR","potentialAction":[{"@type":"ReadAction","target":["https:\/\/abadecom.com\/vallado-rustico\/"]}]},{"@type":"ImageObject","inLanguage":"fr-FR","@id":"https:\/\/abadecom.com\/vallado-rustico\/#primaryimage","url":"https:\/\/abadecom.com\/wp-content\/uploads\/2021\/11\/Vallado-rustico.jpg","contentUrl":"https:\/\/abadecom.com\/wp-content\/uploads\/2021\/11\/Vallado-rustico.jpg","width":1711,"height":1280},{"@type":"WebSite","@id":"https:\/\/abadecom.com\/#website","url":"https:\/\/abadecom.com\/","name":"Abadecom","description":"Produits durables et respectueux de l'environnement","publisher":{"@id":"https:\/\/abadecom.com\/#organization"},"alternateName":"Abadecom","potentialAction":[{"@type":"SearchAction","target":{"@type":"EntryPoint","urlTemplate":"https:\/\/abadecom.com\/?s={search_term_string}"},"query-input":{"@type":"PropertyValueSpecification","valueRequired":true,"valueName":"search_term_string"}}],"inLanguage":"fr-FR"},{"@type":"Organization","@id":"https:\/\/abadecom.com\/#organization","name":"Abadecom","url":"https:\/\/abadecom.com\/","logo":{"@type":"ImageObject","inLanguage":"fr-FR","@id":"https:\/\/abadecom.com\/#\/schema\/logo\/image\/","url":"https:\/\/abadecom.com\/wp-content\/uploads\/2022\/03\/Logo-Abadecom-e1647715158799.png","contentUrl":"https:\/\/abadecom.com\/wp-content\/uploads\/2022\/03\/Logo-Abadecom-e1647715158799.png","width":200,"height":117,"caption":"Abadecom"},"image":{"@id":"https:\/\/abadecom.com\/#\/schema\/logo\/image\/"}},{"@type":"Person","@id":"https:\/\/abadecom.com\/#\/schema\/person\/477a7cc0ed6c040d67343c7a3fda930b","name":"AdminAabadeco","image":{"@type":"ImageObject","inLanguage":"fr-FR","@id":"https:\/\/secure.gravatar.com\/avatar\/2630c0cee03e7f483e5ca41ec6649375f24ca272e920f8386983684762e36487?s=96&d=mm&r=g","url":"https:\/\/secure.gravatar.com\/avatar\/2630c0cee03e7f483e5ca41ec6649375f24ca272e920f8386983684762e36487?s=96&d=mm&r=g","contentUrl":"https:\/\/secure.gravatar.com\/avatar\/2630c0cee03e7f483e5ca41ec6649375f24ca272e920f8386983684762e36487?s=96&d=mm&r=g","caption":"AdminAabadeco"},"sameAs":["https:\/\/abadecom.com"],"url":"https:\/\/abadecom.com\/fr\/author\/adminaabadeco\/"}]}},"_links":{"self":[{"href":"https:\/\/abadecom.com\/fr\/wp-json\/wp\/v2\/posts\/1927","targetHints":{"allow":["GET"]}}],"collection":[{"href":"https:\/\/abadecom.com\/fr\/wp-json\/wp\/v2\/posts"}],"about":[{"href":"https:\/\/abadecom.com\/fr\/wp-json\/wp\/v2\/types\/post"}],"author":[{"embeddable":true,"href":"https:\/\/abadecom.com\/fr\/wp-json\/wp\/v2\/users\/1"}],"replies":[{"embeddable":true,"href":"https:\/\/abadecom.com\/fr\/wp-json\/wp\/v2\/comments?post=1927"}],"version-history":[{"count":4,"href":"https:\/\/abadecom.com\/fr\/wp-json\/wp\/v2\/posts\/1927\/revisions"}],"predecessor-version":[{"id":9867,"href":"https:\/\/abadecom.com\/fr\/wp-json\/wp\/v2\/posts\/1927\/revisions\/9867"}],"wp:featuredmedia":[{"embeddable":true,"href":"https:\/\/abadecom.com\/fr\/wp-json\/wp\/v2\/media\/3056"}],"wp:attachment":[{"href":"https:\/\/abadecom.com\/fr\/wp-json\/wp\/v2\/media?parent=1927"}],"wp:term":[{"taxonomy":"category","embeddable":true,"href":"https:\/\/abadecom.com\/fr\/wp-json\/wp\/v2\/categories?post=1927"},{"taxonomy":"post_tag","embeddable":true,"href":"https:\/\/abadecom.com\/fr\/wp-json\/wp\/v2\/tags?post=1927"}],"curies":[{"name":"wp","href":"https:\/\/api.w.org\/{rel}","templated":true}]}}