{"id":1885,"date":"2021-06-10T18:02:40","date_gmt":"2021-06-10T18:02:40","guid":{"rendered":"https:\/\/gbsolutions.es\/?p=1885"},"modified":"2022-06-20T07:37:52","modified_gmt":"2022-06-20T07:37:52","slug":"fondos-feder","status":"publish","type":"post","link":"https:\/\/abadecom.com\/fr\/fondos-feder\/","title":{"rendered":"Fondos FEDER"},"content":{"rendered":"<p class=\"wp-block-paragraph\"><em>GAMBOA &amp; BAVIERA SOLUTIONS, S.L.&nbsp; ha completado con \u00e9xito la tutor\u00eda \u201cINICIACI\u00d3N A LA INTERNACIONALIZACI\u00d3N DE GAMBOA &amp; BAVIERA SOLUTIONS S.L.\u00bb dentro del programa Cheque Tutor\u00edas Internacionalizaci\u00f3n 2020 (con n\u00ba expediente ITTUTI\/20120\/2) , financiado por el IVACE y cofinanciado por el Fondo Europeo de Desarrollo Regional (FEDER)<\/em><\/p>","protected":false},"excerpt":{"rendered":"<p>GAMBOA &amp; BAVIERA SOLUTIONS, S.L.&nbsp; ha completado con \u00e9xito la tutor\u00eda \u201cINICIACI\u00d3N A LA INTERNACIONALIZACI\u00d3N DE GAMBOA &amp; BAVIERA SOLUTIONS S.L.\u00bb dentro del programa Cheque Tutor\u00edas Internacionalizaci\u00f3n 2020 (con n\u00ba expediente ITTUTI\/20120\/2) , financiado por el IVACE y cofinanciado por el Fondo Europeo de Desarrollo Regional (FEDER) [&#8230;]<\/p>\n<p><a class=\"btn btn-secondary understrap-read-more-link\" href=\"https:\/\/abadecom.com\/fr\/fondos-feder\/\">Lire la suite\u2026<span class=\"screen-reader-text\"> from Fondos FEDER<\/span><\/a><\/p>\n","protected":false},"author":1,"featured_media":3052,"comment_status":"closed","ping_status":"closed","sticky":false,"template":"","format":"standard","meta":{"content-type":"","_monsterinsights_skip_tracking":false,"pgc_sgb_lightbox_settings":"","footnotes":""},"categories":[88],"tags":[],"class_list":["post-1885","post","type-post","status-publish","format-standard","has-post-thumbnail","hentry","category-trabajos"],"yoast_head":"<!-- This site is optimized with the Yoast SEO plugin v28.4 - https:\/\/yoast.com\/product\/yoast-seo-wordpress\/ -->\n<title>Fondos FEDER - Abadecom<\/title>\n<meta name=\"robots\" content=\"index, follow, max-snippet:-1, max-image-preview:large, max-video-preview:-1\" \/>\n<link rel=\"canonical\" href=\"https:\/\/abadecom.com\/fr\/fondos-feder\/\" \/>\n<meta property=\"og:locale\" content=\"fr_FR\" \/>\n<meta property=\"og:type\" content=\"article\" \/>\n<meta property=\"og:title\" content=\"Fondos FEDER - Abadecom\" \/>\n<meta property=\"og:description\" content=\"GAMBOA &amp; BAVIERA SOLUTIONS, S.L.&nbsp; ha completado con \u00e9xito la tutor\u00eda \u201cINICIACI\u00d3N A LA INTERNACIONALIZACI\u00d3N DE GAMBOA &amp; BAVIERA SOLUTIONS S.L.\u00bb dentro del programa Cheque Tutor\u00edas Internacionalizaci\u00f3n 2020 (con n\u00ba expediente ITTUTI\/20120\/2) , financiado por el IVACE y cofinanciado por el Fondo Europeo de Desarrollo Regional (FEDER) [...]Lire la suite\u2026 from Fondos FEDER\" \/>\n<meta property=\"og:url\" content=\"https:\/\/abadecom.com\/fr\/fondos-feder\/\" \/>\n<meta property=\"og:site_name\" content=\"Abadecom\" \/>\n<meta property=\"article:published_time\" content=\"2021-06-10T18:02:40+00:00\" \/>\n<meta property=\"article:modified_time\" content=\"2022-06-20T07:37:52+00:00\" \/>\n<meta property=\"og:image\" content=\"https:\/\/abadecom.com\/wp-content\/uploads\/2021\/07\/FEDERIvaceDeclaracion-CS-4.png\" \/>\n\t<meta property=\"og:image:width\" content=\"1587\" \/>\n\t<meta property=\"og:image:height\" content=\"680\" \/>\n\t<meta property=\"og:image:type\" content=\"image\/png\" \/>\n<meta name=\"author\" content=\"AdminAabadeco\" \/>\n<meta name=\"twitter:card\" content=\"summary_large_image\" \/>\n<meta name=\"twitter:label1\" content=\"\u00c9crit par\" \/>\n\t<meta name=\"twitter:data1\" content=\"AdminAabadeco\" \/>\n\t<meta name=\"twitter:label2\" content=\"Dur\u00e9e de lecture estim\u00e9e\" \/>\n\t<meta name=\"twitter:data2\" content=\"1 minute\" \/>\n<script type=\"application\/ld+json\" class=\"yoast-schema-graph\">{\"@context\":\"https:\\\/\\\/schema.org\",\"@graph\":[{\"@type\":\"Article\",\"@id\":\"https:\\\/\\\/abadecom.com\\\/fondos-feder\\\/#article\",\"isPartOf\":{\"@id\":\"https:\\\/\\\/abadecom.com\\\/fondos-feder\\\/\"},\"author\":{\"name\":\"AdminAabadeco\",\"@id\":\"https:\\\/\\\/abadecom.com\\\/#\\\/schema\\\/person\\\/477a7cc0ed6c040d67343c7a3fda930b\"},\"headline\":\"Fondos FEDER\",\"datePublished\":\"2021-06-10T18:02:40+00:00\",\"dateModified\":\"2022-06-20T07:37:52+00:00\",\"mainEntityOfPage\":{\"@id\":\"https:\\\/\\\/abadecom.com\\\/fondos-feder\\\/\"},\"wordCount\":55,\"publisher\":{\"@id\":\"https:\\\/\\\/abadecom.com\\\/#organization\"},\"image\":{\"@id\":\"https:\\\/\\\/abadecom.com\\\/fondos-feder\\\/#primaryimage\"},\"thumbnailUrl\":\"https:\\\/\\\/abadecom.com\\\/wp-content\\\/uploads\\\/2021\\\/07\\\/FEDERIvaceDeclaracion-CS-4.png\",\"articleSection\":[\"Trabajos\"],\"inLanguage\":\"fr-FR\"},{\"@type\":\"WebPage\",\"@id\":\"https:\\\/\\\/abadecom.com\\\/fondos-feder\\\/\",\"url\":\"https:\\\/\\\/abadecom.com\\\/fondos-feder\\\/\",\"name\":\"Fondos FEDER - Abadecom\",\"isPartOf\":{\"@id\":\"https:\\\/\\\/abadecom.com\\\/#website\"},\"primaryImageOfPage\":{\"@id\":\"https:\\\/\\\/abadecom.com\\\/fondos-feder\\\/#primaryimage\"},\"image\":{\"@id\":\"https:\\\/\\\/abadecom.com\\\/fondos-feder\\\/#primaryimage\"},\"thumbnailUrl\":\"https:\\\/\\\/abadecom.com\\\/wp-content\\\/uploads\\\/2021\\\/07\\\/FEDERIvaceDeclaracion-CS-4.png\",\"datePublished\":\"2021-06-10T18:02:40+00:00\",\"dateModified\":\"2022-06-20T07:37:52+00:00\",\"inLanguage\":\"fr-FR\",\"potentialAction\":[{\"@type\":\"ReadAction\",\"target\":[\"https:\\\/\\\/abadecom.com\\\/fondos-feder\\\/\"]}]},{\"@type\":\"ImageObject\",\"inLanguage\":\"fr-FR\",\"@id\":\"https:\\\/\\\/abadecom.com\\\/fondos-feder\\\/#primaryimage\",\"url\":\"https:\\\/\\\/abadecom.com\\\/wp-content\\\/uploads\\\/2021\\\/07\\\/FEDERIvaceDeclaracion-CS-4.png\",\"contentUrl\":\"https:\\\/\\\/abadecom.com\\\/wp-content\\\/uploads\\\/2021\\\/07\\\/FEDERIvaceDeclaracion-CS-4.png\",\"width\":1587,\"height\":680},{\"@type\":\"WebSite\",\"@id\":\"https:\\\/\\\/abadecom.com\\\/#website\",\"url\":\"https:\\\/\\\/abadecom.com\\\/\",\"name\":\"Abadecom\",\"description\":\"Productos sostenibles y respetuosos con el medio ambiente\",\"publisher\":{\"@id\":\"https:\\\/\\\/abadecom.com\\\/#organization\"},\"alternateName\":\"Abadecom\",\"potentialAction\":[{\"@type\":\"SearchAction\",\"target\":{\"@type\":\"EntryPoint\",\"urlTemplate\":\"https:\\\/\\\/abadecom.com\\\/?s={search_term_string}\"},\"query-input\":{\"@type\":\"PropertyValueSpecification\",\"valueRequired\":true,\"valueName\":\"search_term_string\"}}],\"inLanguage\":\"fr-FR\"},{\"@type\":\"Organization\",\"@id\":\"https:\\\/\\\/abadecom.com\\\/#organization\",\"name\":\"Abadecom\",\"url\":\"https:\\\/\\\/abadecom.com\\\/\",\"logo\":{\"@type\":\"ImageObject\",\"inLanguage\":\"fr-FR\",\"@id\":\"https:\\\/\\\/abadecom.com\\\/#\\\/schema\\\/logo\\\/image\\\/\",\"url\":\"https:\\\/\\\/abadecom.com\\\/wp-content\\\/uploads\\\/2022\\\/03\\\/Logo-Abadecom-e1647715158799.png\",\"contentUrl\":\"https:\\\/\\\/abadecom.com\\\/wp-content\\\/uploads\\\/2022\\\/03\\\/Logo-Abadecom-e1647715158799.png\",\"width\":200,\"height\":117,\"caption\":\"Abadecom\"},\"image\":{\"@id\":\"https:\\\/\\\/abadecom.com\\\/#\\\/schema\\\/logo\\\/image\\\/\"}},{\"@type\":\"Person\",\"@id\":\"https:\\\/\\\/abadecom.com\\\/#\\\/schema\\\/person\\\/477a7cc0ed6c040d67343c7a3fda930b\",\"name\":\"AdminAabadeco\",\"image\":{\"@type\":\"ImageObject\",\"inLanguage\":\"fr-FR\",\"@id\":\"https:\\\/\\\/secure.gravatar.com\\\/avatar\\\/2630c0cee03e7f483e5ca41ec6649375f24ca272e920f8386983684762e36487?s=96&d=mm&r=g\",\"url\":\"https:\\\/\\\/secure.gravatar.com\\\/avatar\\\/2630c0cee03e7f483e5ca41ec6649375f24ca272e920f8386983684762e36487?s=96&d=mm&r=g\",\"contentUrl\":\"https:\\\/\\\/secure.gravatar.com\\\/avatar\\\/2630c0cee03e7f483e5ca41ec6649375f24ca272e920f8386983684762e36487?s=96&d=mm&r=g\",\"caption\":\"AdminAabadeco\"},\"sameAs\":[\"https:\\\/\\\/abadecom.com\"],\"url\":\"https:\\\/\\\/abadecom.com\\\/fr\\\/author\\\/adminaabadeco\\\/\"}]}<\/script>\n<!-- \/ Yoast SEO plugin. -->","yoast_head_json":{"title":"Fondos FEDER - Abadecom","robots":{"index":"index","follow":"follow","max-snippet":"max-snippet:-1","max-image-preview":"max-image-preview:large","max-video-preview":"max-video-preview:-1"},"canonical":"https:\/\/abadecom.com\/fr\/fondos-feder\/","og_locale":"fr_FR","og_type":"article","og_title":"Fondos FEDER - Abadecom","og_description":"GAMBOA &amp; BAVIERA SOLUTIONS, S.L.&nbsp; ha completado con \u00e9xito la tutor\u00eda \u201cINICIACI\u00d3N A LA INTERNACIONALIZACI\u00d3N DE GAMBOA &amp; BAVIERA SOLUTIONS S.L.\u00bb dentro del programa Cheque Tutor\u00edas Internacionalizaci\u00f3n 2020 (con n\u00ba expediente ITTUTI\/20120\/2) , financiado por el IVACE y cofinanciado por el Fondo Europeo de Desarrollo Regional (FEDER) [...]Lire la suite\u2026 from Fondos FEDER","og_url":"https:\/\/abadecom.com\/fr\/fondos-feder\/","og_site_name":"Abadecom","article_published_time":"2021-06-10T18:02:40+00:00","article_modified_time":"2022-06-20T07:37:52+00:00","og_image":[{"width":1587,"height":680,"url":"https:\/\/abadecom.com\/wp-content\/uploads\/2021\/07\/FEDERIvaceDeclaracion-CS-4.png","type":"image\/png"}],"author":"AdminAabadeco","twitter_card":"summary_large_image","twitter_misc":{"\u00c9crit par":"AdminAabadeco","Dur\u00e9e de lecture estim\u00e9e":"1 minute"},"schema":{"@context":"https:\/\/schema.org","@graph":[{"@type":"Article","@id":"https:\/\/abadecom.com\/fondos-feder\/#article","isPartOf":{"@id":"https:\/\/abadecom.com\/fondos-feder\/"},"author":{"name":"AdminAabadeco","@id":"https:\/\/abadecom.com\/#\/schema\/person\/477a7cc0ed6c040d67343c7a3fda930b"},"headline":"Fondos FEDER","datePublished":"2021-06-10T18:02:40+00:00","dateModified":"2022-06-20T07:37:52+00:00","mainEntityOfPage":{"@id":"https:\/\/abadecom.com\/fondos-feder\/"},"wordCount":55,"publisher":{"@id":"https:\/\/abadecom.com\/#organization"},"image":{"@id":"https:\/\/abadecom.com\/fondos-feder\/#primaryimage"},"thumbnailUrl":"https:\/\/abadecom.com\/wp-content\/uploads\/2021\/07\/FEDERIvaceDeclaracion-CS-4.png","articleSection":["Trabajos"],"inLanguage":"fr-FR"},{"@type":"WebPage","@id":"https:\/\/abadecom.com\/fondos-feder\/","url":"https:\/\/abadecom.com\/fondos-feder\/","name":"Fondos FEDER - Abadecom","isPartOf":{"@id":"https:\/\/abadecom.com\/#website"},"primaryImageOfPage":{"@id":"https:\/\/abadecom.com\/fondos-feder\/#primaryimage"},"image":{"@id":"https:\/\/abadecom.com\/fondos-feder\/#primaryimage"},"thumbnailUrl":"https:\/\/abadecom.com\/wp-content\/uploads\/2021\/07\/FEDERIvaceDeclaracion-CS-4.png","datePublished":"2021-06-10T18:02:40+00:00","dateModified":"2022-06-20T07:37:52+00:00","inLanguage":"fr-FR","potentialAction":[{"@type":"ReadAction","target":["https:\/\/abadecom.com\/fondos-feder\/"]}]},{"@type":"ImageObject","inLanguage":"fr-FR","@id":"https:\/\/abadecom.com\/fondos-feder\/#primaryimage","url":"https:\/\/abadecom.com\/wp-content\/uploads\/2021\/07\/FEDERIvaceDeclaracion-CS-4.png","contentUrl":"https:\/\/abadecom.com\/wp-content\/uploads\/2021\/07\/FEDERIvaceDeclaracion-CS-4.png","width":1587,"height":680},{"@type":"WebSite","@id":"https:\/\/abadecom.com\/#website","url":"https:\/\/abadecom.com\/","name":"Abadecom","description":"Produits durables et respectueux de l'environnement","publisher":{"@id":"https:\/\/abadecom.com\/#organization"},"alternateName":"Abadecom","potentialAction":[{"@type":"SearchAction","target":{"@type":"EntryPoint","urlTemplate":"https:\/\/abadecom.com\/?s={search_term_string}"},"query-input":{"@type":"PropertyValueSpecification","valueRequired":true,"valueName":"search_term_string"}}],"inLanguage":"fr-FR"},{"@type":"Organization","@id":"https:\/\/abadecom.com\/#organization","name":"Abadecom","url":"https:\/\/abadecom.com\/","logo":{"@type":"ImageObject","inLanguage":"fr-FR","@id":"https:\/\/abadecom.com\/#\/schema\/logo\/image\/","url":"https:\/\/abadecom.com\/wp-content\/uploads\/2022\/03\/Logo-Abadecom-e1647715158799.png","contentUrl":"https:\/\/abadecom.com\/wp-content\/uploads\/2022\/03\/Logo-Abadecom-e1647715158799.png","width":200,"height":117,"caption":"Abadecom"},"image":{"@id":"https:\/\/abadecom.com\/#\/schema\/logo\/image\/"}},{"@type":"Person","@id":"https:\/\/abadecom.com\/#\/schema\/person\/477a7cc0ed6c040d67343c7a3fda930b","name":"AdminAabadeco","image":{"@type":"ImageObject","inLanguage":"fr-FR","@id":"https:\/\/secure.gravatar.com\/avatar\/2630c0cee03e7f483e5ca41ec6649375f24ca272e920f8386983684762e36487?s=96&d=mm&r=g","url":"https:\/\/secure.gravatar.com\/avatar\/2630c0cee03e7f483e5ca41ec6649375f24ca272e920f8386983684762e36487?s=96&d=mm&r=g","contentUrl":"https:\/\/secure.gravatar.com\/avatar\/2630c0cee03e7f483e5ca41ec6649375f24ca272e920f8386983684762e36487?s=96&d=mm&r=g","caption":"AdminAabadeco"},"sameAs":["https:\/\/abadecom.com"],"url":"https:\/\/abadecom.com\/fr\/author\/adminaabadeco\/"}]}},"_links":{"self":[{"href":"https:\/\/abadecom.com\/fr\/wp-json\/wp\/v2\/posts\/1885","targetHints":{"allow":["GET"]}}],"collection":[{"href":"https:\/\/abadecom.com\/fr\/wp-json\/wp\/v2\/posts"}],"about":[{"href":"https:\/\/abadecom.com\/fr\/wp-json\/wp\/v2\/types\/post"}],"author":[{"embeddable":true,"href":"https:\/\/abadecom.com\/fr\/wp-json\/wp\/v2\/users\/1"}],"replies":[{"embeddable":true,"href":"https:\/\/abadecom.com\/fr\/wp-json\/wp\/v2\/comments?post=1885"}],"version-history":[{"count":3,"href":"https:\/\/abadecom.com\/fr\/wp-json\/wp\/v2\/posts\/1885\/revisions"}],"predecessor-version":[{"id":5919,"href":"https:\/\/abadecom.com\/fr\/wp-json\/wp\/v2\/posts\/1885\/revisions\/5919"}],"wp:featuredmedia":[{"embeddable":true,"href":"https:\/\/abadecom.com\/fr\/wp-json\/wp\/v2\/media\/3052"}],"wp:attachment":[{"href":"https:\/\/abadecom.com\/fr\/wp-json\/wp\/v2\/media?parent=1885"}],"wp:term":[{"taxonomy":"category","embeddable":true,"href":"https:\/\/abadecom.com\/fr\/wp-json\/wp\/v2\/categories?post=1885"},{"taxonomy":"post_tag","embeddable":true,"href":"https:\/\/abadecom.com\/fr\/wp-json\/wp\/v2\/tags?post=1885"}],"curies":[{"name":"wp","href":"https:\/\/api.w.org\/{rel}","templated":true}]}}