{"id":10192,"date":"2026-05-05T13:25:19","date_gmt":"2026-05-05T13:25:19","guid":{"rendered":"https:\/\/abadecom.com\/?p=10192"},"modified":"2026-05-07T13:26:26","modified_gmt":"2026-05-07T13:26:26","slug":"por-que-fallan-algunos-separadores-de-carril-bici-en-seguridad","status":"publish","type":"post","link":"https:\/\/abadecom.com\/fr\/por-que-fallan-algunos-separadores-de-carril-bici-en-seguridad\/","title":{"rendered":"\u00bfPor qu\u00e9 fallan algunos separadores de carril bici en seguridad?"},"content":{"rendered":"\n<p class=\"wp-block-paragraph\">La seguridad de un carril bici no depende solo de que exista una v\u00eda reservada para ciclistas. Tambi\u00e9n depende de c\u00f3mo se delimita, de la visibilidad que ofrece y de la resistencia de los elementos instalados en la calzada.<\/p>\n\n\n\n<p class=\"wp-block-paragraph\">En muchos entornos urbanos, algunos separadores de carril bici no cumplen bien su funci\u00f3n porque se deterioran r\u00e1pido, son poco visibles por la noche o no est\u00e1n preparados para soportar el uso diario de la v\u00eda. Cuando esto ocurre, el carril bici pierde eficacia y la seguridad de ciclistas, peatones y conductores puede verse comprometida.<\/p>\n\n\n\n<p class=\"wp-block-paragraph\">En Abadecom hemos desarrollado un<a href=\"https:\/\/abadecom.com\/separador-carril-bici\/\"> separador de carril bici fotoluminiscente <\/a>y reflectante pensado precisamente para resolver estos problemas: mejorar la visibilidad nocturna, reforzar la seguridad vial y ofrecer una soluci\u00f3n duradera fabricada con pl\u00e1stico 100% reciclado.<\/p>\n\n\n<style>.wp-block-kadence-advancedheading.kt-adv-heading10192_81eda0-8b, .wp-block-kadence-advancedheading.kt-adv-heading10192_81eda0-8b[data-kb-block=\"kb-adv-heading10192_81eda0-8b\"]{font-style:normal;}.wp-block-kadence-advancedheading.kt-adv-heading10192_81eda0-8b mark.kt-highlight, .wp-block-kadence-advancedheading.kt-adv-heading10192_81eda0-8b[data-kb-block=\"kb-adv-heading10192_81eda0-8b\"] mark.kt-highlight{font-style:normal;color:#f76a0c;-webkit-box-decoration-break:clone;box-decoration-break:clone;padding-top:0px;padding-right:0px;padding-bottom:0px;padding-left:0px;}.wp-block-kadence-advancedheading.kt-adv-heading10192_81eda0-8b img.kb-inline-image, .wp-block-kadence-advancedheading.kt-adv-heading10192_81eda0-8b[data-kb-block=\"kb-adv-heading10192_81eda0-8b\"] img.kb-inline-image{width:150px;vertical-align:baseline;}<\/style>\n<h2 class=\"kt-adv-heading10192_81eda0-8b wp-block-kadence-advancedheading\" data-kb-block=\"kb-adv-heading10192_81eda0-8b\">El problema: separadores que no se ven cuando m\u00e1s falta hacen<\/h2>\n\n\n\n<p class=\"wp-block-paragraph\">Uno de los principales fallos de algunos separadores de carril bici es su baja visibilidad en condiciones de poca luz.<\/p>\n\n\n\n<p class=\"wp-block-paragraph\">Durante el d\u00eda pueden delimitar correctamente el carril, pero por la noche, en zonas con iluminaci\u00f3n deficiente, con lluvia o en tramos urbanos de baja visibilidad, pueden pasar desapercibidos. Esto aumenta el riesgo de invasi\u00f3n del carril bici, golpes, maniobras bruscas o confusi\u00f3n entre los distintos usuarios de la v\u00eda.<\/p>\n\n\n\n<p class=\"wp-block-paragraph\">La visibilidad no debe depender \u00fanicamente del alumbrado p\u00fablico. Un buen separador debe ayudar a se\u00f1alizar el carril incluso cuando las condiciones de iluminaci\u00f3n no son las mejores.<\/p>\n\n\n\n<p class=\"wp-block-paragraph\">El separador de carril bici fotoluminiscente de Abadecom incorpora una pieza fotoluminiscente de altas prestaciones que se carga con luz solar o artificial. Una vez cargada, mantiene su luminiscencia durante m\u00e1s de 12 horas en condiciones de oscuridad.<\/p>\n\n\n\n<p class=\"wp-block-paragraph\">Esto significa que el separador puede aportar visibilidad nocturna sostenida sin necesidad de conexi\u00f3n el\u00e9ctrica, cableado ni consumo energ\u00e9tico propio. La fotoluminiscencia no sustituye a una buena planificaci\u00f3n vial, pero s\u00ed a\u00f1ade una capa extra de percepci\u00f3n y orientaci\u00f3n. El carril se identifica mejor, el separador se detecta antes y el entorno resulta m\u00e1s claro para ciclistas, conductores y peatones.<\/p>\n\n\n<style>.wp-block-kadence-advancedheading.kt-adv-heading10192_53a8e9-89, .wp-block-kadence-advancedheading.kt-adv-heading10192_53a8e9-89[data-kb-block=\"kb-adv-heading10192_53a8e9-89\"]{font-style:normal;}.wp-block-kadence-advancedheading.kt-adv-heading10192_53a8e9-89 mark.kt-highlight, .wp-block-kadence-advancedheading.kt-adv-heading10192_53a8e9-89[data-kb-block=\"kb-adv-heading10192_53a8e9-89\"] mark.kt-highlight{font-style:normal;color:#f76a0c;-webkit-box-decoration-break:clone;box-decoration-break:clone;padding-top:0px;padding-right:0px;padding-bottom:0px;padding-left:0px;}.wp-block-kadence-advancedheading.kt-adv-heading10192_53a8e9-89 img.kb-inline-image, .wp-block-kadence-advancedheading.kt-adv-heading10192_53a8e9-89[data-kb-block=\"kb-adv-heading10192_53a8e9-89\"] img.kb-inline-image{width:150px;vertical-align:baseline;}<\/style>\n<h2 class=\"kt-adv-heading10192_53a8e9-89 wp-block-kadence-advancedheading\" data-kb-block=\"kb-adv-heading10192_53a8e9-89\">Durabilidad para entornos urbanos exigentes<\/h2>\n\n\n\n<p class=\"wp-block-paragraph\">Un separador de carril bici est\u00e1 expuesto a impactos, rozaduras, agua, suciedad, radiaci\u00f3n solar, cambios de temperatura y mantenimiento viario. Por eso, la resistencia del material es clave.<\/p>\n\n\n\n<p class=\"wp-block-paragraph\">El separador de carril bici fotoluminiscente de Abadecom est\u00e1 fabricado con PVC 100% reciclado y 100% reciclable. Este material aporta una alta resistencia a la abrasi\u00f3n, a los rayos UV y al impacto, adem\u00e1s de un mantenimiento m\u00ednimo<\/p>\n\n\n\n<p class=\"wp-block-paragraph\">Nuestro separador est\u00e1 fabricado con pl\u00e1stico 100% reciclado y 100% reciclable, contribuyendo a la econom\u00eda circular y al aprovechamiento de residuos pl\u00e1sticos. Adem\u00e1s, por cada unidad se evita la emisi\u00f3n de 22,75 kg de CO\u2082 a la atm\u00f3sfera, seg\u00fan la informaci\u00f3n medioambiental del producto.<\/p>\n\n\n\n<p class=\"wp-block-paragraph\">Esto permite que ayuntamientos, constructoras, ingenier\u00edas y responsables de obra p\u00fablica incorporen soluciones m\u00e1s sostenibles sin renunciar a la seguridad ni a la durabilidad.<\/p>\n\n\n<style>.wp-block-kadence-advancedheading.kt-adv-heading10192_c081e1-63, .wp-block-kadence-advancedheading.kt-adv-heading10192_c081e1-63[data-kb-block=\"kb-adv-heading10192_c081e1-63\"]{font-style:normal;}.wp-block-kadence-advancedheading.kt-adv-heading10192_c081e1-63 mark.kt-highlight, .wp-block-kadence-advancedheading.kt-adv-heading10192_c081e1-63[data-kb-block=\"kb-adv-heading10192_c081e1-63\"] mark.kt-highlight{font-style:normal;color:#f76a0c;-webkit-box-decoration-break:clone;box-decoration-break:clone;padding-top:0px;padding-right:0px;padding-bottom:0px;padding-left:0px;}.wp-block-kadence-advancedheading.kt-adv-heading10192_c081e1-63 img.kb-inline-image, .wp-block-kadence-advancedheading.kt-adv-heading10192_c081e1-63[data-kb-block=\"kb-adv-heading10192_c081e1-63\"] img.kb-inline-image{width:150px;vertical-align:baseline;}<\/style>\n<h2 class=\"kt-adv-heading10192_c081e1-63 wp-block-kadence-advancedheading\" data-kb-block=\"kb-adv-heading10192_c081e1-63\">Una soluci\u00f3n pensada para ciudades m\u00e1s seguras<\/h2>\n\n\n\n<p class=\"wp-block-paragraph\">Los separadores de carril bici fallan cuando no se ven, cuando se deterioran r\u00e1pido o cuando no aportan una protecci\u00f3n clara al espacio ciclista.<\/p>\n\n\n\n<p class=\"wp-block-paragraph\">El separador de carril bici fotoluminiscente de Abadecom responde a esas necesidades con una propuesta completa: visibilidad nocturna sostenida sin electricidad, seguridad vial reforzada, alta durabilidad, instalaci\u00f3n sencilla y fabricaci\u00f3n con pl\u00e1stico 100% reciclado.<\/p>\n\n\n\n<p class=\"wp-block-paragraph\">En un momento en el que las ciudades buscan infraestructuras m\u00e1s seguras, sostenibles y eficientes, este tipo de soluciones permite mejorar la movilidad ciclista con criterios t\u00e9cnicos, ambientales y de seguridad.<\/p>\n\n\n\n<p class=\"wp-block-paragraph\">En <a href=\"https:\/\/abadecom.com\/\">Abadecom<\/a> trabajamos para que los espacios urbanos sean m\u00e1s seguros, visibles y sostenibles. Nuestro separador de carril bici fotoluminiscente es una soluci\u00f3n dise\u00f1ada para responder a los retos actuales de la movilidad: proteger mejor a los ciclistas, mejorar la percepci\u00f3n nocturna de la v\u00eda y reducir el impacto ambiental de la infraestructura urbana.<\/p>\n\n\n\n<p class=\"wp-block-paragraph\">Porque un carril bici seguro no empieza solo con una l\u00ednea en el suelo. Empieza con una separaci\u00f3n visible, resistente y pensada para durar.<\/p>\n","protected":false},"excerpt":{"rendered":"<p>La seguridad de un carril bici no depende solo de que exista una v\u00eda reservada para ciclistas. Tambi\u00e9n depende de c\u00f3mo se delimita, de la visibilidad que ofrece y de la resistencia de los elementos instalados en la calzada. En muchos entornos urbanos, algunos separadores de carril bici no cumplen bien su funci\u00f3n porque se [&#8230;]<\/p>\n<p><a class=\"btn btn-secondary understrap-read-more-link\" href=\"https:\/\/abadecom.com\/fr\/por-que-fallan-algunos-separadores-de-carril-bici-en-seguridad\/\">Lire la suite\u2026<span class=\"screen-reader-text\"> from \u00bfPor qu\u00e9 fallan algunos separadores de carril bici en seguridad?<\/span><\/a><\/p>\n","protected":false},"author":1,"featured_media":10193,"comment_status":"open","ping_status":"open","sticky":false,"template":"","format":"standard","meta":{"content-type":"","_monsterinsights_skip_tracking":false,"pgc_sgb_lightbox_settings":"","footnotes":""},"categories":[129],"tags":[],"class_list":["post-10192","post","type-post","status-publish","format-standard","has-post-thumbnail","hentry","category-seguridad-vial"],"yoast_head":"<!-- This site is optimized with the Yoast SEO plugin v28.4 - https:\/\/yoast.com\/product\/yoast-seo-wordpress\/ -->\n<title>\u00bfPor qu\u00e9 fallan algunos separadores de carril bici en seguridad? - Abadecom<\/title>\n<meta name=\"description\" content=\"Descubre c\u00f3mo el separador de carril bici fotoluminiscente de Abadecom mejora la visibilidad nocturna y la seguridad vial.\" \/>\n<meta name=\"robots\" content=\"index, follow, max-snippet:-1, max-image-preview:large, max-video-preview:-1\" \/>\n<link rel=\"canonical\" href=\"https:\/\/abadecom.com\/fr\/por-que-fallan-algunos-separadores-de-carril-bici-en-seguridad\/\" \/>\n<meta property=\"og:locale\" content=\"fr_FR\" \/>\n<meta property=\"og:type\" content=\"article\" \/>\n<meta property=\"og:title\" content=\"\u00bfPor qu\u00e9 fallan algunos separadores de carril bici en seguridad? - Abadecom\" \/>\n<meta property=\"og:description\" content=\"Descubre c\u00f3mo el separador de carril bici fotoluminiscente de Abadecom mejora la visibilidad nocturna y la seguridad vial.\" \/>\n<meta property=\"og:url\" content=\"https:\/\/abadecom.com\/fr\/por-que-fallan-algunos-separadores-de-carril-bici-en-seguridad\/\" \/>\n<meta property=\"og:site_name\" content=\"Abadecom\" \/>\n<meta property=\"article:published_time\" content=\"2026-05-05T13:25:19+00:00\" \/>\n<meta property=\"article:modified_time\" content=\"2026-05-07T13:26:26+00:00\" \/>\n<meta property=\"og:image\" content=\"https:\/\/abadecom.com\/wp-content\/uploads\/2026\/05\/visibilidad-nocturna-carril-bici_linkedin.png\" \/>\n\t<meta property=\"og:image:width\" content=\"1097\" \/>\n\t<meta property=\"og:image:height\" content=\"1097\" \/>\n\t<meta property=\"og:image:type\" content=\"image\/png\" \/>\n<meta name=\"author\" content=\"AdminAabadeco\" \/>\n<meta name=\"twitter:card\" content=\"summary_large_image\" \/>\n<meta name=\"twitter:label1\" content=\"\u00c9crit par\" \/>\n\t<meta name=\"twitter:data1\" content=\"AdminAabadeco\" \/>\n\t<meta name=\"twitter:label2\" content=\"Dur\u00e9e de lecture estim\u00e9e\" \/>\n\t<meta name=\"twitter:data2\" content=\"4 minutes\" \/>\n<script type=\"application\/ld+json\" class=\"yoast-schema-graph\">{\"@context\":\"https:\\\/\\\/schema.org\",\"@graph\":[{\"@type\":\"Article\",\"@id\":\"https:\\\/\\\/abadecom.com\\\/por-que-fallan-algunos-separadores-de-carril-bici-en-seguridad\\\/#article\",\"isPartOf\":{\"@id\":\"https:\\\/\\\/abadecom.com\\\/por-que-fallan-algunos-separadores-de-carril-bici-en-seguridad\\\/\"},\"author\":{\"name\":\"AdminAabadeco\",\"@id\":\"https:\\\/\\\/abadecom.com\\\/#\\\/schema\\\/person\\\/477a7cc0ed6c040d67343c7a3fda930b\"},\"headline\":\"\u00bfPor qu\u00e9 fallan algunos separadores de carril bici en seguridad?\",\"datePublished\":\"2026-05-05T13:25:19+00:00\",\"dateModified\":\"2026-05-07T13:26:26+00:00\",\"mainEntityOfPage\":{\"@id\":\"https:\\\/\\\/abadecom.com\\\/por-que-fallan-algunos-separadores-de-carril-bici-en-seguridad\\\/\"},\"wordCount\":710,\"commentCount\":0,\"publisher\":{\"@id\":\"https:\\\/\\\/abadecom.com\\\/#organization\"},\"image\":{\"@id\":\"https:\\\/\\\/abadecom.com\\\/por-que-fallan-algunos-separadores-de-carril-bici-en-seguridad\\\/#primaryimage\"},\"thumbnailUrl\":\"https:\\\/\\\/abadecom.com\\\/wp-content\\\/uploads\\\/2026\\\/05\\\/visibilidad-nocturna-carril-bici_linkedin.png\",\"articleSection\":[\"Seguridad Vial\"],\"inLanguage\":\"fr-FR\",\"potentialAction\":[{\"@type\":\"CommentAction\",\"name\":\"Comment\",\"target\":[\"https:\\\/\\\/abadecom.com\\\/por-que-fallan-algunos-separadores-de-carril-bici-en-seguridad\\\/#respond\"]}]},{\"@type\":\"WebPage\",\"@id\":\"https:\\\/\\\/abadecom.com\\\/por-que-fallan-algunos-separadores-de-carril-bici-en-seguridad\\\/\",\"url\":\"https:\\\/\\\/abadecom.com\\\/por-que-fallan-algunos-separadores-de-carril-bici-en-seguridad\\\/\",\"name\":\"\u00bfPor qu\u00e9 fallan algunos separadores de carril bici en seguridad? - Abadecom\",\"isPartOf\":{\"@id\":\"https:\\\/\\\/abadecom.com\\\/#website\"},\"primaryImageOfPage\":{\"@id\":\"https:\\\/\\\/abadecom.com\\\/por-que-fallan-algunos-separadores-de-carril-bici-en-seguridad\\\/#primaryimage\"},\"image\":{\"@id\":\"https:\\\/\\\/abadecom.com\\\/por-que-fallan-algunos-separadores-de-carril-bici-en-seguridad\\\/#primaryimage\"},\"thumbnailUrl\":\"https:\\\/\\\/abadecom.com\\\/wp-content\\\/uploads\\\/2026\\\/05\\\/visibilidad-nocturna-carril-bici_linkedin.png\",\"datePublished\":\"2026-05-05T13:25:19+00:00\",\"dateModified\":\"2026-05-07T13:26:26+00:00\",\"description\":\"Descubre c\u00f3mo el separador de carril bici fotoluminiscente de Abadecom mejora la visibilidad nocturna y la seguridad vial.\",\"inLanguage\":\"fr-FR\",\"potentialAction\":[{\"@type\":\"ReadAction\",\"target\":[\"https:\\\/\\\/abadecom.com\\\/por-que-fallan-algunos-separadores-de-carril-bici-en-seguridad\\\/\"]}]},{\"@type\":\"ImageObject\",\"inLanguage\":\"fr-FR\",\"@id\":\"https:\\\/\\\/abadecom.com\\\/por-que-fallan-algunos-separadores-de-carril-bici-en-seguridad\\\/#primaryimage\",\"url\":\"https:\\\/\\\/abadecom.com\\\/wp-content\\\/uploads\\\/2026\\\/05\\\/visibilidad-nocturna-carril-bici_linkedin.png\",\"contentUrl\":\"https:\\\/\\\/abadecom.com\\\/wp-content\\\/uploads\\\/2026\\\/05\\\/visibilidad-nocturna-carril-bici_linkedin.png\",\"width\":1097,\"height\":1097},{\"@type\":\"WebSite\",\"@id\":\"https:\\\/\\\/abadecom.com\\\/#website\",\"url\":\"https:\\\/\\\/abadecom.com\\\/\",\"name\":\"Abadecom\",\"description\":\"Productos sostenibles y respetuosos con el medio ambiente\",\"publisher\":{\"@id\":\"https:\\\/\\\/abadecom.com\\\/#organization\"},\"alternateName\":\"Abadecom\",\"potentialAction\":[{\"@type\":\"SearchAction\",\"target\":{\"@type\":\"EntryPoint\",\"urlTemplate\":\"https:\\\/\\\/abadecom.com\\\/?s={search_term_string}\"},\"query-input\":{\"@type\":\"PropertyValueSpecification\",\"valueRequired\":true,\"valueName\":\"search_term_string\"}}],\"inLanguage\":\"fr-FR\"},{\"@type\":\"Organization\",\"@id\":\"https:\\\/\\\/abadecom.com\\\/#organization\",\"name\":\"Abadecom\",\"url\":\"https:\\\/\\\/abadecom.com\\\/\",\"logo\":{\"@type\":\"ImageObject\",\"inLanguage\":\"fr-FR\",\"@id\":\"https:\\\/\\\/abadecom.com\\\/#\\\/schema\\\/logo\\\/image\\\/\",\"url\":\"https:\\\/\\\/abadecom.com\\\/wp-content\\\/uploads\\\/2022\\\/03\\\/Logo-Abadecom-e1647715158799.png\",\"contentUrl\":\"https:\\\/\\\/abadecom.com\\\/wp-content\\\/uploads\\\/2022\\\/03\\\/Logo-Abadecom-e1647715158799.png\",\"width\":200,\"height\":117,\"caption\":\"Abadecom\"},\"image\":{\"@id\":\"https:\\\/\\\/abadecom.com\\\/#\\\/schema\\\/logo\\\/image\\\/\"}},{\"@type\":\"Person\",\"@id\":\"https:\\\/\\\/abadecom.com\\\/#\\\/schema\\\/person\\\/477a7cc0ed6c040d67343c7a3fda930b\",\"name\":\"AdminAabadeco\",\"image\":{\"@type\":\"ImageObject\",\"inLanguage\":\"fr-FR\",\"@id\":\"https:\\\/\\\/secure.gravatar.com\\\/avatar\\\/2630c0cee03e7f483e5ca41ec6649375f24ca272e920f8386983684762e36487?s=96&d=mm&r=g\",\"url\":\"https:\\\/\\\/secure.gravatar.com\\\/avatar\\\/2630c0cee03e7f483e5ca41ec6649375f24ca272e920f8386983684762e36487?s=96&d=mm&r=g\",\"contentUrl\":\"https:\\\/\\\/secure.gravatar.com\\\/avatar\\\/2630c0cee03e7f483e5ca41ec6649375f24ca272e920f8386983684762e36487?s=96&d=mm&r=g\",\"caption\":\"AdminAabadeco\"},\"sameAs\":[\"https:\\\/\\\/abadecom.com\"],\"url\":\"https:\\\/\\\/abadecom.com\\\/fr\\\/author\\\/adminaabadeco\\\/\"}]}<\/script>\n<!-- \/ Yoast SEO plugin. -->","yoast_head_json":{"title":"\u00bfPor qu\u00e9 fallan algunos separadores de carril bici en seguridad? - Abadecom","description":"Descubre c\u00f3mo el separador de carril bici fotoluminiscente de Abadecom mejora la visibilidad nocturna y la seguridad vial.","robots":{"index":"index","follow":"follow","max-snippet":"max-snippet:-1","max-image-preview":"max-image-preview:large","max-video-preview":"max-video-preview:-1"},"canonical":"https:\/\/abadecom.com\/fr\/por-que-fallan-algunos-separadores-de-carril-bici-en-seguridad\/","og_locale":"fr_FR","og_type":"article","og_title":"\u00bfPor qu\u00e9 fallan algunos separadores de carril bici en seguridad? - Abadecom","og_description":"Descubre c\u00f3mo el separador de carril bici fotoluminiscente de Abadecom mejora la visibilidad nocturna y la seguridad vial.","og_url":"https:\/\/abadecom.com\/fr\/por-que-fallan-algunos-separadores-de-carril-bici-en-seguridad\/","og_site_name":"Abadecom","article_published_time":"2026-05-05T13:25:19+00:00","article_modified_time":"2026-05-07T13:26:26+00:00","og_image":[{"width":1097,"height":1097,"url":"https:\/\/abadecom.com\/wp-content\/uploads\/2026\/05\/visibilidad-nocturna-carril-bici_linkedin.png","type":"image\/png"}],"author":"AdminAabadeco","twitter_card":"summary_large_image","twitter_misc":{"\u00c9crit par":"AdminAabadeco","Dur\u00e9e de lecture estim\u00e9e":"4 minutes"},"schema":{"@context":"https:\/\/schema.org","@graph":[{"@type":"Article","@id":"https:\/\/abadecom.com\/por-que-fallan-algunos-separadores-de-carril-bici-en-seguridad\/#article","isPartOf":{"@id":"https:\/\/abadecom.com\/por-que-fallan-algunos-separadores-de-carril-bici-en-seguridad\/"},"author":{"name":"AdminAabadeco","@id":"https:\/\/abadecom.com\/#\/schema\/person\/477a7cc0ed6c040d67343c7a3fda930b"},"headline":"\u00bfPor qu\u00e9 fallan algunos separadores de carril bici en seguridad?","datePublished":"2026-05-05T13:25:19+00:00","dateModified":"2026-05-07T13:26:26+00:00","mainEntityOfPage":{"@id":"https:\/\/abadecom.com\/por-que-fallan-algunos-separadores-de-carril-bici-en-seguridad\/"},"wordCount":710,"commentCount":0,"publisher":{"@id":"https:\/\/abadecom.com\/#organization"},"image":{"@id":"https:\/\/abadecom.com\/por-que-fallan-algunos-separadores-de-carril-bici-en-seguridad\/#primaryimage"},"thumbnailUrl":"https:\/\/abadecom.com\/wp-content\/uploads\/2026\/05\/visibilidad-nocturna-carril-bici_linkedin.png","articleSection":["Seguridad Vial"],"inLanguage":"fr-FR","potentialAction":[{"@type":"CommentAction","name":"Comment","target":["https:\/\/abadecom.com\/por-que-fallan-algunos-separadores-de-carril-bici-en-seguridad\/#respond"]}]},{"@type":"WebPage","@id":"https:\/\/abadecom.com\/por-que-fallan-algunos-separadores-de-carril-bici-en-seguridad\/","url":"https:\/\/abadecom.com\/por-que-fallan-algunos-separadores-de-carril-bici-en-seguridad\/","name":"\u00bfPor qu\u00e9 fallan algunos separadores de carril bici en seguridad? - Abadecom","isPartOf":{"@id":"https:\/\/abadecom.com\/#website"},"primaryImageOfPage":{"@id":"https:\/\/abadecom.com\/por-que-fallan-algunos-separadores-de-carril-bici-en-seguridad\/#primaryimage"},"image":{"@id":"https:\/\/abadecom.com\/por-que-fallan-algunos-separadores-de-carril-bici-en-seguridad\/#primaryimage"},"thumbnailUrl":"https:\/\/abadecom.com\/wp-content\/uploads\/2026\/05\/visibilidad-nocturna-carril-bici_linkedin.png","datePublished":"2026-05-05T13:25:19+00:00","dateModified":"2026-05-07T13:26:26+00:00","description":"Descubre c\u00f3mo el separador de carril bici fotoluminiscente de Abadecom mejora la visibilidad nocturna y la seguridad vial.","inLanguage":"fr-FR","potentialAction":[{"@type":"ReadAction","target":["https:\/\/abadecom.com\/por-que-fallan-algunos-separadores-de-carril-bici-en-seguridad\/"]}]},{"@type":"ImageObject","inLanguage":"fr-FR","@id":"https:\/\/abadecom.com\/por-que-fallan-algunos-separadores-de-carril-bici-en-seguridad\/#primaryimage","url":"https:\/\/abadecom.com\/wp-content\/uploads\/2026\/05\/visibilidad-nocturna-carril-bici_linkedin.png","contentUrl":"https:\/\/abadecom.com\/wp-content\/uploads\/2026\/05\/visibilidad-nocturna-carril-bici_linkedin.png","width":1097,"height":1097},{"@type":"WebSite","@id":"https:\/\/abadecom.com\/#website","url":"https:\/\/abadecom.com\/","name":"Abadecom","description":"Produits durables et respectueux de l'environnement","publisher":{"@id":"https:\/\/abadecom.com\/#organization"},"alternateName":"Abadecom","potentialAction":[{"@type":"SearchAction","target":{"@type":"EntryPoint","urlTemplate":"https:\/\/abadecom.com\/?s={search_term_string}"},"query-input":{"@type":"PropertyValueSpecification","valueRequired":true,"valueName":"search_term_string"}}],"inLanguage":"fr-FR"},{"@type":"Organization","@id":"https:\/\/abadecom.com\/#organization","name":"Abadecom","url":"https:\/\/abadecom.com\/","logo":{"@type":"ImageObject","inLanguage":"fr-FR","@id":"https:\/\/abadecom.com\/#\/schema\/logo\/image\/","url":"https:\/\/abadecom.com\/wp-content\/uploads\/2022\/03\/Logo-Abadecom-e1647715158799.png","contentUrl":"https:\/\/abadecom.com\/wp-content\/uploads\/2022\/03\/Logo-Abadecom-e1647715158799.png","width":200,"height":117,"caption":"Abadecom"},"image":{"@id":"https:\/\/abadecom.com\/#\/schema\/logo\/image\/"}},{"@type":"Person","@id":"https:\/\/abadecom.com\/#\/schema\/person\/477a7cc0ed6c040d67343c7a3fda930b","name":"AdminAabadeco","image":{"@type":"ImageObject","inLanguage":"fr-FR","@id":"https:\/\/secure.gravatar.com\/avatar\/2630c0cee03e7f483e5ca41ec6649375f24ca272e920f8386983684762e36487?s=96&d=mm&r=g","url":"https:\/\/secure.gravatar.com\/avatar\/2630c0cee03e7f483e5ca41ec6649375f24ca272e920f8386983684762e36487?s=96&d=mm&r=g","contentUrl":"https:\/\/secure.gravatar.com\/avatar\/2630c0cee03e7f483e5ca41ec6649375f24ca272e920f8386983684762e36487?s=96&d=mm&r=g","caption":"AdminAabadeco"},"sameAs":["https:\/\/abadecom.com"],"url":"https:\/\/abadecom.com\/fr\/author\/adminaabadeco\/"}]}},"_links":{"self":[{"href":"https:\/\/abadecom.com\/fr\/wp-json\/wp\/v2\/posts\/10192","targetHints":{"allow":["GET"]}}],"collection":[{"href":"https:\/\/abadecom.com\/fr\/wp-json\/wp\/v2\/posts"}],"about":[{"href":"https:\/\/abadecom.com\/fr\/wp-json\/wp\/v2\/types\/post"}],"author":[{"embeddable":true,"href":"https:\/\/abadecom.com\/fr\/wp-json\/wp\/v2\/users\/1"}],"replies":[{"embeddable":true,"href":"https:\/\/abadecom.com\/fr\/wp-json\/wp\/v2\/comments?post=10192"}],"version-history":[{"count":1,"href":"https:\/\/abadecom.com\/fr\/wp-json\/wp\/v2\/posts\/10192\/revisions"}],"predecessor-version":[{"id":10194,"href":"https:\/\/abadecom.com\/fr\/wp-json\/wp\/v2\/posts\/10192\/revisions\/10194"}],"wp:featuredmedia":[{"embeddable":true,"href":"https:\/\/abadecom.com\/fr\/wp-json\/wp\/v2\/media\/10193"}],"wp:attachment":[{"href":"https:\/\/abadecom.com\/fr\/wp-json\/wp\/v2\/media?parent=10192"}],"wp:term":[{"taxonomy":"category","embeddable":true,"href":"https:\/\/abadecom.com\/fr\/wp-json\/wp\/v2\/categories?post=10192"},{"taxonomy":"post_tag","embeddable":true,"href":"https:\/\/abadecom.com\/fr\/wp-json\/wp\/v2\/tags?post=10192"}],"curies":[{"name":"wp","href":"https:\/\/api.w.org\/{rel}","templated":true}]}}