{"id":10186,"date":"2026-04-28T12:11:26","date_gmt":"2026-04-28T12:11:26","guid":{"rendered":"https:\/\/abadecom.com\/?p=10186"},"modified":"2026-05-07T13:27:55","modified_gmt":"2026-05-07T13:27:55","slug":"separateur-de-piste-cyclable-photoluminescent-securite-et-durabilite-urbaine","status":"publish","type":"post","link":"https:\/\/abadecom.com\/fr\/separador-de-carril-bici-fotoluminiscente-seguridad-y-sostenibilidad-urbana\/","title":{"rendered":"S\u00e9parateur de piste cyclable photoluminescent : s\u00e9curit\u00e9 et durabilit\u00e9 urbaine"},"content":{"rendered":"<p class=\"wp-block-paragraph\">La mobilit\u00e9 urbaine est en train de changer. De plus en plus de villes misent sur les pistes cyclables, les zones \u00e0 trafic apais\u00e9 et des espaces mieux organis\u00e9s pour les pi\u00e9tons, les cyclistes et les v\u00e9hicules. Mais pour qu'une infrastructure cyclable fonctionne vraiment, il ne suffit pas de peindre une ligne au sol : il est n\u00e9cessaire de d\u00e9limiter, de prot\u00e9ger et de rendre le parcours visible \u00e0 tout moment de la journ\u00e9e.<\/p>\n\n\n\n<p class=\"wp-block-paragraph\">Dans ce contexte, le <strong><a href=\"https:\/\/abadecom.com\/fr\/separador-carril-bici\/\">s\u00e9parateur de piste cyclable photoluminescent et r\u00e9fl\u00e9chissant d'Abadecom Urban<\/a><\/strong> se pr\u00e9sente comme une solution innovante pour am\u00e9liorer la s\u00e9curit\u00e9 routi\u00e8re, renforcer la visibilit\u00e9 nocturne et contribuer \u00e0 une mobilit\u00e9 plus durable.<\/p>\n\n\n\n<h2 class=\"wp-block-heading\">Une solution con\u00e7ue pour des villes plus s\u00fbres<\/h2>\n\n\n\n<p class=\"wp-block-paragraph\">La piste cyclable est devenue un \u00e9l\u00e9ment cl\u00e9 des nouveaux mod\u00e8les de ville. Elle permet de favoriser des d\u00e9placements plus durables, de r\u00e9duire la pr\u00e9sence du v\u00e9hicule priv\u00e9 et d'am\u00e9liorer la cohabitation entre les diff\u00e9rents usagers de la route.<\/p>\n\n\n\n<p class=\"wp-block-paragraph\">Cependant, de nombreuses pistes cyclables ont besoin d'une s\u00e9paration physique claire pour \u00e9viter les envahissements de voie, am\u00e9liorer la perception de l'espace et accro\u00eetre la s\u00e9curit\u00e9 de ceux qui se d\u00e9placent \u00e0 v\u00e9lo ou en trottinette.<\/p>\n\n\n\n<p class=\"wp-block-paragraph\">Le s\u00e9parateur de piste cyclable photoluminescent d'Abadecom Urban est con\u00e7u pr\u00e9cis\u00e9ment pour cela : <strong>d\u00e9limiter de mani\u00e8re visible, r\u00e9sistante et durable les espaces r\u00e9serv\u00e9s \u00e0 la mobilit\u00e9 cycliste<\/strong>.<\/p>\n\n\n\n<h2 class=\"wp-block-heading\">Photoluminescence : visibilit\u00e9 sans consommation \u00e9lectrique<\/h2>\n\n\n\n<p class=\"wp-block-paragraph\">L'un des \u00e9l\u00e9ments diff\u00e9rentiels de ce s\u00e9parateur est sa pi\u00e8ce photoluminescente int\u00e9gr\u00e9e dans la partie sup\u00e9rieure. Ce dispositif s'active \u00e0 la lumi\u00e8re solaire ou artificielle et, une fois charg\u00e9, permet sa visibilit\u00e9 pendant plus de 12 heures dans des conditions d'obscurit\u00e9 ou dans des zones peu \u00e9clair\u00e9es.<\/p>\n\n\n\n<p class=\"wp-block-paragraph\">Cela repr\u00e9sente un avantage important dans les environnements urbains o\u00f9 la visibilit\u00e9 peut \u00eatre r\u00e9duite \u00e0 la tomb\u00e9e de la nuit, dans les passages difficiles, les acc\u00e8s, les zones p\u00e9riurbaines ou les tron\u00e7ons \u00e0 l'\u00e9clairage limit\u00e9.<\/p>\n\n\n\n<p class=\"wp-block-paragraph\">De plus, le s\u00e9parateur associe la photoluminescence \u00e0 des \u00e9l\u00e9ments r\u00e9fl\u00e9chissants. Ses parties blanches r\u00e9fl\u00e9chissantes permettent une d\u00e9tection \u00e0 plus de 400 m\u00e8tres, renfor\u00e7ant ainsi la visibilit\u00e9 tant pour les conducteurs que pour les cyclistes et les pi\u00e9tons.<\/p>\n\n\n\n<h2 class=\"wp-block-heading\">Fabriqu\u00e9 \u00e0 partir de PVC 100% recycl\u00e9 et recyclable<\/h2>\n\n\n\n<p class=\"wp-block-paragraph\">La durabilit\u00e9 est un autre point fort du s\u00e9parateur Abadecom Urban. Il est fabriqu\u00e9 avec <strong>PVC 100% recycl\u00e9 et 100% recyclable<\/strong>, un mat\u00e9riau r\u00e9sistant, durable et adapt\u00e9 pour supporter les exigences de l'environnement urbain.<\/p>\n\n\n\n<p class=\"wp-block-paragraph\">Par rapport \u00e0 d'autres alternatives, le PVC recycl\u00e9 offre une haute r\u00e9sistance \u00e0 l'abrasion, aux impacts et aux rayons ultraviolets. C'est \u00e9galement un mat\u00e9riau facile \u00e0 nettoyer, qui ne s'\u00e9chande pas et n\u00e9cessite un entretien minimal, ce qui en fait une option particuli\u00e8rement int\u00e9ressante pour les mairies, les travaux publics et les projets de mobilit\u00e9 urbaine.<\/p>\n\n\n\n<p class=\"wp-block-paragraph\">Chaque unit\u00e9 install\u00e9e contribue en outre \u00e0 \u00e9viter l'\u00e9mission de 22,75 kg de CO\u2082 dans l'atmosph\u00e8re, renfor\u00e7ant ainsi sa valeur dans le cadre de projets li\u00e9s \u00e0 l'\u00e9conomie circulaire et \u00e0 la durabilit\u00e9 urbaine.<\/p>\n\n\n\n<h2 class=\"wp-block-heading\">Installation rapide et entretien r\u00e9duit<\/h2>\n\n\n\n<p class=\"wp-block-paragraph\">Le s\u00e9parateur de piste cyclable photoluminescent d'Abadecom Urban est con\u00e7u pour faciliter son installation dans diff\u00e9rents types de projets. Il dispose d'un syst\u00e8me de fixation par vis d'ancrage, ce qui permet un montage rapide, propre et simple, sans n\u00e9cessiter de travaux complexes.<\/p>\n\n\n\n<p class=\"wp-block-paragraph\">Ses dimensions sont <strong>700 \u00d7 160 \u00d7 100 mm<\/strong> et a un poids d'environ <strong>6,5 kg<\/strong>, ce qui facilite sa manipulation et sa pose dans les zones urbaines, les zones p\u00e9riurbaines, les pistes cyclables s\u00e9par\u00e9es, les chantiers d'am\u00e9lioration de la voirie ou les projets de r\u00e9am\u00e9nagement du trafic.<\/p>\n\n\n\n<h2 class=\"wp-block-heading\">Abadecom Urban : l'innovation au service de la mobilit\u00e9 durable<\/h2>\n\n\n\n<p class=\"wp-block-paragraph\">Chez Abadecom Urban, nous travaillons pour offrir des solutions qui unissent <strong>s\u00e9curit\u00e9, innovation, durabilit\u00e9 et long\u00e9vit\u00e9<\/strong>. Notre s\u00e9parateur de piste cyclable photoluminescent r\u00e9pond \u00e0 un besoin r\u00e9el des villes actuelles : cr\u00e9er des infrastructures plus s\u00fbres, visibles et respectueuses de l'environnement.<\/p>\n\n\n\n<p class=\"wp-block-paragraph\">Miser sur ce type de s\u00e9parateurs, c'est miser sur une mobilit\u00e9 urbaine plus ordonn\u00e9e, efficace et pr\u00eate pour l'avenir.<\/p>\n\n\n\n<h2 class=\"wp-block-heading\">Voulez-vous am\u00e9liorer la s\u00e9curit\u00e9 de vos pistes cyclables ?<\/h2>\n\n\n\n<p class=\"wp-block-paragraph\">Si vous \u00eates une mairie, une entreprise de construction, un bureau d'\u00e9tudes, un cabinet d'architecture ou un responsable de la mobilit\u00e9 urbaine, chez Abadecom nous pouvons vous aider \u00e0 trouver la solution la plus adapt\u00e9e \u00e0 votre projet.<\/p>\n\n\n\n<p class=\"wp-block-paragraph\"><strong><a href=\"https:\/\/abadecom.com\/fr\/contact\/\">Demander des informations<\/a> sur notre s\u00e9parateur de piste cyclable photoluminescent et d\u00e9couvrez comment transformer une infrastructure cycliste en un espace plus s\u00fbr, visible et durable.<\/strong><\/p>\n\n\n\n<p class=\"wp-block-paragraph\"><\/p>","protected":false},"excerpt":{"rendered":"<p>La movilidad urbana est\u00e1 cambiando. Cada vez m\u00e1s ciudades apuestan por carriles bici, zonas de tr\u00e1fico calmado y espacios mejor organizados para peatones, ciclistas y veh\u00edculos. Pero para que una infraestructura ciclista funcione de verdad, no basta con pintar una l\u00ednea en el suelo: es necesario delimitar, proteger y hacer visible el recorrido en cualquier [&#8230;]<\/p>\n<p><a class=\"btn btn-secondary understrap-read-more-link\" href=\"https:\/\/abadecom.com\/fr\/separador-de-carril-bici-fotoluminiscente-seguridad-y-sostenibilidad-urbana\/\">Lire la suite\u2026<span class=\"screen-reader-text\"> from Separador de carril bici fotoluminiscente: seguridad y sostenibilidad urbana<\/span><\/a><\/p>\n","protected":false},"author":1,"featured_media":10187,"comment_status":"open","ping_status":"open","sticky":false,"template":"","format":"standard","meta":{"content-type":"","_monsterinsights_skip_tracking":false,"pgc_sgb_lightbox_settings":"","footnotes":""},"categories":[129],"tags":[],"class_list":["post-10186","post","type-post","status-publish","format-standard","has-post-thumbnail","hentry","category-seguridad-vial"],"yoast_head":"<!-- This site is optimized with the Yoast SEO plugin v28.4 - https:\/\/yoast.com\/product\/yoast-seo-wordpress\/ -->\n<title>Separador de carril bici fotoluminiscente: seguridad y sostenibilidad urbana - Abadecom<\/title>\n<meta name=\"description\" content=\"Descubre el separador de carril bici fotoluminiscente de Abadecom Urban: visibilidad nocturna, instalaci\u00f3n r\u00e1pida y m\u00e1xima seguridad vial.\" \/>\n<meta name=\"robots\" content=\"index, follow, max-snippet:-1, max-image-preview:large, max-video-preview:-1\" \/>\n<link rel=\"canonical\" href=\"https:\/\/abadecom.com\/fr\/separateur-de-piste-cyclable-photoluminescent-securite-et-durabilite-urbaine\/\" \/>\n<meta property=\"og:locale\" content=\"fr_FR\" \/>\n<meta property=\"og:type\" content=\"article\" \/>\n<meta property=\"og:title\" content=\"Separador de carril bici fotoluminiscente: seguridad y sostenibilidad urbana - Abadecom\" \/>\n<meta property=\"og:description\" content=\"Descubre el separador de carril bici fotoluminiscente de Abadecom Urban: visibilidad nocturna, instalaci\u00f3n r\u00e1pida y m\u00e1xima seguridad vial.\" \/>\n<meta property=\"og:url\" content=\"https:\/\/abadecom.com\/fr\/separateur-de-piste-cyclable-photoluminescent-securite-et-durabilite-urbaine\/\" \/>\n<meta property=\"og:site_name\" content=\"Abadecom\" \/>\n<meta property=\"article:published_time\" content=\"2026-04-28T12:11:26+00:00\" \/>\n<meta property=\"article:modified_time\" content=\"2026-05-07T13:27:55+00:00\" \/>\n<meta property=\"og:image\" content=\"https:\/\/abadecom.com\/wp-content\/uploads\/2026\/04\/separador-carril-bici-abadecom-scaled.jpg\" \/>\n\t<meta property=\"og:image:width\" content=\"2560\" \/>\n\t<meta property=\"og:image:height\" content=\"1920\" \/>\n\t<meta property=\"og:image:type\" content=\"image\/jpeg\" \/>\n<meta name=\"author\" content=\"AdminAabadeco\" \/>\n<meta name=\"twitter:card\" content=\"summary_large_image\" \/>\n<meta name=\"twitter:label1\" content=\"\u00c9crit par\" \/>\n\t<meta name=\"twitter:data1\" content=\"AdminAabadeco\" \/>\n\t<meta name=\"twitter:label2\" content=\"Dur\u00e9e de lecture estim\u00e9e\" \/>\n\t<meta name=\"twitter:data2\" content=\"4 minutes\" \/>\n<script type=\"application\/ld+json\" class=\"yoast-schema-graph\">{\"@context\":\"https:\\\/\\\/schema.org\",\"@graph\":[{\"@type\":\"Article\",\"@id\":\"https:\\\/\\\/abadecom.com\\\/separador-de-carril-bici-fotoluminiscente-seguridad-y-sostenibilidad-urbana\\\/#article\",\"isPartOf\":{\"@id\":\"https:\\\/\\\/abadecom.com\\\/separador-de-carril-bici-fotoluminiscente-seguridad-y-sostenibilidad-urbana\\\/\"},\"author\":{\"name\":\"AdminAabadeco\",\"@id\":\"https:\\\/\\\/abadecom.com\\\/#\\\/schema\\\/person\\\/477a7cc0ed6c040d67343c7a3fda930b\"},\"headline\":\"Separador de carril bici fotoluminiscente: seguridad y sostenibilidad urbana\",\"datePublished\":\"2026-04-28T12:11:26+00:00\",\"dateModified\":\"2026-05-07T13:27:55+00:00\",\"mainEntityOfPage\":{\"@id\":\"https:\\\/\\\/abadecom.com\\\/separador-de-carril-bici-fotoluminiscente-seguridad-y-sostenibilidad-urbana\\\/\"},\"wordCount\":707,\"commentCount\":0,\"publisher\":{\"@id\":\"https:\\\/\\\/abadecom.com\\\/#organization\"},\"image\":{\"@id\":\"https:\\\/\\\/abadecom.com\\\/separador-de-carril-bici-fotoluminiscente-seguridad-y-sostenibilidad-urbana\\\/#primaryimage\"},\"thumbnailUrl\":\"https:\\\/\\\/abadecom.com\\\/wp-content\\\/uploads\\\/2026\\\/04\\\/separador-carril-bici-abadecom-scaled.jpg\",\"articleSection\":[\"Seguridad Vial\"],\"inLanguage\":\"fr-FR\",\"potentialAction\":[{\"@type\":\"CommentAction\",\"name\":\"Comment\",\"target\":[\"https:\\\/\\\/abadecom.com\\\/separador-de-carril-bici-fotoluminiscente-seguridad-y-sostenibilidad-urbana\\\/#respond\"]}]},{\"@type\":\"WebPage\",\"@id\":\"https:\\\/\\\/abadecom.com\\\/separador-de-carril-bici-fotoluminiscente-seguridad-y-sostenibilidad-urbana\\\/\",\"url\":\"https:\\\/\\\/abadecom.com\\\/separador-de-carril-bici-fotoluminiscente-seguridad-y-sostenibilidad-urbana\\\/\",\"name\":\"Separador de carril bici fotoluminiscente: seguridad y sostenibilidad urbana - Abadecom\",\"isPartOf\":{\"@id\":\"https:\\\/\\\/abadecom.com\\\/#website\"},\"primaryImageOfPage\":{\"@id\":\"https:\\\/\\\/abadecom.com\\\/separador-de-carril-bici-fotoluminiscente-seguridad-y-sostenibilidad-urbana\\\/#primaryimage\"},\"image\":{\"@id\":\"https:\\\/\\\/abadecom.com\\\/separador-de-carril-bici-fotoluminiscente-seguridad-y-sostenibilidad-urbana\\\/#primaryimage\"},\"thumbnailUrl\":\"https:\\\/\\\/abadecom.com\\\/wp-content\\\/uploads\\\/2026\\\/04\\\/separador-carril-bici-abadecom-scaled.jpg\",\"datePublished\":\"2026-04-28T12:11:26+00:00\",\"dateModified\":\"2026-05-07T13:27:55+00:00\",\"description\":\"Descubre el separador de carril bici fotoluminiscente de Abadecom Urban: visibilidad nocturna, instalaci\u00f3n r\u00e1pida y m\u00e1xima seguridad vial.\",\"inLanguage\":\"fr-FR\",\"potentialAction\":[{\"@type\":\"ReadAction\",\"target\":[\"https:\\\/\\\/abadecom.com\\\/separador-de-carril-bici-fotoluminiscente-seguridad-y-sostenibilidad-urbana\\\/\"]}]},{\"@type\":\"ImageObject\",\"inLanguage\":\"fr-FR\",\"@id\":\"https:\\\/\\\/abadecom.com\\\/separador-de-carril-bici-fotoluminiscente-seguridad-y-sostenibilidad-urbana\\\/#primaryimage\",\"url\":\"https:\\\/\\\/abadecom.com\\\/wp-content\\\/uploads\\\/2026\\\/04\\\/separador-carril-bici-abadecom-scaled.jpg\",\"contentUrl\":\"https:\\\/\\\/abadecom.com\\\/wp-content\\\/uploads\\\/2026\\\/04\\\/separador-carril-bici-abadecom-scaled.jpg\",\"width\":2560,\"height\":1920},{\"@type\":\"WebSite\",\"@id\":\"https:\\\/\\\/abadecom.com\\\/#website\",\"url\":\"https:\\\/\\\/abadecom.com\\\/\",\"name\":\"Abadecom\",\"description\":\"Productos sostenibles y respetuosos con el medio ambiente\",\"publisher\":{\"@id\":\"https:\\\/\\\/abadecom.com\\\/#organization\"},\"alternateName\":\"Abadecom\",\"potentialAction\":[{\"@type\":\"SearchAction\",\"target\":{\"@type\":\"EntryPoint\",\"urlTemplate\":\"https:\\\/\\\/abadecom.com\\\/?s={search_term_string}\"},\"query-input\":{\"@type\":\"PropertyValueSpecification\",\"valueRequired\":true,\"valueName\":\"search_term_string\"}}],\"inLanguage\":\"fr-FR\"},{\"@type\":\"Organization\",\"@id\":\"https:\\\/\\\/abadecom.com\\\/#organization\",\"name\":\"Abadecom\",\"url\":\"https:\\\/\\\/abadecom.com\\\/\",\"logo\":{\"@type\":\"ImageObject\",\"inLanguage\":\"fr-FR\",\"@id\":\"https:\\\/\\\/abadecom.com\\\/#\\\/schema\\\/logo\\\/image\\\/\",\"url\":\"https:\\\/\\\/abadecom.com\\\/wp-content\\\/uploads\\\/2022\\\/03\\\/Logo-Abadecom-e1647715158799.png\",\"contentUrl\":\"https:\\\/\\\/abadecom.com\\\/wp-content\\\/uploads\\\/2022\\\/03\\\/Logo-Abadecom-e1647715158799.png\",\"width\":200,\"height\":117,\"caption\":\"Abadecom\"},\"image\":{\"@id\":\"https:\\\/\\\/abadecom.com\\\/#\\\/schema\\\/logo\\\/image\\\/\"}},{\"@type\":\"Person\",\"@id\":\"https:\\\/\\\/abadecom.com\\\/#\\\/schema\\\/person\\\/477a7cc0ed6c040d67343c7a3fda930b\",\"name\":\"AdminAabadeco\",\"image\":{\"@type\":\"ImageObject\",\"inLanguage\":\"fr-FR\",\"@id\":\"https:\\\/\\\/secure.gravatar.com\\\/avatar\\\/2630c0cee03e7f483e5ca41ec6649375f24ca272e920f8386983684762e36487?s=96&d=mm&r=g\",\"url\":\"https:\\\/\\\/secure.gravatar.com\\\/avatar\\\/2630c0cee03e7f483e5ca41ec6649375f24ca272e920f8386983684762e36487?s=96&d=mm&r=g\",\"contentUrl\":\"https:\\\/\\\/secure.gravatar.com\\\/avatar\\\/2630c0cee03e7f483e5ca41ec6649375f24ca272e920f8386983684762e36487?s=96&d=mm&r=g\",\"caption\":\"AdminAabadeco\"},\"sameAs\":[\"https:\\\/\\\/abadecom.com\"],\"url\":\"https:\\\/\\\/abadecom.com\\\/fr\\\/author\\\/adminaabadeco\\\/\"}]}<\/script>\n<!-- \/ Yoast SEO plugin. -->","yoast_head_json":{"title":"S\u00e9parateur de piste cyclable photoluminescent : s\u00e9curit\u00e9 et durabilit\u00e9 urbaine - Abadecom","description":"D\u00e9couvrez le s\u00e9parateur de piste cyclable photoluminescent d'Abadecom Urban : visibilit\u00e9 nocturne, installation rapide et s\u00e9curit\u00e9 routi\u00e8re maximale.","robots":{"index":"index","follow":"follow","max-snippet":"max-snippet:-1","max-image-preview":"max-image-preview:large","max-video-preview":"max-video-preview:-1"},"canonical":"https:\/\/abadecom.com\/fr\/separateur-de-piste-cyclable-photoluminescent-securite-et-durabilite-urbaine\/","og_locale":"fr_FR","og_type":"article","og_title":"Separador de carril bici fotoluminiscente: seguridad y sostenibilidad urbana - Abadecom","og_description":"Descubre el separador de carril bici fotoluminiscente de Abadecom Urban: visibilidad nocturna, instalaci\u00f3n r\u00e1pida y m\u00e1xima seguridad vial.","og_url":"https:\/\/abadecom.com\/fr\/separateur-de-piste-cyclable-photoluminescent-securite-et-durabilite-urbaine\/","og_site_name":"Abadecom","article_published_time":"2026-04-28T12:11:26+00:00","article_modified_time":"2026-05-07T13:27:55+00:00","og_image":[{"width":2560,"height":1920,"url":"https:\/\/abadecom.com\/wp-content\/uploads\/2026\/04\/separador-carril-bici-abadecom-scaled.jpg","type":"image\/jpeg"}],"author":"AdminAabadeco","twitter_card":"summary_large_image","twitter_misc":{"\u00c9crit par":"AdminAabadeco","Dur\u00e9e de lecture estim\u00e9e":"4 minutes"},"schema":{"@context":"https:\/\/schema.org","@graph":[{"@type":"Article","@id":"https:\/\/abadecom.com\/separador-de-carril-bici-fotoluminiscente-seguridad-y-sostenibilidad-urbana\/#article","isPartOf":{"@id":"https:\/\/abadecom.com\/separador-de-carril-bici-fotoluminiscente-seguridad-y-sostenibilidad-urbana\/"},"author":{"name":"AdminAabadeco","@id":"https:\/\/abadecom.com\/#\/schema\/person\/477a7cc0ed6c040d67343c7a3fda930b"},"headline":"Separador de carril bici fotoluminiscente: seguridad y sostenibilidad urbana","datePublished":"2026-04-28T12:11:26+00:00","dateModified":"2026-05-07T13:27:55+00:00","mainEntityOfPage":{"@id":"https:\/\/abadecom.com\/separador-de-carril-bici-fotoluminiscente-seguridad-y-sostenibilidad-urbana\/"},"wordCount":707,"commentCount":0,"publisher":{"@id":"https:\/\/abadecom.com\/#organization"},"image":{"@id":"https:\/\/abadecom.com\/separador-de-carril-bici-fotoluminiscente-seguridad-y-sostenibilidad-urbana\/#primaryimage"},"thumbnailUrl":"https:\/\/abadecom.com\/wp-content\/uploads\/2026\/04\/separador-carril-bici-abadecom-scaled.jpg","articleSection":["Seguridad Vial"],"inLanguage":"fr-FR","potentialAction":[{"@type":"CommentAction","name":"Comment","target":["https:\/\/abadecom.com\/separador-de-carril-bici-fotoluminiscente-seguridad-y-sostenibilidad-urbana\/#respond"]}]},{"@type":"WebPage","@id":"https:\/\/abadecom.com\/separador-de-carril-bici-fotoluminiscente-seguridad-y-sostenibilidad-urbana\/","url":"https:\/\/abadecom.com\/separador-de-carril-bici-fotoluminiscente-seguridad-y-sostenibilidad-urbana\/","name":"S\u00e9parateur de piste cyclable photoluminescent : s\u00e9curit\u00e9 et durabilit\u00e9 urbaine - Abadecom","isPartOf":{"@id":"https:\/\/abadecom.com\/#website"},"primaryImageOfPage":{"@id":"https:\/\/abadecom.com\/separador-de-carril-bici-fotoluminiscente-seguridad-y-sostenibilidad-urbana\/#primaryimage"},"image":{"@id":"https:\/\/abadecom.com\/separador-de-carril-bici-fotoluminiscente-seguridad-y-sostenibilidad-urbana\/#primaryimage"},"thumbnailUrl":"https:\/\/abadecom.com\/wp-content\/uploads\/2026\/04\/separador-carril-bici-abadecom-scaled.jpg","datePublished":"2026-04-28T12:11:26+00:00","dateModified":"2026-05-07T13:27:55+00:00","description":"D\u00e9couvrez le s\u00e9parateur de piste cyclable photoluminescent d'Abadecom Urban : visibilit\u00e9 nocturne, installation rapide et s\u00e9curit\u00e9 routi\u00e8re maximale.","inLanguage":"fr-FR","potentialAction":[{"@type":"ReadAction","target":["https:\/\/abadecom.com\/separador-de-carril-bici-fotoluminiscente-seguridad-y-sostenibilidad-urbana\/"]}]},{"@type":"ImageObject","inLanguage":"fr-FR","@id":"https:\/\/abadecom.com\/separador-de-carril-bici-fotoluminiscente-seguridad-y-sostenibilidad-urbana\/#primaryimage","url":"https:\/\/abadecom.com\/wp-content\/uploads\/2026\/04\/separador-carril-bici-abadecom-scaled.jpg","contentUrl":"https:\/\/abadecom.com\/wp-content\/uploads\/2026\/04\/separador-carril-bici-abadecom-scaled.jpg","width":2560,"height":1920},{"@type":"WebSite","@id":"https:\/\/abadecom.com\/#website","url":"https:\/\/abadecom.com\/","name":"Abadecom","description":"Produits durables et respectueux de l'environnement","publisher":{"@id":"https:\/\/abadecom.com\/#organization"},"alternateName":"Abadecom","potentialAction":[{"@type":"SearchAction","target":{"@type":"EntryPoint","urlTemplate":"https:\/\/abadecom.com\/?s={search_term_string}"},"query-input":{"@type":"PropertyValueSpecification","valueRequired":true,"valueName":"search_term_string"}}],"inLanguage":"fr-FR"},{"@type":"Organization","@id":"https:\/\/abadecom.com\/#organization","name":"Abadecom","url":"https:\/\/abadecom.com\/","logo":{"@type":"ImageObject","inLanguage":"fr-FR","@id":"https:\/\/abadecom.com\/#\/schema\/logo\/image\/","url":"https:\/\/abadecom.com\/wp-content\/uploads\/2022\/03\/Logo-Abadecom-e1647715158799.png","contentUrl":"https:\/\/abadecom.com\/wp-content\/uploads\/2022\/03\/Logo-Abadecom-e1647715158799.png","width":200,"height":117,"caption":"Abadecom"},"image":{"@id":"https:\/\/abadecom.com\/#\/schema\/logo\/image\/"}},{"@type":"Person","@id":"https:\/\/abadecom.com\/#\/schema\/person\/477a7cc0ed6c040d67343c7a3fda930b","name":"AdminAabadeco","image":{"@type":"ImageObject","inLanguage":"fr-FR","@id":"https:\/\/secure.gravatar.com\/avatar\/2630c0cee03e7f483e5ca41ec6649375f24ca272e920f8386983684762e36487?s=96&d=mm&r=g","url":"https:\/\/secure.gravatar.com\/avatar\/2630c0cee03e7f483e5ca41ec6649375f24ca272e920f8386983684762e36487?s=96&d=mm&r=g","contentUrl":"https:\/\/secure.gravatar.com\/avatar\/2630c0cee03e7f483e5ca41ec6649375f24ca272e920f8386983684762e36487?s=96&d=mm&r=g","caption":"AdminAabadeco"},"sameAs":["https:\/\/abadecom.com"],"url":"https:\/\/abadecom.com\/fr\/author\/adminaabadeco\/"}]}},"_links":{"self":[{"href":"https:\/\/abadecom.com\/fr\/wp-json\/wp\/v2\/posts\/10186","targetHints":{"allow":["GET"]}}],"collection":[{"href":"https:\/\/abadecom.com\/fr\/wp-json\/wp\/v2\/posts"}],"about":[{"href":"https:\/\/abadecom.com\/fr\/wp-json\/wp\/v2\/types\/post"}],"author":[{"embeddable":true,"href":"https:\/\/abadecom.com\/fr\/wp-json\/wp\/v2\/users\/1"}],"replies":[{"embeddable":true,"href":"https:\/\/abadecom.com\/fr\/wp-json\/wp\/v2\/comments?post=10186"}],"version-history":[{"count":1,"href":"https:\/\/abadecom.com\/fr\/wp-json\/wp\/v2\/posts\/10186\/revisions"}],"predecessor-version":[{"id":10188,"href":"https:\/\/abadecom.com\/fr\/wp-json\/wp\/v2\/posts\/10186\/revisions\/10188"}],"wp:featuredmedia":[{"embeddable":true,"href":"https:\/\/abadecom.com\/fr\/wp-json\/wp\/v2\/media\/10187"}],"wp:attachment":[{"href":"https:\/\/abadecom.com\/fr\/wp-json\/wp\/v2\/media?parent=10186"}],"wp:term":[{"taxonomy":"category","embeddable":true,"href":"https:\/\/abadecom.com\/fr\/wp-json\/wp\/v2\/categories?post=10186"},{"taxonomy":"post_tag","embeddable":true,"href":"https:\/\/abadecom.com\/fr\/wp-json\/wp\/v2\/tags?post=10186"}],"curies":[{"name":"wp","href":"https:\/\/api.w.org\/{rel}","templated":true}]}}