{"id":10181,"date":"2026-04-22T10:14:06","date_gmt":"2026-04-22T10:14:06","guid":{"rendered":"https:\/\/abadecom.com\/?p=10181"},"modified":"2026-05-07T13:34:05","modified_gmt":"2026-05-07T13:34:05","slug":"litolux-de-abadecom-en-el-faro-de-cabo-mayor-el-arido-fotoluminiscente-que-transforma-espacios","status":"publish","type":"post","link":"https:\/\/abadecom.com\/fr\/litolux-de-abadecom-en-el-faro-de-cabo-mayor-el-arido-fotoluminiscente-que-transforma-espacios\/","title":{"rendered":"Litolux de Abadecom en el Faro de Cabo Mayor: el \u00e1rido fotoluminiscente que transforma espacios"},"content":{"rendered":"\n<p class=\"wp-block-paragraph\">Hay proyectos que no solo transforman un espacio, sino que tambi\u00e9n elevan su identidad. Eso es exactamente lo que ocurre en el entorno del Faro de Cabo Mayor, en Santander, uno de los enclaves m\u00e1s emblem\u00e1ticos de la costa c\u00e1ntabra, donde el \u00e1rido fotoluminiscente <strong><a href=\"https:\/\/abadecom.com\/arido-fotoluminiscente\/\">Litolux<\/a><\/strong> de Abadecom Urban se ha incorporado a una actuaci\u00f3n de reestructuraci\u00f3n con un objetivo claro: aportar valor est\u00e9tico, mejorar la percepci\u00f3n nocturna del espacio y reforzar su car\u00e1cter diferencial. El Faro de Cabo Mayor, que preside la entrada a la bah\u00eda de Santander, es hoy uno de los lugares m\u00e1s representativos para ciudadanos y visitantes, lo que convierte esta intervenci\u00f3n en un escaparate excepcional para una soluci\u00f3n innovadora y visualmente impactante.<\/p>\n\n\n<style>.wp-block-kadence-advancedheading.kt-adv-heading10181_6c7b47-b8, .wp-block-kadence-advancedheading.kt-adv-heading10181_6c7b47-b8[data-kb-block=\"kb-adv-heading10181_6c7b47-b8\"]{font-style:normal;}.wp-block-kadence-advancedheading.kt-adv-heading10181_6c7b47-b8 mark.kt-highlight, .wp-block-kadence-advancedheading.kt-adv-heading10181_6c7b47-b8[data-kb-block=\"kb-adv-heading10181_6c7b47-b8\"] mark.kt-highlight{font-style:normal;color:#f76a0c;-webkit-box-decoration-break:clone;box-decoration-break:clone;padding-top:0px;padding-right:0px;padding-bottom:0px;padding-left:0px;}.wp-block-kadence-advancedheading.kt-adv-heading10181_6c7b47-b8 img.kb-inline-image, .wp-block-kadence-advancedheading.kt-adv-heading10181_6c7b47-b8[data-kb-block=\"kb-adv-heading10181_6c7b47-b8\"] img.kb-inline-image{width:150px;vertical-align:baseline;}<\/style>\n<h2 class=\"kt-adv-heading10181_6c7b47-b8 wp-block-kadence-advancedheading\" data-kb-block=\"kb-adv-heading10181_6c7b47-b8\"><strong>Un \u00e1rido fotoluminiscente pensado para destacar de noche<\/strong><\/h2>\n\n\n\n<p class=\"wp-block-paragraph\">Litolux no es un acabado convencional. Es un \u00e1rido fotoluminiscente formulado para captar luz solar o artificial durante el d\u00eda y emitirla en la oscuridad durante m\u00e1s de 12 horas. Adem\u00e1s, es resistente al agua y a los rayos UV, por lo que resulta especialmente adecuado para exteriores y para proyectos expuestos a condiciones ambientales exigentes. Puede incorporarse tanto en pavimento continuo ejecutado in situ mediante espolvoreo sobre hormig\u00f3n fresco como en piezas prefabricadas en su capa m\u00e1s superficial, lo que lo convierte en una soluci\u00f3n muy vers\u00e1til para obra nueva y rehabilitaci\u00f3n.<\/p>\n\n\n<style>.wp-block-kadence-advancedheading.kt-adv-heading10181_a94543-a8, .wp-block-kadence-advancedheading.kt-adv-heading10181_a94543-a8[data-kb-block=\"kb-adv-heading10181_a94543-a8\"]{font-style:normal;}.wp-block-kadence-advancedheading.kt-adv-heading10181_a94543-a8 mark.kt-highlight, .wp-block-kadence-advancedheading.kt-adv-heading10181_a94543-a8[data-kb-block=\"kb-adv-heading10181_a94543-a8\"] mark.kt-highlight{font-style:normal;color:#f76a0c;-webkit-box-decoration-break:clone;box-decoration-break:clone;padding-top:0px;padding-right:0px;padding-bottom:0px;padding-left:0px;}.wp-block-kadence-advancedheading.kt-adv-heading10181_a94543-a8 img.kb-inline-image, .wp-block-kadence-advancedheading.kt-adv-heading10181_a94543-a8[data-kb-block=\"kb-adv-heading10181_a94543-a8\"] img.kb-inline-image{width:150px;vertical-align:baseline;}<\/style>\n<h2 class=\"kt-adv-heading10181_a94543-a8 wp-block-kadence-advancedheading\" data-kb-block=\"kb-adv-heading10181_a94543-a8\"><strong>Cabo Mayor: cuando la innovaci\u00f3n se integra en el paisaje<\/strong><\/h2>\n\n\n\n<p class=\"wp-block-paragraph\">La incorporaci\u00f3n de Litolux en el Faro de Cabo Mayor demuestra que la innovaci\u00f3n urbana puede convivir con enclaves paisaj\u00edsticos de enorme valor. En un lugar donde el mar, los acantilados y la arquitectura hist\u00f3rica generan una experiencia visual \u00fanica, este \u00e1rido a\u00f1ade una dimensi\u00f3n contempor\u00e1nea, elegante y funcional. No se trata solo de \u201cdecorar\u201d: se trata de crear recorridos, resaltar zonas, aportar orientaci\u00f3n nocturna y convertir el pavimento en un elemento activo del dise\u00f1o del espacio. Precisamente por eso, la actuaci\u00f3n en Cabo Mayor resulta tan significativa: valida a Litolux como una soluci\u00f3n apta para ubicaciones ic\u00f3nicas donde el acabado final debe estar a la altura del entorno.<\/p>\n\n\n<style>.wp-block-kadence-advancedheading.kt-adv-heading10181_28fcaf-48, .wp-block-kadence-advancedheading.kt-adv-heading10181_28fcaf-48[data-kb-block=\"kb-adv-heading10181_28fcaf-48\"]{font-style:normal;}.wp-block-kadence-advancedheading.kt-adv-heading10181_28fcaf-48 mark.kt-highlight, .wp-block-kadence-advancedheading.kt-adv-heading10181_28fcaf-48[data-kb-block=\"kb-adv-heading10181_28fcaf-48\"] mark.kt-highlight{font-style:normal;color:#f76a0c;-webkit-box-decoration-break:clone;box-decoration-break:clone;padding-top:0px;padding-right:0px;padding-bottom:0px;padding-left:0px;}.wp-block-kadence-advancedheading.kt-adv-heading10181_28fcaf-48 img.kb-inline-image, .wp-block-kadence-advancedheading.kt-adv-heading10181_28fcaf-48[data-kb-block=\"kb-adv-heading10181_28fcaf-48\"] img.kb-inline-image{width:150px;vertical-align:baseline;}<\/style>\n<h2 class=\"kt-adv-heading10181_28fcaf-48 wp-block-kadence-advancedheading\" data-kb-block=\"kb-adv-heading10181_28fcaf-48\"><strong>Cada vez m\u00e1s proyectos est\u00e1n incorporando este tipo de soluci\u00f3n<\/strong><\/h2>\n\n\n\n<p class=\"wp-block-paragraph\">Se est\u00e1n llevando a cabo nuevas implantaciones del \u00e1rido fotoluminiscente de Abadecom en obras del litoral alicantino y en distintos puntos del norte peninsular, se\u00f1alando adem\u00e1s que el producto ya se ha utilizado en diversos proyectos, con m\u00e1s de una tonelada aplicada en conjunto. Esta expansi\u00f3n confirma una tendencia clara: cada vez m\u00e1s espacios p\u00fablicos y proyectos paisaj\u00edsticos buscan materiales que combinen <strong>seguridad, diferenciaci\u00f3n est\u00e9tica y eficiencia energ\u00e9tica<\/strong>.<\/p>\n\n\n\n<p class=\"wp-block-paragraph\">Y no es dif\u00edcil entender por qu\u00e9, permite crear itinerarios luminosos, reforzar la visibilidad en zonas de paso, mejorar la orientaci\u00f3n en \u00e1reas con baja iluminaci\u00f3n y, al mismo tiempo, ofrecer un acabado sorprendente que capta la atenci\u00f3n del usuario y revaloriza el proyecto. En jardines, zonas comunes, spas, paisajes, v\u00edas verdes y pavimentos de dise\u00f1o, su aplicaci\u00f3n abre nuevas posibilidades para arquitectos, constructoras, paisajistas, ayuntamientos y promotores que quieren ir un paso m\u00e1s all\u00e1.<\/p>\n\n\n\n<p class=\"wp-block-paragraph\"><strong>Si quieres que tu obra tambi\u00e9n deje huella, <a href=\"https:\/\/abadecom.com\/contacto\/\">solicita informaci\u00f3n<\/a> y descubre c\u00f3mo incorporar Litolux en tu obra con Abadecom Urban.<\/strong><\/p>\n","protected":false},"excerpt":{"rendered":"<p>Hay proyectos que no solo transforman un espacio, sino que tambi\u00e9n elevan su identidad. Eso es exactamente lo que ocurre en el entorno del Faro de Cabo Mayor, en Santander, uno de los enclaves m\u00e1s emblem\u00e1ticos de la costa c\u00e1ntabra, donde el \u00e1rido fotoluminiscente Litolux de Abadecom Urban se ha incorporado a una actuaci\u00f3n de [&#8230;]<\/p>\n<p><a class=\"btn btn-secondary understrap-read-more-link\" href=\"https:\/\/abadecom.com\/fr\/litolux-de-abadecom-en-el-faro-de-cabo-mayor-el-arido-fotoluminiscente-que-transforma-espacios\/\">Lire la suite\u2026<span class=\"screen-reader-text\"> from Litolux de Abadecom en el Faro de Cabo Mayor: el \u00e1rido fotoluminiscente que transforma espacios<\/span><\/a><\/p>\n","protected":false},"author":1,"featured_media":10182,"comment_status":"open","ping_status":"open","sticky":false,"template":"","format":"standard","meta":{"content-type":"","_monsterinsights_skip_tracking":false,"pgc_sgb_lightbox_settings":"","footnotes":""},"categories":[130],"tags":[],"class_list":["post-10181","post","type-post","status-publish","format-standard","has-post-thumbnail","hentry","category-fotoluminiscentes"],"yoast_head":"<!-- This site is optimized with the Yoast SEO plugin v28.4 - https:\/\/yoast.com\/product\/yoast-seo-wordpress\/ -->\n<title>Litolux de Abadecom en el Faro de Cabo Mayor: el \u00e1rido fotoluminiscente que transforma espacios - Abadecom<\/title>\n<meta name=\"description\" content=\"Descubre c\u00f3mo el \u00e1rido fotoluminiscente de Abadecom, se ha incorporado en el Faro de Cabo Mayor y por qu\u00e9 cada vez m\u00e1s proyectos lo integran.\" \/>\n<meta name=\"robots\" content=\"index, follow, max-snippet:-1, max-image-preview:large, max-video-preview:-1\" \/>\n<link rel=\"canonical\" href=\"https:\/\/abadecom.com\/fr\/litolux-de-abadecom-en-el-faro-de-cabo-mayor-el-arido-fotoluminiscente-que-transforma-espacios\/\" \/>\n<meta property=\"og:locale\" content=\"fr_FR\" \/>\n<meta property=\"og:type\" content=\"article\" \/>\n<meta property=\"og:title\" content=\"Litolux de Abadecom en el Faro de Cabo Mayor: el \u00e1rido fotoluminiscente que transforma espacios - Abadecom\" \/>\n<meta property=\"og:description\" content=\"Descubre c\u00f3mo el \u00e1rido fotoluminiscente de Abadecom, se ha incorporado en el Faro de Cabo Mayor y por qu\u00e9 cada vez m\u00e1s proyectos lo integran.\" \/>\n<meta property=\"og:url\" content=\"https:\/\/abadecom.com\/fr\/litolux-de-abadecom-en-el-faro-de-cabo-mayor-el-arido-fotoluminiscente-que-transforma-espacios\/\" \/>\n<meta property=\"og:site_name\" content=\"Abadecom\" \/>\n<meta property=\"article:published_time\" content=\"2026-04-22T10:14:06+00:00\" \/>\n<meta property=\"article:modified_time\" content=\"2026-05-07T13:34:05+00:00\" \/>\n<meta property=\"og:image\" content=\"https:\/\/abadecom.com\/wp-content\/uploads\/2026\/04\/Post-Instagram-Fotografia-profesional-minimalista-negro-.png\" \/>\n\t<meta property=\"og:image:width\" content=\"1080\" \/>\n\t<meta property=\"og:image:height\" content=\"1350\" \/>\n\t<meta property=\"og:image:type\" content=\"image\/png\" \/>\n<meta name=\"author\" content=\"AdminAabadeco\" \/>\n<meta name=\"twitter:card\" content=\"summary_large_image\" \/>\n<meta name=\"twitter:label1\" content=\"\u00c9crit par\" \/>\n\t<meta name=\"twitter:data1\" content=\"AdminAabadeco\" \/>\n\t<meta name=\"twitter:label2\" content=\"Dur\u00e9e de lecture estim\u00e9e\" \/>\n\t<meta name=\"twitter:data2\" content=\"3 minutes\" \/>\n<script type=\"application\/ld+json\" class=\"yoast-schema-graph\">{\"@context\":\"https:\\\/\\\/schema.org\",\"@graph\":[{\"@type\":\"Article\",\"@id\":\"https:\\\/\\\/abadecom.com\\\/litolux-de-abadecom-en-el-faro-de-cabo-mayor-el-arido-fotoluminiscente-que-transforma-espacios\\\/#article\",\"isPartOf\":{\"@id\":\"https:\\\/\\\/abadecom.com\\\/litolux-de-abadecom-en-el-faro-de-cabo-mayor-el-arido-fotoluminiscente-que-transforma-espacios\\\/\"},\"author\":{\"name\":\"AdminAabadeco\",\"@id\":\"https:\\\/\\\/abadecom.com\\\/#\\\/schema\\\/person\\\/477a7cc0ed6c040d67343c7a3fda930b\"},\"headline\":\"Litolux de Abadecom en el Faro de Cabo Mayor: el \u00e1rido fotoluminiscente que transforma espacios\",\"datePublished\":\"2026-04-22T10:14:06+00:00\",\"dateModified\":\"2026-05-07T13:34:05+00:00\",\"mainEntityOfPage\":{\"@id\":\"https:\\\/\\\/abadecom.com\\\/litolux-de-abadecom-en-el-faro-de-cabo-mayor-el-arido-fotoluminiscente-que-transforma-espacios\\\/\"},\"wordCount\":583,\"commentCount\":0,\"publisher\":{\"@id\":\"https:\\\/\\\/abadecom.com\\\/#organization\"},\"image\":{\"@id\":\"https:\\\/\\\/abadecom.com\\\/litolux-de-abadecom-en-el-faro-de-cabo-mayor-el-arido-fotoluminiscente-que-transforma-espacios\\\/#primaryimage\"},\"thumbnailUrl\":\"https:\\\/\\\/abadecom.com\\\/wp-content\\\/uploads\\\/2026\\\/04\\\/Post-Instagram-Fotografia-profesional-minimalista-negro-.png\",\"articleSection\":[\"Fotoluminiscentes\"],\"inLanguage\":\"fr-FR\",\"potentialAction\":[{\"@type\":\"CommentAction\",\"name\":\"Comment\",\"target\":[\"https:\\\/\\\/abadecom.com\\\/litolux-de-abadecom-en-el-faro-de-cabo-mayor-el-arido-fotoluminiscente-que-transforma-espacios\\\/#respond\"]}]},{\"@type\":\"WebPage\",\"@id\":\"https:\\\/\\\/abadecom.com\\\/litolux-de-abadecom-en-el-faro-de-cabo-mayor-el-arido-fotoluminiscente-que-transforma-espacios\\\/\",\"url\":\"https:\\\/\\\/abadecom.com\\\/litolux-de-abadecom-en-el-faro-de-cabo-mayor-el-arido-fotoluminiscente-que-transforma-espacios\\\/\",\"name\":\"Litolux de Abadecom en el Faro de Cabo Mayor: el \u00e1rido fotoluminiscente que transforma espacios - Abadecom\",\"isPartOf\":{\"@id\":\"https:\\\/\\\/abadecom.com\\\/#website\"},\"primaryImageOfPage\":{\"@id\":\"https:\\\/\\\/abadecom.com\\\/litolux-de-abadecom-en-el-faro-de-cabo-mayor-el-arido-fotoluminiscente-que-transforma-espacios\\\/#primaryimage\"},\"image\":{\"@id\":\"https:\\\/\\\/abadecom.com\\\/litolux-de-abadecom-en-el-faro-de-cabo-mayor-el-arido-fotoluminiscente-que-transforma-espacios\\\/#primaryimage\"},\"thumbnailUrl\":\"https:\\\/\\\/abadecom.com\\\/wp-content\\\/uploads\\\/2026\\\/04\\\/Post-Instagram-Fotografia-profesional-minimalista-negro-.png\",\"datePublished\":\"2026-04-22T10:14:06+00:00\",\"dateModified\":\"2026-05-07T13:34:05+00:00\",\"description\":\"Descubre c\u00f3mo el \u00e1rido fotoluminiscente de Abadecom, se ha incorporado en el Faro de Cabo Mayor y por qu\u00e9 cada vez m\u00e1s proyectos lo integran.\",\"inLanguage\":\"fr-FR\",\"potentialAction\":[{\"@type\":\"ReadAction\",\"target\":[\"https:\\\/\\\/abadecom.com\\\/litolux-de-abadecom-en-el-faro-de-cabo-mayor-el-arido-fotoluminiscente-que-transforma-espacios\\\/\"]}]},{\"@type\":\"ImageObject\",\"inLanguage\":\"fr-FR\",\"@id\":\"https:\\\/\\\/abadecom.com\\\/litolux-de-abadecom-en-el-faro-de-cabo-mayor-el-arido-fotoluminiscente-que-transforma-espacios\\\/#primaryimage\",\"url\":\"https:\\\/\\\/abadecom.com\\\/wp-content\\\/uploads\\\/2026\\\/04\\\/Post-Instagram-Fotografia-profesional-minimalista-negro-.png\",\"contentUrl\":\"https:\\\/\\\/abadecom.com\\\/wp-content\\\/uploads\\\/2026\\\/04\\\/Post-Instagram-Fotografia-profesional-minimalista-negro-.png\",\"width\":1080,\"height\":1350,\"caption\":\"\u00e1rido fotoluminiscente litolux\"},{\"@type\":\"WebSite\",\"@id\":\"https:\\\/\\\/abadecom.com\\\/#website\",\"url\":\"https:\\\/\\\/abadecom.com\\\/\",\"name\":\"Abadecom\",\"description\":\"Productos sostenibles y respetuosos con el medio ambiente\",\"publisher\":{\"@id\":\"https:\\\/\\\/abadecom.com\\\/#organization\"},\"alternateName\":\"Abadecom\",\"potentialAction\":[{\"@type\":\"SearchAction\",\"target\":{\"@type\":\"EntryPoint\",\"urlTemplate\":\"https:\\\/\\\/abadecom.com\\\/?s={search_term_string}\"},\"query-input\":{\"@type\":\"PropertyValueSpecification\",\"valueRequired\":true,\"valueName\":\"search_term_string\"}}],\"inLanguage\":\"fr-FR\"},{\"@type\":\"Organization\",\"@id\":\"https:\\\/\\\/abadecom.com\\\/#organization\",\"name\":\"Abadecom\",\"url\":\"https:\\\/\\\/abadecom.com\\\/\",\"logo\":{\"@type\":\"ImageObject\",\"inLanguage\":\"fr-FR\",\"@id\":\"https:\\\/\\\/abadecom.com\\\/#\\\/schema\\\/logo\\\/image\\\/\",\"url\":\"https:\\\/\\\/abadecom.com\\\/wp-content\\\/uploads\\\/2022\\\/03\\\/Logo-Abadecom-e1647715158799.png\",\"contentUrl\":\"https:\\\/\\\/abadecom.com\\\/wp-content\\\/uploads\\\/2022\\\/03\\\/Logo-Abadecom-e1647715158799.png\",\"width\":200,\"height\":117,\"caption\":\"Abadecom\"},\"image\":{\"@id\":\"https:\\\/\\\/abadecom.com\\\/#\\\/schema\\\/logo\\\/image\\\/\"}},{\"@type\":\"Person\",\"@id\":\"https:\\\/\\\/abadecom.com\\\/#\\\/schema\\\/person\\\/477a7cc0ed6c040d67343c7a3fda930b\",\"name\":\"AdminAabadeco\",\"image\":{\"@type\":\"ImageObject\",\"inLanguage\":\"fr-FR\",\"@id\":\"https:\\\/\\\/secure.gravatar.com\\\/avatar\\\/2630c0cee03e7f483e5ca41ec6649375f24ca272e920f8386983684762e36487?s=96&d=mm&r=g\",\"url\":\"https:\\\/\\\/secure.gravatar.com\\\/avatar\\\/2630c0cee03e7f483e5ca41ec6649375f24ca272e920f8386983684762e36487?s=96&d=mm&r=g\",\"contentUrl\":\"https:\\\/\\\/secure.gravatar.com\\\/avatar\\\/2630c0cee03e7f483e5ca41ec6649375f24ca272e920f8386983684762e36487?s=96&d=mm&r=g\",\"caption\":\"AdminAabadeco\"},\"sameAs\":[\"https:\\\/\\\/abadecom.com\"],\"url\":\"https:\\\/\\\/abadecom.com\\\/fr\\\/author\\\/adminaabadeco\\\/\"}]}<\/script>\n<!-- \/ Yoast SEO plugin. -->","yoast_head_json":{"title":"Litolux de Abadecom en el Faro de Cabo Mayor: el \u00e1rido fotoluminiscente que transforma espacios - Abadecom","description":"Descubre c\u00f3mo el \u00e1rido fotoluminiscente de Abadecom, se ha incorporado en el Faro de Cabo Mayor y por qu\u00e9 cada vez m\u00e1s proyectos lo integran.","robots":{"index":"index","follow":"follow","max-snippet":"max-snippet:-1","max-image-preview":"max-image-preview:large","max-video-preview":"max-video-preview:-1"},"canonical":"https:\/\/abadecom.com\/fr\/litolux-de-abadecom-en-el-faro-de-cabo-mayor-el-arido-fotoluminiscente-que-transforma-espacios\/","og_locale":"fr_FR","og_type":"article","og_title":"Litolux de Abadecom en el Faro de Cabo Mayor: el \u00e1rido fotoluminiscente que transforma espacios - Abadecom","og_description":"Descubre c\u00f3mo el \u00e1rido fotoluminiscente de Abadecom, se ha incorporado en el Faro de Cabo Mayor y por qu\u00e9 cada vez m\u00e1s proyectos lo integran.","og_url":"https:\/\/abadecom.com\/fr\/litolux-de-abadecom-en-el-faro-de-cabo-mayor-el-arido-fotoluminiscente-que-transforma-espacios\/","og_site_name":"Abadecom","article_published_time":"2026-04-22T10:14:06+00:00","article_modified_time":"2026-05-07T13:34:05+00:00","og_image":[{"width":1080,"height":1350,"url":"https:\/\/abadecom.com\/wp-content\/uploads\/2026\/04\/Post-Instagram-Fotografia-profesional-minimalista-negro-.png","type":"image\/png"}],"author":"AdminAabadeco","twitter_card":"summary_large_image","twitter_misc":{"\u00c9crit par":"AdminAabadeco","Dur\u00e9e de lecture estim\u00e9e":"3 minutes"},"schema":{"@context":"https:\/\/schema.org","@graph":[{"@type":"Article","@id":"https:\/\/abadecom.com\/litolux-de-abadecom-en-el-faro-de-cabo-mayor-el-arido-fotoluminiscente-que-transforma-espacios\/#article","isPartOf":{"@id":"https:\/\/abadecom.com\/litolux-de-abadecom-en-el-faro-de-cabo-mayor-el-arido-fotoluminiscente-que-transforma-espacios\/"},"author":{"name":"AdminAabadeco","@id":"https:\/\/abadecom.com\/#\/schema\/person\/477a7cc0ed6c040d67343c7a3fda930b"},"headline":"Litolux de Abadecom en el Faro de Cabo Mayor: el \u00e1rido fotoluminiscente que transforma espacios","datePublished":"2026-04-22T10:14:06+00:00","dateModified":"2026-05-07T13:34:05+00:00","mainEntityOfPage":{"@id":"https:\/\/abadecom.com\/litolux-de-abadecom-en-el-faro-de-cabo-mayor-el-arido-fotoluminiscente-que-transforma-espacios\/"},"wordCount":583,"commentCount":0,"publisher":{"@id":"https:\/\/abadecom.com\/#organization"},"image":{"@id":"https:\/\/abadecom.com\/litolux-de-abadecom-en-el-faro-de-cabo-mayor-el-arido-fotoluminiscente-que-transforma-espacios\/#primaryimage"},"thumbnailUrl":"https:\/\/abadecom.com\/wp-content\/uploads\/2026\/04\/Post-Instagram-Fotografia-profesional-minimalista-negro-.png","articleSection":["Fotoluminiscentes"],"inLanguage":"fr-FR","potentialAction":[{"@type":"CommentAction","name":"Comment","target":["https:\/\/abadecom.com\/litolux-de-abadecom-en-el-faro-de-cabo-mayor-el-arido-fotoluminiscente-que-transforma-espacios\/#respond"]}]},{"@type":"WebPage","@id":"https:\/\/abadecom.com\/litolux-de-abadecom-en-el-faro-de-cabo-mayor-el-arido-fotoluminiscente-que-transforma-espacios\/","url":"https:\/\/abadecom.com\/litolux-de-abadecom-en-el-faro-de-cabo-mayor-el-arido-fotoluminiscente-que-transforma-espacios\/","name":"Litolux de Abadecom en el Faro de Cabo Mayor: el \u00e1rido fotoluminiscente que transforma espacios - Abadecom","isPartOf":{"@id":"https:\/\/abadecom.com\/#website"},"primaryImageOfPage":{"@id":"https:\/\/abadecom.com\/litolux-de-abadecom-en-el-faro-de-cabo-mayor-el-arido-fotoluminiscente-que-transforma-espacios\/#primaryimage"},"image":{"@id":"https:\/\/abadecom.com\/litolux-de-abadecom-en-el-faro-de-cabo-mayor-el-arido-fotoluminiscente-que-transforma-espacios\/#primaryimage"},"thumbnailUrl":"https:\/\/abadecom.com\/wp-content\/uploads\/2026\/04\/Post-Instagram-Fotografia-profesional-minimalista-negro-.png","datePublished":"2026-04-22T10:14:06+00:00","dateModified":"2026-05-07T13:34:05+00:00","description":"Descubre c\u00f3mo el \u00e1rido fotoluminiscente de Abadecom, se ha incorporado en el Faro de Cabo Mayor y por qu\u00e9 cada vez m\u00e1s proyectos lo integran.","inLanguage":"fr-FR","potentialAction":[{"@type":"ReadAction","target":["https:\/\/abadecom.com\/litolux-de-abadecom-en-el-faro-de-cabo-mayor-el-arido-fotoluminiscente-que-transforma-espacios\/"]}]},{"@type":"ImageObject","inLanguage":"fr-FR","@id":"https:\/\/abadecom.com\/litolux-de-abadecom-en-el-faro-de-cabo-mayor-el-arido-fotoluminiscente-que-transforma-espacios\/#primaryimage","url":"https:\/\/abadecom.com\/wp-content\/uploads\/2026\/04\/Post-Instagram-Fotografia-profesional-minimalista-negro-.png","contentUrl":"https:\/\/abadecom.com\/wp-content\/uploads\/2026\/04\/Post-Instagram-Fotografia-profesional-minimalista-negro-.png","width":1080,"height":1350,"caption":"\u00e1rido fotoluminiscente litolux"},{"@type":"WebSite","@id":"https:\/\/abadecom.com\/#website","url":"https:\/\/abadecom.com\/","name":"Abadecom","description":"Produits durables et respectueux de l'environnement","publisher":{"@id":"https:\/\/abadecom.com\/#organization"},"alternateName":"Abadecom","potentialAction":[{"@type":"SearchAction","target":{"@type":"EntryPoint","urlTemplate":"https:\/\/abadecom.com\/?s={search_term_string}"},"query-input":{"@type":"PropertyValueSpecification","valueRequired":true,"valueName":"search_term_string"}}],"inLanguage":"fr-FR"},{"@type":"Organization","@id":"https:\/\/abadecom.com\/#organization","name":"Abadecom","url":"https:\/\/abadecom.com\/","logo":{"@type":"ImageObject","inLanguage":"fr-FR","@id":"https:\/\/abadecom.com\/#\/schema\/logo\/image\/","url":"https:\/\/abadecom.com\/wp-content\/uploads\/2022\/03\/Logo-Abadecom-e1647715158799.png","contentUrl":"https:\/\/abadecom.com\/wp-content\/uploads\/2022\/03\/Logo-Abadecom-e1647715158799.png","width":200,"height":117,"caption":"Abadecom"},"image":{"@id":"https:\/\/abadecom.com\/#\/schema\/logo\/image\/"}},{"@type":"Person","@id":"https:\/\/abadecom.com\/#\/schema\/person\/477a7cc0ed6c040d67343c7a3fda930b","name":"AdminAabadeco","image":{"@type":"ImageObject","inLanguage":"fr-FR","@id":"https:\/\/secure.gravatar.com\/avatar\/2630c0cee03e7f483e5ca41ec6649375f24ca272e920f8386983684762e36487?s=96&d=mm&r=g","url":"https:\/\/secure.gravatar.com\/avatar\/2630c0cee03e7f483e5ca41ec6649375f24ca272e920f8386983684762e36487?s=96&d=mm&r=g","contentUrl":"https:\/\/secure.gravatar.com\/avatar\/2630c0cee03e7f483e5ca41ec6649375f24ca272e920f8386983684762e36487?s=96&d=mm&r=g","caption":"AdminAabadeco"},"sameAs":["https:\/\/abadecom.com"],"url":"https:\/\/abadecom.com\/fr\/author\/adminaabadeco\/"}]}},"_links":{"self":[{"href":"https:\/\/abadecom.com\/fr\/wp-json\/wp\/v2\/posts\/10181","targetHints":{"allow":["GET"]}}],"collection":[{"href":"https:\/\/abadecom.com\/fr\/wp-json\/wp\/v2\/posts"}],"about":[{"href":"https:\/\/abadecom.com\/fr\/wp-json\/wp\/v2\/types\/post"}],"author":[{"embeddable":true,"href":"https:\/\/abadecom.com\/fr\/wp-json\/wp\/v2\/users\/1"}],"replies":[{"embeddable":true,"href":"https:\/\/abadecom.com\/fr\/wp-json\/wp\/v2\/comments?post=10181"}],"version-history":[{"count":1,"href":"https:\/\/abadecom.com\/fr\/wp-json\/wp\/v2\/posts\/10181\/revisions"}],"predecessor-version":[{"id":10183,"href":"https:\/\/abadecom.com\/fr\/wp-json\/wp\/v2\/posts\/10181\/revisions\/10183"}],"wp:featuredmedia":[{"embeddable":true,"href":"https:\/\/abadecom.com\/fr\/wp-json\/wp\/v2\/media\/10182"}],"wp:attachment":[{"href":"https:\/\/abadecom.com\/fr\/wp-json\/wp\/v2\/media?parent=10181"}],"wp:term":[{"taxonomy":"category","embeddable":true,"href":"https:\/\/abadecom.com\/fr\/wp-json\/wp\/v2\/categories?post=10181"},{"taxonomy":"post_tag","embeddable":true,"href":"https:\/\/abadecom.com\/fr\/wp-json\/wp\/v2\/tags?post=10181"}],"curies":[{"name":"wp","href":"https:\/\/api.w.org\/{rel}","templated":true}]}}