{"id":9869,"date":"2025-07-24T08:41:57","date_gmt":"2025-07-24T08:41:57","guid":{"rendered":"https:\/\/abadecom.com\/?p=9869"},"modified":"2026-05-07T13:38:35","modified_gmt":"2026-05-07T13:38:35","slug":"our-photoluminescent-divider-continues-to-gain-ground-in-cities","status":"publish","type":"post","link":"https:\/\/abadecom.com\/en\/nuestro-separador-fotoluminiscente-sigue-ganando-espacio-en-las-ciudades\/","title":{"rendered":"Our photoluminescent separator continues to gain ground in cities"},"content":{"rendered":"<p class=\"wp-block-paragraph\">At <strong><a href=\"https:\/\/abadecom.com\/en\/\">Abadecom<\/a><\/strong> we firmly believe that urban mobility must be safer, more sustainable and accessible for everyone. Although we have been a while without sharing our news, we haven't stopped working for a single day.<\/p>\n\n\n\n<p class=\"wp-block-paragraph\">Over recent months we have continued working alongside local authorities, technicians and mobility managers across Spain to expand the cycle lane network, actively contributing to the creation of healthier and more efficient urban environments.<\/p>\n\n\n\n<h3 class=\"wp-block-heading\">Solutions that mark the way<\/h3>\n\n\n\n<p class=\"wp-block-paragraph\">One of the key elements in this process has been our<strong> <\/strong>photoluminescent cycle lane separator, an innovative solution that improves safety and visibility, especially at night, without the need for electrical power.<\/p>\n\n\n\n<h4 class=\"wp-block-heading\">Main advantages of our photoluminescent divider:<\/h4>\n\n\n\n<ul class=\"wp-block-list\">\n<li><strong>Night visibility<\/strong> thanks to its photoluminescent technology.<\/li>\n\n\n\n<li><strong>Easy installation<\/strong> and high wear resistance.<\/li>\n\n\n\n<li><strong>Sustainable<\/strong>, with no electricity consumption or special maintenance.<\/li>\n\n\n\n<li><strong>Greater protection<\/strong> for cyclists facing motor traffic.<\/li>\n<\/ul>\n\n\n\n<p class=\"wp-block-paragraph\">Every new section installed with this cycle lane separator represents a tangible improvement in road safety, but also a commitment to transforming public space towards a more inclusive and resilient model.<\/p>\n\n\n\n<h3 class=\"wp-block-heading\">Committed to the mobility of the future<\/h3>\n\n\n\n<p class=\"wp-block-paragraph\">Here at Abadecom, we would like to thank the municipalities that continue to put their trust in us to carry out initiatives of this kind. Our commitment to sustainable mobility continues to grow, and we will be sharing more projects and news very soon.<\/p>\n\n\n\n<p class=\"wp-block-paragraph\">Do you want to implement this system in your city?<br><strong><a href=\"https:\/\/abadecom.com\/en\/contact\/\">Contact us<\/a> and we'll support you throughout the process.<\/strong><\/p>","protected":false},"excerpt":{"rendered":"<p>En Abadecom creemos firmemente que la movilidad urbana debe ser m\u00e1s segura, sostenible y accesible para todos. Aunque hemos estado un tiempo sin contar nuestras novedades, no hemos dejado de trabajar ni un solo d\u00eda. Durante los \u00faltimos meses hemos seguido colaborando con ayuntamientos, t\u00e9cnicos y responsables de movilidad en toda Espa\u00f1a para ampliar la [&#8230;]<\/p>\n<p><a class=\"btn btn-secondary understrap-read-more-link\" href=\"https:\/\/abadecom.com\/en\/nuestro-separador-fotoluminiscente-sigue-ganando-espacio-en-las-ciudades\/\">Read More&#8230;<span class=\"screen-reader-text\"> from Nuestro separador fotoluminiscente sigue ganando espacio en las ciudades<\/span><\/a><\/p>\n","protected":false},"author":1,"featured_media":9870,"comment_status":"open","ping_status":"open","sticky":false,"template":"","format":"standard","meta":{"content-type":"","_monsterinsights_skip_tracking":false,"pgc_sgb_lightbox_settings":"","footnotes":""},"categories":[129],"tags":[],"class_list":["post-9869","post","type-post","status-publish","format-standard","has-post-thumbnail","hentry","category-seguridad-vial"],"yoast_head":"<!-- This site is optimized with the Yoast SEO plugin v28.4 - https:\/\/yoast.com\/product\/yoast-seo-wordpress\/ -->\n<title>Nuestro separador fotoluminiscente sigue ganando espacio en las ciudades - Abadecom<\/title>\n<meta name=\"description\" content=\"En Abadecom creemos firmemente que la movilidad urbana debe ser m\u00e1s segura, sostenible y accesible para todos.\" \/>\n<meta name=\"robots\" content=\"index, follow, max-snippet:-1, max-image-preview:large, max-video-preview:-1\" \/>\n<link rel=\"canonical\" href=\"https:\/\/abadecom.com\/en\/our-photoluminescent-divider-continues-to-gain-ground-in-cities\/\" \/>\n<meta property=\"og:locale\" content=\"en_GB\" \/>\n<meta property=\"og:type\" content=\"article\" \/>\n<meta property=\"og:title\" content=\"Nuestro separador fotoluminiscente sigue ganando espacio en las ciudades - Abadecom\" \/>\n<meta property=\"og:description\" content=\"En Abadecom creemos firmemente que la movilidad urbana debe ser m\u00e1s segura, sostenible y accesible para todos.\" \/>\n<meta property=\"og:url\" content=\"https:\/\/abadecom.com\/en\/our-photoluminescent-divider-continues-to-gain-ground-in-cities\/\" \/>\n<meta property=\"og:site_name\" content=\"Abadecom\" \/>\n<meta property=\"article:published_time\" content=\"2025-07-24T08:41:57+00:00\" \/>\n<meta property=\"article:modified_time\" content=\"2026-05-07T13:38:35+00:00\" \/>\n<meta property=\"og:image\" content=\"https:\/\/abadecom.com\/wp-content\/uploads\/2025\/07\/1-scaled.jpg\" \/>\n\t<meta property=\"og:image:width\" content=\"2048\" \/>\n\t<meta property=\"og:image:height\" content=\"2560\" \/>\n\t<meta property=\"og:image:type\" content=\"image\/jpeg\" \/>\n<meta name=\"author\" content=\"AdminAabadeco\" \/>\n<meta name=\"twitter:card\" content=\"summary_large_image\" \/>\n<meta name=\"twitter:label1\" content=\"Written by\" \/>\n\t<meta name=\"twitter:data1\" content=\"AdminAabadeco\" \/>\n\t<meta name=\"twitter:label2\" content=\"Estimated reading time\" \/>\n\t<meta name=\"twitter:data2\" content=\"2 minutes\" \/>\n<script type=\"application\/ld+json\" class=\"yoast-schema-graph\">{\"@context\":\"https:\\\/\\\/schema.org\",\"@graph\":[{\"@type\":\"Article\",\"@id\":\"https:\\\/\\\/abadecom.com\\\/nuestro-separador-fotoluminiscente-sigue-ganando-espacio-en-las-ciudades\\\/#article\",\"isPartOf\":{\"@id\":\"https:\\\/\\\/abadecom.com\\\/nuestro-separador-fotoluminiscente-sigue-ganando-espacio-en-las-ciudades\\\/\"},\"author\":{\"name\":\"AdminAabadeco\",\"@id\":\"https:\\\/\\\/abadecom.com\\\/#\\\/schema\\\/person\\\/477a7cc0ed6c040d67343c7a3fda930b\"},\"headline\":\"Nuestro separador fotoluminiscente sigue ganando espacio en las ciudades\",\"datePublished\":\"2025-07-24T08:41:57+00:00\",\"dateModified\":\"2026-05-07T13:38:35+00:00\",\"mainEntityOfPage\":{\"@id\":\"https:\\\/\\\/abadecom.com\\\/nuestro-separador-fotoluminiscente-sigue-ganando-espacio-en-las-ciudades\\\/\"},\"wordCount\":264,\"commentCount\":0,\"publisher\":{\"@id\":\"https:\\\/\\\/abadecom.com\\\/#organization\"},\"image\":{\"@id\":\"https:\\\/\\\/abadecom.com\\\/nuestro-separador-fotoluminiscente-sigue-ganando-espacio-en-las-ciudades\\\/#primaryimage\"},\"thumbnailUrl\":\"https:\\\/\\\/abadecom.com\\\/wp-content\\\/uploads\\\/2025\\\/07\\\/1-scaled.jpg\",\"articleSection\":[\"Seguridad Vial\"],\"inLanguage\":\"en-GB\",\"potentialAction\":[{\"@type\":\"CommentAction\",\"name\":\"Comment\",\"target\":[\"https:\\\/\\\/abadecom.com\\\/nuestro-separador-fotoluminiscente-sigue-ganando-espacio-en-las-ciudades\\\/#respond\"]}]},{\"@type\":\"WebPage\",\"@id\":\"https:\\\/\\\/abadecom.com\\\/nuestro-separador-fotoluminiscente-sigue-ganando-espacio-en-las-ciudades\\\/\",\"url\":\"https:\\\/\\\/abadecom.com\\\/nuestro-separador-fotoluminiscente-sigue-ganando-espacio-en-las-ciudades\\\/\",\"name\":\"Nuestro separador fotoluminiscente sigue ganando espacio en las ciudades - Abadecom\",\"isPartOf\":{\"@id\":\"https:\\\/\\\/abadecom.com\\\/#website\"},\"primaryImageOfPage\":{\"@id\":\"https:\\\/\\\/abadecom.com\\\/nuestro-separador-fotoluminiscente-sigue-ganando-espacio-en-las-ciudades\\\/#primaryimage\"},\"image\":{\"@id\":\"https:\\\/\\\/abadecom.com\\\/nuestro-separador-fotoluminiscente-sigue-ganando-espacio-en-las-ciudades\\\/#primaryimage\"},\"thumbnailUrl\":\"https:\\\/\\\/abadecom.com\\\/wp-content\\\/uploads\\\/2025\\\/07\\\/1-scaled.jpg\",\"datePublished\":\"2025-07-24T08:41:57+00:00\",\"dateModified\":\"2026-05-07T13:38:35+00:00\",\"description\":\"En Abadecom creemos firmemente que la movilidad urbana debe ser m\u00e1s segura, sostenible y accesible para todos.\",\"inLanguage\":\"en-GB\",\"potentialAction\":[{\"@type\":\"ReadAction\",\"target\":[\"https:\\\/\\\/abadecom.com\\\/nuestro-separador-fotoluminiscente-sigue-ganando-espacio-en-las-ciudades\\\/\"]}]},{\"@type\":\"ImageObject\",\"inLanguage\":\"en-GB\",\"@id\":\"https:\\\/\\\/abadecom.com\\\/nuestro-separador-fotoluminiscente-sigue-ganando-espacio-en-las-ciudades\\\/#primaryimage\",\"url\":\"https:\\\/\\\/abadecom.com\\\/wp-content\\\/uploads\\\/2025\\\/07\\\/1-scaled.jpg\",\"contentUrl\":\"https:\\\/\\\/abadecom.com\\\/wp-content\\\/uploads\\\/2025\\\/07\\\/1-scaled.jpg\",\"width\":2048,\"height\":2560},{\"@type\":\"WebSite\",\"@id\":\"https:\\\/\\\/abadecom.com\\\/#website\",\"url\":\"https:\\\/\\\/abadecom.com\\\/\",\"name\":\"Abadecom\",\"description\":\"Productos sostenibles y respetuosos con el medio ambiente\",\"publisher\":{\"@id\":\"https:\\\/\\\/abadecom.com\\\/#organization\"},\"alternateName\":\"Abadecom\",\"potentialAction\":[{\"@type\":\"SearchAction\",\"target\":{\"@type\":\"EntryPoint\",\"urlTemplate\":\"https:\\\/\\\/abadecom.com\\\/?s={search_term_string}\"},\"query-input\":{\"@type\":\"PropertyValueSpecification\",\"valueRequired\":true,\"valueName\":\"search_term_string\"}}],\"inLanguage\":\"en-GB\"},{\"@type\":\"Organization\",\"@id\":\"https:\\\/\\\/abadecom.com\\\/#organization\",\"name\":\"Abadecom\",\"url\":\"https:\\\/\\\/abadecom.com\\\/\",\"logo\":{\"@type\":\"ImageObject\",\"inLanguage\":\"en-GB\",\"@id\":\"https:\\\/\\\/abadecom.com\\\/#\\\/schema\\\/logo\\\/image\\\/\",\"url\":\"https:\\\/\\\/abadecom.com\\\/wp-content\\\/uploads\\\/2022\\\/03\\\/Logo-Abadecom-e1647715158799.png\",\"contentUrl\":\"https:\\\/\\\/abadecom.com\\\/wp-content\\\/uploads\\\/2022\\\/03\\\/Logo-Abadecom-e1647715158799.png\",\"width\":200,\"height\":117,\"caption\":\"Abadecom\"},\"image\":{\"@id\":\"https:\\\/\\\/abadecom.com\\\/#\\\/schema\\\/logo\\\/image\\\/\"}},{\"@type\":\"Person\",\"@id\":\"https:\\\/\\\/abadecom.com\\\/#\\\/schema\\\/person\\\/477a7cc0ed6c040d67343c7a3fda930b\",\"name\":\"AdminAabadeco\",\"image\":{\"@type\":\"ImageObject\",\"inLanguage\":\"en-GB\",\"@id\":\"https:\\\/\\\/secure.gravatar.com\\\/avatar\\\/2630c0cee03e7f483e5ca41ec6649375f24ca272e920f8386983684762e36487?s=96&d=mm&r=g\",\"url\":\"https:\\\/\\\/secure.gravatar.com\\\/avatar\\\/2630c0cee03e7f483e5ca41ec6649375f24ca272e920f8386983684762e36487?s=96&d=mm&r=g\",\"contentUrl\":\"https:\\\/\\\/secure.gravatar.com\\\/avatar\\\/2630c0cee03e7f483e5ca41ec6649375f24ca272e920f8386983684762e36487?s=96&d=mm&r=g\",\"caption\":\"AdminAabadeco\"},\"sameAs\":[\"https:\\\/\\\/abadecom.com\"],\"url\":\"https:\\\/\\\/abadecom.com\\\/en\\\/author\\\/adminaabadeco\\\/\"}]}<\/script>\n<!-- \/ Yoast SEO plugin. -->","yoast_head_json":{"title":"Our photoluminescent separator continues to gain ground in cities - Abadecom","description":"At Abadecom we firmly believe that urban mobility must be safer, more sustainable and more accessible for everyone.","robots":{"index":"index","follow":"follow","max-snippet":"max-snippet:-1","max-image-preview":"max-image-preview:large","max-video-preview":"max-video-preview:-1"},"canonical":"https:\/\/abadecom.com\/en\/our-photoluminescent-divider-continues-to-gain-ground-in-cities\/","og_locale":"en_GB","og_type":"article","og_title":"Nuestro separador fotoluminiscente sigue ganando espacio en las ciudades - Abadecom","og_description":"En Abadecom creemos firmemente que la movilidad urbana debe ser m\u00e1s segura, sostenible y accesible para todos.","og_url":"https:\/\/abadecom.com\/en\/our-photoluminescent-divider-continues-to-gain-ground-in-cities\/","og_site_name":"Abadecom","article_published_time":"2025-07-24T08:41:57+00:00","article_modified_time":"2026-05-07T13:38:35+00:00","og_image":[{"width":2048,"height":2560,"url":"https:\/\/abadecom.com\/wp-content\/uploads\/2025\/07\/1-scaled.jpg","type":"image\/jpeg"}],"author":"AdminAabadeco","twitter_card":"summary_large_image","twitter_misc":{"Written by":"AdminAabadeco","Estimated reading time":"2 minutes"},"schema":{"@context":"https:\/\/schema.org","@graph":[{"@type":"Article","@id":"https:\/\/abadecom.com\/nuestro-separador-fotoluminiscente-sigue-ganando-espacio-en-las-ciudades\/#article","isPartOf":{"@id":"https:\/\/abadecom.com\/nuestro-separador-fotoluminiscente-sigue-ganando-espacio-en-las-ciudades\/"},"author":{"name":"AdminAabadeco","@id":"https:\/\/abadecom.com\/#\/schema\/person\/477a7cc0ed6c040d67343c7a3fda930b"},"headline":"Nuestro separador fotoluminiscente sigue ganando espacio en las ciudades","datePublished":"2025-07-24T08:41:57+00:00","dateModified":"2026-05-07T13:38:35+00:00","mainEntityOfPage":{"@id":"https:\/\/abadecom.com\/nuestro-separador-fotoluminiscente-sigue-ganando-espacio-en-las-ciudades\/"},"wordCount":264,"commentCount":0,"publisher":{"@id":"https:\/\/abadecom.com\/#organization"},"image":{"@id":"https:\/\/abadecom.com\/nuestro-separador-fotoluminiscente-sigue-ganando-espacio-en-las-ciudades\/#primaryimage"},"thumbnailUrl":"https:\/\/abadecom.com\/wp-content\/uploads\/2025\/07\/1-scaled.jpg","articleSection":["Seguridad Vial"],"inLanguage":"en-GB","potentialAction":[{"@type":"CommentAction","name":"Comment","target":["https:\/\/abadecom.com\/nuestro-separador-fotoluminiscente-sigue-ganando-espacio-en-las-ciudades\/#respond"]}]},{"@type":"WebPage","@id":"https:\/\/abadecom.com\/nuestro-separador-fotoluminiscente-sigue-ganando-espacio-en-las-ciudades\/","url":"https:\/\/abadecom.com\/nuestro-separador-fotoluminiscente-sigue-ganando-espacio-en-las-ciudades\/","name":"Our photoluminescent separator continues to gain ground in cities - Abadecom","isPartOf":{"@id":"https:\/\/abadecom.com\/#website"},"primaryImageOfPage":{"@id":"https:\/\/abadecom.com\/nuestro-separador-fotoluminiscente-sigue-ganando-espacio-en-las-ciudades\/#primaryimage"},"image":{"@id":"https:\/\/abadecom.com\/nuestro-separador-fotoluminiscente-sigue-ganando-espacio-en-las-ciudades\/#primaryimage"},"thumbnailUrl":"https:\/\/abadecom.com\/wp-content\/uploads\/2025\/07\/1-scaled.jpg","datePublished":"2025-07-24T08:41:57+00:00","dateModified":"2026-05-07T13:38:35+00:00","description":"At Abadecom we firmly believe that urban mobility must be safer, more sustainable and more accessible for everyone.","inLanguage":"en-GB","potentialAction":[{"@type":"ReadAction","target":["https:\/\/abadecom.com\/nuestro-separador-fotoluminiscente-sigue-ganando-espacio-en-las-ciudades\/"]}]},{"@type":"ImageObject","inLanguage":"en-GB","@id":"https:\/\/abadecom.com\/nuestro-separador-fotoluminiscente-sigue-ganando-espacio-en-las-ciudades\/#primaryimage","url":"https:\/\/abadecom.com\/wp-content\/uploads\/2025\/07\/1-scaled.jpg","contentUrl":"https:\/\/abadecom.com\/wp-content\/uploads\/2025\/07\/1-scaled.jpg","width":2048,"height":2560},{"@type":"WebSite","@id":"https:\/\/abadecom.com\/#website","url":"https:\/\/abadecom.com\/","name":"Abadecom","description":"Sustainable and eco-friendly products","publisher":{"@id":"https:\/\/abadecom.com\/#organization"},"alternateName":"Abadecom","potentialAction":[{"@type":"SearchAction","target":{"@type":"EntryPoint","urlTemplate":"https:\/\/abadecom.com\/?s={search_term_string}"},"query-input":{"@type":"PropertyValueSpecification","valueRequired":true,"valueName":"search_term_string"}}],"inLanguage":"en-GB"},{"@type":"Organization","@id":"https:\/\/abadecom.com\/#organization","name":"Abadecom","url":"https:\/\/abadecom.com\/","logo":{"@type":"ImageObject","inLanguage":"en-GB","@id":"https:\/\/abadecom.com\/#\/schema\/logo\/image\/","url":"https:\/\/abadecom.com\/wp-content\/uploads\/2022\/03\/Logo-Abadecom-e1647715158799.png","contentUrl":"https:\/\/abadecom.com\/wp-content\/uploads\/2022\/03\/Logo-Abadecom-e1647715158799.png","width":200,"height":117,"caption":"Abadecom"},"image":{"@id":"https:\/\/abadecom.com\/#\/schema\/logo\/image\/"}},{"@type":"Person","@id":"https:\/\/abadecom.com\/#\/schema\/person\/477a7cc0ed6c040d67343c7a3fda930b","name":"AdminAabadeco","image":{"@type":"ImageObject","inLanguage":"en-GB","@id":"https:\/\/secure.gravatar.com\/avatar\/2630c0cee03e7f483e5ca41ec6649375f24ca272e920f8386983684762e36487?s=96&d=mm&r=g","url":"https:\/\/secure.gravatar.com\/avatar\/2630c0cee03e7f483e5ca41ec6649375f24ca272e920f8386983684762e36487?s=96&d=mm&r=g","contentUrl":"https:\/\/secure.gravatar.com\/avatar\/2630c0cee03e7f483e5ca41ec6649375f24ca272e920f8386983684762e36487?s=96&d=mm&r=g","caption":"AdminAabadeco"},"sameAs":["https:\/\/abadecom.com"],"url":"https:\/\/abadecom.com\/en\/author\/adminaabadeco\/"}]}},"_links":{"self":[{"href":"https:\/\/abadecom.com\/en\/wp-json\/wp\/v2\/posts\/9869","targetHints":{"allow":["GET"]}}],"collection":[{"href":"https:\/\/abadecom.com\/en\/wp-json\/wp\/v2\/posts"}],"about":[{"href":"https:\/\/abadecom.com\/en\/wp-json\/wp\/v2\/types\/post"}],"author":[{"embeddable":true,"href":"https:\/\/abadecom.com\/en\/wp-json\/wp\/v2\/users\/1"}],"replies":[{"embeddable":true,"href":"https:\/\/abadecom.com\/en\/wp-json\/wp\/v2\/comments?post=9869"}],"version-history":[{"count":2,"href":"https:\/\/abadecom.com\/en\/wp-json\/wp\/v2\/posts\/9869\/revisions"}],"predecessor-version":[{"id":9872,"href":"https:\/\/abadecom.com\/en\/wp-json\/wp\/v2\/posts\/9869\/revisions\/9872"}],"wp:featuredmedia":[{"embeddable":true,"href":"https:\/\/abadecom.com\/en\/wp-json\/wp\/v2\/media\/9870"}],"wp:attachment":[{"href":"https:\/\/abadecom.com\/en\/wp-json\/wp\/v2\/media?parent=9869"}],"wp:term":[{"taxonomy":"category","embeddable":true,"href":"https:\/\/abadecom.com\/en\/wp-json\/wp\/v2\/categories?post=9869"},{"taxonomy":"post_tag","embeddable":true,"href":"https:\/\/abadecom.com\/en\/wp-json\/wp\/v2\/tags?post=9869"}],"curies":[{"name":"wp","href":"https:\/\/api.w.org\/{rel}","templated":true}]}}