{"id":9687,"date":"2024-05-23T08:36:30","date_gmt":"2024-05-23T08:36:30","guid":{"rendered":"https:\/\/abadecom.com\/?p=9687"},"modified":"2024-05-23T08:36:31","modified_gmt":"2024-05-23T08:36:31","slug":"promo-especial-embellece-tu-espacio-con-arido-fotoluminiscente","status":"publish","type":"post","link":"https:\/\/abadecom.com\/en\/promo-especial-embellece-tu-espacio-con-arido-fotoluminiscente\/","title":{"rendered":"\u00a1Promo Especial! Embellece tu espacio con \u00c1rido Fotoluminiscente"},"content":{"rendered":"<p class=\"wp-block-paragraph\">\u00bfBuscas una manera \u00fanica y m\u00e1gica de decorar tus interiores y exteriores? \u00a1El \u00e1rido fotoluminiscente de Abadecom es la soluci\u00f3n perfecta!<\/p>\n\n\n\n<p class=\"wp-block-paragraph\">Este material revolucionario, disponible en colores azul y verde, se activa con la luz solar o artificial durante el d\u00eda para luego emitir una luminiscencia suave y duradera durante m\u00e1s de 12 horas en condiciones de oscuridad.<\/p>\n\n\n\n<h2 class=\"wp-block-heading\">Caracter\u00edsticas Destacadas de nuestro \u00e1rido:<\/h2>\n\n\n\n<h3 class=\"wp-block-heading\">Dise\u00f1os y Decoraciones Fant\u00e1sticas<\/h3>\n\n\n\n<p class=\"wp-block-paragraph\">El \u00e1rido fotoluminiscente de Abadecom es ideal para jardines, spas, zonas comunes, senderos, paisajes y v\u00edas verdes. Imagina caminos brillando suavemente en la oscuridad, creando un ambiente m\u00e1gico y seguro.<\/p>\n\n\n\n<h3 class=\"wp-block-heading\">Visibilidad Nocturna<\/h3>\n\n\n\n<p class=\"wp-block-paragraph\">Perfecto para \u00e1reas oscuras o pobremente iluminadas. Nuestro \u00e1rido ofrece una soluci\u00f3n pr\u00e1ctica y est\u00e9tica.<\/p>\n\n\n\n<h3 class=\"wp-block-heading\">\u00c1rido Resistente y Duradero<\/h3>\n\n\n\n<p class=\"wp-block-paragraph\">El \u00e1rido fotoluminiscente de Abadecom es resistente al agua y a los rayos UV, asegurando una luminiscencia que dura m\u00e1s de 12 horas. Este material est\u00e1 dise\u00f1ado para soportar las inclemencias del tiempo, garantizando una larga vida \u00fatil.<\/p>\n\n\n\n<h3 class=\"wp-block-heading\">Versatilidad en Aplicaciones<\/h3>\n\n\n\n<p class=\"wp-block-paragraph\">Puedes incorporar este material a pavimentos continuos mediante la t\u00e9cnica del espolvoreo o sembrado sobre hormig\u00f3n fresco. Su versatilidad permite que se adapte a una gran variedad de proyectos y superficies.<\/p>\n\n\n\n<h2 class=\"wp-block-heading\">\u00a1Aprovecha Nuestro Descuento Especial!<\/h2>\n\n\n\n<p class=\"wp-block-paragraph\">No pierdas la oportunidad de realzar tus proyectos con Abadecom. \u00a1Aprovecha nuestro descuento especial hasta el 15 de junio! Dale vida a tu entorno con nuestro \u00e1rido fotoluminiscente y transforma tus espacios en lugares m\u00e1gicos y seguros.<\/p>\n\n\n\n<p class=\"wp-block-paragraph\">\u00a1No esperes m\u00e1s! Incorpora la magia de la luminiscencia a tus dise\u00f1os y disfruta de un ambiente \u00fanico y espectacular.<\/p>\n\n\n\n<h3 class=\"wp-block-heading\">Contacto y M\u00e1s Informaci\u00f3n<\/h3>\n\n\n\n<p class=\"wp-block-paragraph\">Para m\u00e1s detalles y pedidos, visita nuestro sitio <a href=\"https:\/\/abadecom.com\/en\/photoluminescent-aggregate\/\">web<\/a> o <a href=\"https:\/\/abadecom.com\/en\/contacto\/\">cont\u00e1ctanos<\/a> directamente. \u00a1Estamos aqu\u00ed para ayudarte a transformar tus ideas en realidad!<\/p>\n\n\n\n<p class=\"wp-block-paragraph\">S\u00edguenos tambi\u00e9n en nuestras redes: <a href=\"https:\/\/www.linkedin.com\/company\/13019454\/admin\/feed\/posts\/\">Linkedin<\/a>, <a href=\"https:\/\/www.youtube.com\/channel\/UCQSRjbnzE2HupFVjvh0sceg\">Youtube<\/a><\/p>","protected":false},"excerpt":{"rendered":"<p>\u00bfBuscas una manera \u00fanica y m\u00e1gica de decorar tus interiores y exteriores? \u00a1El \u00e1rido fotoluminiscente de Abadecom es la soluci\u00f3n perfecta! Este material revolucionario, disponible en colores azul y verde, se activa con la luz solar o artificial durante el d\u00eda para luego emitir una luminiscencia suave y duradera durante m\u00e1s de 12 horas en [&#8230;]<\/p>\n<p><a class=\"btn btn-secondary understrap-read-more-link\" href=\"https:\/\/abadecom.com\/en\/promo-especial-embellece-tu-espacio-con-arido-fotoluminiscente\/\">Read More&#8230;<span class=\"screen-reader-text\"> from \u00a1Promo Especial! Embellece tu espacio con \u00c1rido Fotoluminiscente<\/span><\/a><\/p>\n","protected":false},"author":1,"featured_media":9688,"comment_status":"open","ping_status":"open","sticky":false,"template":"","format":"standard","meta":{"content-type":"","_monsterinsights_skip_tracking":false,"pgc_sgb_lightbox_settings":"","footnotes":""},"categories":[1],"tags":[],"class_list":["post-9687","post","type-post","status-publish","format-standard","has-post-thumbnail","hentry","category-sin-categorizar"],"yoast_head":"<!-- This site is optimized with the Yoast SEO plugin v28.4 - https:\/\/yoast.com\/product\/yoast-seo-wordpress\/ -->\n<title>\u00a1Promo Especial! Embellece tu espacio con \u00c1rido Fotoluminiscente - Abadecom<\/title>\n<meta name=\"description\" content=\"\u00bfBuscas una manera \u00fanica y m\u00e1gica de decorar tus interiores y exteriores? \u00a1El \u00e1rido fotoluminiscente de Abadecom es la soluci\u00f3n perfecta!\" \/>\n<meta name=\"robots\" content=\"index, follow, max-snippet:-1, max-image-preview:large, max-video-preview:-1\" \/>\n<link rel=\"canonical\" href=\"https:\/\/abadecom.com\/en\/promo-especial-embellece-tu-espacio-con-arido-fotoluminiscente\/\" \/>\n<meta property=\"og:locale\" content=\"en_GB\" \/>\n<meta property=\"og:type\" content=\"article\" \/>\n<meta property=\"og:title\" content=\"\u00a1Promo Especial! Embellece tu espacio con \u00c1rido Fotoluminiscente - Abadecom\" \/>\n<meta property=\"og:description\" content=\"\u00bfBuscas una manera \u00fanica y m\u00e1gica de decorar tus interiores y exteriores? \u00a1El \u00e1rido fotoluminiscente de Abadecom es la soluci\u00f3n perfecta!\" \/>\n<meta property=\"og:url\" content=\"https:\/\/abadecom.com\/en\/promo-especial-embellece-tu-espacio-con-arido-fotoluminiscente\/\" \/>\n<meta property=\"og:site_name\" content=\"Abadecom\" \/>\n<meta property=\"article:published_time\" content=\"2024-05-23T08:36:30+00:00\" \/>\n<meta property=\"article:modified_time\" content=\"2024-05-23T08:36:31+00:00\" \/>\n<meta property=\"og:image\" content=\"https:\/\/abadecom.com\/wp-content\/uploads\/2024\/05\/3_21-mayo_post-arido.jpg\" \/>\n\t<meta property=\"og:image:width\" content=\"1080\" \/>\n\t<meta property=\"og:image:height\" content=\"1080\" \/>\n\t<meta property=\"og:image:type\" content=\"image\/jpeg\" \/>\n<meta name=\"author\" content=\"AdminAabadeco\" \/>\n<meta name=\"twitter:card\" content=\"summary_large_image\" \/>\n<meta name=\"twitter:label1\" content=\"Written by\" \/>\n\t<meta name=\"twitter:data1\" content=\"AdminAabadeco\" \/>\n\t<meta name=\"twitter:label2\" content=\"Estimated reading time\" \/>\n\t<meta name=\"twitter:data2\" content=\"2 minutes\" \/>\n<script type=\"application\/ld+json\" class=\"yoast-schema-graph\">{\"@context\":\"https:\\\/\\\/schema.org\",\"@graph\":[{\"@type\":\"Article\",\"@id\":\"https:\\\/\\\/abadecom.com\\\/promo-especial-embellece-tu-espacio-con-arido-fotoluminiscente\\\/#article\",\"isPartOf\":{\"@id\":\"https:\\\/\\\/abadecom.com\\\/promo-especial-embellece-tu-espacio-con-arido-fotoluminiscente\\\/\"},\"author\":{\"name\":\"AdminAabadeco\",\"@id\":\"https:\\\/\\\/abadecom.com\\\/#\\\/schema\\\/person\\\/477a7cc0ed6c040d67343c7a3fda930b\"},\"headline\":\"\u00a1Promo Especial! Embellece tu espacio con \u00c1rido Fotoluminiscente\",\"datePublished\":\"2024-05-23T08:36:30+00:00\",\"dateModified\":\"2024-05-23T08:36:31+00:00\",\"mainEntityOfPage\":{\"@id\":\"https:\\\/\\\/abadecom.com\\\/promo-especial-embellece-tu-espacio-con-arido-fotoluminiscente\\\/\"},\"wordCount\":314,\"commentCount\":0,\"publisher\":{\"@id\":\"https:\\\/\\\/abadecom.com\\\/#organization\"},\"image\":{\"@id\":\"https:\\\/\\\/abadecom.com\\\/promo-especial-embellece-tu-espacio-con-arido-fotoluminiscente\\\/#primaryimage\"},\"thumbnailUrl\":\"https:\\\/\\\/abadecom.com\\\/wp-content\\\/uploads\\\/2024\\\/05\\\/3_21-mayo_post-arido.jpg\",\"articleSection\":[\"Sin categorizar\"],\"inLanguage\":\"en-GB\",\"potentialAction\":[{\"@type\":\"CommentAction\",\"name\":\"Comment\",\"target\":[\"https:\\\/\\\/abadecom.com\\\/promo-especial-embellece-tu-espacio-con-arido-fotoluminiscente\\\/#respond\"]}]},{\"@type\":\"WebPage\",\"@id\":\"https:\\\/\\\/abadecom.com\\\/promo-especial-embellece-tu-espacio-con-arido-fotoluminiscente\\\/\",\"url\":\"https:\\\/\\\/abadecom.com\\\/promo-especial-embellece-tu-espacio-con-arido-fotoluminiscente\\\/\",\"name\":\"\u00a1Promo Especial! Embellece tu espacio con \u00c1rido Fotoluminiscente - Abadecom\",\"isPartOf\":{\"@id\":\"https:\\\/\\\/abadecom.com\\\/#website\"},\"primaryImageOfPage\":{\"@id\":\"https:\\\/\\\/abadecom.com\\\/promo-especial-embellece-tu-espacio-con-arido-fotoluminiscente\\\/#primaryimage\"},\"image\":{\"@id\":\"https:\\\/\\\/abadecom.com\\\/promo-especial-embellece-tu-espacio-con-arido-fotoluminiscente\\\/#primaryimage\"},\"thumbnailUrl\":\"https:\\\/\\\/abadecom.com\\\/wp-content\\\/uploads\\\/2024\\\/05\\\/3_21-mayo_post-arido.jpg\",\"datePublished\":\"2024-05-23T08:36:30+00:00\",\"dateModified\":\"2024-05-23T08:36:31+00:00\",\"description\":\"\u00bfBuscas una manera \u00fanica y m\u00e1gica de decorar tus interiores y exteriores? \u00a1El \u00e1rido fotoluminiscente de Abadecom es la soluci\u00f3n perfecta!\",\"inLanguage\":\"en-GB\",\"potentialAction\":[{\"@type\":\"ReadAction\",\"target\":[\"https:\\\/\\\/abadecom.com\\\/promo-especial-embellece-tu-espacio-con-arido-fotoluminiscente\\\/\"]}]},{\"@type\":\"ImageObject\",\"inLanguage\":\"en-GB\",\"@id\":\"https:\\\/\\\/abadecom.com\\\/promo-especial-embellece-tu-espacio-con-arido-fotoluminiscente\\\/#primaryimage\",\"url\":\"https:\\\/\\\/abadecom.com\\\/wp-content\\\/uploads\\\/2024\\\/05\\\/3_21-mayo_post-arido.jpg\",\"contentUrl\":\"https:\\\/\\\/abadecom.com\\\/wp-content\\\/uploads\\\/2024\\\/05\\\/3_21-mayo_post-arido.jpg\",\"width\":1080,\"height\":1080},{\"@type\":\"WebSite\",\"@id\":\"https:\\\/\\\/abadecom.com\\\/#website\",\"url\":\"https:\\\/\\\/abadecom.com\\\/\",\"name\":\"Abadecom\",\"description\":\"Productos sostenibles y respetuosos con el medio ambiente\",\"publisher\":{\"@id\":\"https:\\\/\\\/abadecom.com\\\/#organization\"},\"alternateName\":\"Abadecom\",\"potentialAction\":[{\"@type\":\"SearchAction\",\"target\":{\"@type\":\"EntryPoint\",\"urlTemplate\":\"https:\\\/\\\/abadecom.com\\\/?s={search_term_string}\"},\"query-input\":{\"@type\":\"PropertyValueSpecification\",\"valueRequired\":true,\"valueName\":\"search_term_string\"}}],\"inLanguage\":\"en-GB\"},{\"@type\":\"Organization\",\"@id\":\"https:\\\/\\\/abadecom.com\\\/#organization\",\"name\":\"Abadecom\",\"url\":\"https:\\\/\\\/abadecom.com\\\/\",\"logo\":{\"@type\":\"ImageObject\",\"inLanguage\":\"en-GB\",\"@id\":\"https:\\\/\\\/abadecom.com\\\/#\\\/schema\\\/logo\\\/image\\\/\",\"url\":\"https:\\\/\\\/abadecom.com\\\/wp-content\\\/uploads\\\/2022\\\/03\\\/Logo-Abadecom-e1647715158799.png\",\"contentUrl\":\"https:\\\/\\\/abadecom.com\\\/wp-content\\\/uploads\\\/2022\\\/03\\\/Logo-Abadecom-e1647715158799.png\",\"width\":200,\"height\":117,\"caption\":\"Abadecom\"},\"image\":{\"@id\":\"https:\\\/\\\/abadecom.com\\\/#\\\/schema\\\/logo\\\/image\\\/\"}},{\"@type\":\"Person\",\"@id\":\"https:\\\/\\\/abadecom.com\\\/#\\\/schema\\\/person\\\/477a7cc0ed6c040d67343c7a3fda930b\",\"name\":\"AdminAabadeco\",\"image\":{\"@type\":\"ImageObject\",\"inLanguage\":\"en-GB\",\"@id\":\"https:\\\/\\\/secure.gravatar.com\\\/avatar\\\/2630c0cee03e7f483e5ca41ec6649375f24ca272e920f8386983684762e36487?s=96&d=mm&r=g\",\"url\":\"https:\\\/\\\/secure.gravatar.com\\\/avatar\\\/2630c0cee03e7f483e5ca41ec6649375f24ca272e920f8386983684762e36487?s=96&d=mm&r=g\",\"contentUrl\":\"https:\\\/\\\/secure.gravatar.com\\\/avatar\\\/2630c0cee03e7f483e5ca41ec6649375f24ca272e920f8386983684762e36487?s=96&d=mm&r=g\",\"caption\":\"AdminAabadeco\"},\"sameAs\":[\"https:\\\/\\\/abadecom.com\"],\"url\":\"https:\\\/\\\/abadecom.com\\\/en\\\/author\\\/adminaabadeco\\\/\"}]}<\/script>\n<!-- \/ Yoast SEO plugin. -->","yoast_head_json":{"title":"\u00a1Promo Especial! Embellece tu espacio con \u00c1rido Fotoluminiscente - Abadecom","description":"\u00bfBuscas una manera \u00fanica y m\u00e1gica de decorar tus interiores y exteriores? \u00a1El \u00e1rido fotoluminiscente de Abadecom es la soluci\u00f3n perfecta!","robots":{"index":"index","follow":"follow","max-snippet":"max-snippet:-1","max-image-preview":"max-image-preview:large","max-video-preview":"max-video-preview:-1"},"canonical":"https:\/\/abadecom.com\/en\/promo-especial-embellece-tu-espacio-con-arido-fotoluminiscente\/","og_locale":"en_GB","og_type":"article","og_title":"\u00a1Promo Especial! Embellece tu espacio con \u00c1rido Fotoluminiscente - Abadecom","og_description":"\u00bfBuscas una manera \u00fanica y m\u00e1gica de decorar tus interiores y exteriores? \u00a1El \u00e1rido fotoluminiscente de Abadecom es la soluci\u00f3n perfecta!","og_url":"https:\/\/abadecom.com\/en\/promo-especial-embellece-tu-espacio-con-arido-fotoluminiscente\/","og_site_name":"Abadecom","article_published_time":"2024-05-23T08:36:30+00:00","article_modified_time":"2024-05-23T08:36:31+00:00","og_image":[{"width":1080,"height":1080,"url":"https:\/\/abadecom.com\/wp-content\/uploads\/2024\/05\/3_21-mayo_post-arido.jpg","type":"image\/jpeg"}],"author":"AdminAabadeco","twitter_card":"summary_large_image","twitter_misc":{"Written by":"AdminAabadeco","Estimated reading time":"2 minutes"},"schema":{"@context":"https:\/\/schema.org","@graph":[{"@type":"Article","@id":"https:\/\/abadecom.com\/promo-especial-embellece-tu-espacio-con-arido-fotoluminiscente\/#article","isPartOf":{"@id":"https:\/\/abadecom.com\/promo-especial-embellece-tu-espacio-con-arido-fotoluminiscente\/"},"author":{"name":"AdminAabadeco","@id":"https:\/\/abadecom.com\/#\/schema\/person\/477a7cc0ed6c040d67343c7a3fda930b"},"headline":"\u00a1Promo Especial! Embellece tu espacio con \u00c1rido Fotoluminiscente","datePublished":"2024-05-23T08:36:30+00:00","dateModified":"2024-05-23T08:36:31+00:00","mainEntityOfPage":{"@id":"https:\/\/abadecom.com\/promo-especial-embellece-tu-espacio-con-arido-fotoluminiscente\/"},"wordCount":314,"commentCount":0,"publisher":{"@id":"https:\/\/abadecom.com\/#organization"},"image":{"@id":"https:\/\/abadecom.com\/promo-especial-embellece-tu-espacio-con-arido-fotoluminiscente\/#primaryimage"},"thumbnailUrl":"https:\/\/abadecom.com\/wp-content\/uploads\/2024\/05\/3_21-mayo_post-arido.jpg","articleSection":["Sin categorizar"],"inLanguage":"en-GB","potentialAction":[{"@type":"CommentAction","name":"Comment","target":["https:\/\/abadecom.com\/promo-especial-embellece-tu-espacio-con-arido-fotoluminiscente\/#respond"]}]},{"@type":"WebPage","@id":"https:\/\/abadecom.com\/promo-especial-embellece-tu-espacio-con-arido-fotoluminiscente\/","url":"https:\/\/abadecom.com\/promo-especial-embellece-tu-espacio-con-arido-fotoluminiscente\/","name":"\u00a1Promo Especial! Embellece tu espacio con \u00c1rido Fotoluminiscente - Abadecom","isPartOf":{"@id":"https:\/\/abadecom.com\/#website"},"primaryImageOfPage":{"@id":"https:\/\/abadecom.com\/promo-especial-embellece-tu-espacio-con-arido-fotoluminiscente\/#primaryimage"},"image":{"@id":"https:\/\/abadecom.com\/promo-especial-embellece-tu-espacio-con-arido-fotoluminiscente\/#primaryimage"},"thumbnailUrl":"https:\/\/abadecom.com\/wp-content\/uploads\/2024\/05\/3_21-mayo_post-arido.jpg","datePublished":"2024-05-23T08:36:30+00:00","dateModified":"2024-05-23T08:36:31+00:00","description":"\u00bfBuscas una manera \u00fanica y m\u00e1gica de decorar tus interiores y exteriores? \u00a1El \u00e1rido fotoluminiscente de Abadecom es la soluci\u00f3n perfecta!","inLanguage":"en-GB","potentialAction":[{"@type":"ReadAction","target":["https:\/\/abadecom.com\/promo-especial-embellece-tu-espacio-con-arido-fotoluminiscente\/"]}]},{"@type":"ImageObject","inLanguage":"en-GB","@id":"https:\/\/abadecom.com\/promo-especial-embellece-tu-espacio-con-arido-fotoluminiscente\/#primaryimage","url":"https:\/\/abadecom.com\/wp-content\/uploads\/2024\/05\/3_21-mayo_post-arido.jpg","contentUrl":"https:\/\/abadecom.com\/wp-content\/uploads\/2024\/05\/3_21-mayo_post-arido.jpg","width":1080,"height":1080},{"@type":"WebSite","@id":"https:\/\/abadecom.com\/#website","url":"https:\/\/abadecom.com\/","name":"Abadecom","description":"Sustainable and eco-friendly products","publisher":{"@id":"https:\/\/abadecom.com\/#organization"},"alternateName":"Abadecom","potentialAction":[{"@type":"SearchAction","target":{"@type":"EntryPoint","urlTemplate":"https:\/\/abadecom.com\/?s={search_term_string}"},"query-input":{"@type":"PropertyValueSpecification","valueRequired":true,"valueName":"search_term_string"}}],"inLanguage":"en-GB"},{"@type":"Organization","@id":"https:\/\/abadecom.com\/#organization","name":"Abadecom","url":"https:\/\/abadecom.com\/","logo":{"@type":"ImageObject","inLanguage":"en-GB","@id":"https:\/\/abadecom.com\/#\/schema\/logo\/image\/","url":"https:\/\/abadecom.com\/wp-content\/uploads\/2022\/03\/Logo-Abadecom-e1647715158799.png","contentUrl":"https:\/\/abadecom.com\/wp-content\/uploads\/2022\/03\/Logo-Abadecom-e1647715158799.png","width":200,"height":117,"caption":"Abadecom"},"image":{"@id":"https:\/\/abadecom.com\/#\/schema\/logo\/image\/"}},{"@type":"Person","@id":"https:\/\/abadecom.com\/#\/schema\/person\/477a7cc0ed6c040d67343c7a3fda930b","name":"AdminAabadeco","image":{"@type":"ImageObject","inLanguage":"en-GB","@id":"https:\/\/secure.gravatar.com\/avatar\/2630c0cee03e7f483e5ca41ec6649375f24ca272e920f8386983684762e36487?s=96&d=mm&r=g","url":"https:\/\/secure.gravatar.com\/avatar\/2630c0cee03e7f483e5ca41ec6649375f24ca272e920f8386983684762e36487?s=96&d=mm&r=g","contentUrl":"https:\/\/secure.gravatar.com\/avatar\/2630c0cee03e7f483e5ca41ec6649375f24ca272e920f8386983684762e36487?s=96&d=mm&r=g","caption":"AdminAabadeco"},"sameAs":["https:\/\/abadecom.com"],"url":"https:\/\/abadecom.com\/en\/author\/adminaabadeco\/"}]}},"_links":{"self":[{"href":"https:\/\/abadecom.com\/en\/wp-json\/wp\/v2\/posts\/9687","targetHints":{"allow":["GET"]}}],"collection":[{"href":"https:\/\/abadecom.com\/en\/wp-json\/wp\/v2\/posts"}],"about":[{"href":"https:\/\/abadecom.com\/en\/wp-json\/wp\/v2\/types\/post"}],"author":[{"embeddable":true,"href":"https:\/\/abadecom.com\/en\/wp-json\/wp\/v2\/users\/1"}],"replies":[{"embeddable":true,"href":"https:\/\/abadecom.com\/en\/wp-json\/wp\/v2\/comments?post=9687"}],"version-history":[{"count":3,"href":"https:\/\/abadecom.com\/en\/wp-json\/wp\/v2\/posts\/9687\/revisions"}],"predecessor-version":[{"id":9691,"href":"https:\/\/abadecom.com\/en\/wp-json\/wp\/v2\/posts\/9687\/revisions\/9691"}],"wp:featuredmedia":[{"embeddable":true,"href":"https:\/\/abadecom.com\/en\/wp-json\/wp\/v2\/media\/9688"}],"wp:attachment":[{"href":"https:\/\/abadecom.com\/en\/wp-json\/wp\/v2\/media?parent=9687"}],"wp:term":[{"taxonomy":"category","embeddable":true,"href":"https:\/\/abadecom.com\/en\/wp-json\/wp\/v2\/categories?post=9687"},{"taxonomy":"post_tag","embeddable":true,"href":"https:\/\/abadecom.com\/en\/wp-json\/wp\/v2\/tags?post=9687"}],"curies":[{"name":"wp","href":"https:\/\/api.w.org\/{rel}","templated":true}]}}