{"id":9643,"date":"2024-03-12T11:29:00","date_gmt":"2024-03-12T11:29:00","guid":{"rendered":"https:\/\/abadecom.com\/?p=9643"},"modified":"2024-03-12T11:29:02","modified_gmt":"2024-03-12T11:29:02","slug":"conoce-el-arido-fotoluminiscente-de-abadecom","status":"publish","type":"post","link":"https:\/\/abadecom.com\/en\/conoce-el-arido-fotoluminiscente-de-abadecom\/","title":{"rendered":"Conoce el \u00e1rido fotoluminiscente de Abadecom"},"content":{"rendered":"\n<p class=\"wp-block-paragraph\">En el constante af\u00e1n de buscar innovaci\u00f3n en el dise\u00f1o de exteriores, presentamos una soluci\u00f3n revolucionaria: nuestro \u00e1rido fotoluminiscente. Disponible en colores azul y verde, este material se convierte en la respuesta perfecta para quienes buscan destacar sus espacios al aire libre de manera \u00fanica y cautivadora.<\/p>\n\n\n<style>.wp-block-kadence-advancedheading.kt-adv-heading9643_0d3b96-de, .wp-block-kadence-advancedheading.kt-adv-heading9643_0d3b96-de[data-kb-block=\"kb-adv-heading9643_0d3b96-de\"]{font-style:normal;}.wp-block-kadence-advancedheading.kt-adv-heading9643_0d3b96-de mark.kt-highlight, .wp-block-kadence-advancedheading.kt-adv-heading9643_0d3b96-de[data-kb-block=\"kb-adv-heading9643_0d3b96-de\"] mark.kt-highlight{font-style:normal;color:#f76a0c;-webkit-box-decoration-break:clone;box-decoration-break:clone;padding-top:0px;padding-right:0px;padding-bottom:0px;padding-left:0px;}.wp-block-kadence-advancedheading.kt-adv-heading9643_0d3b96-de img.kb-inline-image, .wp-block-kadence-advancedheading.kt-adv-heading9643_0d3b96-de[data-kb-block=\"kb-adv-heading9643_0d3b96-de\"] img.kb-inline-image{width:150px;vertical-align:baseline;}<\/style>\n<h3 class=\"kt-adv-heading9643_0d3b96-de wp-block-kadence-advancedheading\" data-kb-block=\"kb-adv-heading9643_0d3b96-de\"><strong>\u00bfC\u00f3mo funciona nuestro \u00e1rido?<\/strong><\/h3>\n\n\n\n<p class=\"wp-block-paragraph\">Este material vanguardista se activa tanto con la luz solar como con la artificial durante el d\u00eda. Posteriormente, deslumbra al caer la noche al emitir una luminiscencia suave y duradera por m\u00e1s de 12 horas, seg\u00fan lo respaldan los ensayos de laboratorios bajo la norma UNE 23035. Una aut\u00e9ntica muestra de tecnolog\u00eda aplicada al dise\u00f1o exterior.<\/p>\n\n\n<style>.wp-block-kadence-advancedheading.kt-adv-heading9643_238897-69, .wp-block-kadence-advancedheading.kt-adv-heading9643_238897-69[data-kb-block=\"kb-adv-heading9643_238897-69\"]{font-style:normal;}.wp-block-kadence-advancedheading.kt-adv-heading9643_238897-69 mark.kt-highlight, .wp-block-kadence-advancedheading.kt-adv-heading9643_238897-69[data-kb-block=\"kb-adv-heading9643_238897-69\"] mark.kt-highlight{font-style:normal;color:#f76a0c;-webkit-box-decoration-break:clone;box-decoration-break:clone;padding-top:0px;padding-right:0px;padding-bottom:0px;padding-left:0px;}.wp-block-kadence-advancedheading.kt-adv-heading9643_238897-69 img.kb-inline-image, .wp-block-kadence-advancedheading.kt-adv-heading9643_238897-69[data-kb-block=\"kb-adv-heading9643_238897-69\"] img.kb-inline-image{width:150px;vertical-align:baseline;}<\/style>\n<h3 class=\"kt-adv-heading9643_238897-69 wp-block-kadence-advancedheading\" data-kb-block=\"kb-adv-heading9643_238897-69\"><strong>Versatilidad en Dise\u00f1o<\/strong><\/h3>\n\n\n\n<p class=\"wp-block-paragraph\">Ya sea para embellecer jardines, resaltar zonas comunes, dar un toque especial a spas u otorgar distinci\u00f3n a cualquier espacio al aire libre, nuestro \u00e1rido fotoluminiscente ofrece una soluci\u00f3n \u00fanica y vers\u00e1til. Su capacidad para captar y almacenar la luz solar lo convierte en la elecci\u00f3n perfecta para crear ambientes cautivadores y funcionales.<\/p>\n\n\n<style>.wp-block-kadence-advancedheading.kt-adv-heading9643_9adffe-a1, .wp-block-kadence-advancedheading.kt-adv-heading9643_9adffe-a1[data-kb-block=\"kb-adv-heading9643_9adffe-a1\"]{font-style:normal;}.wp-block-kadence-advancedheading.kt-adv-heading9643_9adffe-a1 mark.kt-highlight, .wp-block-kadence-advancedheading.kt-adv-heading9643_9adffe-a1[data-kb-block=\"kb-adv-heading9643_9adffe-a1\"] mark.kt-highlight{font-style:normal;color:#f76a0c;-webkit-box-decoration-break:clone;box-decoration-break:clone;padding-top:0px;padding-right:0px;padding-bottom:0px;padding-left:0px;}.wp-block-kadence-advancedheading.kt-adv-heading9643_9adffe-a1 img.kb-inline-image, .wp-block-kadence-advancedheading.kt-adv-heading9643_9adffe-a1[data-kb-block=\"kb-adv-heading9643_9adffe-a1\"] img.kb-inline-image{width:150px;vertical-align:baseline;}<\/style>\n<h3 class=\"kt-adv-heading9643_9adffe-a1 wp-block-kadence-advancedheading\" data-kb-block=\"kb-adv-heading9643_9adffe-a1\"><strong>Aplicaci\u00f3n Sencilla, Resultados Impactantes<\/strong><\/h3>\n\n\n\n<p class=\"wp-block-paragraph\">La aplicaci\u00f3n es tan sencilla como esparcir el \u00e1rido sobre la superficie deseada y dejar que la magia comience. Adem\u00e1s de a\u00f1adir un toque est\u00e9tico interesante, esta innovadora opci\u00f3n puede mejorar la seguridad al proporcionar un balizamiento tenue pero constante en \u00e1reas exteriores. Una forma creativa y duradera de realzar tus proyectos.<\/p>\n\n\n<style>.wp-block-kadence-advancedheading.kt-adv-heading9643_d88240-63, .wp-block-kadence-advancedheading.kt-adv-heading9643_d88240-63[data-kb-block=\"kb-adv-heading9643_d88240-63\"]{font-style:normal;}.wp-block-kadence-advancedheading.kt-adv-heading9643_d88240-63 mark.kt-highlight, .wp-block-kadence-advancedheading.kt-adv-heading9643_d88240-63[data-kb-block=\"kb-adv-heading9643_d88240-63\"] mark.kt-highlight{font-style:normal;color:#f76a0c;-webkit-box-decoration-break:clone;box-decoration-break:clone;padding-top:0px;padding-right:0px;padding-bottom:0px;padding-left:0px;}.wp-block-kadence-advancedheading.kt-adv-heading9643_d88240-63 img.kb-inline-image, .wp-block-kadence-advancedheading.kt-adv-heading9643_d88240-63[data-kb-block=\"kb-adv-heading9643_d88240-63\"] img.kb-inline-image{width:150px;vertical-align:baseline;}<\/style>\n<h3 class=\"kt-adv-heading9643_d88240-63 wp-block-kadence-advancedheading\" data-kb-block=\"kb-adv-heading9643_d88240-63\"><strong>\u00bfEst\u00e1s Listo para el Pr\u00f3ximo Nivel en Dise\u00f1o Exterior?<\/strong><\/h3>\n\n\n\n<p class=\"wp-block-paragraph\">Descubre la magia del \u00e1rido fotoluminiscente y lleva tus dise\u00f1os al siguiente nivel. S\u00e9 parte de la revoluci\u00f3n en iluminaci\u00f3n creativa y funcional.<\/p>\n\n\n\n<figure class=\"wp-block-image size-large\"><img loading=\"lazy\" decoding=\"async\" width=\"1024\" height=\"553\" src=\"https:\/\/abadecom.com\/wp-content\/uploads\/2024\/03\/Arido-fotoluminiscente_Abadecom_02-1024x553.jpg\" alt=\"arido fotoluminiscente abadecom\" class=\"wp-image-9646\" srcset=\"https:\/\/abadecom.com\/wp-content\/uploads\/2024\/03\/Arido-fotoluminiscente_Abadecom_02-1024x553.jpg 1024w, https:\/\/abadecom.com\/wp-content\/uploads\/2024\/03\/Arido-fotoluminiscente_Abadecom_02-300x162.jpg 300w, https:\/\/abadecom.com\/wp-content\/uploads\/2024\/03\/Arido-fotoluminiscente_Abadecom_02-768x415.jpg 768w, https:\/\/abadecom.com\/wp-content\/uploads\/2024\/03\/Arido-fotoluminiscente_Abadecom_02-50x27.jpg 50w, https:\/\/abadecom.com\/wp-content\/uploads\/2024\/03\/Arido-fotoluminiscente_Abadecom_02-1600x864.jpg 1600w, https:\/\/abadecom.com\/wp-content\/uploads\/2024\/03\/Arido-fotoluminiscente_Abadecom_02-1536x830.jpg 1536w, https:\/\/abadecom.com\/wp-content\/uploads\/2024\/03\/Arido-fotoluminiscente_Abadecom_02-2048x1107.jpg 2048w\" sizes=\"auto, (max-width: 1024px) 100vw, 1024px\" \/><\/figure>\n\n\n\n<p class=\"wp-block-paragraph\">Conoce m\u00e1s en nuestra <a href=\"https:\/\/abadecom.com\/arido-fotoluminiscente\/\">web<\/a>.<\/p>\n","protected":false},"excerpt":{"rendered":"<p>En el constante af\u00e1n de buscar innovaci\u00f3n en el dise\u00f1o de exteriores, presentamos una soluci\u00f3n revolucionaria: nuestro \u00e1rido fotoluminiscente. Disponible en colores azul y verde, este material se convierte en la respuesta perfecta para quienes buscan destacar sus espacios al aire libre de manera \u00fanica y cautivadora. \u00bfC\u00f3mo funciona nuestro \u00e1rido? Este material vanguardista se [&#8230;]<\/p>\n<p><a class=\"btn btn-secondary understrap-read-more-link\" href=\"https:\/\/abadecom.com\/en\/conoce-el-arido-fotoluminiscente-de-abadecom\/\">Read More&#8230;<span class=\"screen-reader-text\"> from Conoce el \u00e1rido fotoluminiscente de Abadecom<\/span><\/a><\/p>\n","protected":false},"author":1,"featured_media":9644,"comment_status":"open","ping_status":"open","sticky":false,"template":"","format":"standard","meta":{"content-type":"","_monsterinsights_skip_tracking":false,"pgc_sgb_lightbox_settings":"","footnotes":""},"categories":[1],"tags":[],"class_list":["post-9643","post","type-post","status-publish","format-standard","has-post-thumbnail","hentry","category-sin-categorizar"],"yoast_head":"<!-- This site is optimized with the Yoast SEO plugin v28.4 - https:\/\/yoast.com\/product\/yoast-seo-wordpress\/ -->\n<title>Conoce el \u00e1rido fotoluminiscente de Abadecom - Abadecom<\/title>\n<meta name=\"description\" content=\"\u00c1rido fotoluminiscente en color azul y verde, este material se convierte en la respuesta perfecta para quienes buscan destacar sus espacios.\" \/>\n<meta name=\"robots\" content=\"index, follow, max-snippet:-1, max-image-preview:large, max-video-preview:-1\" \/>\n<link rel=\"canonical\" href=\"https:\/\/abadecom.com\/en\/conoce-el-arido-fotoluminiscente-de-abadecom\/\" \/>\n<meta property=\"og:locale\" content=\"en_GB\" \/>\n<meta property=\"og:type\" content=\"article\" \/>\n<meta property=\"og:title\" content=\"Conoce el \u00e1rido fotoluminiscente de Abadecom - Abadecom\" \/>\n<meta property=\"og:description\" content=\"\u00c1rido fotoluminiscente en color azul y verde, este material se convierte en la respuesta perfecta para quienes buscan destacar sus espacios.\" \/>\n<meta property=\"og:url\" content=\"https:\/\/abadecom.com\/en\/conoce-el-arido-fotoluminiscente-de-abadecom\/\" \/>\n<meta property=\"og:site_name\" content=\"Abadecom\" \/>\n<meta property=\"article:published_time\" content=\"2024-03-12T11:29:00+00:00\" \/>\n<meta property=\"article:modified_time\" content=\"2024-03-12T11:29:02+00:00\" \/>\n<meta property=\"og:image\" content=\"https:\/\/abadecom.com\/wp-content\/uploads\/2024\/03\/ARIDO-FOTOLUMINISCENTE_Abadecom.jpg\" \/>\n\t<meta property=\"og:image:width\" content=\"1215\" \/>\n\t<meta property=\"og:image:height\" content=\"1215\" \/>\n\t<meta property=\"og:image:type\" content=\"image\/jpeg\" \/>\n<meta name=\"author\" content=\"AdminAabadeco\" \/>\n<meta name=\"twitter:card\" content=\"summary_large_image\" \/>\n<meta name=\"twitter:label1\" content=\"Written by\" \/>\n\t<meta name=\"twitter:data1\" content=\"AdminAabadeco\" \/>\n\t<meta name=\"twitter:label2\" content=\"Estimated reading time\" \/>\n\t<meta name=\"twitter:data2\" content=\"2 minutes\" \/>\n<script type=\"application\/ld+json\" class=\"yoast-schema-graph\">{\"@context\":\"https:\\\/\\\/schema.org\",\"@graph\":[{\"@type\":\"Article\",\"@id\":\"https:\\\/\\\/abadecom.com\\\/conoce-el-arido-fotoluminiscente-de-abadecom\\\/#article\",\"isPartOf\":{\"@id\":\"https:\\\/\\\/abadecom.com\\\/conoce-el-arido-fotoluminiscente-de-abadecom\\\/\"},\"author\":{\"name\":\"AdminAabadeco\",\"@id\":\"https:\\\/\\\/abadecom.com\\\/#\\\/schema\\\/person\\\/477a7cc0ed6c040d67343c7a3fda930b\"},\"headline\":\"Conoce el \u00e1rido fotoluminiscente de Abadecom\",\"datePublished\":\"2024-03-12T11:29:00+00:00\",\"dateModified\":\"2024-03-12T11:29:02+00:00\",\"mainEntityOfPage\":{\"@id\":\"https:\\\/\\\/abadecom.com\\\/conoce-el-arido-fotoluminiscente-de-abadecom\\\/\"},\"wordCount\":289,\"commentCount\":0,\"publisher\":{\"@id\":\"https:\\\/\\\/abadecom.com\\\/#organization\"},\"image\":{\"@id\":\"https:\\\/\\\/abadecom.com\\\/conoce-el-arido-fotoluminiscente-de-abadecom\\\/#primaryimage\"},\"thumbnailUrl\":\"https:\\\/\\\/abadecom.com\\\/wp-content\\\/uploads\\\/2024\\\/03\\\/ARIDO-FOTOLUMINISCENTE_Abadecom.jpg\",\"articleSection\":[\"Sin categorizar\"],\"inLanguage\":\"en-GB\",\"potentialAction\":[{\"@type\":\"CommentAction\",\"name\":\"Comment\",\"target\":[\"https:\\\/\\\/abadecom.com\\\/conoce-el-arido-fotoluminiscente-de-abadecom\\\/#respond\"]}]},{\"@type\":\"WebPage\",\"@id\":\"https:\\\/\\\/abadecom.com\\\/conoce-el-arido-fotoluminiscente-de-abadecom\\\/\",\"url\":\"https:\\\/\\\/abadecom.com\\\/conoce-el-arido-fotoluminiscente-de-abadecom\\\/\",\"name\":\"Conoce el \u00e1rido fotoluminiscente de Abadecom - Abadecom\",\"isPartOf\":{\"@id\":\"https:\\\/\\\/abadecom.com\\\/#website\"},\"primaryImageOfPage\":{\"@id\":\"https:\\\/\\\/abadecom.com\\\/conoce-el-arido-fotoluminiscente-de-abadecom\\\/#primaryimage\"},\"image\":{\"@id\":\"https:\\\/\\\/abadecom.com\\\/conoce-el-arido-fotoluminiscente-de-abadecom\\\/#primaryimage\"},\"thumbnailUrl\":\"https:\\\/\\\/abadecom.com\\\/wp-content\\\/uploads\\\/2024\\\/03\\\/ARIDO-FOTOLUMINISCENTE_Abadecom.jpg\",\"datePublished\":\"2024-03-12T11:29:00+00:00\",\"dateModified\":\"2024-03-12T11:29:02+00:00\",\"description\":\"\u00c1rido fotoluminiscente en color azul y verde, este material se convierte en la respuesta perfecta para quienes buscan destacar sus espacios.\",\"inLanguage\":\"en-GB\",\"potentialAction\":[{\"@type\":\"ReadAction\",\"target\":[\"https:\\\/\\\/abadecom.com\\\/conoce-el-arido-fotoluminiscente-de-abadecom\\\/\"]}]},{\"@type\":\"ImageObject\",\"inLanguage\":\"en-GB\",\"@id\":\"https:\\\/\\\/abadecom.com\\\/conoce-el-arido-fotoluminiscente-de-abadecom\\\/#primaryimage\",\"url\":\"https:\\\/\\\/abadecom.com\\\/wp-content\\\/uploads\\\/2024\\\/03\\\/ARIDO-FOTOLUMINISCENTE_Abadecom.jpg\",\"contentUrl\":\"https:\\\/\\\/abadecom.com\\\/wp-content\\\/uploads\\\/2024\\\/03\\\/ARIDO-FOTOLUMINISCENTE_Abadecom.jpg\",\"width\":1215,\"height\":1215},{\"@type\":\"WebSite\",\"@id\":\"https:\\\/\\\/abadecom.com\\\/#website\",\"url\":\"https:\\\/\\\/abadecom.com\\\/\",\"name\":\"Abadecom\",\"description\":\"Productos sostenibles y respetuosos con el medio ambiente\",\"publisher\":{\"@id\":\"https:\\\/\\\/abadecom.com\\\/#organization\"},\"alternateName\":\"Abadecom\",\"potentialAction\":[{\"@type\":\"SearchAction\",\"target\":{\"@type\":\"EntryPoint\",\"urlTemplate\":\"https:\\\/\\\/abadecom.com\\\/?s={search_term_string}\"},\"query-input\":{\"@type\":\"PropertyValueSpecification\",\"valueRequired\":true,\"valueName\":\"search_term_string\"}}],\"inLanguage\":\"en-GB\"},{\"@type\":\"Organization\",\"@id\":\"https:\\\/\\\/abadecom.com\\\/#organization\",\"name\":\"Abadecom\",\"url\":\"https:\\\/\\\/abadecom.com\\\/\",\"logo\":{\"@type\":\"ImageObject\",\"inLanguage\":\"en-GB\",\"@id\":\"https:\\\/\\\/abadecom.com\\\/#\\\/schema\\\/logo\\\/image\\\/\",\"url\":\"https:\\\/\\\/abadecom.com\\\/wp-content\\\/uploads\\\/2022\\\/03\\\/Logo-Abadecom-e1647715158799.png\",\"contentUrl\":\"https:\\\/\\\/abadecom.com\\\/wp-content\\\/uploads\\\/2022\\\/03\\\/Logo-Abadecom-e1647715158799.png\",\"width\":200,\"height\":117,\"caption\":\"Abadecom\"},\"image\":{\"@id\":\"https:\\\/\\\/abadecom.com\\\/#\\\/schema\\\/logo\\\/image\\\/\"}},{\"@type\":\"Person\",\"@id\":\"https:\\\/\\\/abadecom.com\\\/#\\\/schema\\\/person\\\/477a7cc0ed6c040d67343c7a3fda930b\",\"name\":\"AdminAabadeco\",\"image\":{\"@type\":\"ImageObject\",\"inLanguage\":\"en-GB\",\"@id\":\"https:\\\/\\\/secure.gravatar.com\\\/avatar\\\/2630c0cee03e7f483e5ca41ec6649375f24ca272e920f8386983684762e36487?s=96&d=mm&r=g\",\"url\":\"https:\\\/\\\/secure.gravatar.com\\\/avatar\\\/2630c0cee03e7f483e5ca41ec6649375f24ca272e920f8386983684762e36487?s=96&d=mm&r=g\",\"contentUrl\":\"https:\\\/\\\/secure.gravatar.com\\\/avatar\\\/2630c0cee03e7f483e5ca41ec6649375f24ca272e920f8386983684762e36487?s=96&d=mm&r=g\",\"caption\":\"AdminAabadeco\"},\"sameAs\":[\"https:\\\/\\\/abadecom.com\"],\"url\":\"https:\\\/\\\/abadecom.com\\\/en\\\/author\\\/adminaabadeco\\\/\"}]}<\/script>\n<!-- \/ Yoast SEO plugin. -->","yoast_head_json":{"title":"Conoce el \u00e1rido fotoluminiscente de Abadecom - Abadecom","description":"\u00c1rido fotoluminiscente en color azul y verde, este material se convierte en la respuesta perfecta para quienes buscan destacar sus espacios.","robots":{"index":"index","follow":"follow","max-snippet":"max-snippet:-1","max-image-preview":"max-image-preview:large","max-video-preview":"max-video-preview:-1"},"canonical":"https:\/\/abadecom.com\/en\/conoce-el-arido-fotoluminiscente-de-abadecom\/","og_locale":"en_GB","og_type":"article","og_title":"Conoce el \u00e1rido fotoluminiscente de Abadecom - Abadecom","og_description":"\u00c1rido fotoluminiscente en color azul y verde, este material se convierte en la respuesta perfecta para quienes buscan destacar sus espacios.","og_url":"https:\/\/abadecom.com\/en\/conoce-el-arido-fotoluminiscente-de-abadecom\/","og_site_name":"Abadecom","article_published_time":"2024-03-12T11:29:00+00:00","article_modified_time":"2024-03-12T11:29:02+00:00","og_image":[{"width":1215,"height":1215,"url":"https:\/\/abadecom.com\/wp-content\/uploads\/2024\/03\/ARIDO-FOTOLUMINISCENTE_Abadecom.jpg","type":"image\/jpeg"}],"author":"AdminAabadeco","twitter_card":"summary_large_image","twitter_misc":{"Written by":"AdminAabadeco","Estimated reading time":"2 minutes"},"schema":{"@context":"https:\/\/schema.org","@graph":[{"@type":"Article","@id":"https:\/\/abadecom.com\/conoce-el-arido-fotoluminiscente-de-abadecom\/#article","isPartOf":{"@id":"https:\/\/abadecom.com\/conoce-el-arido-fotoluminiscente-de-abadecom\/"},"author":{"name":"AdminAabadeco","@id":"https:\/\/abadecom.com\/#\/schema\/person\/477a7cc0ed6c040d67343c7a3fda930b"},"headline":"Conoce el \u00e1rido fotoluminiscente de Abadecom","datePublished":"2024-03-12T11:29:00+00:00","dateModified":"2024-03-12T11:29:02+00:00","mainEntityOfPage":{"@id":"https:\/\/abadecom.com\/conoce-el-arido-fotoluminiscente-de-abadecom\/"},"wordCount":289,"commentCount":0,"publisher":{"@id":"https:\/\/abadecom.com\/#organization"},"image":{"@id":"https:\/\/abadecom.com\/conoce-el-arido-fotoluminiscente-de-abadecom\/#primaryimage"},"thumbnailUrl":"https:\/\/abadecom.com\/wp-content\/uploads\/2024\/03\/ARIDO-FOTOLUMINISCENTE_Abadecom.jpg","articleSection":["Sin categorizar"],"inLanguage":"en-GB","potentialAction":[{"@type":"CommentAction","name":"Comment","target":["https:\/\/abadecom.com\/conoce-el-arido-fotoluminiscente-de-abadecom\/#respond"]}]},{"@type":"WebPage","@id":"https:\/\/abadecom.com\/conoce-el-arido-fotoluminiscente-de-abadecom\/","url":"https:\/\/abadecom.com\/conoce-el-arido-fotoluminiscente-de-abadecom\/","name":"Conoce el \u00e1rido fotoluminiscente de Abadecom - Abadecom","isPartOf":{"@id":"https:\/\/abadecom.com\/#website"},"primaryImageOfPage":{"@id":"https:\/\/abadecom.com\/conoce-el-arido-fotoluminiscente-de-abadecom\/#primaryimage"},"image":{"@id":"https:\/\/abadecom.com\/conoce-el-arido-fotoluminiscente-de-abadecom\/#primaryimage"},"thumbnailUrl":"https:\/\/abadecom.com\/wp-content\/uploads\/2024\/03\/ARIDO-FOTOLUMINISCENTE_Abadecom.jpg","datePublished":"2024-03-12T11:29:00+00:00","dateModified":"2024-03-12T11:29:02+00:00","description":"\u00c1rido fotoluminiscente en color azul y verde, este material se convierte en la respuesta perfecta para quienes buscan destacar sus espacios.","inLanguage":"en-GB","potentialAction":[{"@type":"ReadAction","target":["https:\/\/abadecom.com\/conoce-el-arido-fotoluminiscente-de-abadecom\/"]}]},{"@type":"ImageObject","inLanguage":"en-GB","@id":"https:\/\/abadecom.com\/conoce-el-arido-fotoluminiscente-de-abadecom\/#primaryimage","url":"https:\/\/abadecom.com\/wp-content\/uploads\/2024\/03\/ARIDO-FOTOLUMINISCENTE_Abadecom.jpg","contentUrl":"https:\/\/abadecom.com\/wp-content\/uploads\/2024\/03\/ARIDO-FOTOLUMINISCENTE_Abadecom.jpg","width":1215,"height":1215},{"@type":"WebSite","@id":"https:\/\/abadecom.com\/#website","url":"https:\/\/abadecom.com\/","name":"Abadecom","description":"Sustainable and eco-friendly products","publisher":{"@id":"https:\/\/abadecom.com\/#organization"},"alternateName":"Abadecom","potentialAction":[{"@type":"SearchAction","target":{"@type":"EntryPoint","urlTemplate":"https:\/\/abadecom.com\/?s={search_term_string}"},"query-input":{"@type":"PropertyValueSpecification","valueRequired":true,"valueName":"search_term_string"}}],"inLanguage":"en-GB"},{"@type":"Organization","@id":"https:\/\/abadecom.com\/#organization","name":"Abadecom","url":"https:\/\/abadecom.com\/","logo":{"@type":"ImageObject","inLanguage":"en-GB","@id":"https:\/\/abadecom.com\/#\/schema\/logo\/image\/","url":"https:\/\/abadecom.com\/wp-content\/uploads\/2022\/03\/Logo-Abadecom-e1647715158799.png","contentUrl":"https:\/\/abadecom.com\/wp-content\/uploads\/2022\/03\/Logo-Abadecom-e1647715158799.png","width":200,"height":117,"caption":"Abadecom"},"image":{"@id":"https:\/\/abadecom.com\/#\/schema\/logo\/image\/"}},{"@type":"Person","@id":"https:\/\/abadecom.com\/#\/schema\/person\/477a7cc0ed6c040d67343c7a3fda930b","name":"AdminAabadeco","image":{"@type":"ImageObject","inLanguage":"en-GB","@id":"https:\/\/secure.gravatar.com\/avatar\/2630c0cee03e7f483e5ca41ec6649375f24ca272e920f8386983684762e36487?s=96&d=mm&r=g","url":"https:\/\/secure.gravatar.com\/avatar\/2630c0cee03e7f483e5ca41ec6649375f24ca272e920f8386983684762e36487?s=96&d=mm&r=g","contentUrl":"https:\/\/secure.gravatar.com\/avatar\/2630c0cee03e7f483e5ca41ec6649375f24ca272e920f8386983684762e36487?s=96&d=mm&r=g","caption":"AdminAabadeco"},"sameAs":["https:\/\/abadecom.com"],"url":"https:\/\/abadecom.com\/en\/author\/adminaabadeco\/"}]}},"_links":{"self":[{"href":"https:\/\/abadecom.com\/en\/wp-json\/wp\/v2\/posts\/9643","targetHints":{"allow":["GET"]}}],"collection":[{"href":"https:\/\/abadecom.com\/en\/wp-json\/wp\/v2\/posts"}],"about":[{"href":"https:\/\/abadecom.com\/en\/wp-json\/wp\/v2\/types\/post"}],"author":[{"embeddable":true,"href":"https:\/\/abadecom.com\/en\/wp-json\/wp\/v2\/users\/1"}],"replies":[{"embeddable":true,"href":"https:\/\/abadecom.com\/en\/wp-json\/wp\/v2\/comments?post=9643"}],"version-history":[{"count":2,"href":"https:\/\/abadecom.com\/en\/wp-json\/wp\/v2\/posts\/9643\/revisions"}],"predecessor-version":[{"id":9647,"href":"https:\/\/abadecom.com\/en\/wp-json\/wp\/v2\/posts\/9643\/revisions\/9647"}],"wp:featuredmedia":[{"embeddable":true,"href":"https:\/\/abadecom.com\/en\/wp-json\/wp\/v2\/media\/9644"}],"wp:attachment":[{"href":"https:\/\/abadecom.com\/en\/wp-json\/wp\/v2\/media?parent=9643"}],"wp:term":[{"taxonomy":"category","embeddable":true,"href":"https:\/\/abadecom.com\/en\/wp-json\/wp\/v2\/categories?post=9643"},{"taxonomy":"post_tag","embeddable":true,"href":"https:\/\/abadecom.com\/en\/wp-json\/wp\/v2\/tags?post=9643"}],"curies":[{"name":"wp","href":"https:\/\/api.w.org\/{rel}","templated":true}]}}