{"id":9300,"date":"2023-10-31T11:59:10","date_gmt":"2023-10-31T11:59:10","guid":{"rendered":"https:\/\/abadecom.com\/?p=9300"},"modified":"2023-10-31T13:11:37","modified_gmt":"2023-10-31T13:11:37","slug":"new-cities-rely-on-photoluminescent-cycle-lane-separators","status":"publish","type":"post","link":"https:\/\/abadecom.com\/en\/nuevas-ciudades-confian-en-los-separadores-de-carril-bici-fotoluminiscentes\/","title":{"rendered":"New Cities Rely on Photoluminescent Cycle Lane Separators"},"content":{"rendered":"<p class=\"wp-block-paragraph\">At <a href=\"https:\/\/abadecom.com\/en\/cycle-lane-separator\/\">Abadecom<\/a>, we are delighted to share some exciting news: more and more cities are putting their trust in our innovative sustainable mobility solution. Our photoluminescent cycle lane markers, made from recycled 100% plastic, are the preferred choice thanks to their durability and commitment to the environment.<\/p>\n\n\n\n<p class=\"wp-block-paragraph\"><strong>Key Benefits:<\/strong><\/p>\n\n\n\n<p class=\"wp-block-paragraph\"><strong>Unmatched Durability:<\/strong> Thanks to the use of PVC as a raw material, our cycle lane separators offer exceptional resistance compared to other options made from rubber and concrete. This ensures a prolonged service life and lower maintenance.<\/p>\n\n\n\n<p class=\"wp-block-paragraph\"><strong>Quick and Easy Installation:<\/strong> Equipped with an anchor bolt fixing system, installation is quick and straightforward. This means less track downtime and seamless integration into existing infrastructure.<\/p>\n\n\n\n<p class=\"wp-block-paragraph\"><strong>Commitment to Safety:<\/strong> The paint used in our separators is solvent-free and non-toxic. It is also approved by the highways authority and includes reflective beads to improve visibility both day and night.<\/p>\n\n\n\n<p class=\"wp-block-paragraph\"><strong>Customisable Photoluminescent Option:<\/strong> Responding to specific needs, we offer the option of adding photoluminescent parts, providing additional visibility in dark conditions and increasing safety for pedestrians and cyclists.<\/p>\n\n\n\n<p class=\"wp-block-paragraph\">This time, we are proud to announce that we have recycled 2.2 tonnes of plastic for the manufacture of these dividers. This achievement is a further step towards reducing waste and promoting sustainable practices.<\/p>\n\n\n\n<p class=\"wp-block-paragraph\">Every city that chooses our separators not only invests in a safer and more efficient mobility infrastructure, but also actively contributes to the preservation of our environment. At Abadecom, we are committed to a more sustainable future and look forward to continuing to be partners on the road towards more mindful and responsible urban mobility.<\/p>\n\n\n\n<div class=\"wp-block-columns is-layout-flex wp-container-core-columns-is-layout-8f761849 wp-block-columns-is-layout-flex\">\n<div class=\"wp-block-column is-layout-flow wp-block-column-is-layout-flow\" style=\"flex-basis:100%\">\n<div class=\"wp-block-columns is-layout-flex wp-container-core-columns-is-layout-8f761849 wp-block-columns-is-layout-flex\">\n<div class=\"wp-block-column is-layout-flow wp-block-column-is-layout-flow\" style=\"flex-basis:100%\">\n<figure class=\"wp-block-gallery has-nested-images columns-default is-cropped wp-block-gallery-2 is-layout-flex wp-block-gallery-is-layout-flex\">\n<figure class=\"wp-block-image size-large is-style-rounded\"><img loading=\"lazy\" decoding=\"async\" width=\"461\" height=\"1024\" data-id=\"9304\" src=\"https:\/\/abadecom.com\/wp-content\/uploads\/2023\/10\/1698174686615-461x1024.jpg\" alt=\"cycle lane separator abadecom\" class=\"wp-image-9304\" title=\"cycle lane separator abadecom\" srcset=\"https:\/\/abadecom.com\/wp-content\/uploads\/2023\/10\/1698174686615-461x1024.jpg 461w, https:\/\/abadecom.com\/wp-content\/uploads\/2023\/10\/1698174686615-135x300.jpg 135w, https:\/\/abadecom.com\/wp-content\/uploads\/2023\/10\/1698174686615-768x1707.jpg 768w, https:\/\/abadecom.com\/wp-content\/uploads\/2023\/10\/1698174686615-1600x3556.jpg 1600w, https:\/\/abadecom.com\/wp-content\/uploads\/2023\/10\/1698174686615-691x1536.jpg 691w, https:\/\/abadecom.com\/wp-content\/uploads\/2023\/10\/1698174686615-922x2048.jpg 922w, https:\/\/abadecom.com\/wp-content\/uploads\/2023\/10\/1698174686615-scaled.jpg 1152w\" sizes=\"auto, (max-width: 461px) 100vw, 461px\" \/><\/figure>\n\n\n\n<figure class=\"wp-block-image size-large is-style-rounded\"><img loading=\"lazy\" decoding=\"async\" width=\"461\" height=\"1024\" data-id=\"9305\" src=\"https:\/\/abadecom.com\/wp-content\/uploads\/2023\/10\/1698174686647-461x1024.jpg\" alt=\"cycle lane separator abadecom\" class=\"wp-image-9305\" title=\"cycle lane separator abadecom\" srcset=\"https:\/\/abadecom.com\/wp-content\/uploads\/2023\/10\/1698174686647-461x1024.jpg 461w, https:\/\/abadecom.com\/wp-content\/uploads\/2023\/10\/1698174686647-135x300.jpg 135w, https:\/\/abadecom.com\/wp-content\/uploads\/2023\/10\/1698174686647-768x1707.jpg 768w, https:\/\/abadecom.com\/wp-content\/uploads\/2023\/10\/1698174686647-1600x3556.jpg 1600w, https:\/\/abadecom.com\/wp-content\/uploads\/2023\/10\/1698174686647-691x1536.jpg 691w, https:\/\/abadecom.com\/wp-content\/uploads\/2023\/10\/1698174686647-922x2048.jpg 922w, https:\/\/abadecom.com\/wp-content\/uploads\/2023\/10\/1698174686647-scaled.jpg 1152w\" sizes=\"auto, (max-width: 461px) 100vw, 461px\" \/><\/figure>\n<\/figure>\n<\/div>\n<\/div>\n<\/div>\n<\/div>","protected":false},"excerpt":{"rendered":"<p>En Abadecom, estamos entusiasmados de compartir una emocionante noticia: cada vez m\u00e1s ciudades conf\u00edan en nuestra innovadora soluci\u00f3n de movilidad sostenible. Nuestros Separadores de Carril Bici Fotoluminiscentes, fabricados con pl\u00e1stico 100% reciclado, son la elecci\u00f3n preferida por su durabilidad y compromiso con el medio ambiente. Ventajas Destacadas: Durabilidad sin Igual: Gracias al uso de PVC [&#8230;]<\/p>\n<p><a class=\"btn btn-secondary understrap-read-more-link\" href=\"https:\/\/abadecom.com\/en\/nuevas-ciudades-confian-en-los-separadores-de-carril-bici-fotoluminiscentes\/\">Read More&#8230;<span class=\"screen-reader-text\"> from Nuevas Ciudades conf\u00edan en los Separadores de Carril Bici Fotoluminiscentes<\/span><\/a><\/p>\n","protected":false},"author":1,"featured_media":9302,"comment_status":"open","ping_status":"open","sticky":false,"template":"","format":"standard","meta":{"content-type":"","_monsterinsights_skip_tracking":false,"pgc_sgb_lightbox_settings":"","footnotes":""},"categories":[1],"tags":[],"class_list":["post-9300","post","type-post","status-publish","format-standard","has-post-thumbnail","hentry","category-sin-categorizar"],"yoast_head":"<!-- This site is optimized with the Yoast SEO plugin v28.4 - https:\/\/yoast.com\/product\/yoast-seo-wordpress\/ -->\n<title>Nuevas Ciudades conf\u00edan en los Separadores de Carril Bici Fotoluminiscentes - Abadecom<\/title>\n<meta name=\"description\" content=\"Cada vez m\u00e1s ciudades conf\u00edan en nuestra innovadora soluci\u00f3n de movilidad sostenible. Nuestros Separadores de Carril Bici Fotoluminiscentes\" \/>\n<meta name=\"robots\" content=\"index, follow, max-snippet:-1, max-image-preview:large, max-video-preview:-1\" \/>\n<link rel=\"canonical\" href=\"https:\/\/abadecom.com\/en\/new-cities-rely-on-photoluminescent-cycle-lane-separators\/\" \/>\n<meta property=\"og:locale\" content=\"en_GB\" \/>\n<meta property=\"og:type\" content=\"article\" \/>\n<meta property=\"og:title\" content=\"Nuevas Ciudades conf\u00edan en los Separadores de Carril Bici Fotoluminiscentes - Abadecom\" \/>\n<meta property=\"og:description\" content=\"Cada vez m\u00e1s ciudades conf\u00edan en nuestra innovadora soluci\u00f3n de movilidad sostenible. Nuestros Separadores de Carril Bici Fotoluminiscentes\" \/>\n<meta property=\"og:url\" content=\"https:\/\/abadecom.com\/en\/new-cities-rely-on-photoluminescent-cycle-lane-separators\/\" \/>\n<meta property=\"og:site_name\" content=\"Abadecom\" \/>\n<meta property=\"article:published_time\" content=\"2023-10-31T11:59:10+00:00\" \/>\n<meta property=\"article:modified_time\" content=\"2023-10-31T13:11:37+00:00\" \/>\n<meta property=\"og:image\" content=\"https:\/\/abadecom.com\/wp-content\/uploads\/2023\/10\/Collage-separador-massalfasar.jpg\" \/>\n\t<meta property=\"og:image:width\" content=\"1645\" \/>\n\t<meta property=\"og:image:height\" content=\"1379\" \/>\n\t<meta property=\"og:image:type\" content=\"image\/jpeg\" \/>\n<meta name=\"author\" content=\"AdminAabadeco\" \/>\n<meta name=\"twitter:card\" content=\"summary_large_image\" \/>\n<meta name=\"twitter:label1\" content=\"Written by\" \/>\n\t<meta name=\"twitter:data1\" content=\"AdminAabadeco\" \/>\n\t<meta name=\"twitter:label2\" content=\"Estimated reading time\" \/>\n\t<meta name=\"twitter:data2\" content=\"2 minutes\" \/>\n<script type=\"application\/ld+json\" class=\"yoast-schema-graph\">{\"@context\":\"https:\\\/\\\/schema.org\",\"@graph\":[{\"@type\":\"Article\",\"@id\":\"https:\\\/\\\/abadecom.com\\\/nuevas-ciudades-confian-en-los-separadores-de-carril-bici-fotoluminiscentes\\\/#article\",\"isPartOf\":{\"@id\":\"https:\\\/\\\/abadecom.com\\\/nuevas-ciudades-confian-en-los-separadores-de-carril-bici-fotoluminiscentes\\\/\"},\"author\":{\"name\":\"AdminAabadeco\",\"@id\":\"https:\\\/\\\/abadecom.com\\\/#\\\/schema\\\/person\\\/477a7cc0ed6c040d67343c7a3fda930b\"},\"headline\":\"Nuevas Ciudades conf\u00edan en los Separadores de Carril Bici Fotoluminiscentes\",\"datePublished\":\"2023-10-31T11:59:10+00:00\",\"dateModified\":\"2023-10-31T13:11:37+00:00\",\"mainEntityOfPage\":{\"@id\":\"https:\\\/\\\/abadecom.com\\\/nuevas-ciudades-confian-en-los-separadores-de-carril-bici-fotoluminiscentes\\\/\"},\"wordCount\":324,\"commentCount\":10,\"publisher\":{\"@id\":\"https:\\\/\\\/abadecom.com\\\/#organization\"},\"image\":{\"@id\":\"https:\\\/\\\/abadecom.com\\\/nuevas-ciudades-confian-en-los-separadores-de-carril-bici-fotoluminiscentes\\\/#primaryimage\"},\"thumbnailUrl\":\"https:\\\/\\\/abadecom.com\\\/wp-content\\\/uploads\\\/2023\\\/10\\\/Collage-separador-massalfasar.jpg\",\"articleSection\":[\"Sin categorizar\"],\"inLanguage\":\"en-GB\",\"potentialAction\":[{\"@type\":\"CommentAction\",\"name\":\"Comment\",\"target\":[\"https:\\\/\\\/abadecom.com\\\/nuevas-ciudades-confian-en-los-separadores-de-carril-bici-fotoluminiscentes\\\/#respond\"]}]},{\"@type\":\"WebPage\",\"@id\":\"https:\\\/\\\/abadecom.com\\\/nuevas-ciudades-confian-en-los-separadores-de-carril-bici-fotoluminiscentes\\\/\",\"url\":\"https:\\\/\\\/abadecom.com\\\/nuevas-ciudades-confian-en-los-separadores-de-carril-bici-fotoluminiscentes\\\/\",\"name\":\"Nuevas Ciudades conf\u00edan en los Separadores de Carril Bici Fotoluminiscentes - Abadecom\",\"isPartOf\":{\"@id\":\"https:\\\/\\\/abadecom.com\\\/#website\"},\"primaryImageOfPage\":{\"@id\":\"https:\\\/\\\/abadecom.com\\\/nuevas-ciudades-confian-en-los-separadores-de-carril-bici-fotoluminiscentes\\\/#primaryimage\"},\"image\":{\"@id\":\"https:\\\/\\\/abadecom.com\\\/nuevas-ciudades-confian-en-los-separadores-de-carril-bici-fotoluminiscentes\\\/#primaryimage\"},\"thumbnailUrl\":\"https:\\\/\\\/abadecom.com\\\/wp-content\\\/uploads\\\/2023\\\/10\\\/Collage-separador-massalfasar.jpg\",\"datePublished\":\"2023-10-31T11:59:10+00:00\",\"dateModified\":\"2023-10-31T13:11:37+00:00\",\"description\":\"Cada vez m\u00e1s ciudades conf\u00edan en nuestra innovadora soluci\u00f3n de movilidad sostenible. Nuestros Separadores de Carril Bici Fotoluminiscentes\",\"inLanguage\":\"en-GB\",\"potentialAction\":[{\"@type\":\"ReadAction\",\"target\":[\"https:\\\/\\\/abadecom.com\\\/nuevas-ciudades-confian-en-los-separadores-de-carril-bici-fotoluminiscentes\\\/\"]}]},{\"@type\":\"ImageObject\",\"inLanguage\":\"en-GB\",\"@id\":\"https:\\\/\\\/abadecom.com\\\/nuevas-ciudades-confian-en-los-separadores-de-carril-bici-fotoluminiscentes\\\/#primaryimage\",\"url\":\"https:\\\/\\\/abadecom.com\\\/wp-content\\\/uploads\\\/2023\\\/10\\\/Collage-separador-massalfasar.jpg\",\"contentUrl\":\"https:\\\/\\\/abadecom.com\\\/wp-content\\\/uploads\\\/2023\\\/10\\\/Collage-separador-massalfasar.jpg\",\"width\":1645,\"height\":1379,\"caption\":\"Separador carril Abadecom Massalfasar\"},{\"@type\":\"WebSite\",\"@id\":\"https:\\\/\\\/abadecom.com\\\/#website\",\"url\":\"https:\\\/\\\/abadecom.com\\\/\",\"name\":\"Abadecom\",\"description\":\"Productos sostenibles y respetuosos con el medio ambiente\",\"publisher\":{\"@id\":\"https:\\\/\\\/abadecom.com\\\/#organization\"},\"alternateName\":\"Abadecom\",\"potentialAction\":[{\"@type\":\"SearchAction\",\"target\":{\"@type\":\"EntryPoint\",\"urlTemplate\":\"https:\\\/\\\/abadecom.com\\\/?s={search_term_string}\"},\"query-input\":{\"@type\":\"PropertyValueSpecification\",\"valueRequired\":true,\"valueName\":\"search_term_string\"}}],\"inLanguage\":\"en-GB\"},{\"@type\":\"Organization\",\"@id\":\"https:\\\/\\\/abadecom.com\\\/#organization\",\"name\":\"Abadecom\",\"url\":\"https:\\\/\\\/abadecom.com\\\/\",\"logo\":{\"@type\":\"ImageObject\",\"inLanguage\":\"en-GB\",\"@id\":\"https:\\\/\\\/abadecom.com\\\/#\\\/schema\\\/logo\\\/image\\\/\",\"url\":\"https:\\\/\\\/abadecom.com\\\/wp-content\\\/uploads\\\/2022\\\/03\\\/Logo-Abadecom-e1647715158799.png\",\"contentUrl\":\"https:\\\/\\\/abadecom.com\\\/wp-content\\\/uploads\\\/2022\\\/03\\\/Logo-Abadecom-e1647715158799.png\",\"width\":200,\"height\":117,\"caption\":\"Abadecom\"},\"image\":{\"@id\":\"https:\\\/\\\/abadecom.com\\\/#\\\/schema\\\/logo\\\/image\\\/\"}},{\"@type\":\"Person\",\"@id\":\"https:\\\/\\\/abadecom.com\\\/#\\\/schema\\\/person\\\/477a7cc0ed6c040d67343c7a3fda930b\",\"name\":\"AdminAabadeco\",\"image\":{\"@type\":\"ImageObject\",\"inLanguage\":\"en-GB\",\"@id\":\"https:\\\/\\\/secure.gravatar.com\\\/avatar\\\/2630c0cee03e7f483e5ca41ec6649375f24ca272e920f8386983684762e36487?s=96&d=mm&r=g\",\"url\":\"https:\\\/\\\/secure.gravatar.com\\\/avatar\\\/2630c0cee03e7f483e5ca41ec6649375f24ca272e920f8386983684762e36487?s=96&d=mm&r=g\",\"contentUrl\":\"https:\\\/\\\/secure.gravatar.com\\\/avatar\\\/2630c0cee03e7f483e5ca41ec6649375f24ca272e920f8386983684762e36487?s=96&d=mm&r=g\",\"caption\":\"AdminAabadeco\"},\"sameAs\":[\"https:\\\/\\\/abadecom.com\"],\"url\":\"https:\\\/\\\/abadecom.com\\\/en\\\/author\\\/adminaabadeco\\\/\"}]}<\/script>\n<!-- \/ Yoast SEO plugin. -->","yoast_head_json":{"title":"New Cities trust the Photoluminescent Cycle Lane Separators - Abadecom","description":"More and more cities are relying on our innovative sustainable mobility solution. Our Photoluminescent Cycle Lane Separators","robots":{"index":"index","follow":"follow","max-snippet":"max-snippet:-1","max-image-preview":"max-image-preview:large","max-video-preview":"max-video-preview:-1"},"canonical":"https:\/\/abadecom.com\/en\/new-cities-rely-on-photoluminescent-cycle-lane-separators\/","og_locale":"en_GB","og_type":"article","og_title":"Nuevas Ciudades conf\u00edan en los Separadores de Carril Bici Fotoluminiscentes - Abadecom","og_description":"Cada vez m\u00e1s ciudades conf\u00edan en nuestra innovadora soluci\u00f3n de movilidad sostenible. Nuestros Separadores de Carril Bici Fotoluminiscentes","og_url":"https:\/\/abadecom.com\/en\/new-cities-rely-on-photoluminescent-cycle-lane-separators\/","og_site_name":"Abadecom","article_published_time":"2023-10-31T11:59:10+00:00","article_modified_time":"2023-10-31T13:11:37+00:00","og_image":[{"width":1645,"height":1379,"url":"https:\/\/abadecom.com\/wp-content\/uploads\/2023\/10\/Collage-separador-massalfasar.jpg","type":"image\/jpeg"}],"author":"AdminAabadeco","twitter_card":"summary_large_image","twitter_misc":{"Written by":"AdminAabadeco","Estimated reading time":"2 minutes"},"schema":{"@context":"https:\/\/schema.org","@graph":[{"@type":"Article","@id":"https:\/\/abadecom.com\/nuevas-ciudades-confian-en-los-separadores-de-carril-bici-fotoluminiscentes\/#article","isPartOf":{"@id":"https:\/\/abadecom.com\/nuevas-ciudades-confian-en-los-separadores-de-carril-bici-fotoluminiscentes\/"},"author":{"name":"AdminAabadeco","@id":"https:\/\/abadecom.com\/#\/schema\/person\/477a7cc0ed6c040d67343c7a3fda930b"},"headline":"Nuevas Ciudades conf\u00edan en los Separadores de Carril Bici Fotoluminiscentes","datePublished":"2023-10-31T11:59:10+00:00","dateModified":"2023-10-31T13:11:37+00:00","mainEntityOfPage":{"@id":"https:\/\/abadecom.com\/nuevas-ciudades-confian-en-los-separadores-de-carril-bici-fotoluminiscentes\/"},"wordCount":324,"commentCount":10,"publisher":{"@id":"https:\/\/abadecom.com\/#organization"},"image":{"@id":"https:\/\/abadecom.com\/nuevas-ciudades-confian-en-los-separadores-de-carril-bici-fotoluminiscentes\/#primaryimage"},"thumbnailUrl":"https:\/\/abadecom.com\/wp-content\/uploads\/2023\/10\/Collage-separador-massalfasar.jpg","articleSection":["Sin categorizar"],"inLanguage":"en-GB","potentialAction":[{"@type":"CommentAction","name":"Comment","target":["https:\/\/abadecom.com\/nuevas-ciudades-confian-en-los-separadores-de-carril-bici-fotoluminiscentes\/#respond"]}]},{"@type":"WebPage","@id":"https:\/\/abadecom.com\/nuevas-ciudades-confian-en-los-separadores-de-carril-bici-fotoluminiscentes\/","url":"https:\/\/abadecom.com\/nuevas-ciudades-confian-en-los-separadores-de-carril-bici-fotoluminiscentes\/","name":"New Cities trust the Photoluminescent Cycle Lane Separators - Abadecom","isPartOf":{"@id":"https:\/\/abadecom.com\/#website"},"primaryImageOfPage":{"@id":"https:\/\/abadecom.com\/nuevas-ciudades-confian-en-los-separadores-de-carril-bici-fotoluminiscentes\/#primaryimage"},"image":{"@id":"https:\/\/abadecom.com\/nuevas-ciudades-confian-en-los-separadores-de-carril-bici-fotoluminiscentes\/#primaryimage"},"thumbnailUrl":"https:\/\/abadecom.com\/wp-content\/uploads\/2023\/10\/Collage-separador-massalfasar.jpg","datePublished":"2023-10-31T11:59:10+00:00","dateModified":"2023-10-31T13:11:37+00:00","description":"More and more cities are relying on our innovative sustainable mobility solution. Our Photoluminescent Cycle Lane Separators","inLanguage":"en-GB","potentialAction":[{"@type":"ReadAction","target":["https:\/\/abadecom.com\/nuevas-ciudades-confian-en-los-separadores-de-carril-bici-fotoluminiscentes\/"]}]},{"@type":"ImageObject","inLanguage":"en-GB","@id":"https:\/\/abadecom.com\/nuevas-ciudades-confian-en-los-separadores-de-carril-bici-fotoluminiscentes\/#primaryimage","url":"https:\/\/abadecom.com\/wp-content\/uploads\/2023\/10\/Collage-separador-massalfasar.jpg","contentUrl":"https:\/\/abadecom.com\/wp-content\/uploads\/2023\/10\/Collage-separador-massalfasar.jpg","width":1645,"height":1379,"caption":"Separador carril Abadecom Massalfasar"},{"@type":"WebSite","@id":"https:\/\/abadecom.com\/#website","url":"https:\/\/abadecom.com\/","name":"Abadecom","description":"Sustainable and eco-friendly products","publisher":{"@id":"https:\/\/abadecom.com\/#organization"},"alternateName":"Abadecom","potentialAction":[{"@type":"SearchAction","target":{"@type":"EntryPoint","urlTemplate":"https:\/\/abadecom.com\/?s={search_term_string}"},"query-input":{"@type":"PropertyValueSpecification","valueRequired":true,"valueName":"search_term_string"}}],"inLanguage":"en-GB"},{"@type":"Organization","@id":"https:\/\/abadecom.com\/#organization","name":"Abadecom","url":"https:\/\/abadecom.com\/","logo":{"@type":"ImageObject","inLanguage":"en-GB","@id":"https:\/\/abadecom.com\/#\/schema\/logo\/image\/","url":"https:\/\/abadecom.com\/wp-content\/uploads\/2022\/03\/Logo-Abadecom-e1647715158799.png","contentUrl":"https:\/\/abadecom.com\/wp-content\/uploads\/2022\/03\/Logo-Abadecom-e1647715158799.png","width":200,"height":117,"caption":"Abadecom"},"image":{"@id":"https:\/\/abadecom.com\/#\/schema\/logo\/image\/"}},{"@type":"Person","@id":"https:\/\/abadecom.com\/#\/schema\/person\/477a7cc0ed6c040d67343c7a3fda930b","name":"AdminAabadeco","image":{"@type":"ImageObject","inLanguage":"en-GB","@id":"https:\/\/secure.gravatar.com\/avatar\/2630c0cee03e7f483e5ca41ec6649375f24ca272e920f8386983684762e36487?s=96&d=mm&r=g","url":"https:\/\/secure.gravatar.com\/avatar\/2630c0cee03e7f483e5ca41ec6649375f24ca272e920f8386983684762e36487?s=96&d=mm&r=g","contentUrl":"https:\/\/secure.gravatar.com\/avatar\/2630c0cee03e7f483e5ca41ec6649375f24ca272e920f8386983684762e36487?s=96&d=mm&r=g","caption":"AdminAabadeco"},"sameAs":["https:\/\/abadecom.com"],"url":"https:\/\/abadecom.com\/en\/author\/adminaabadeco\/"}]}},"_links":{"self":[{"href":"https:\/\/abadecom.com\/en\/wp-json\/wp\/v2\/posts\/9300","targetHints":{"allow":["GET"]}}],"collection":[{"href":"https:\/\/abadecom.com\/en\/wp-json\/wp\/v2\/posts"}],"about":[{"href":"https:\/\/abadecom.com\/en\/wp-json\/wp\/v2\/types\/post"}],"author":[{"embeddable":true,"href":"https:\/\/abadecom.com\/en\/wp-json\/wp\/v2\/users\/1"}],"replies":[{"embeddable":true,"href":"https:\/\/abadecom.com\/en\/wp-json\/wp\/v2\/comments?post=9300"}],"version-history":[{"count":6,"href":"https:\/\/abadecom.com\/en\/wp-json\/wp\/v2\/posts\/9300\/revisions"}],"predecessor-version":[{"id":9310,"href":"https:\/\/abadecom.com\/en\/wp-json\/wp\/v2\/posts\/9300\/revisions\/9310"}],"wp:featuredmedia":[{"embeddable":true,"href":"https:\/\/abadecom.com\/en\/wp-json\/wp\/v2\/media\/9302"}],"wp:attachment":[{"href":"https:\/\/abadecom.com\/en\/wp-json\/wp\/v2\/media?parent=9300"}],"wp:term":[{"taxonomy":"category","embeddable":true,"href":"https:\/\/abadecom.com\/en\/wp-json\/wp\/v2\/categories?post=9300"},{"taxonomy":"post_tag","embeddable":true,"href":"https:\/\/abadecom.com\/en\/wp-json\/wp\/v2\/tags?post=9300"}],"curies":[{"name":"wp","href":"https:\/\/api.w.org\/{rel}","templated":true}]}}