{"id":9273,"date":"2023-10-11T10:02:00","date_gmt":"2023-10-11T10:02:00","guid":{"rendered":"https:\/\/abadecom.com\/?p=9273"},"modified":"2023-10-11T10:07:51","modified_gmt":"2023-10-11T10:07:51","slug":"descubre-el-asombroso-arido-fotoluminiscente-de-abadecom-iluminacion-nocturna-sostenible","status":"publish","type":"post","link":"https:\/\/abadecom.com\/en\/descubre-el-asombroso-arido-fotoluminiscente-de-abadecom-iluminacion-nocturna-sostenible\/","title":{"rendered":"Descubre el Asombroso \u00c1rido Fotoluminiscente de Abadecom: Iluminaci\u00f3n Nocturna Sostenible"},"content":{"rendered":"<p class=\"wp-block-paragraph\">Hoy queremos compartir con ustedes una innovaci\u00f3n impresionante en el mundo del dise\u00f1o y la decoraci\u00f3n:\u00a1el <strong><a href=\"https:\/\/abadecom.com\/en\/photoluminescent-aggregate\/\">\u00e1rido fotoluminiscente<\/a><\/strong>! Este producto revolucionario puede ser incorporado en pavimentos continuos o piezas prefabricadas, y su capacidad para captar y emitir luz solar durante toda la noche es simplemente extraordinaria.<\/p>\n\n\n\n<p class=\"wp-block-paragraph\"><strong>\u00bfQu\u00e9 es el \u00c1rido Fotoluminiscente de Abadecom?<\/strong><\/p>\n\n\n\n<p class=\"wp-block-paragraph\">Est\u00e1 elaborado a base de aluminatos de estroncio enriquecidos de muy alta potencia lum\u00ednica. Esto significa que es capaz de absorber la luz del sol y liberarla gradualmente durante la noche, proporcionando una iluminaci\u00f3n suave y sostenible en espacios como jardines, spas, zonas comunes y decoraciones de dise\u00f1o.<\/p>\n\n\n\n<p class=\"wp-block-paragraph\"><strong>Aplicaciones Infinitas<\/strong><\/p>\n\n\n\n<p class=\"wp-block-paragraph\">Imagina un jard\u00edn que brilla con una luz m\u00e1gica despu\u00e9s de que el sol se pone, o un spa que crea una atm\u00f3sfera relajante y acogedora sin necesidad de luces artificiales. Con el \u00e1rido fotoluminiscente, las posibilidades son infinitas.<\/p>\n\n\n\n<p class=\"wp-block-paragraph\"><strong>C\u00f3mo se Utiliza<\/strong><\/p>\n\n\n\n<p class=\"wp-block-paragraph\">Puede ser incorporado en la superficie de un pavimento continuo durante su instalaci\u00f3n, utilizando la t\u00e9cnica del espolvoreo sobre el hormig\u00f3n fresco. Tambi\u00e9n se puede aplicar a piezas prefabricadas en su capa m\u00e1s superficial. Esto lo convierte en una opci\u00f3n vers\u00e1til y f\u00e1cil de integrar en una variedad de proyectos.<\/p>\n\n\n\n<p class=\"wp-block-paragraph\"><strong>Beneficios Sostenibles<\/strong><\/p>\n\n\n\n<p class=\"wp-block-paragraph\">Adem\u00e1s de su sorprendente capacidad de iluminar sin electricidad, el \u00e1rido fotoluminiscente es una opci\u00f3n sostenible. Al reducir la necesidad de iluminaci\u00f3n artificial, contribuye a la conservaci\u00f3n de energ\u00eda y a la reducci\u00f3n de la huella de carbono. Si est\u00e1s buscando una forma \u00fanica y ecol\u00f3gica de iluminar tus espacios, el \u00e1rido fotoluminiscente es definitivamente una opci\u00f3n que vale la pena considerar. \u00bfTe gustar\u00eda saber m\u00e1s sobre c\u00f3mo incorporarlo en tu proyecto? \u00a1No dudes en contactarnos!<\/p>\n\n\n\n<p class=\"wp-block-paragraph\"><a href=\"mailto:info@abadecom.com\">info@abadecom.com<\/a><\/p>","protected":false},"excerpt":{"rendered":"<p>Hoy queremos compartir con ustedes una innovaci\u00f3n impresionante en el mundo del dise\u00f1o y la decoraci\u00f3n:\u00a1el \u00e1rido fotoluminiscente! Este producto revolucionario puede ser incorporado en pavimentos continuos o piezas prefabricadas, y su capacidad para captar y emitir luz solar durante toda la noche es simplemente extraordinaria. \u00bfQu\u00e9 es el \u00c1rido Fotoluminiscente de Abadecom? Est\u00e1 elaborado [&#8230;]<\/p>\n<p><a class=\"btn btn-secondary understrap-read-more-link\" href=\"https:\/\/abadecom.com\/en\/descubre-el-asombroso-arido-fotoluminiscente-de-abadecom-iluminacion-nocturna-sostenible\/\">Read More&#8230;<span class=\"screen-reader-text\"> from Descubre el Asombroso \u00c1rido Fotoluminiscente de Abadecom: Iluminaci\u00f3n Nocturna Sostenible<\/span><\/a><\/p>\n","protected":false},"author":1,"featured_media":9274,"comment_status":"open","ping_status":"open","sticky":false,"template":"","format":"standard","meta":{"content-type":"","_monsterinsights_skip_tracking":false,"pgc_sgb_lightbox_settings":"","footnotes":""},"categories":[1],"tags":[],"class_list":["post-9273","post","type-post","status-publish","format-standard","has-post-thumbnail","hentry","category-sin-categorizar"],"yoast_head":"<!-- This site is optimized with the Yoast SEO plugin v28.4 - https:\/\/yoast.com\/product\/yoast-seo-wordpress\/ -->\n<title>Descubre el Asombroso \u00c1rido Fotoluminiscente de Abadecom:<\/title>\n<meta name=\"description\" content=\"Hoy queremos compartir con ustedes una innovaci\u00f3n impresionante en el mundo del dise\u00f1o y la decoraci\u00f3n: \u00a1el \u00e1rido fotoluminiscente!\" \/>\n<meta name=\"robots\" content=\"index, follow, max-snippet:-1, max-image-preview:large, max-video-preview:-1\" \/>\n<link rel=\"canonical\" href=\"https:\/\/abadecom.com\/en\/descubre-el-asombroso-arido-fotoluminiscente-de-abadecom-iluminacion-nocturna-sostenible\/\" \/>\n<meta property=\"og:locale\" content=\"en_GB\" \/>\n<meta property=\"og:type\" content=\"article\" \/>\n<meta property=\"og:title\" content=\"Descubre el Asombroso \u00c1rido Fotoluminiscente de Abadecom:\" \/>\n<meta property=\"og:description\" content=\"Hoy queremos compartir con ustedes una innovaci\u00f3n impresionante en el mundo del dise\u00f1o y la decoraci\u00f3n: \u00a1el \u00e1rido fotoluminiscente!\" \/>\n<meta property=\"og:url\" content=\"https:\/\/abadecom.com\/en\/descubre-el-asombroso-arido-fotoluminiscente-de-abadecom-iluminacion-nocturna-sostenible\/\" \/>\n<meta property=\"og:site_name\" content=\"Abadecom\" \/>\n<meta property=\"article:published_time\" content=\"2023-10-11T10:02:00+00:00\" \/>\n<meta property=\"article:modified_time\" content=\"2023-10-11T10:07:51+00:00\" \/>\n<meta property=\"og:image\" content=\"https:\/\/abadecom.com\/wp-content\/uploads\/2023\/10\/ARIDO-FOTOLUMINISCENTE_ABADECOM-scaled.jpg\" \/>\n\t<meta property=\"og:image:width\" content=\"2560\" \/>\n\t<meta property=\"og:image:height\" content=\"2560\" \/>\n\t<meta property=\"og:image:type\" content=\"image\/jpeg\" \/>\n<meta name=\"author\" content=\"AdminAabadeco\" \/>\n<meta name=\"twitter:card\" content=\"summary_large_image\" \/>\n<meta name=\"twitter:label1\" content=\"Written by\" \/>\n\t<meta name=\"twitter:data1\" content=\"AdminAabadeco\" \/>\n\t<meta name=\"twitter:label2\" content=\"Estimated reading time\" \/>\n\t<meta name=\"twitter:data2\" content=\"2 minutes\" \/>\n<script type=\"application\/ld+json\" class=\"yoast-schema-graph\">{\"@context\":\"https:\\\/\\\/schema.org\",\"@graph\":[{\"@type\":\"Article\",\"@id\":\"https:\\\/\\\/abadecom.com\\\/descubre-el-asombroso-arido-fotoluminiscente-de-abadecom-iluminacion-nocturna-sostenible\\\/#article\",\"isPartOf\":{\"@id\":\"https:\\\/\\\/abadecom.com\\\/descubre-el-asombroso-arido-fotoluminiscente-de-abadecom-iluminacion-nocturna-sostenible\\\/\"},\"author\":{\"name\":\"AdminAabadeco\",\"@id\":\"https:\\\/\\\/abadecom.com\\\/#\\\/schema\\\/person\\\/477a7cc0ed6c040d67343c7a3fda930b\"},\"headline\":\"Descubre el Asombroso \u00c1rido Fotoluminiscente de Abadecom: Iluminaci\u00f3n Nocturna Sostenible\",\"datePublished\":\"2023-10-11T10:02:00+00:00\",\"dateModified\":\"2023-10-11T10:07:51+00:00\",\"mainEntityOfPage\":{\"@id\":\"https:\\\/\\\/abadecom.com\\\/descubre-el-asombroso-arido-fotoluminiscente-de-abadecom-iluminacion-nocturna-sostenible\\\/\"},\"wordCount\":319,\"commentCount\":0,\"publisher\":{\"@id\":\"https:\\\/\\\/abadecom.com\\\/#organization\"},\"image\":{\"@id\":\"https:\\\/\\\/abadecom.com\\\/descubre-el-asombroso-arido-fotoluminiscente-de-abadecom-iluminacion-nocturna-sostenible\\\/#primaryimage\"},\"thumbnailUrl\":\"https:\\\/\\\/abadecom.com\\\/wp-content\\\/uploads\\\/2023\\\/10\\\/ARIDO-FOTOLUMINISCENTE_ABADECOM-scaled.jpg\",\"articleSection\":[\"Sin categorizar\"],\"inLanguage\":\"en-GB\",\"potentialAction\":[{\"@type\":\"CommentAction\",\"name\":\"Comment\",\"target\":[\"https:\\\/\\\/abadecom.com\\\/descubre-el-asombroso-arido-fotoluminiscente-de-abadecom-iluminacion-nocturna-sostenible\\\/#respond\"]}]},{\"@type\":\"WebPage\",\"@id\":\"https:\\\/\\\/abadecom.com\\\/descubre-el-asombroso-arido-fotoluminiscente-de-abadecom-iluminacion-nocturna-sostenible\\\/\",\"url\":\"https:\\\/\\\/abadecom.com\\\/descubre-el-asombroso-arido-fotoluminiscente-de-abadecom-iluminacion-nocturna-sostenible\\\/\",\"name\":\"Descubre el Asombroso \u00c1rido Fotoluminiscente de Abadecom:\",\"isPartOf\":{\"@id\":\"https:\\\/\\\/abadecom.com\\\/#website\"},\"primaryImageOfPage\":{\"@id\":\"https:\\\/\\\/abadecom.com\\\/descubre-el-asombroso-arido-fotoluminiscente-de-abadecom-iluminacion-nocturna-sostenible\\\/#primaryimage\"},\"image\":{\"@id\":\"https:\\\/\\\/abadecom.com\\\/descubre-el-asombroso-arido-fotoluminiscente-de-abadecom-iluminacion-nocturna-sostenible\\\/#primaryimage\"},\"thumbnailUrl\":\"https:\\\/\\\/abadecom.com\\\/wp-content\\\/uploads\\\/2023\\\/10\\\/ARIDO-FOTOLUMINISCENTE_ABADECOM-scaled.jpg\",\"datePublished\":\"2023-10-11T10:02:00+00:00\",\"dateModified\":\"2023-10-11T10:07:51+00:00\",\"description\":\"Hoy queremos compartir con ustedes una innovaci\u00f3n impresionante en el mundo del dise\u00f1o y la decoraci\u00f3n: \u00a1el \u00e1rido fotoluminiscente!\",\"inLanguage\":\"en-GB\",\"potentialAction\":[{\"@type\":\"ReadAction\",\"target\":[\"https:\\\/\\\/abadecom.com\\\/descubre-el-asombroso-arido-fotoluminiscente-de-abadecom-iluminacion-nocturna-sostenible\\\/\"]}]},{\"@type\":\"ImageObject\",\"inLanguage\":\"en-GB\",\"@id\":\"https:\\\/\\\/abadecom.com\\\/descubre-el-asombroso-arido-fotoluminiscente-de-abadecom-iluminacion-nocturna-sostenible\\\/#primaryimage\",\"url\":\"https:\\\/\\\/abadecom.com\\\/wp-content\\\/uploads\\\/2023\\\/10\\\/ARIDO-FOTOLUMINISCENTE_ABADECOM-scaled.jpg\",\"contentUrl\":\"https:\\\/\\\/abadecom.com\\\/wp-content\\\/uploads\\\/2023\\\/10\\\/ARIDO-FOTOLUMINISCENTE_ABADECOM-scaled.jpg\",\"width\":2560,\"height\":2560,\"caption\":\"arido fotoluminiscente abadecom\"},{\"@type\":\"WebSite\",\"@id\":\"https:\\\/\\\/abadecom.com\\\/#website\",\"url\":\"https:\\\/\\\/abadecom.com\\\/\",\"name\":\"Abadecom\",\"description\":\"Productos sostenibles y respetuosos con el medio ambiente\",\"publisher\":{\"@id\":\"https:\\\/\\\/abadecom.com\\\/#organization\"},\"alternateName\":\"Abadecom\",\"potentialAction\":[{\"@type\":\"SearchAction\",\"target\":{\"@type\":\"EntryPoint\",\"urlTemplate\":\"https:\\\/\\\/abadecom.com\\\/?s={search_term_string}\"},\"query-input\":{\"@type\":\"PropertyValueSpecification\",\"valueRequired\":true,\"valueName\":\"search_term_string\"}}],\"inLanguage\":\"en-GB\"},{\"@type\":\"Organization\",\"@id\":\"https:\\\/\\\/abadecom.com\\\/#organization\",\"name\":\"Abadecom\",\"url\":\"https:\\\/\\\/abadecom.com\\\/\",\"logo\":{\"@type\":\"ImageObject\",\"inLanguage\":\"en-GB\",\"@id\":\"https:\\\/\\\/abadecom.com\\\/#\\\/schema\\\/logo\\\/image\\\/\",\"url\":\"https:\\\/\\\/abadecom.com\\\/wp-content\\\/uploads\\\/2022\\\/03\\\/Logo-Abadecom-e1647715158799.png\",\"contentUrl\":\"https:\\\/\\\/abadecom.com\\\/wp-content\\\/uploads\\\/2022\\\/03\\\/Logo-Abadecom-e1647715158799.png\",\"width\":200,\"height\":117,\"caption\":\"Abadecom\"},\"image\":{\"@id\":\"https:\\\/\\\/abadecom.com\\\/#\\\/schema\\\/logo\\\/image\\\/\"}},{\"@type\":\"Person\",\"@id\":\"https:\\\/\\\/abadecom.com\\\/#\\\/schema\\\/person\\\/477a7cc0ed6c040d67343c7a3fda930b\",\"name\":\"AdminAabadeco\",\"image\":{\"@type\":\"ImageObject\",\"inLanguage\":\"en-GB\",\"@id\":\"https:\\\/\\\/secure.gravatar.com\\\/avatar\\\/2630c0cee03e7f483e5ca41ec6649375f24ca272e920f8386983684762e36487?s=96&d=mm&r=g\",\"url\":\"https:\\\/\\\/secure.gravatar.com\\\/avatar\\\/2630c0cee03e7f483e5ca41ec6649375f24ca272e920f8386983684762e36487?s=96&d=mm&r=g\",\"contentUrl\":\"https:\\\/\\\/secure.gravatar.com\\\/avatar\\\/2630c0cee03e7f483e5ca41ec6649375f24ca272e920f8386983684762e36487?s=96&d=mm&r=g\",\"caption\":\"AdminAabadeco\"},\"sameAs\":[\"https:\\\/\\\/abadecom.com\"],\"url\":\"https:\\\/\\\/abadecom.com\\\/en\\\/author\\\/adminaabadeco\\\/\"}]}<\/script>\n<!-- \/ Yoast SEO plugin. -->","yoast_head_json":{"title":"Descubre el Asombroso \u00c1rido Fotoluminiscente de Abadecom:","description":"Hoy queremos compartir con ustedes una innovaci\u00f3n impresionante en el mundo del dise\u00f1o y la decoraci\u00f3n: \u00a1el \u00e1rido fotoluminiscente!","robots":{"index":"index","follow":"follow","max-snippet":"max-snippet:-1","max-image-preview":"max-image-preview:large","max-video-preview":"max-video-preview:-1"},"canonical":"https:\/\/abadecom.com\/en\/descubre-el-asombroso-arido-fotoluminiscente-de-abadecom-iluminacion-nocturna-sostenible\/","og_locale":"en_GB","og_type":"article","og_title":"Descubre el Asombroso \u00c1rido Fotoluminiscente de Abadecom:","og_description":"Hoy queremos compartir con ustedes una innovaci\u00f3n impresionante en el mundo del dise\u00f1o y la decoraci\u00f3n: \u00a1el \u00e1rido fotoluminiscente!","og_url":"https:\/\/abadecom.com\/en\/descubre-el-asombroso-arido-fotoluminiscente-de-abadecom-iluminacion-nocturna-sostenible\/","og_site_name":"Abadecom","article_published_time":"2023-10-11T10:02:00+00:00","article_modified_time":"2023-10-11T10:07:51+00:00","og_image":[{"width":2560,"height":2560,"url":"https:\/\/abadecom.com\/wp-content\/uploads\/2023\/10\/ARIDO-FOTOLUMINISCENTE_ABADECOM-scaled.jpg","type":"image\/jpeg"}],"author":"AdminAabadeco","twitter_card":"summary_large_image","twitter_misc":{"Written by":"AdminAabadeco","Estimated reading time":"2 minutes"},"schema":{"@context":"https:\/\/schema.org","@graph":[{"@type":"Article","@id":"https:\/\/abadecom.com\/descubre-el-asombroso-arido-fotoluminiscente-de-abadecom-iluminacion-nocturna-sostenible\/#article","isPartOf":{"@id":"https:\/\/abadecom.com\/descubre-el-asombroso-arido-fotoluminiscente-de-abadecom-iluminacion-nocturna-sostenible\/"},"author":{"name":"AdminAabadeco","@id":"https:\/\/abadecom.com\/#\/schema\/person\/477a7cc0ed6c040d67343c7a3fda930b"},"headline":"Descubre el Asombroso \u00c1rido Fotoluminiscente de Abadecom: Iluminaci\u00f3n Nocturna Sostenible","datePublished":"2023-10-11T10:02:00+00:00","dateModified":"2023-10-11T10:07:51+00:00","mainEntityOfPage":{"@id":"https:\/\/abadecom.com\/descubre-el-asombroso-arido-fotoluminiscente-de-abadecom-iluminacion-nocturna-sostenible\/"},"wordCount":319,"commentCount":0,"publisher":{"@id":"https:\/\/abadecom.com\/#organization"},"image":{"@id":"https:\/\/abadecom.com\/descubre-el-asombroso-arido-fotoluminiscente-de-abadecom-iluminacion-nocturna-sostenible\/#primaryimage"},"thumbnailUrl":"https:\/\/abadecom.com\/wp-content\/uploads\/2023\/10\/ARIDO-FOTOLUMINISCENTE_ABADECOM-scaled.jpg","articleSection":["Sin categorizar"],"inLanguage":"en-GB","potentialAction":[{"@type":"CommentAction","name":"Comment","target":["https:\/\/abadecom.com\/descubre-el-asombroso-arido-fotoluminiscente-de-abadecom-iluminacion-nocturna-sostenible\/#respond"]}]},{"@type":"WebPage","@id":"https:\/\/abadecom.com\/descubre-el-asombroso-arido-fotoluminiscente-de-abadecom-iluminacion-nocturna-sostenible\/","url":"https:\/\/abadecom.com\/descubre-el-asombroso-arido-fotoluminiscente-de-abadecom-iluminacion-nocturna-sostenible\/","name":"Descubre el Asombroso \u00c1rido Fotoluminiscente de Abadecom:","isPartOf":{"@id":"https:\/\/abadecom.com\/#website"},"primaryImageOfPage":{"@id":"https:\/\/abadecom.com\/descubre-el-asombroso-arido-fotoluminiscente-de-abadecom-iluminacion-nocturna-sostenible\/#primaryimage"},"image":{"@id":"https:\/\/abadecom.com\/descubre-el-asombroso-arido-fotoluminiscente-de-abadecom-iluminacion-nocturna-sostenible\/#primaryimage"},"thumbnailUrl":"https:\/\/abadecom.com\/wp-content\/uploads\/2023\/10\/ARIDO-FOTOLUMINISCENTE_ABADECOM-scaled.jpg","datePublished":"2023-10-11T10:02:00+00:00","dateModified":"2023-10-11T10:07:51+00:00","description":"Hoy queremos compartir con ustedes una innovaci\u00f3n impresionante en el mundo del dise\u00f1o y la decoraci\u00f3n: \u00a1el \u00e1rido fotoluminiscente!","inLanguage":"en-GB","potentialAction":[{"@type":"ReadAction","target":["https:\/\/abadecom.com\/descubre-el-asombroso-arido-fotoluminiscente-de-abadecom-iluminacion-nocturna-sostenible\/"]}]},{"@type":"ImageObject","inLanguage":"en-GB","@id":"https:\/\/abadecom.com\/descubre-el-asombroso-arido-fotoluminiscente-de-abadecom-iluminacion-nocturna-sostenible\/#primaryimage","url":"https:\/\/abadecom.com\/wp-content\/uploads\/2023\/10\/ARIDO-FOTOLUMINISCENTE_ABADECOM-scaled.jpg","contentUrl":"https:\/\/abadecom.com\/wp-content\/uploads\/2023\/10\/ARIDO-FOTOLUMINISCENTE_ABADECOM-scaled.jpg","width":2560,"height":2560,"caption":"arido fotoluminiscente abadecom"},{"@type":"WebSite","@id":"https:\/\/abadecom.com\/#website","url":"https:\/\/abadecom.com\/","name":"Abadecom","description":"Sustainable and eco-friendly products","publisher":{"@id":"https:\/\/abadecom.com\/#organization"},"alternateName":"Abadecom","potentialAction":[{"@type":"SearchAction","target":{"@type":"EntryPoint","urlTemplate":"https:\/\/abadecom.com\/?s={search_term_string}"},"query-input":{"@type":"PropertyValueSpecification","valueRequired":true,"valueName":"search_term_string"}}],"inLanguage":"en-GB"},{"@type":"Organization","@id":"https:\/\/abadecom.com\/#organization","name":"Abadecom","url":"https:\/\/abadecom.com\/","logo":{"@type":"ImageObject","inLanguage":"en-GB","@id":"https:\/\/abadecom.com\/#\/schema\/logo\/image\/","url":"https:\/\/abadecom.com\/wp-content\/uploads\/2022\/03\/Logo-Abadecom-e1647715158799.png","contentUrl":"https:\/\/abadecom.com\/wp-content\/uploads\/2022\/03\/Logo-Abadecom-e1647715158799.png","width":200,"height":117,"caption":"Abadecom"},"image":{"@id":"https:\/\/abadecom.com\/#\/schema\/logo\/image\/"}},{"@type":"Person","@id":"https:\/\/abadecom.com\/#\/schema\/person\/477a7cc0ed6c040d67343c7a3fda930b","name":"AdminAabadeco","image":{"@type":"ImageObject","inLanguage":"en-GB","@id":"https:\/\/secure.gravatar.com\/avatar\/2630c0cee03e7f483e5ca41ec6649375f24ca272e920f8386983684762e36487?s=96&d=mm&r=g","url":"https:\/\/secure.gravatar.com\/avatar\/2630c0cee03e7f483e5ca41ec6649375f24ca272e920f8386983684762e36487?s=96&d=mm&r=g","contentUrl":"https:\/\/secure.gravatar.com\/avatar\/2630c0cee03e7f483e5ca41ec6649375f24ca272e920f8386983684762e36487?s=96&d=mm&r=g","caption":"AdminAabadeco"},"sameAs":["https:\/\/abadecom.com"],"url":"https:\/\/abadecom.com\/en\/author\/adminaabadeco\/"}]}},"_links":{"self":[{"href":"https:\/\/abadecom.com\/en\/wp-json\/wp\/v2\/posts\/9273","targetHints":{"allow":["GET"]}}],"collection":[{"href":"https:\/\/abadecom.com\/en\/wp-json\/wp\/v2\/posts"}],"about":[{"href":"https:\/\/abadecom.com\/en\/wp-json\/wp\/v2\/types\/post"}],"author":[{"embeddable":true,"href":"https:\/\/abadecom.com\/en\/wp-json\/wp\/v2\/users\/1"}],"replies":[{"embeddable":true,"href":"https:\/\/abadecom.com\/en\/wp-json\/wp\/v2\/comments?post=9273"}],"version-history":[{"count":3,"href":"https:\/\/abadecom.com\/en\/wp-json\/wp\/v2\/posts\/9273\/revisions"}],"predecessor-version":[{"id":9278,"href":"https:\/\/abadecom.com\/en\/wp-json\/wp\/v2\/posts\/9273\/revisions\/9278"}],"wp:featuredmedia":[{"embeddable":true,"href":"https:\/\/abadecom.com\/en\/wp-json\/wp\/v2\/media\/9274"}],"wp:attachment":[{"href":"https:\/\/abadecom.com\/en\/wp-json\/wp\/v2\/media?parent=9273"}],"wp:term":[{"taxonomy":"category","embeddable":true,"href":"https:\/\/abadecom.com\/en\/wp-json\/wp\/v2\/categories?post=9273"},{"taxonomy":"post_tag","embeddable":true,"href":"https:\/\/abadecom.com\/en\/wp-json\/wp\/v2\/tags?post=9273"}],"curies":[{"name":"wp","href":"https:\/\/api.w.org\/{rel}","templated":true}]}}