{"id":8591,"date":"2023-05-22T11:15:06","date_gmt":"2023-05-22T11:15:06","guid":{"rendered":"https:\/\/abadecom.com\/?p=8591"},"modified":"2023-05-22T11:15:08","modified_gmt":"2023-05-22T11:15:08","slug":"eco-balizas-fotoluminiscentes-de-abadecom","status":"publish","type":"post","link":"https:\/\/abadecom.com\/en\/eco-balizas-fotoluminiscentes-de-abadecom\/","title":{"rendered":"Eco Balizas Fotoluminiscentes de Abadecom"},"content":{"rendered":"<p class=\"wp-block-paragraph\">Las Eco Balizas Fotoluminiscentes forman parte de nuestra econom\u00eda circular.<br>Es una pieza con fuste de pl\u00e1stico 100% reciclado y 100% reciclable procedente de residuos urbanos y\/o industriales, que dispone de una placa y pieza ultrafotoluminiscente incrustada en su parte superior.<\/p>\n\n\n\n<p class=\"wp-block-paragraph\">Su funci\u00f3n una vez cargadas, es se\u00f1alizar y balizar zonas sin iluminaci\u00f3n como, por ejemplo: rutas tur\u00edsticas, arqueol\u00f3gicas y de turismo astron\u00f3mico; senderos y v\u00edas verdes; caminos para practicar running; itinerarios en parques naturales y miradores, entre otras. Sirvi\u00e9ndole de balizamiento y se\u00f1alizaci\u00f3n a los transe\u00fantes, ciclistas y coches ya que opcionalmente se le puede agregar bandas reflectantes de alta intensidad.<\/p>\n\n\n\n<p class=\"wp-block-paragraph\">Para m\u00e1s informaci\u00f3n: info@abadecom.com<\/p>","protected":false},"excerpt":{"rendered":"<p>Las Eco Balizas Fotoluminiscentes forman parte de nuestra econom\u00eda circular.Es una pieza con fuste de pl\u00e1stico 100% reciclado y 100% reciclable procedente de residuos urbanos y\/o industriales, que dispone de una placa y pieza ultrafotoluminiscente incrustada en su parte superior. Su funci\u00f3n una vez cargadas, es se\u00f1alizar y balizar zonas sin iluminaci\u00f3n como, por ejemplo: [&#8230;]<\/p>\n<p><a class=\"btn btn-secondary understrap-read-more-link\" href=\"https:\/\/abadecom.com\/en\/eco-balizas-fotoluminiscentes-de-abadecom\/\">Read More&#8230;<span class=\"screen-reader-text\"> from Eco Balizas Fotoluminiscentes de Abadecom<\/span><\/a><\/p>\n","protected":false},"author":1,"featured_media":8592,"comment_status":"open","ping_status":"open","sticky":false,"template":"","format":"standard","meta":{"content-type":"","_monsterinsights_skip_tracking":false,"pgc_sgb_lightbox_settings":"","footnotes":""},"categories":[1],"tags":[],"class_list":["post-8591","post","type-post","status-publish","format-standard","has-post-thumbnail","hentry","category-sin-categorizar"],"yoast_head":"<!-- This site is optimized with the Yoast SEO plugin v28.4 - https:\/\/yoast.com\/product\/yoast-seo-wordpress\/ -->\n<title>Eco Balizas Fotoluminiscentes de Abadecom - Abadecom<\/title>\n<meta name=\"robots\" content=\"index, follow, max-snippet:-1, max-image-preview:large, max-video-preview:-1\" \/>\n<link rel=\"canonical\" href=\"https:\/\/abadecom.com\/en\/eco-balizas-fotoluminiscentes-de-abadecom\/\" \/>\n<meta property=\"og:locale\" content=\"en_GB\" \/>\n<meta property=\"og:type\" content=\"article\" \/>\n<meta property=\"og:title\" content=\"Eco Balizas Fotoluminiscentes de Abadecom - Abadecom\" \/>\n<meta property=\"og:description\" content=\"Las Eco Balizas Fotoluminiscentes forman parte de nuestra econom\u00eda circular.Es una pieza con fuste de pl\u00e1stico 100% reciclado y 100% reciclable procedente de residuos urbanos y\/o industriales, que dispone de una placa y pieza ultrafotoluminiscente incrustada en su parte superior. Su funci\u00f3n una vez cargadas, es se\u00f1alizar y balizar zonas sin iluminaci\u00f3n como, por ejemplo: [...]Read More... from Eco Balizas Fotoluminiscentes de Abadecom\" \/>\n<meta property=\"og:url\" content=\"https:\/\/abadecom.com\/en\/eco-balizas-fotoluminiscentes-de-abadecom\/\" \/>\n<meta property=\"og:site_name\" content=\"Abadecom\" \/>\n<meta property=\"article:published_time\" content=\"2023-05-22T11:15:06+00:00\" \/>\n<meta property=\"article:modified_time\" content=\"2023-05-22T11:15:08+00:00\" \/>\n<meta property=\"og:image\" content=\"https:\/\/abadecom.com\/wp-content\/uploads\/2023\/05\/1683807340079.jpg\" \/>\n\t<meta property=\"og:image:width\" content=\"1200\" \/>\n\t<meta property=\"og:image:height\" content=\"1200\" \/>\n\t<meta property=\"og:image:type\" content=\"image\/jpeg\" \/>\n<meta name=\"author\" content=\"AdminAabadeco\" \/>\n<meta name=\"twitter:card\" content=\"summary_large_image\" \/>\n<meta name=\"twitter:label1\" content=\"Written by\" \/>\n\t<meta name=\"twitter:data1\" content=\"AdminAabadeco\" \/>\n\t<meta name=\"twitter:label2\" content=\"Estimated reading time\" \/>\n\t<meta name=\"twitter:data2\" content=\"1 minute\" \/>\n<script type=\"application\/ld+json\" class=\"yoast-schema-graph\">{\"@context\":\"https:\\\/\\\/schema.org\",\"@graph\":[{\"@type\":\"Article\",\"@id\":\"https:\\\/\\\/abadecom.com\\\/eco-balizas-fotoluminiscentes-de-abadecom\\\/#article\",\"isPartOf\":{\"@id\":\"https:\\\/\\\/abadecom.com\\\/eco-balizas-fotoluminiscentes-de-abadecom\\\/\"},\"author\":{\"name\":\"AdminAabadeco\",\"@id\":\"https:\\\/\\\/abadecom.com\\\/#\\\/schema\\\/person\\\/477a7cc0ed6c040d67343c7a3fda930b\"},\"headline\":\"Eco Balizas Fotoluminiscentes de Abadecom\",\"datePublished\":\"2023-05-22T11:15:06+00:00\",\"dateModified\":\"2023-05-22T11:15:08+00:00\",\"mainEntityOfPage\":{\"@id\":\"https:\\\/\\\/abadecom.com\\\/eco-balizas-fotoluminiscentes-de-abadecom\\\/\"},\"wordCount\":127,\"commentCount\":0,\"publisher\":{\"@id\":\"https:\\\/\\\/abadecom.com\\\/#organization\"},\"image\":{\"@id\":\"https:\\\/\\\/abadecom.com\\\/eco-balizas-fotoluminiscentes-de-abadecom\\\/#primaryimage\"},\"thumbnailUrl\":\"https:\\\/\\\/abadecom.com\\\/wp-content\\\/uploads\\\/2023\\\/05\\\/1683807340079.jpg\",\"articleSection\":[\"Sin categorizar\"],\"inLanguage\":\"en-GB\",\"potentialAction\":[{\"@type\":\"CommentAction\",\"name\":\"Comment\",\"target\":[\"https:\\\/\\\/abadecom.com\\\/eco-balizas-fotoluminiscentes-de-abadecom\\\/#respond\"]}]},{\"@type\":\"WebPage\",\"@id\":\"https:\\\/\\\/abadecom.com\\\/eco-balizas-fotoluminiscentes-de-abadecom\\\/\",\"url\":\"https:\\\/\\\/abadecom.com\\\/eco-balizas-fotoluminiscentes-de-abadecom\\\/\",\"name\":\"Eco Balizas Fotoluminiscentes de Abadecom - Abadecom\",\"isPartOf\":{\"@id\":\"https:\\\/\\\/abadecom.com\\\/#website\"},\"primaryImageOfPage\":{\"@id\":\"https:\\\/\\\/abadecom.com\\\/eco-balizas-fotoluminiscentes-de-abadecom\\\/#primaryimage\"},\"image\":{\"@id\":\"https:\\\/\\\/abadecom.com\\\/eco-balizas-fotoluminiscentes-de-abadecom\\\/#primaryimage\"},\"thumbnailUrl\":\"https:\\\/\\\/abadecom.com\\\/wp-content\\\/uploads\\\/2023\\\/05\\\/1683807340079.jpg\",\"datePublished\":\"2023-05-22T11:15:06+00:00\",\"dateModified\":\"2023-05-22T11:15:08+00:00\",\"inLanguage\":\"en-GB\",\"potentialAction\":[{\"@type\":\"ReadAction\",\"target\":[\"https:\\\/\\\/abadecom.com\\\/eco-balizas-fotoluminiscentes-de-abadecom\\\/\"]}]},{\"@type\":\"ImageObject\",\"inLanguage\":\"en-GB\",\"@id\":\"https:\\\/\\\/abadecom.com\\\/eco-balizas-fotoluminiscentes-de-abadecom\\\/#primaryimage\",\"url\":\"https:\\\/\\\/abadecom.com\\\/wp-content\\\/uploads\\\/2023\\\/05\\\/1683807340079.jpg\",\"contentUrl\":\"https:\\\/\\\/abadecom.com\\\/wp-content\\\/uploads\\\/2023\\\/05\\\/1683807340079.jpg\",\"width\":1200,\"height\":1200},{\"@type\":\"WebSite\",\"@id\":\"https:\\\/\\\/abadecom.com\\\/#website\",\"url\":\"https:\\\/\\\/abadecom.com\\\/\",\"name\":\"Abadecom\",\"description\":\"Productos sostenibles y respetuosos con el medio ambiente\",\"publisher\":{\"@id\":\"https:\\\/\\\/abadecom.com\\\/#organization\"},\"alternateName\":\"Abadecom\",\"potentialAction\":[{\"@type\":\"SearchAction\",\"target\":{\"@type\":\"EntryPoint\",\"urlTemplate\":\"https:\\\/\\\/abadecom.com\\\/?s={search_term_string}\"},\"query-input\":{\"@type\":\"PropertyValueSpecification\",\"valueRequired\":true,\"valueName\":\"search_term_string\"}}],\"inLanguage\":\"en-GB\"},{\"@type\":\"Organization\",\"@id\":\"https:\\\/\\\/abadecom.com\\\/#organization\",\"name\":\"Abadecom\",\"url\":\"https:\\\/\\\/abadecom.com\\\/\",\"logo\":{\"@type\":\"ImageObject\",\"inLanguage\":\"en-GB\",\"@id\":\"https:\\\/\\\/abadecom.com\\\/#\\\/schema\\\/logo\\\/image\\\/\",\"url\":\"https:\\\/\\\/abadecom.com\\\/wp-content\\\/uploads\\\/2022\\\/03\\\/Logo-Abadecom-e1647715158799.png\",\"contentUrl\":\"https:\\\/\\\/abadecom.com\\\/wp-content\\\/uploads\\\/2022\\\/03\\\/Logo-Abadecom-e1647715158799.png\",\"width\":200,\"height\":117,\"caption\":\"Abadecom\"},\"image\":{\"@id\":\"https:\\\/\\\/abadecom.com\\\/#\\\/schema\\\/logo\\\/image\\\/\"}},{\"@type\":\"Person\",\"@id\":\"https:\\\/\\\/abadecom.com\\\/#\\\/schema\\\/person\\\/477a7cc0ed6c040d67343c7a3fda930b\",\"name\":\"AdminAabadeco\",\"image\":{\"@type\":\"ImageObject\",\"inLanguage\":\"en-GB\",\"@id\":\"https:\\\/\\\/secure.gravatar.com\\\/avatar\\\/2630c0cee03e7f483e5ca41ec6649375f24ca272e920f8386983684762e36487?s=96&d=mm&r=g\",\"url\":\"https:\\\/\\\/secure.gravatar.com\\\/avatar\\\/2630c0cee03e7f483e5ca41ec6649375f24ca272e920f8386983684762e36487?s=96&d=mm&r=g\",\"contentUrl\":\"https:\\\/\\\/secure.gravatar.com\\\/avatar\\\/2630c0cee03e7f483e5ca41ec6649375f24ca272e920f8386983684762e36487?s=96&d=mm&r=g\",\"caption\":\"AdminAabadeco\"},\"sameAs\":[\"https:\\\/\\\/abadecom.com\"],\"url\":\"https:\\\/\\\/abadecom.com\\\/en\\\/author\\\/adminaabadeco\\\/\"}]}<\/script>\n<!-- \/ Yoast SEO plugin. -->","yoast_head_json":{"title":"Eco Balizas Fotoluminiscentes de Abadecom - Abadecom","robots":{"index":"index","follow":"follow","max-snippet":"max-snippet:-1","max-image-preview":"max-image-preview:large","max-video-preview":"max-video-preview:-1"},"canonical":"https:\/\/abadecom.com\/en\/eco-balizas-fotoluminiscentes-de-abadecom\/","og_locale":"en_GB","og_type":"article","og_title":"Eco Balizas Fotoluminiscentes de Abadecom - Abadecom","og_description":"Las Eco Balizas Fotoluminiscentes forman parte de nuestra econom\u00eda circular.Es una pieza con fuste de pl\u00e1stico 100% reciclado y 100% reciclable procedente de residuos urbanos y\/o industriales, que dispone de una placa y pieza ultrafotoluminiscente incrustada en su parte superior. Su funci\u00f3n una vez cargadas, es se\u00f1alizar y balizar zonas sin iluminaci\u00f3n como, por ejemplo: [...]Read More... from Eco Balizas Fotoluminiscentes de Abadecom","og_url":"https:\/\/abadecom.com\/en\/eco-balizas-fotoluminiscentes-de-abadecom\/","og_site_name":"Abadecom","article_published_time":"2023-05-22T11:15:06+00:00","article_modified_time":"2023-05-22T11:15:08+00:00","og_image":[{"width":1200,"height":1200,"url":"https:\/\/abadecom.com\/wp-content\/uploads\/2023\/05\/1683807340079.jpg","type":"image\/jpeg"}],"author":"AdminAabadeco","twitter_card":"summary_large_image","twitter_misc":{"Written by":"AdminAabadeco","Estimated reading time":"1 minute"},"schema":{"@context":"https:\/\/schema.org","@graph":[{"@type":"Article","@id":"https:\/\/abadecom.com\/eco-balizas-fotoluminiscentes-de-abadecom\/#article","isPartOf":{"@id":"https:\/\/abadecom.com\/eco-balizas-fotoluminiscentes-de-abadecom\/"},"author":{"name":"AdminAabadeco","@id":"https:\/\/abadecom.com\/#\/schema\/person\/477a7cc0ed6c040d67343c7a3fda930b"},"headline":"Eco Balizas Fotoluminiscentes de Abadecom","datePublished":"2023-05-22T11:15:06+00:00","dateModified":"2023-05-22T11:15:08+00:00","mainEntityOfPage":{"@id":"https:\/\/abadecom.com\/eco-balizas-fotoluminiscentes-de-abadecom\/"},"wordCount":127,"commentCount":0,"publisher":{"@id":"https:\/\/abadecom.com\/#organization"},"image":{"@id":"https:\/\/abadecom.com\/eco-balizas-fotoluminiscentes-de-abadecom\/#primaryimage"},"thumbnailUrl":"https:\/\/abadecom.com\/wp-content\/uploads\/2023\/05\/1683807340079.jpg","articleSection":["Sin categorizar"],"inLanguage":"en-GB","potentialAction":[{"@type":"CommentAction","name":"Comment","target":["https:\/\/abadecom.com\/eco-balizas-fotoluminiscentes-de-abadecom\/#respond"]}]},{"@type":"WebPage","@id":"https:\/\/abadecom.com\/eco-balizas-fotoluminiscentes-de-abadecom\/","url":"https:\/\/abadecom.com\/eco-balizas-fotoluminiscentes-de-abadecom\/","name":"Eco Balizas Fotoluminiscentes de Abadecom - Abadecom","isPartOf":{"@id":"https:\/\/abadecom.com\/#website"},"primaryImageOfPage":{"@id":"https:\/\/abadecom.com\/eco-balizas-fotoluminiscentes-de-abadecom\/#primaryimage"},"image":{"@id":"https:\/\/abadecom.com\/eco-balizas-fotoluminiscentes-de-abadecom\/#primaryimage"},"thumbnailUrl":"https:\/\/abadecom.com\/wp-content\/uploads\/2023\/05\/1683807340079.jpg","datePublished":"2023-05-22T11:15:06+00:00","dateModified":"2023-05-22T11:15:08+00:00","inLanguage":"en-GB","potentialAction":[{"@type":"ReadAction","target":["https:\/\/abadecom.com\/eco-balizas-fotoluminiscentes-de-abadecom\/"]}]},{"@type":"ImageObject","inLanguage":"en-GB","@id":"https:\/\/abadecom.com\/eco-balizas-fotoluminiscentes-de-abadecom\/#primaryimage","url":"https:\/\/abadecom.com\/wp-content\/uploads\/2023\/05\/1683807340079.jpg","contentUrl":"https:\/\/abadecom.com\/wp-content\/uploads\/2023\/05\/1683807340079.jpg","width":1200,"height":1200},{"@type":"WebSite","@id":"https:\/\/abadecom.com\/#website","url":"https:\/\/abadecom.com\/","name":"Abadecom","description":"Sustainable and eco-friendly products","publisher":{"@id":"https:\/\/abadecom.com\/#organization"},"alternateName":"Abadecom","potentialAction":[{"@type":"SearchAction","target":{"@type":"EntryPoint","urlTemplate":"https:\/\/abadecom.com\/?s={search_term_string}"},"query-input":{"@type":"PropertyValueSpecification","valueRequired":true,"valueName":"search_term_string"}}],"inLanguage":"en-GB"},{"@type":"Organization","@id":"https:\/\/abadecom.com\/#organization","name":"Abadecom","url":"https:\/\/abadecom.com\/","logo":{"@type":"ImageObject","inLanguage":"en-GB","@id":"https:\/\/abadecom.com\/#\/schema\/logo\/image\/","url":"https:\/\/abadecom.com\/wp-content\/uploads\/2022\/03\/Logo-Abadecom-e1647715158799.png","contentUrl":"https:\/\/abadecom.com\/wp-content\/uploads\/2022\/03\/Logo-Abadecom-e1647715158799.png","width":200,"height":117,"caption":"Abadecom"},"image":{"@id":"https:\/\/abadecom.com\/#\/schema\/logo\/image\/"}},{"@type":"Person","@id":"https:\/\/abadecom.com\/#\/schema\/person\/477a7cc0ed6c040d67343c7a3fda930b","name":"AdminAabadeco","image":{"@type":"ImageObject","inLanguage":"en-GB","@id":"https:\/\/secure.gravatar.com\/avatar\/2630c0cee03e7f483e5ca41ec6649375f24ca272e920f8386983684762e36487?s=96&d=mm&r=g","url":"https:\/\/secure.gravatar.com\/avatar\/2630c0cee03e7f483e5ca41ec6649375f24ca272e920f8386983684762e36487?s=96&d=mm&r=g","contentUrl":"https:\/\/secure.gravatar.com\/avatar\/2630c0cee03e7f483e5ca41ec6649375f24ca272e920f8386983684762e36487?s=96&d=mm&r=g","caption":"AdminAabadeco"},"sameAs":["https:\/\/abadecom.com"],"url":"https:\/\/abadecom.com\/en\/author\/adminaabadeco\/"}]}},"_links":{"self":[{"href":"https:\/\/abadecom.com\/en\/wp-json\/wp\/v2\/posts\/8591","targetHints":{"allow":["GET"]}}],"collection":[{"href":"https:\/\/abadecom.com\/en\/wp-json\/wp\/v2\/posts"}],"about":[{"href":"https:\/\/abadecom.com\/en\/wp-json\/wp\/v2\/types\/post"}],"author":[{"embeddable":true,"href":"https:\/\/abadecom.com\/en\/wp-json\/wp\/v2\/users\/1"}],"replies":[{"embeddable":true,"href":"https:\/\/abadecom.com\/en\/wp-json\/wp\/v2\/comments?post=8591"}],"version-history":[{"count":1,"href":"https:\/\/abadecom.com\/en\/wp-json\/wp\/v2\/posts\/8591\/revisions"}],"predecessor-version":[{"id":8593,"href":"https:\/\/abadecom.com\/en\/wp-json\/wp\/v2\/posts\/8591\/revisions\/8593"}],"wp:featuredmedia":[{"embeddable":true,"href":"https:\/\/abadecom.com\/en\/wp-json\/wp\/v2\/media\/8592"}],"wp:attachment":[{"href":"https:\/\/abadecom.com\/en\/wp-json\/wp\/v2\/media?parent=8591"}],"wp:term":[{"taxonomy":"category","embeddable":true,"href":"https:\/\/abadecom.com\/en\/wp-json\/wp\/v2\/categories?post=8591"},{"taxonomy":"post_tag","embeddable":true,"href":"https:\/\/abadecom.com\/en\/wp-json\/wp\/v2\/tags?post=8591"}],"curies":[{"name":"wp","href":"https:\/\/api.w.org\/{rel}","templated":true}]}}