{"id":8559,"date":"2023-05-02T09:18:54","date_gmt":"2023-05-02T09:18:54","guid":{"rendered":"https:\/\/abadecom.com\/?p=8559"},"modified":"2023-05-02T09:18:56","modified_gmt":"2023-05-02T09:18:56","slug":"pasarelas-de-plastico-reciclado-para-las-playas-en-este-verano","status":"publish","type":"post","link":"https:\/\/abadecom.com\/en\/pasarelas-de-plastico-reciclado-para-las-playas-en-este-verano\/","title":{"rendered":"Pasarelas de pl\u00e1stico reciclado para las playas en este verano"},"content":{"rendered":"<p class=\"wp-block-paragraph\">Las pasarelas de playa son elementos muy \u00fatiles en estos espacios naturales, no solamente mejoran el aspecto de la playa, sino que adem\u00e1s facilitan el acceso a ella.<\/p>\n\n\n\n<p class=\"wp-block-paragraph\">Las pasarelas de playa de pl\u00e1stico reciclado de Abadecom son una apuesta para lograr playas m\u00e1s funcionales y adem\u00e1s promover la protecci\u00f3n del medio ambiente. <\/p>\n\n\n\n<p class=\"wp-block-paragraph\">Est\u00e1n hechas de pl\u00e1stico 100% reciclado y 100% reciclable. En cuanto a sus caracter\u00edsticas, destacan su alta resistencia y durabilidad casi ilimitada, as\u00ed como tambi\u00e9n su cualidad indeformable, s\u00f3lida y a la vez flexible. Asimismo, resalta el hecho de que pr\u00e1cticamente no requieren de mantenimiento, ya que no se astillan ni se oxidan, y resisten perfectamente las condiciones ambientales del entorno, como los rayos UV, salitre, etc.\u00a0<\/p>\n\n\n\n<p class=\"wp-block-paragraph\">Para m\u00e1s informaci\u00f3n: info@abadecom.com<\/p>\n\n\n\n<figure class=\"wp-block-gallery has-nested-images columns-default is-cropped wp-block-gallery-2 is-layout-flex wp-block-gallery-is-layout-flex\">\n<figure class=\"wp-block-image size-large\"><img loading=\"lazy\" decoding=\"async\" width=\"596\" height=\"1024\" data-id=\"8563\" src=\"https:\/\/abadecom.com\/wp-content\/uploads\/2023\/05\/Pasarela-de-playa_Xeraco_C-Valenciana-596x1024.jpg\" alt=\"\" class=\"wp-image-8563\" srcset=\"https:\/\/abadecom.com\/wp-content\/uploads\/2023\/05\/Pasarela-de-playa_Xeraco_C-Valenciana-596x1024.jpg 596w, https:\/\/abadecom.com\/wp-content\/uploads\/2023\/05\/Pasarela-de-playa_Xeraco_C-Valenciana-175x300.jpg 175w, https:\/\/abadecom.com\/wp-content\/uploads\/2023\/05\/Pasarela-de-playa_Xeraco_C-Valenciana-768x1320.jpg 768w, https:\/\/abadecom.com\/wp-content\/uploads\/2023\/05\/Pasarela-de-playa_Xeraco_C-Valenciana-894x1536.jpg 894w, https:\/\/abadecom.com\/wp-content\/uploads\/2023\/05\/Pasarela-de-playa_Xeraco_C-Valenciana-1192x2048.jpg 1192w, https:\/\/abadecom.com\/wp-content\/uploads\/2023\/05\/Pasarela-de-playa_Xeraco_C-Valenciana-1600x2750.jpg 1600w, https:\/\/abadecom.com\/wp-content\/uploads\/2023\/05\/Pasarela-de-playa_Xeraco_C-Valenciana-scaled.jpg 1489w\" sizes=\"auto, (max-width: 596px) 100vw, 596px\" \/><\/figure>\n<\/figure>","protected":false},"excerpt":{"rendered":"<p>Las pasarelas de playa son elementos muy \u00fatiles en estos espacios naturales, no solamente mejoran el aspecto de la playa, sino que adem\u00e1s facilitan el acceso a ella. Las pasarelas de playa de pl\u00e1stico reciclado de Abadecom son una apuesta para lograr playas m\u00e1s funcionales y adem\u00e1s promover la protecci\u00f3n del medio ambiente. Est\u00e1n hechas [&#8230;]<\/p>\n<p><a class=\"btn btn-secondary understrap-read-more-link\" href=\"https:\/\/abadecom.com\/en\/pasarelas-de-plastico-reciclado-para-las-playas-en-este-verano\/\">Read More&#8230;<span class=\"screen-reader-text\"> from Pasarelas de pl\u00e1stico reciclado para las playas en este verano<\/span><\/a><\/p>\n","protected":false},"author":1,"featured_media":8562,"comment_status":"open","ping_status":"open","sticky":false,"template":"","format":"standard","meta":{"content-type":"","_monsterinsights_skip_tracking":false,"pgc_sgb_lightbox_settings":"","footnotes":""},"categories":[1],"tags":[],"class_list":["post-8559","post","type-post","status-publish","format-standard","has-post-thumbnail","hentry","category-sin-categorizar"],"yoast_head":"<!-- This site is optimized with the Yoast SEO plugin v28.4 - https:\/\/yoast.com\/product\/yoast-seo-wordpress\/ -->\n<title>Pasarelas de pl\u00e1stico reciclado para las playas en este verano - Abadecom<\/title>\n<meta name=\"description\" content=\"Las pasarelas de playa de pl\u00e1stico reciclado de Abadecom son una apuesta para lograr playas m\u00e1s funcionales y adem\u00e1s promover medio ambiente\" \/>\n<meta name=\"robots\" content=\"index, follow, max-snippet:-1, max-image-preview:large, max-video-preview:-1\" \/>\n<link rel=\"canonical\" href=\"https:\/\/abadecom.com\/en\/pasarelas-de-plastico-reciclado-para-las-playas-en-este-verano\/\" \/>\n<meta property=\"og:locale\" content=\"en_GB\" \/>\n<meta property=\"og:type\" content=\"article\" \/>\n<meta property=\"og:title\" content=\"Pasarelas de pl\u00e1stico reciclado para las playas en este verano - Abadecom\" \/>\n<meta property=\"og:description\" content=\"Las pasarelas de playa de pl\u00e1stico reciclado de Abadecom son una apuesta para lograr playas m\u00e1s funcionales y adem\u00e1s promover medio ambiente\" \/>\n<meta property=\"og:url\" content=\"https:\/\/abadecom.com\/en\/pasarelas-de-plastico-reciclado-para-las-playas-en-este-verano\/\" \/>\n<meta property=\"og:site_name\" content=\"Abadecom\" \/>\n<meta property=\"article:published_time\" content=\"2023-05-02T09:18:54+00:00\" \/>\n<meta property=\"article:modified_time\" content=\"2023-05-02T09:18:56+00:00\" \/>\n<meta property=\"og:image\" content=\"https:\/\/abadecom.com\/wp-content\/uploads\/2023\/05\/Abadecoms-Posts-7.png\" \/>\n\t<meta property=\"og:image:width\" content=\"1200\" \/>\n\t<meta property=\"og:image:height\" content=\"1200\" \/>\n\t<meta property=\"og:image:type\" content=\"image\/png\" \/>\n<meta name=\"author\" content=\"AdminAabadeco\" \/>\n<meta name=\"twitter:card\" content=\"summary_large_image\" \/>\n<meta name=\"twitter:label1\" content=\"Written by\" \/>\n\t<meta name=\"twitter:data1\" content=\"AdminAabadeco\" \/>\n\t<meta name=\"twitter:label2\" content=\"Estimated reading time\" \/>\n\t<meta name=\"twitter:data2\" content=\"1 minute\" \/>\n<script type=\"application\/ld+json\" class=\"yoast-schema-graph\">{\"@context\":\"https:\\\/\\\/schema.org\",\"@graph\":[{\"@type\":\"Article\",\"@id\":\"https:\\\/\\\/abadecom.com\\\/pasarelas-de-plastico-reciclado-para-las-playas-en-este-verano\\\/#article\",\"isPartOf\":{\"@id\":\"https:\\\/\\\/abadecom.com\\\/pasarelas-de-plastico-reciclado-para-las-playas-en-este-verano\\\/\"},\"author\":{\"name\":\"AdminAabadeco\",\"@id\":\"https:\\\/\\\/abadecom.com\\\/#\\\/schema\\\/person\\\/477a7cc0ed6c040d67343c7a3fda930b\"},\"headline\":\"Pasarelas de pl\u00e1stico reciclado para las playas en este verano\",\"datePublished\":\"2023-05-02T09:18:54+00:00\",\"dateModified\":\"2023-05-02T09:18:56+00:00\",\"mainEntityOfPage\":{\"@id\":\"https:\\\/\\\/abadecom.com\\\/pasarelas-de-plastico-reciclado-para-las-playas-en-este-verano\\\/\"},\"wordCount\":148,\"commentCount\":0,\"publisher\":{\"@id\":\"https:\\\/\\\/abadecom.com\\\/#organization\"},\"image\":{\"@id\":\"https:\\\/\\\/abadecom.com\\\/pasarelas-de-plastico-reciclado-para-las-playas-en-este-verano\\\/#primaryimage\"},\"thumbnailUrl\":\"https:\\\/\\\/abadecom.com\\\/wp-content\\\/uploads\\\/2023\\\/05\\\/Abadecoms-Posts-7.png\",\"articleSection\":[\"Sin categorizar\"],\"inLanguage\":\"en-GB\",\"potentialAction\":[{\"@type\":\"CommentAction\",\"name\":\"Comment\",\"target\":[\"https:\\\/\\\/abadecom.com\\\/pasarelas-de-plastico-reciclado-para-las-playas-en-este-verano\\\/#respond\"]}]},{\"@type\":\"WebPage\",\"@id\":\"https:\\\/\\\/abadecom.com\\\/pasarelas-de-plastico-reciclado-para-las-playas-en-este-verano\\\/\",\"url\":\"https:\\\/\\\/abadecom.com\\\/pasarelas-de-plastico-reciclado-para-las-playas-en-este-verano\\\/\",\"name\":\"Pasarelas de pl\u00e1stico reciclado para las playas en este verano - Abadecom\",\"isPartOf\":{\"@id\":\"https:\\\/\\\/abadecom.com\\\/#website\"},\"primaryImageOfPage\":{\"@id\":\"https:\\\/\\\/abadecom.com\\\/pasarelas-de-plastico-reciclado-para-las-playas-en-este-verano\\\/#primaryimage\"},\"image\":{\"@id\":\"https:\\\/\\\/abadecom.com\\\/pasarelas-de-plastico-reciclado-para-las-playas-en-este-verano\\\/#primaryimage\"},\"thumbnailUrl\":\"https:\\\/\\\/abadecom.com\\\/wp-content\\\/uploads\\\/2023\\\/05\\\/Abadecoms-Posts-7.png\",\"datePublished\":\"2023-05-02T09:18:54+00:00\",\"dateModified\":\"2023-05-02T09:18:56+00:00\",\"description\":\"Las pasarelas de playa de pl\u00e1stico reciclado de Abadecom son una apuesta para lograr playas m\u00e1s funcionales y adem\u00e1s promover medio ambiente\",\"inLanguage\":\"en-GB\",\"potentialAction\":[{\"@type\":\"ReadAction\",\"target\":[\"https:\\\/\\\/abadecom.com\\\/pasarelas-de-plastico-reciclado-para-las-playas-en-este-verano\\\/\"]}]},{\"@type\":\"ImageObject\",\"inLanguage\":\"en-GB\",\"@id\":\"https:\\\/\\\/abadecom.com\\\/pasarelas-de-plastico-reciclado-para-las-playas-en-este-verano\\\/#primaryimage\",\"url\":\"https:\\\/\\\/abadecom.com\\\/wp-content\\\/uploads\\\/2023\\\/05\\\/Abadecoms-Posts-7.png\",\"contentUrl\":\"https:\\\/\\\/abadecom.com\\\/wp-content\\\/uploads\\\/2023\\\/05\\\/Abadecoms-Posts-7.png\",\"width\":1200,\"height\":1200},{\"@type\":\"WebSite\",\"@id\":\"https:\\\/\\\/abadecom.com\\\/#website\",\"url\":\"https:\\\/\\\/abadecom.com\\\/\",\"name\":\"Abadecom\",\"description\":\"Productos sostenibles y respetuosos con el medio ambiente\",\"publisher\":{\"@id\":\"https:\\\/\\\/abadecom.com\\\/#organization\"},\"alternateName\":\"Abadecom\",\"potentialAction\":[{\"@type\":\"SearchAction\",\"target\":{\"@type\":\"EntryPoint\",\"urlTemplate\":\"https:\\\/\\\/abadecom.com\\\/?s={search_term_string}\"},\"query-input\":{\"@type\":\"PropertyValueSpecification\",\"valueRequired\":true,\"valueName\":\"search_term_string\"}}],\"inLanguage\":\"en-GB\"},{\"@type\":\"Organization\",\"@id\":\"https:\\\/\\\/abadecom.com\\\/#organization\",\"name\":\"Abadecom\",\"url\":\"https:\\\/\\\/abadecom.com\\\/\",\"logo\":{\"@type\":\"ImageObject\",\"inLanguage\":\"en-GB\",\"@id\":\"https:\\\/\\\/abadecom.com\\\/#\\\/schema\\\/logo\\\/image\\\/\",\"url\":\"https:\\\/\\\/abadecom.com\\\/wp-content\\\/uploads\\\/2022\\\/03\\\/Logo-Abadecom-e1647715158799.png\",\"contentUrl\":\"https:\\\/\\\/abadecom.com\\\/wp-content\\\/uploads\\\/2022\\\/03\\\/Logo-Abadecom-e1647715158799.png\",\"width\":200,\"height\":117,\"caption\":\"Abadecom\"},\"image\":{\"@id\":\"https:\\\/\\\/abadecom.com\\\/#\\\/schema\\\/logo\\\/image\\\/\"}},{\"@type\":\"Person\",\"@id\":\"https:\\\/\\\/abadecom.com\\\/#\\\/schema\\\/person\\\/477a7cc0ed6c040d67343c7a3fda930b\",\"name\":\"AdminAabadeco\",\"image\":{\"@type\":\"ImageObject\",\"inLanguage\":\"en-GB\",\"@id\":\"https:\\\/\\\/secure.gravatar.com\\\/avatar\\\/2630c0cee03e7f483e5ca41ec6649375f24ca272e920f8386983684762e36487?s=96&d=mm&r=g\",\"url\":\"https:\\\/\\\/secure.gravatar.com\\\/avatar\\\/2630c0cee03e7f483e5ca41ec6649375f24ca272e920f8386983684762e36487?s=96&d=mm&r=g\",\"contentUrl\":\"https:\\\/\\\/secure.gravatar.com\\\/avatar\\\/2630c0cee03e7f483e5ca41ec6649375f24ca272e920f8386983684762e36487?s=96&d=mm&r=g\",\"caption\":\"AdminAabadeco\"},\"sameAs\":[\"https:\\\/\\\/abadecom.com\"],\"url\":\"https:\\\/\\\/abadecom.com\\\/en\\\/author\\\/adminaabadeco\\\/\"}]}<\/script>\n<!-- \/ Yoast SEO plugin. -->","yoast_head_json":{"title":"Pasarelas de pl\u00e1stico reciclado para las playas en este verano - Abadecom","description":"Las pasarelas de playa de pl\u00e1stico reciclado de Abadecom son una apuesta para lograr playas m\u00e1s funcionales y adem\u00e1s promover medio ambiente","robots":{"index":"index","follow":"follow","max-snippet":"max-snippet:-1","max-image-preview":"max-image-preview:large","max-video-preview":"max-video-preview:-1"},"canonical":"https:\/\/abadecom.com\/en\/pasarelas-de-plastico-reciclado-para-las-playas-en-este-verano\/","og_locale":"en_GB","og_type":"article","og_title":"Pasarelas de pl\u00e1stico reciclado para las playas en este verano - Abadecom","og_description":"Las pasarelas de playa de pl\u00e1stico reciclado de Abadecom son una apuesta para lograr playas m\u00e1s funcionales y adem\u00e1s promover medio ambiente","og_url":"https:\/\/abadecom.com\/en\/pasarelas-de-plastico-reciclado-para-las-playas-en-este-verano\/","og_site_name":"Abadecom","article_published_time":"2023-05-02T09:18:54+00:00","article_modified_time":"2023-05-02T09:18:56+00:00","og_image":[{"width":1200,"height":1200,"url":"https:\/\/abadecom.com\/wp-content\/uploads\/2023\/05\/Abadecoms-Posts-7.png","type":"image\/png"}],"author":"AdminAabadeco","twitter_card":"summary_large_image","twitter_misc":{"Written by":"AdminAabadeco","Estimated reading time":"1 minute"},"schema":{"@context":"https:\/\/schema.org","@graph":[{"@type":"Article","@id":"https:\/\/abadecom.com\/pasarelas-de-plastico-reciclado-para-las-playas-en-este-verano\/#article","isPartOf":{"@id":"https:\/\/abadecom.com\/pasarelas-de-plastico-reciclado-para-las-playas-en-este-verano\/"},"author":{"name":"AdminAabadeco","@id":"https:\/\/abadecom.com\/#\/schema\/person\/477a7cc0ed6c040d67343c7a3fda930b"},"headline":"Pasarelas de pl\u00e1stico reciclado para las playas en este verano","datePublished":"2023-05-02T09:18:54+00:00","dateModified":"2023-05-02T09:18:56+00:00","mainEntityOfPage":{"@id":"https:\/\/abadecom.com\/pasarelas-de-plastico-reciclado-para-las-playas-en-este-verano\/"},"wordCount":148,"commentCount":0,"publisher":{"@id":"https:\/\/abadecom.com\/#organization"},"image":{"@id":"https:\/\/abadecom.com\/pasarelas-de-plastico-reciclado-para-las-playas-en-este-verano\/#primaryimage"},"thumbnailUrl":"https:\/\/abadecom.com\/wp-content\/uploads\/2023\/05\/Abadecoms-Posts-7.png","articleSection":["Sin categorizar"],"inLanguage":"en-GB","potentialAction":[{"@type":"CommentAction","name":"Comment","target":["https:\/\/abadecom.com\/pasarelas-de-plastico-reciclado-para-las-playas-en-este-verano\/#respond"]}]},{"@type":"WebPage","@id":"https:\/\/abadecom.com\/pasarelas-de-plastico-reciclado-para-las-playas-en-este-verano\/","url":"https:\/\/abadecom.com\/pasarelas-de-plastico-reciclado-para-las-playas-en-este-verano\/","name":"Pasarelas de pl\u00e1stico reciclado para las playas en este verano - Abadecom","isPartOf":{"@id":"https:\/\/abadecom.com\/#website"},"primaryImageOfPage":{"@id":"https:\/\/abadecom.com\/pasarelas-de-plastico-reciclado-para-las-playas-en-este-verano\/#primaryimage"},"image":{"@id":"https:\/\/abadecom.com\/pasarelas-de-plastico-reciclado-para-las-playas-en-este-verano\/#primaryimage"},"thumbnailUrl":"https:\/\/abadecom.com\/wp-content\/uploads\/2023\/05\/Abadecoms-Posts-7.png","datePublished":"2023-05-02T09:18:54+00:00","dateModified":"2023-05-02T09:18:56+00:00","description":"Las pasarelas de playa de pl\u00e1stico reciclado de Abadecom son una apuesta para lograr playas m\u00e1s funcionales y adem\u00e1s promover medio ambiente","inLanguage":"en-GB","potentialAction":[{"@type":"ReadAction","target":["https:\/\/abadecom.com\/pasarelas-de-plastico-reciclado-para-las-playas-en-este-verano\/"]}]},{"@type":"ImageObject","inLanguage":"en-GB","@id":"https:\/\/abadecom.com\/pasarelas-de-plastico-reciclado-para-las-playas-en-este-verano\/#primaryimage","url":"https:\/\/abadecom.com\/wp-content\/uploads\/2023\/05\/Abadecoms-Posts-7.png","contentUrl":"https:\/\/abadecom.com\/wp-content\/uploads\/2023\/05\/Abadecoms-Posts-7.png","width":1200,"height":1200},{"@type":"WebSite","@id":"https:\/\/abadecom.com\/#website","url":"https:\/\/abadecom.com\/","name":"Abadecom","description":"Sustainable and eco-friendly products","publisher":{"@id":"https:\/\/abadecom.com\/#organization"},"alternateName":"Abadecom","potentialAction":[{"@type":"SearchAction","target":{"@type":"EntryPoint","urlTemplate":"https:\/\/abadecom.com\/?s={search_term_string}"},"query-input":{"@type":"PropertyValueSpecification","valueRequired":true,"valueName":"search_term_string"}}],"inLanguage":"en-GB"},{"@type":"Organization","@id":"https:\/\/abadecom.com\/#organization","name":"Abadecom","url":"https:\/\/abadecom.com\/","logo":{"@type":"ImageObject","inLanguage":"en-GB","@id":"https:\/\/abadecom.com\/#\/schema\/logo\/image\/","url":"https:\/\/abadecom.com\/wp-content\/uploads\/2022\/03\/Logo-Abadecom-e1647715158799.png","contentUrl":"https:\/\/abadecom.com\/wp-content\/uploads\/2022\/03\/Logo-Abadecom-e1647715158799.png","width":200,"height":117,"caption":"Abadecom"},"image":{"@id":"https:\/\/abadecom.com\/#\/schema\/logo\/image\/"}},{"@type":"Person","@id":"https:\/\/abadecom.com\/#\/schema\/person\/477a7cc0ed6c040d67343c7a3fda930b","name":"AdminAabadeco","image":{"@type":"ImageObject","inLanguage":"en-GB","@id":"https:\/\/secure.gravatar.com\/avatar\/2630c0cee03e7f483e5ca41ec6649375f24ca272e920f8386983684762e36487?s=96&d=mm&r=g","url":"https:\/\/secure.gravatar.com\/avatar\/2630c0cee03e7f483e5ca41ec6649375f24ca272e920f8386983684762e36487?s=96&d=mm&r=g","contentUrl":"https:\/\/secure.gravatar.com\/avatar\/2630c0cee03e7f483e5ca41ec6649375f24ca272e920f8386983684762e36487?s=96&d=mm&r=g","caption":"AdminAabadeco"},"sameAs":["https:\/\/abadecom.com"],"url":"https:\/\/abadecom.com\/en\/author\/adminaabadeco\/"}]}},"_links":{"self":[{"href":"https:\/\/abadecom.com\/en\/wp-json\/wp\/v2\/posts\/8559","targetHints":{"allow":["GET"]}}],"collection":[{"href":"https:\/\/abadecom.com\/en\/wp-json\/wp\/v2\/posts"}],"about":[{"href":"https:\/\/abadecom.com\/en\/wp-json\/wp\/v2\/types\/post"}],"author":[{"embeddable":true,"href":"https:\/\/abadecom.com\/en\/wp-json\/wp\/v2\/users\/1"}],"replies":[{"embeddable":true,"href":"https:\/\/abadecom.com\/en\/wp-json\/wp\/v2\/comments?post=8559"}],"version-history":[{"count":3,"href":"https:\/\/abadecom.com\/en\/wp-json\/wp\/v2\/posts\/8559\/revisions"}],"predecessor-version":[{"id":8565,"href":"https:\/\/abadecom.com\/en\/wp-json\/wp\/v2\/posts\/8559\/revisions\/8565"}],"wp:featuredmedia":[{"embeddable":true,"href":"https:\/\/abadecom.com\/en\/wp-json\/wp\/v2\/media\/8562"}],"wp:attachment":[{"href":"https:\/\/abadecom.com\/en\/wp-json\/wp\/v2\/media?parent=8559"}],"wp:term":[{"taxonomy":"category","embeddable":true,"href":"https:\/\/abadecom.com\/en\/wp-json\/wp\/v2\/categories?post=8559"},{"taxonomy":"post_tag","embeddable":true,"href":"https:\/\/abadecom.com\/en\/wp-json\/wp\/v2\/tags?post=8559"}],"curies":[{"name":"wp","href":"https:\/\/api.w.org\/{rel}","templated":true}]}}