{"id":8517,"date":"2023-04-24T08:36:10","date_gmt":"2023-04-24T08:36:10","guid":{"rendered":"https:\/\/abadecom.com\/?p=8517"},"modified":"2024-01-18T10:30:02","modified_gmt":"2024-01-18T10:30:02","slug":"abadecom-y-la-industria-de-las-energias-renovables","status":"publish","type":"post","link":"https:\/\/abadecom.com\/en\/abadecom-y-la-industria-de-las-energias-renovables\/","title":{"rendered":"Abadecom y la industria de las energ\u00edas renovables"},"content":{"rendered":"<p class=\"wp-block-paragraph\">Abadecom se suma al compromiso con las energ\u00edas renovables a\u00f1adiendo paneles solares a su cat\u00e1logo de productos.<\/p>\n\n\n\n<p class=\"wp-block-paragraph\">Con la instalaci\u00f3n de paneles solares se reduce la contaminaci\u00f3n ambiental, ayudando as\u00ed a combatir el calentamiento global.<\/p>\n\n\n\n<p class=\"wp-block-paragraph\">Se caracterizan por su alta eficiencia de conversi\u00f3n de m\u00f3dulos, resistentes en entornos hostiles como desiertos  y costas. A su vez posee m\u00e1s potencia de salida en condiciones de poca luz, como nublado, ma\u00f1ana y puesta de sol.<\/p>\n\n\n\n<p class=\"wp-block-paragraph\">Conoce mas en nuestra web!<br>https:\/\/abadecom.com\/industria-de-la-energia-renovable-2\/<\/p>\n\n\n\n<figure class=\"wp-block-image size-large\"><img loading=\"lazy\" decoding=\"async\" width=\"1024\" height=\"678\" src=\"https:\/\/abadecom.com\/wp-content\/uploads\/2023\/02\/Paneles_Solares_1_ABADECOM-1024x678.jpeg\" alt=\"\" class=\"wp-image-8258\" srcset=\"https:\/\/abadecom.com\/wp-content\/uploads\/2023\/02\/Paneles_Solares_1_ABADECOM-1024x678.jpeg 1024w, https:\/\/abadecom.com\/wp-content\/uploads\/2023\/02\/Paneles_Solares_1_ABADECOM-300x199.jpeg 300w, https:\/\/abadecom.com\/wp-content\/uploads\/2023\/02\/Paneles_Solares_1_ABADECOM-768x508.jpeg 768w, https:\/\/abadecom.com\/wp-content\/uploads\/2023\/02\/Paneles_Solares_1_ABADECOM.jpeg 1186w\" sizes=\"auto, (max-width: 1024px) 100vw, 1024px\" \/><\/figure>\n\n\n\n<figure class=\"wp-block-image size-large\"><img loading=\"lazy\" decoding=\"async\" width=\"1024\" height=\"768\" src=\"https:\/\/abadecom.com\/wp-content\/uploads\/2023\/02\/Paneles_Solares_2_ABADECOM-1024x768.jpeg\" alt=\"\" class=\"wp-image-8259\" srcset=\"https:\/\/abadecom.com\/wp-content\/uploads\/2023\/02\/Paneles_Solares_2_ABADECOM-1024x768.jpeg 1024w, https:\/\/abadecom.com\/wp-content\/uploads\/2023\/02\/Paneles_Solares_2_ABADECOM-300x225.jpeg 300w, https:\/\/abadecom.com\/wp-content\/uploads\/2023\/02\/Paneles_Solares_2_ABADECOM-768x576.jpeg 768w, https:\/\/abadecom.com\/wp-content\/uploads\/2023\/02\/Paneles_Solares_2_ABADECOM.jpeg 1200w\" sizes=\"auto, (max-width: 1024px) 100vw, 1024px\" \/><\/figure>","protected":false},"excerpt":{"rendered":"<p>Abadecom se suma al compromiso con las energ\u00edas renovables a\u00f1adiendo paneles solares a su cat\u00e1logo de productos. Con la instalaci\u00f3n de paneles solares se reduce la contaminaci\u00f3n ambiental, ayudando as\u00ed a combatir el calentamiento global. Se caracterizan por su alta eficiencia de conversi\u00f3n de m\u00f3dulos, resistentes en entornos hostiles como desiertos y costas. A su [&#8230;]<\/p>\n<p><a class=\"btn btn-secondary understrap-read-more-link\" href=\"https:\/\/abadecom.com\/en\/abadecom-y-la-industria-de-las-energias-renovables\/\">Read More&#8230;<span class=\"screen-reader-text\"> from Abadecom y la industria de las energ\u00edas renovables<\/span><\/a><\/p>\n","protected":false},"author":1,"featured_media":8518,"comment_status":"open","ping_status":"open","sticky":false,"template":"","format":"standard","meta":{"content-type":"","_monsterinsights_skip_tracking":false,"pgc_sgb_lightbox_settings":"","footnotes":""},"categories":[1],"tags":[],"class_list":["post-8517","post","type-post","status-publish","format-standard","has-post-thumbnail","hentry","category-sin-categorizar"],"yoast_head":"<!-- This site is optimized with the Yoast SEO plugin v28.4 - https:\/\/yoast.com\/product\/yoast-seo-wordpress\/ -->\n<title>Abadecom y la industria de las energ\u00edas renovables - Abadecom<\/title>\n<meta name=\"description\" content=\"Abadecom se suma al compromiso con las energ\u00edas renovables a\u00f1adiendo paneles solares a su cat\u00e1logo de productos.\" \/>\n<meta name=\"robots\" content=\"index, follow, max-snippet:-1, max-image-preview:large, max-video-preview:-1\" \/>\n<link rel=\"canonical\" href=\"https:\/\/abadecom.com\/en\/abadecom-y-la-industria-de-las-energias-renovables\/\" \/>\n<meta property=\"og:locale\" content=\"en_GB\" \/>\n<meta property=\"og:type\" content=\"article\" \/>\n<meta property=\"og:title\" content=\"Abadecom y la industria de las energ\u00edas renovables - Abadecom\" \/>\n<meta property=\"og:description\" content=\"Abadecom se suma al compromiso con las energ\u00edas renovables a\u00f1adiendo paneles solares a su cat\u00e1logo de productos.\" \/>\n<meta property=\"og:url\" content=\"https:\/\/abadecom.com\/en\/abadecom-y-la-industria-de-las-energias-renovables\/\" \/>\n<meta property=\"og:site_name\" content=\"Abadecom\" \/>\n<meta property=\"article:published_time\" content=\"2023-04-24T08:36:10+00:00\" \/>\n<meta property=\"article:modified_time\" content=\"2024-01-18T10:30:02+00:00\" \/>\n<meta property=\"og:image\" content=\"https:\/\/abadecom.com\/wp-content\/uploads\/2023\/04\/Panel-solar-abadecom.png\" \/>\n\t<meta property=\"og:image:width\" content=\"1200\" \/>\n\t<meta property=\"og:image:height\" content=\"1200\" \/>\n\t<meta property=\"og:image:type\" content=\"image\/png\" \/>\n<meta name=\"author\" content=\"AdminAabadeco\" \/>\n<meta name=\"twitter:card\" content=\"summary_large_image\" \/>\n<meta name=\"twitter:label1\" content=\"Written by\" \/>\n\t<meta name=\"twitter:data1\" content=\"AdminAabadeco\" \/>\n\t<meta name=\"twitter:label2\" content=\"Estimated reading time\" \/>\n\t<meta name=\"twitter:data2\" content=\"1 minute\" \/>\n<script type=\"application\/ld+json\" class=\"yoast-schema-graph\">{\"@context\":\"https:\\\/\\\/schema.org\",\"@graph\":[{\"@type\":\"Article\",\"@id\":\"https:\\\/\\\/abadecom.com\\\/abadecom-y-la-industria-de-las-energias-renovables\\\/#article\",\"isPartOf\":{\"@id\":\"https:\\\/\\\/abadecom.com\\\/abadecom-y-la-industria-de-las-energias-renovables\\\/\"},\"author\":{\"name\":\"AdminAabadeco\",\"@id\":\"https:\\\/\\\/abadecom.com\\\/#\\\/schema\\\/person\\\/477a7cc0ed6c040d67343c7a3fda930b\"},\"headline\":\"Abadecom y la industria de las energ\u00edas renovables\",\"datePublished\":\"2023-04-24T08:36:10+00:00\",\"dateModified\":\"2024-01-18T10:30:02+00:00\",\"mainEntityOfPage\":{\"@id\":\"https:\\\/\\\/abadecom.com\\\/abadecom-y-la-industria-de-las-energias-renovables\\\/\"},\"wordCount\":100,\"commentCount\":0,\"publisher\":{\"@id\":\"https:\\\/\\\/abadecom.com\\\/#organization\"},\"image\":{\"@id\":\"https:\\\/\\\/abadecom.com\\\/abadecom-y-la-industria-de-las-energias-renovables\\\/#primaryimage\"},\"thumbnailUrl\":\"https:\\\/\\\/abadecom.com\\\/wp-content\\\/uploads\\\/2023\\\/04\\\/Panel-solar-abadecom.png\",\"articleSection\":[\"Sin categorizar\"],\"inLanguage\":\"en-GB\",\"potentialAction\":[{\"@type\":\"CommentAction\",\"name\":\"Comment\",\"target\":[\"https:\\\/\\\/abadecom.com\\\/abadecom-y-la-industria-de-las-energias-renovables\\\/#respond\"]}]},{\"@type\":\"WebPage\",\"@id\":\"https:\\\/\\\/abadecom.com\\\/abadecom-y-la-industria-de-las-energias-renovables\\\/\",\"url\":\"https:\\\/\\\/abadecom.com\\\/abadecom-y-la-industria-de-las-energias-renovables\\\/\",\"name\":\"Abadecom y la industria de las energ\u00edas renovables - Abadecom\",\"isPartOf\":{\"@id\":\"https:\\\/\\\/abadecom.com\\\/#website\"},\"primaryImageOfPage\":{\"@id\":\"https:\\\/\\\/abadecom.com\\\/abadecom-y-la-industria-de-las-energias-renovables\\\/#primaryimage\"},\"image\":{\"@id\":\"https:\\\/\\\/abadecom.com\\\/abadecom-y-la-industria-de-las-energias-renovables\\\/#primaryimage\"},\"thumbnailUrl\":\"https:\\\/\\\/abadecom.com\\\/wp-content\\\/uploads\\\/2023\\\/04\\\/Panel-solar-abadecom.png\",\"datePublished\":\"2023-04-24T08:36:10+00:00\",\"dateModified\":\"2024-01-18T10:30:02+00:00\",\"description\":\"Abadecom se suma al compromiso con las energ\u00edas renovables a\u00f1adiendo paneles solares a su cat\u00e1logo de productos.\",\"inLanguage\":\"en-GB\",\"potentialAction\":[{\"@type\":\"ReadAction\",\"target\":[\"https:\\\/\\\/abadecom.com\\\/abadecom-y-la-industria-de-las-energias-renovables\\\/\"]}]},{\"@type\":\"ImageObject\",\"inLanguage\":\"en-GB\",\"@id\":\"https:\\\/\\\/abadecom.com\\\/abadecom-y-la-industria-de-las-energias-renovables\\\/#primaryimage\",\"url\":\"https:\\\/\\\/abadecom.com\\\/wp-content\\\/uploads\\\/2023\\\/04\\\/Panel-solar-abadecom.png\",\"contentUrl\":\"https:\\\/\\\/abadecom.com\\\/wp-content\\\/uploads\\\/2023\\\/04\\\/Panel-solar-abadecom.png\",\"width\":1200,\"height\":1200},{\"@type\":\"WebSite\",\"@id\":\"https:\\\/\\\/abadecom.com\\\/#website\",\"url\":\"https:\\\/\\\/abadecom.com\\\/\",\"name\":\"Abadecom\",\"description\":\"Productos sostenibles y respetuosos con el medio ambiente\",\"publisher\":{\"@id\":\"https:\\\/\\\/abadecom.com\\\/#organization\"},\"alternateName\":\"Abadecom\",\"potentialAction\":[{\"@type\":\"SearchAction\",\"target\":{\"@type\":\"EntryPoint\",\"urlTemplate\":\"https:\\\/\\\/abadecom.com\\\/?s={search_term_string}\"},\"query-input\":{\"@type\":\"PropertyValueSpecification\",\"valueRequired\":true,\"valueName\":\"search_term_string\"}}],\"inLanguage\":\"en-GB\"},{\"@type\":\"Organization\",\"@id\":\"https:\\\/\\\/abadecom.com\\\/#organization\",\"name\":\"Abadecom\",\"url\":\"https:\\\/\\\/abadecom.com\\\/\",\"logo\":{\"@type\":\"ImageObject\",\"inLanguage\":\"en-GB\",\"@id\":\"https:\\\/\\\/abadecom.com\\\/#\\\/schema\\\/logo\\\/image\\\/\",\"url\":\"https:\\\/\\\/abadecom.com\\\/wp-content\\\/uploads\\\/2022\\\/03\\\/Logo-Abadecom-e1647715158799.png\",\"contentUrl\":\"https:\\\/\\\/abadecom.com\\\/wp-content\\\/uploads\\\/2022\\\/03\\\/Logo-Abadecom-e1647715158799.png\",\"width\":200,\"height\":117,\"caption\":\"Abadecom\"},\"image\":{\"@id\":\"https:\\\/\\\/abadecom.com\\\/#\\\/schema\\\/logo\\\/image\\\/\"}},{\"@type\":\"Person\",\"@id\":\"https:\\\/\\\/abadecom.com\\\/#\\\/schema\\\/person\\\/477a7cc0ed6c040d67343c7a3fda930b\",\"name\":\"AdminAabadeco\",\"image\":{\"@type\":\"ImageObject\",\"inLanguage\":\"en-GB\",\"@id\":\"https:\\\/\\\/secure.gravatar.com\\\/avatar\\\/2630c0cee03e7f483e5ca41ec6649375f24ca272e920f8386983684762e36487?s=96&d=mm&r=g\",\"url\":\"https:\\\/\\\/secure.gravatar.com\\\/avatar\\\/2630c0cee03e7f483e5ca41ec6649375f24ca272e920f8386983684762e36487?s=96&d=mm&r=g\",\"contentUrl\":\"https:\\\/\\\/secure.gravatar.com\\\/avatar\\\/2630c0cee03e7f483e5ca41ec6649375f24ca272e920f8386983684762e36487?s=96&d=mm&r=g\",\"caption\":\"AdminAabadeco\"},\"sameAs\":[\"https:\\\/\\\/abadecom.com\"],\"url\":\"https:\\\/\\\/abadecom.com\\\/en\\\/author\\\/adminaabadeco\\\/\"}]}<\/script>\n<!-- \/ Yoast SEO plugin. -->","yoast_head_json":{"title":"Abadecom y la industria de las energ\u00edas renovables - Abadecom","description":"Abadecom se suma al compromiso con las energ\u00edas renovables a\u00f1adiendo paneles solares a su cat\u00e1logo de productos.","robots":{"index":"index","follow":"follow","max-snippet":"max-snippet:-1","max-image-preview":"max-image-preview:large","max-video-preview":"max-video-preview:-1"},"canonical":"https:\/\/abadecom.com\/en\/abadecom-y-la-industria-de-las-energias-renovables\/","og_locale":"en_GB","og_type":"article","og_title":"Abadecom y la industria de las energ\u00edas renovables - Abadecom","og_description":"Abadecom se suma al compromiso con las energ\u00edas renovables a\u00f1adiendo paneles solares a su cat\u00e1logo de productos.","og_url":"https:\/\/abadecom.com\/en\/abadecom-y-la-industria-de-las-energias-renovables\/","og_site_name":"Abadecom","article_published_time":"2023-04-24T08:36:10+00:00","article_modified_time":"2024-01-18T10:30:02+00:00","og_image":[{"width":1200,"height":1200,"url":"https:\/\/abadecom.com\/wp-content\/uploads\/2023\/04\/Panel-solar-abadecom.png","type":"image\/png"}],"author":"AdminAabadeco","twitter_card":"summary_large_image","twitter_misc":{"Written by":"AdminAabadeco","Estimated reading time":"1 minute"},"schema":{"@context":"https:\/\/schema.org","@graph":[{"@type":"Article","@id":"https:\/\/abadecom.com\/abadecom-y-la-industria-de-las-energias-renovables\/#article","isPartOf":{"@id":"https:\/\/abadecom.com\/abadecom-y-la-industria-de-las-energias-renovables\/"},"author":{"name":"AdminAabadeco","@id":"https:\/\/abadecom.com\/#\/schema\/person\/477a7cc0ed6c040d67343c7a3fda930b"},"headline":"Abadecom y la industria de las energ\u00edas renovables","datePublished":"2023-04-24T08:36:10+00:00","dateModified":"2024-01-18T10:30:02+00:00","mainEntityOfPage":{"@id":"https:\/\/abadecom.com\/abadecom-y-la-industria-de-las-energias-renovables\/"},"wordCount":100,"commentCount":0,"publisher":{"@id":"https:\/\/abadecom.com\/#organization"},"image":{"@id":"https:\/\/abadecom.com\/abadecom-y-la-industria-de-las-energias-renovables\/#primaryimage"},"thumbnailUrl":"https:\/\/abadecom.com\/wp-content\/uploads\/2023\/04\/Panel-solar-abadecom.png","articleSection":["Sin categorizar"],"inLanguage":"en-GB","potentialAction":[{"@type":"CommentAction","name":"Comment","target":["https:\/\/abadecom.com\/abadecom-y-la-industria-de-las-energias-renovables\/#respond"]}]},{"@type":"WebPage","@id":"https:\/\/abadecom.com\/abadecom-y-la-industria-de-las-energias-renovables\/","url":"https:\/\/abadecom.com\/abadecom-y-la-industria-de-las-energias-renovables\/","name":"Abadecom y la industria de las energ\u00edas renovables - Abadecom","isPartOf":{"@id":"https:\/\/abadecom.com\/#website"},"primaryImageOfPage":{"@id":"https:\/\/abadecom.com\/abadecom-y-la-industria-de-las-energias-renovables\/#primaryimage"},"image":{"@id":"https:\/\/abadecom.com\/abadecom-y-la-industria-de-las-energias-renovables\/#primaryimage"},"thumbnailUrl":"https:\/\/abadecom.com\/wp-content\/uploads\/2023\/04\/Panel-solar-abadecom.png","datePublished":"2023-04-24T08:36:10+00:00","dateModified":"2024-01-18T10:30:02+00:00","description":"Abadecom se suma al compromiso con las energ\u00edas renovables a\u00f1adiendo paneles solares a su cat\u00e1logo de productos.","inLanguage":"en-GB","potentialAction":[{"@type":"ReadAction","target":["https:\/\/abadecom.com\/abadecom-y-la-industria-de-las-energias-renovables\/"]}]},{"@type":"ImageObject","inLanguage":"en-GB","@id":"https:\/\/abadecom.com\/abadecom-y-la-industria-de-las-energias-renovables\/#primaryimage","url":"https:\/\/abadecom.com\/wp-content\/uploads\/2023\/04\/Panel-solar-abadecom.png","contentUrl":"https:\/\/abadecom.com\/wp-content\/uploads\/2023\/04\/Panel-solar-abadecom.png","width":1200,"height":1200},{"@type":"WebSite","@id":"https:\/\/abadecom.com\/#website","url":"https:\/\/abadecom.com\/","name":"Abadecom","description":"Sustainable and eco-friendly products","publisher":{"@id":"https:\/\/abadecom.com\/#organization"},"alternateName":"Abadecom","potentialAction":[{"@type":"SearchAction","target":{"@type":"EntryPoint","urlTemplate":"https:\/\/abadecom.com\/?s={search_term_string}"},"query-input":{"@type":"PropertyValueSpecification","valueRequired":true,"valueName":"search_term_string"}}],"inLanguage":"en-GB"},{"@type":"Organization","@id":"https:\/\/abadecom.com\/#organization","name":"Abadecom","url":"https:\/\/abadecom.com\/","logo":{"@type":"ImageObject","inLanguage":"en-GB","@id":"https:\/\/abadecom.com\/#\/schema\/logo\/image\/","url":"https:\/\/abadecom.com\/wp-content\/uploads\/2022\/03\/Logo-Abadecom-e1647715158799.png","contentUrl":"https:\/\/abadecom.com\/wp-content\/uploads\/2022\/03\/Logo-Abadecom-e1647715158799.png","width":200,"height":117,"caption":"Abadecom"},"image":{"@id":"https:\/\/abadecom.com\/#\/schema\/logo\/image\/"}},{"@type":"Person","@id":"https:\/\/abadecom.com\/#\/schema\/person\/477a7cc0ed6c040d67343c7a3fda930b","name":"AdminAabadeco","image":{"@type":"ImageObject","inLanguage":"en-GB","@id":"https:\/\/secure.gravatar.com\/avatar\/2630c0cee03e7f483e5ca41ec6649375f24ca272e920f8386983684762e36487?s=96&d=mm&r=g","url":"https:\/\/secure.gravatar.com\/avatar\/2630c0cee03e7f483e5ca41ec6649375f24ca272e920f8386983684762e36487?s=96&d=mm&r=g","contentUrl":"https:\/\/secure.gravatar.com\/avatar\/2630c0cee03e7f483e5ca41ec6649375f24ca272e920f8386983684762e36487?s=96&d=mm&r=g","caption":"AdminAabadeco"},"sameAs":["https:\/\/abadecom.com"],"url":"https:\/\/abadecom.com\/en\/author\/adminaabadeco\/"}]}},"_links":{"self":[{"href":"https:\/\/abadecom.com\/en\/wp-json\/wp\/v2\/posts\/8517","targetHints":{"allow":["GET"]}}],"collection":[{"href":"https:\/\/abadecom.com\/en\/wp-json\/wp\/v2\/posts"}],"about":[{"href":"https:\/\/abadecom.com\/en\/wp-json\/wp\/v2\/types\/post"}],"author":[{"embeddable":true,"href":"https:\/\/abadecom.com\/en\/wp-json\/wp\/v2\/users\/1"}],"replies":[{"embeddable":true,"href":"https:\/\/abadecom.com\/en\/wp-json\/wp\/v2\/comments?post=8517"}],"version-history":[{"count":2,"href":"https:\/\/abadecom.com\/en\/wp-json\/wp\/v2\/posts\/8517\/revisions"}],"predecessor-version":[{"id":9497,"href":"https:\/\/abadecom.com\/en\/wp-json\/wp\/v2\/posts\/8517\/revisions\/9497"}],"wp:featuredmedia":[{"embeddable":true,"href":"https:\/\/abadecom.com\/en\/wp-json\/wp\/v2\/media\/8518"}],"wp:attachment":[{"href":"https:\/\/abadecom.com\/en\/wp-json\/wp\/v2\/media?parent=8517"}],"wp:term":[{"taxonomy":"category","embeddable":true,"href":"https:\/\/abadecom.com\/en\/wp-json\/wp\/v2\/categories?post=8517"},{"taxonomy":"post_tag","embeddable":true,"href":"https:\/\/abadecom.com\/en\/wp-json\/wp\/v2\/tags?post=8517"}],"curies":[{"name":"wp","href":"https:\/\/api.w.org\/{rel}","templated":true}]}}